{"id":100718,"date":"2020-09-26T20:38:26","date_gmt":"2020-09-26T20:38:26","guid":{"rendered":"https:\/?p=100718"},"modified":"2020-09-26T20:40:10","modified_gmt":"2020-09-26T20:40:10","slug":"avianca-expands-its-operations-in-colombia-to-21-destinations","status":"publish","type":"post","link":"https:\/\/aviacionaldia.com\/en\/2020\/09\/avianca-expands-its-operations-in-colombia-to-21-destinations.html","title":{"rendered":"Avianca expands its operations in Colombia to 21 destinations."},"content":{"rendered":"\n<p>After the authorization of Phase II of domestic operations by the authorities, <strong>Avianca<\/strong> will resume flights this October 1st from Bogota to 11 destinations in the country, including cities such as: Armenia, Corozal, Barrancabermeja, Yopal, Florencia, Ibague, Manizales, Neiva, Popayan, Riohacha and Villavicencio.<\/p>\n\n\n\n<p><strong>See also:<\/strong> <a href=\"https:\/en\/2020\/09\/avianca-will-restart-its-international-flights-from-colombia-as-of-september-28.html\">Avianca will restart its international flights from Colombia as of September 28.<\/a><\/p>\n\n\n\n<p>These destinations are added to those that the company resumed in its first phase during September: San Andr\u00e9s, Barranquilla, Cali, C\u00facuta, Medell\u00edn, Cartagena, Bucaramanga, Pereira, Pasto and Santa Marta.<\/p>\n\n\n\n<p>&#8220;This second phase of the resumption of domestic flights is marked by the reactivation of a large number of regional airports, which are very important for Avianca and its customers. Our mission is to continue connecting Colombia, so we are very excited to start connecting the country&#8217;s regions again. In this phase, self-care and strict monitoring of the biosecurity protocols by passengers continues to be key. On our side, customers can fly with absolute confidence, because we will continue to take care of them, as well as our employees,&#8221; said Julian Laverde, Vice President of Network Operations.<\/p>\n\n\n\n<p><strong>See also: <\/strong><a href=\"https:\/en\/2020\/09\/avianca-achieves-credit-commitments-of-more-than-2-billion.html\">Avianca achieves credit commitments of more than $2 billion.<\/a><\/p>\n\n\n\n<p>With respect to the balance of the national operation to date, since September 1st the company has made more than 1,000 flights in which it has transported more than 94,000 passengers, who have fully followed the instructions and recommendations of biosecurity. Among the destinations that have had greater demand are Bucaramanga, Cali, Cartagena and Medellin, cities in which the airline operates between 2 and 4 daily frequencies.<\/p>\n\n\n\n<p>Avianca expects to continue increasing its operation as long as the activation scheme designed by the Civil Aeronautics allows it and as the demand of passengers requires it.<\/p>\n\n\n\n<p>It is important to highlight that the resumption of air operations throughout the country will be gradual and the number of flights approved by the authorities is limited. Therefore, the availability of seats depends on the authorized capacity.<\/p>\n\n\n\n<amp-auto-ads type=\"adsense\" data-ad-client=\"ca-pub-6613542170464175\">\n<\/amp-auto-ads>\n\n\n\n<h2 class=\"wp-block-heading\">Related Topics<\/h2>\n\n\n\n\t\t\t<div class=\"wp-block-uagb-post-grid uagb-post-grid  uagb-post__image-position-top uagb-post__image-enabled uagb-block-b6789156     uagb-post__items uagb-post__columns-2 is-grid uagb-post__columns-tablet-2 uagb-post__columns-mobile-1 uagb-post__equal-height\" data-total=\"168\" style=\"\">\n\n\t\t\t\t\t\t\t\t\t\t\t\t<article class=\"uagb-post__inner-wrap\">\t\t\t\t\t\t\t\t<div class='uagb-post__image'>\n\t\t\t\t\t\t\t\t\t<a href=\"https:\/\/aviacionaldia.com\/en\/2026\/04\/wingo-strengthens-connectivity-with-venezuela-charter-flights-to-porlamar-and-selection-of-new-regular-destination.html\" target=\"_self\" rel=\"bookmark noopener noreferrer\" class='uagb-image-ratio-inherit'><img decoding=\"async\" width=\"800\" height=\"400\" src=\"https:\/\/aviacionaldia.com\/wp-content\/uploads\/2025\/08\/Wingo-Boeing-737-800.webp\" class=\"attachment-large size-large\" alt=\"\" srcset=\"https:\/\/aviacionaldia.com\/wp-content\/uploads\/2025\/08\/Wingo-Boeing-737-800.webp 800w, https:\/\/aviacionaldia.com\/wp-content\/uploads\/2025\/08\/Wingo-Boeing-737-800-300x150.webp 300w, https:\/\/aviacionaldia.com\/wp-content\/uploads\/2025\/08\/Wingo-Boeing-737-800-768x384.webp 768w, https:\/\/aviacionaldia.com\/wp-content\/uploads\/2025\/08\/Wingo-Boeing-737-800-380x190.webp 380w\" sizes=\"(max-width: 800px) 100vw, 800px\" \/>\t\t\t\t\t<\/a>\n\t\t\t\t\t\t\t<\/div>\n\t\t\t\t\t\t<h4 class=\"uagb-post__title uagb-post__text\">\n\t\t\t\t<a href=\"https:\/\/aviacionaldia.com\/en\/2026\/04\/wingo-strengthens-connectivity-with-venezuela-charter-flights-to-porlamar-and-selection-of-new-regular-destination.html\" target=\"_self\" rel=\"bookmark noopener noreferrer\">Wingo Strengthens Connectivity with Venezuela: Charter Flights to Porlamar and Selection of New Regular Destination<\/a>\n\t\t\t<\/h4>\n\t\t\t\t\t\t<div class='uagb-post__text uagb-post-grid-byline'>\n\t\t\t\t\t\t\t<\/div>\n\t\t\t\t\t\t<div class=\"uagb-post__text uagb-post__cta wp-block-button\">\n\t\t\t\t<a class=\"wp-block-button__link uagb-text-link\" style=\"\" href=\"https:\/\/aviacionaldia.com\/en\/2026\/04\/wingo-strengthens-connectivity-with-venezuela-charter-flights-to-porlamar-and-selection-of-new-regular-destination.html\" target=\"_self\" rel=\"bookmark noopener noreferrer\">Read More<\/a>\n\t\t\t<\/div>\n\t\t\t\n\t\t\t\t\t\t\t\t\t<\/article>\n\t\t\t\t\t\t\t\t\t\t\t\t\t\t\t\t<article class=\"uagb-post__inner-wrap\">\t\t\t\t\t\t\t\t<div class='uagb-post__image'>\n\t\t\t\t\t\t\t\t\t<a href=\"https:\/\/aviacionaldia.com\/en\/2026\/04\/aerocivil-clarifies-missed-approach-maneuver-between-qatar-airways-and-lufthansa-jets-at-el-dorado-airport.html\" target=\"_self\" rel=\"bookmark noopener noreferrer\" class='uagb-image-ratio-inherit'><img decoding=\"async\" width=\"800\" height=\"400\" src=\"https:\/\/aviacionaldia.com\/wp-content\/uploads\/2022\/08\/Pista-aeropuerto-El-Dorado-de-Bogota.jpg\" class=\"attachment-large size-large\" alt=\"\" srcset=\"https:\/\/aviacionaldia.com\/wp-content\/uploads\/2022\/08\/Pista-aeropuerto-El-Dorado-de-Bogota.jpg 800w, https:\/\/aviacionaldia.com\/wp-content\/uploads\/2022\/08\/Pista-aeropuerto-El-Dorado-de-Bogota-300x150.jpg 300w, https:\/\/aviacionaldia.com\/wp-content\/uploads\/2022\/08\/Pista-aeropuerto-El-Dorado-de-Bogota-768x384.jpg 768w, https:\/\/aviacionaldia.com\/wp-content\/uploads\/2022\/08\/Pista-aeropuerto-El-Dorado-de-Bogota-380x190.jpg 380w\" sizes=\"(max-width: 800px) 100vw, 800px\" \/>\t\t\t\t\t<\/a>\n\t\t\t\t\t\t\t<\/div>\n\t\t\t\t\t\t<h4 class=\"uagb-post__title uagb-post__text\">\n\t\t\t\t<a href=\"https:\/\/aviacionaldia.com\/en\/2026\/04\/aerocivil-clarifies-missed-approach-maneuver-between-qatar-airways-and-lufthansa-jets-at-el-dorado-airport.html\" target=\"_self\" rel=\"bookmark noopener noreferrer\">Aerocivil Clarifies Missed Approach Maneuver Between Qatar Airways and Lufthansa Jets at El Dorado Airport<\/a>\n\t\t\t<\/h4>\n\t\t\t\t\t\t<div class='uagb-post__text uagb-post-grid-byline'>\n\t\t\t\t\t\t\t<\/div>\n\t\t\t\t\t\t<div class=\"uagb-post__text uagb-post__cta wp-block-button\">\n\t\t\t\t<a class=\"wp-block-button__link uagb-text-link\" style=\"\" href=\"https:\/\/aviacionaldia.com\/en\/2026\/04\/aerocivil-clarifies-missed-approach-maneuver-between-qatar-airways-and-lufthansa-jets-at-el-dorado-airport.html\" target=\"_self\" rel=\"bookmark noopener noreferrer\">Read More<\/a>\n\t\t\t<\/div>\n\t\t\t\n\t\t\t\t\t\t\t\t\t<\/article>\n\t\t\t\t\t\t\t\t\t\t\t\t\t\t\t\t<article class=\"uagb-post__inner-wrap\">\t\t\t\t\t\t\t\t<div class='uagb-post__image'>\n\t\t\t\t\t\t\t\t\t<a href=\"https:\/\/aviacionaldia.com\/en\/2026\/04\/colombia-updates-regulations-for-the-transport-of-power-banks-and-lithium-batteries.html\" target=\"_self\" rel=\"bookmark noopener noreferrer\" class='uagb-image-ratio-inherit'><img decoding=\"async\" width=\"800\" height=\"400\" src=\"https:\/\/aviacionaldia.com\/wp-content\/uploads\/2026\/04\/power-banks.webp\" class=\"attachment-large size-large\" alt=\"\" srcset=\"https:\/\/aviacionaldia.com\/wp-content\/uploads\/2026\/04\/power-banks.webp 800w, https:\/\/aviacionaldia.com\/wp-content\/uploads\/2026\/04\/power-banks-300x150.webp 300w, https:\/\/aviacionaldia.com\/wp-content\/uploads\/2026\/04\/power-banks-768x384.webp 768w, https:\/\/aviacionaldia.com\/wp-content\/uploads\/2026\/04\/power-banks-380x190.webp 380w\" sizes=\"(max-width: 800px) 100vw, 800px\" \/>\t\t\t\t\t<\/a>\n\t\t\t\t\t\t\t<\/div>\n\t\t\t\t\t\t<h4 class=\"uagb-post__title uagb-post__text\">\n\t\t\t\t<a href=\"https:\/\/aviacionaldia.com\/en\/2026\/04\/colombia-updates-regulations-for-the-transport-of-power-banks-and-lithium-batteries.html\" target=\"_self\" rel=\"bookmark noopener noreferrer\">Colombia Updates Regulations for the Transport of Power Banks and Lithium Batteries<\/a>\n\t\t\t<\/h4>\n\t\t\t\t\t\t<div class='uagb-post__text uagb-post-grid-byline'>\n\t\t\t\t\t\t\t<\/div>\n\t\t\t\t\t\t<div class=\"uagb-post__text uagb-post__cta wp-block-button\">\n\t\t\t\t<a class=\"wp-block-button__link uagb-text-link\" style=\"\" href=\"https:\/\/aviacionaldia.com\/en\/2026\/04\/colombia-updates-regulations-for-the-transport-of-power-banks-and-lithium-batteries.html\" target=\"_self\" rel=\"bookmark noopener noreferrer\">Read More<\/a>\n\t\t\t<\/div>\n\t\t\t\n\t\t\t\t\t\t\t\t\t<\/article>\n\t\t\t\t\t\t\t\t\t\t\t\t\t\t\t\t<article class=\"uagb-post__inner-wrap\">\t\t\t\t\t\t\t\t<div class='uagb-post__image'>\n\t\t\t\t\t\t\t\t\t<a href=\"https:\/\/aviacionaldia.com\/en\/2026\/04\/wingo-strengthens-caribbean-network-with-new-direct-barranquilla-aruba-route.html\" target=\"_self\" rel=\"bookmark noopener noreferrer\" class='uagb-image-ratio-inherit'><img decoding=\"async\" width=\"800\" height=\"400\" src=\"https:\/\/aviacionaldia.com\/wp-content\/uploads\/2022\/11\/Wingo-Boeing-737-800.jpg\" class=\"attachment-large size-large\" alt=\"\" srcset=\"https:\/\/aviacionaldia.com\/wp-content\/uploads\/2022\/11\/Wingo-Boeing-737-800.jpg 800w, https:\/\/aviacionaldia.com\/wp-content\/uploads\/2022\/11\/Wingo-Boeing-737-800-300x150.jpg 300w, https:\/\/aviacionaldia.com\/wp-content\/uploads\/2022\/11\/Wingo-Boeing-737-800-768x384.jpg 768w, https:\/\/aviacionaldia.com\/wp-content\/uploads\/2022\/11\/Wingo-Boeing-737-800-380x190.jpg 380w\" sizes=\"(max-width: 800px) 100vw, 800px\" \/>\t\t\t\t\t<\/a>\n\t\t\t\t\t\t\t<\/div>\n\t\t\t\t\t\t<h4 class=\"uagb-post__title uagb-post__text\">\n\t\t\t\t<a href=\"https:\/\/aviacionaldia.com\/en\/2026\/04\/wingo-strengthens-caribbean-network-with-new-direct-barranquilla-aruba-route.html\" target=\"_self\" rel=\"bookmark noopener noreferrer\">Wingo Strengthens Caribbean Network with New Direct Barranquilla-Aruba Route<\/a>\n\t\t\t<\/h4>\n\t\t\t\t\t\t<div class='uagb-post__text uagb-post-grid-byline'>\n\t\t\t\t\t\t\t<\/div>\n\t\t\t\t\t\t<div class=\"uagb-post__text uagb-post__cta wp-block-button\">\n\t\t\t\t<a class=\"wp-block-button__link uagb-text-link\" style=\"\" href=\"https:\/\/aviacionaldia.com\/en\/2026\/04\/wingo-strengthens-caribbean-network-with-new-direct-barranquilla-aruba-route.html\" target=\"_self\" rel=\"bookmark noopener noreferrer\">Read More<\/a>\n\t\t\t<\/div>\n\t\t\t\n\t\t\t\t\t\t\t\t\t<\/article>\n\t\t\t\t\t\t\t\t\t\t\t<\/div>\n\t\t\t","protected":false},"excerpt":{"rendered":"After the authorization of Phase II of domestic operations by the authorities, Avianca will resume flights this October&hellip;\n","protected":false},"author":1,"featured_media":100721,"comment_status":"closed","ping_status":"closed","sticky":false,"template":"","format":"standard","meta":{"_uag_custom_page_level_css":"","footnotes":""},"categories":[1],"tags":[230,207,196,198],"class_list":{"0":"post-100718","1":"post","2":"type-post","3":"status-publish","4":"format-standard","5":"has-post-thumbnail","7":"category-airlines","8":"tag-airline","9":"tag-avianca-2","10":"tag-colombia-2","11":"tag-flights"},"uagb_featured_image_src":{"full":["https:\/\/aviacionaldia.com\/wp-content\/uploads\/2020\/05\/Avianca-a320-2.jpg",800,400,false],"thumbnail":["https:\/\/aviacionaldia.com\/wp-content\/uploads\/2020\/05\/Avianca-a320-2-150x150.jpg",150,150,true],"medium":["https:\/\/aviacionaldia.com\/wp-content\/uploads\/2020\/05\/Avianca-a320-2-300x150.jpg",300,150,true],"medium_large":["https:\/\/aviacionaldia.com\/wp-content\/uploads\/2020\/05\/Avianca-a320-2-768x384.jpg",768,384,true],"large":["https:\/\/aviacionaldia.com\/wp-content\/uploads\/2020\/05\/Avianca-a320-2.jpg",800,400,false],"1536x1536":["https:\/\/aviacionaldia.com\/wp-content\/uploads\/2020\/05\/Avianca-a320-2.jpg",800,400,false],"2048x2048":["https:\/\/aviacionaldia.com\/wp-content\/uploads\/2020\/05\/Avianca-a320-2.jpg",800,400,false],"pk-small":["https:\/\/aviacionaldia.com\/wp-content\/uploads\/2020\/05\/Avianca-a320-2-80x80.jpg",80,80,true],"pk-thumbnail":["https:\/\/aviacionaldia.com\/wp-content\/uploads\/2020\/05\/Avianca-a320-2-300x225.jpg",300,225,true],"csco-small":["https:\/\/aviacionaldia.com\/wp-content\/uploads\/2020\/05\/Avianca-a320-2-80x80.jpg",80,80,true],"csco-intermediate":["https:\/\/aviacionaldia.com\/wp-content\/uploads\/2020\/05\/Avianca-a320-2-200x140.jpg",200,140,true],"csco-thumbnail":["https:\/\/aviacionaldia.com\/wp-content\/uploads\/2020\/05\/Avianca-a320-2-380x220.jpg",380,220,true],"csco-thumbnail-alternative":["https:\/\/aviacionaldia.com\/wp-content\/uploads\/2020\/05\/Avianca-a320-2-300x180.jpg",300,180,true],"csco-thumbnail-uncropped":["https:\/\/aviacionaldia.com\/wp-content\/uploads\/2020\/05\/Avianca-a320-2-380x190.jpg",380,190,true],"csco-medium":["https:\/\/aviacionaldia.com\/wp-content\/uploads\/2020\/05\/Avianca-a320-2.jpg",800,400,false],"csco-medium-alternative":["https:\/\/aviacionaldia.com\/wp-content\/uploads\/2020\/05\/Avianca-a320-2-560x336.jpg",560,336,true],"csco-medium-uncropped":["https:\/\/aviacionaldia.com\/wp-content\/uploads\/2020\/05\/Avianca-a320-2.jpg",800,400,false],"csco-large":["https:\/\/aviacionaldia.com\/wp-content\/uploads\/2020\/05\/Avianca-a320-2.jpg",800,400,false],"csco-large-uncropped":["https:\/\/aviacionaldia.com\/wp-content\/uploads\/2020\/05\/Avianca-a320-2.jpg",800,400,false],"csco-extra-large":["https:\/\/aviacionaldia.com\/wp-content\/uploads\/2020\/05\/Avianca-a320-2.jpg",800,400,false]},"uagb_author_info":{"display_name":"Aviaci\u00f3n al D\u00eda","author_link":"https:\/\/aviacionaldia.com\/en\/author\/admin"},"uagb_comment_info":0,"uagb_excerpt":"After the authorization of Phase II of domestic operations by the authorities, Avianca will resume flights this October&hellip;","amp_enabled":true,"_links":{"self":[{"href":"https:\/\/aviacionaldia.com\/en\/wp-json\/wp\/v2\/posts\/100718","targetHints":{"allow":["GET"]}}],"collection":[{"href":"https:\/\/aviacionaldia.com\/en\/wp-json\/wp\/v2\/posts"}],"about":[{"href":"https:\/\/aviacionaldia.com\/en\/wp-json\/wp\/v2\/types\/post"}],"author":[{"embeddable":true,"href":"https:\/\/aviacionaldia.com\/en\/wp-json\/wp\/v2\/users\/1"}],"replies":[{"embeddable":true,"href":"https:\/\/aviacionaldia.com\/en\/wp-json\/wp\/v2\/comments?post=100718"}],"version-history":[{"count":3,"href":"https:\/\/aviacionaldia.com\/en\/wp-json\/wp\/v2\/posts\/100718\/revisions"}],"predecessor-version":[{"id":100742,"href":"https:\/\/aviacionaldia.com\/en\/wp-json\/wp\/v2\/posts\/100718\/revisions\/100742"}],"wp:featuredmedia":[{"embeddable":true,"href":"https:\/\/aviacionaldia.com\/en\/wp-json\/wp\/v2\/media\/100721"}],"wp:attachment":[{"href":"https:\/\/aviacionaldia.com\/en\/wp-json\/wp\/v2\/media?parent=100718"}],"wp:term":[{"taxonomy":"category","embeddable":true,"href":"https:\/\/aviacionaldia.com\/en\/wp-json\/wp\/v2\/categories?post=100718"},{"taxonomy":"post_tag","embeddable":true,"href":"https:\/\/aviacionaldia.com\/en\/wp-json\/wp\/v2\/tags?post=100718"}],"curies":[{"name":"wp","href":"https:\/\/api.w.org\/{rel}","templated":true}]}}