{"id":101219,"date":"2020-10-08T15:33:25","date_gmt":"2020-10-08T15:33:25","guid":{"rendered":"https:\/?p=101219"},"modified":"2020-10-08T15:33:28","modified_gmt":"2020-10-08T15:33:28","slug":"israel-signs-an-agreement-with-jordan-allowing-flights-over-its-airspace","status":"publish","type":"post","link":"https:\/\/aviacionaldia.com\/en\/2020\/10\/israel-signs-an-agreement-with-jordan-allowing-flights-over-its-airspace.html","title":{"rendered":"Israel signs an agreement with Jordan allowing flights over its airspace."},"content":{"rendered":"\n<p>Israel said on Thursday it signed an aviation agreement with Jordan that will allow flights from the United Arab Emirates and Bahrain to fly through Israeli airspace, Reuters reported.<\/p>\n\n\n\n<p><strong>See also: <\/strong><a href=\"https:\/en\/2020\/10\/u-s-fines-the-emirates-400000-for-flying-over-iranian-airspace.html\">U.S. fines the Emirates $400,000 for flying over Iranian airspace.<\/a><\/p>\n\n\n\n<p>The agreement, announced by Israel\u2019s Transportation Ministry, comes after the signing of a diplomatic accord last month to normalize ties between Israel and the two Gulf Arab states.<\/p>\n\n\n\n<p>The deal will allow shorter flight times for some routes between Asia and Europe and North America, including flights from Bahrain and the United Arab Emirates, the ministry said in a statement.<\/p>\n\n\n\n<p><\/p>\n","protected":false},"excerpt":{"rendered":"Israel said on Thursday it signed an aviation agreement with Jordan that will allow flights from the United&hellip;\n","protected":false},"author":1,"featured_media":101221,"comment_status":"closed","ping_status":"closed","sticky":false,"template":"","format":"standard","meta":{"_uag_custom_page_level_css":"","footnotes":""},"categories":[1],"tags":[197,465,198,483],"class_list":{"0":"post-101219","1":"post","2":"type-post","3":"status-publish","4":"format-standard","5":"has-post-thumbnail","7":"category-airlines","8":"tag-airlines","9":"tag-asia-2","10":"tag-flights","11":"tag-israel-2"},"uagb_featured_image_src":{"full":["https:\/\/aviacionaldia.com\/wp-content\/uploads\/2019\/05\/Estelar-de-avi\u00f3n.jpg",800,400,false],"thumbnail":["https:\/\/aviacionaldia.com\/wp-content\/uploads\/2019\/05\/Estelar-de-avi\u00f3n-150x150.jpg",150,150,true],"medium":["https:\/\/aviacionaldia.com\/wp-content\/uploads\/2019\/05\/Estelar-de-avi\u00f3n-300x150.jpg",300,150,true],"medium_large":["https:\/\/aviacionaldia.com\/wp-content\/uploads\/2019\/05\/Estelar-de-avi\u00f3n-768x384.jpg",768,384,true],"large":["https:\/\/aviacionaldia.com\/wp-content\/uploads\/2019\/05\/Estelar-de-avi\u00f3n.jpg",800,400,false],"1536x1536":["https:\/\/aviacionaldia.com\/wp-content\/uploads\/2019\/05\/Estelar-de-avi\u00f3n.jpg",800,400,false],"2048x2048":["https:\/\/aviacionaldia.com\/wp-content\/uploads\/2019\/05\/Estelar-de-avi\u00f3n.jpg",800,400,false],"pk-small":["https:\/\/aviacionaldia.com\/wp-content\/uploads\/2019\/05\/Estelar-de-avi\u00f3n-80x80.jpg",80,80,true],"pk-thumbnail":["https:\/\/aviacionaldia.com\/wp-content\/uploads\/2019\/05\/Estelar-de-avi\u00f3n-300x225.jpg",300,225,true],"csco-small":["https:\/\/aviacionaldia.com\/wp-content\/uploads\/2019\/05\/Estelar-de-avi\u00f3n-80x80.jpg",80,80,true],"csco-intermediate":["https:\/\/aviacionaldia.com\/wp-content\/uploads\/2019\/05\/Estelar-de-avi\u00f3n-200x140.jpg",200,140,true],"csco-thumbnail":["https:\/\/aviacionaldia.com\/wp-content\/uploads\/2019\/05\/Estelar-de-avi\u00f3n-380x220.jpg",380,220,true],"csco-thumbnail-alternative":["https:\/\/aviacionaldia.com\/wp-content\/uploads\/2019\/05\/Estelar-de-avi\u00f3n-300x180.jpg",300,180,true],"csco-thumbnail-uncropped":["https:\/\/aviacionaldia.com\/wp-content\/uploads\/2019\/05\/Estelar-de-avi\u00f3n-380x190.jpg",380,190,true],"csco-medium":["https:\/\/aviacionaldia.com\/wp-content\/uploads\/2019\/05\/Estelar-de-avi\u00f3n.jpg",800,400,false],"csco-medium-alternative":["https:\/\/aviacionaldia.com\/wp-content\/uploads\/2019\/05\/Estelar-de-avi\u00f3n-560x336.jpg",560,336,true],"csco-medium-uncropped":["https:\/\/aviacionaldia.com\/wp-content\/uploads\/2019\/05\/Estelar-de-avi\u00f3n.jpg",800,400,false],"csco-large":["https:\/\/aviacionaldia.com\/wp-content\/uploads\/2019\/05\/Estelar-de-avi\u00f3n.jpg",800,400,false],"csco-large-uncropped":["https:\/\/aviacionaldia.com\/wp-content\/uploads\/2019\/05\/Estelar-de-avi\u00f3n.jpg",800,400,false],"csco-extra-large":["https:\/\/aviacionaldia.com\/wp-content\/uploads\/2019\/05\/Estelar-de-avi\u00f3n.jpg",800,400,false]},"uagb_author_info":{"display_name":"Aviaci\u00f3n al D\u00eda","author_link":"https:\/\/aviacionaldia.com\/en\/author\/admin"},"uagb_comment_info":0,"uagb_excerpt":"Israel said on Thursday it signed an aviation agreement with Jordan that will allow flights from the United&hellip;","amp_enabled":true,"_links":{"self":[{"href":"https:\/\/aviacionaldia.com\/en\/wp-json\/wp\/v2\/posts\/101219","targetHints":{"allow":["GET"]}}],"collection":[{"href":"https:\/\/aviacionaldia.com\/en\/wp-json\/wp\/v2\/posts"}],"about":[{"href":"https:\/\/aviacionaldia.com\/en\/wp-json\/wp\/v2\/types\/post"}],"author":[{"embeddable":true,"href":"https:\/\/aviacionaldia.com\/en\/wp-json\/wp\/v2\/users\/1"}],"replies":[{"embeddable":true,"href":"https:\/\/aviacionaldia.com\/en\/wp-json\/wp\/v2\/comments?post=101219"}],"version-history":[{"count":1,"href":"https:\/\/aviacionaldia.com\/en\/wp-json\/wp\/v2\/posts\/101219\/revisions"}],"predecessor-version":[{"id":101220,"href":"https:\/\/aviacionaldia.com\/en\/wp-json\/wp\/v2\/posts\/101219\/revisions\/101220"}],"wp:featuredmedia":[{"embeddable":true,"href":"https:\/\/aviacionaldia.com\/en\/wp-json\/wp\/v2\/media\/101221"}],"wp:attachment":[{"href":"https:\/\/aviacionaldia.com\/en\/wp-json\/wp\/v2\/media?parent=101219"}],"wp:term":[{"taxonomy":"category","embeddable":true,"href":"https:\/\/aviacionaldia.com\/en\/wp-json\/wp\/v2\/categories?post=101219"},{"taxonomy":"post_tag","embeddable":true,"href":"https:\/\/aviacionaldia.com\/en\/wp-json\/wp\/v2\/tags?post=101219"}],"curies":[{"name":"wp","href":"https:\/\/api.w.org\/{rel}","templated":true}]}}