{"id":104667,"date":"2020-12-30T20:44:46","date_gmt":"2020-12-30T20:44:46","guid":{"rendered":"https:\/?p=104667"},"modified":"2020-12-30T20:49:53","modified_gmt":"2020-12-30T20:49:53","slug":"emirates-introduces-its-premium-economy","status":"publish","type":"post","link":"https:\/\/aviacionaldia.com\/en\/2020\/12\/emirates-introduces-its-premium-economy.html","title":{"rendered":"Emirates introduces its Premium Economy."},"content":{"rendered":"\n<p><strong>Emirates<\/strong> is taking its Airbus A380 experience to the next level with the launch of its new Premium Economy cabin product, along with improvements and a revamped look in all cabins on board its latest superjumbo jet.<\/p>\n\n\n\n<p><strong>See also:<\/strong> <a href=\"https:\/en\/2020\/12\/emirates-awarded-airline-of-the-year-at-aviation-business-awards.html\">Emirates awarded \u201cAirline of the Year\u201d at Aviation Business Awards<\/a>.<\/p>\n\n\n\n<p>&#8220;The Emirates A380 is already one of the most sought-after travel experiences in the skies, and now we&#8217;ve made it even better. While others are cutting costs, Emirates is working hard to restore products and services that we have had to suspend or adjust due to pandemic precautions, and introduce new offerings and improvements. True to our promise to fly better, Emirates continues to invest in providing our customers with the best possible experience,&#8221; said Tim Clark, Chairman of Emirates Airline.<\/p>\n\n\n\n<p><strong>See also: <\/strong><a href=\"https:\/en\/2020\/12\/emirates-flight-academy-celebrates-first-graduation-cadet-pilots.html\">Emirates Flight Academy celebrates first graduation cadet pilots.<\/a><\/p>\n\n\n\n<p>The airline received its last A380 aircraft last week, and its remaining order of 5 superjumbo jets will also be delivered with premium economy cabins for 2021 and 2022. Emirates&#8217; Premium Economy will also be installed on some of its Boeing 777X aircraft that will join the fleet in 2023.<\/p>\n\n\n\n<p>The airline revealed details of its much-anticipated Premium Economy cabin, which offers 56 seats in a 2-4-2 cabin configuration.<\/p>\n\n\n\n<p>With a tilt of up to 40 inches, the seats are 19.5 inches wide, and recline 8 inches into a comfortable position with ample room to stretch. Covered in cream-colored leather with stitching details and a wood-panel finish similar to that of the Business Class, each seat is designed to provide optimal comfort and support with headrests, calf rests and 6-way adjustable footrests.<\/p>\n\n\n\n<p>Each seat has a 13.3\u2033 screen, one of the largest in its class, for enjoying the variety of music, movies, television, news and other content offered by the airline.<\/p>\n\n\n\n<p>Customers will also find easy access loading points, a large dining table and a side cocktail table.<\/p>\n\n\n\n<p>The Premium Economy is located at the front of the main deck, with 3 toilets dedicated to customers.<\/p>\n\n\n\n<h2 class=\"wp-block-heading\">Related Topics<\/h2>\n\n\n\n\t\t\t<div class=\"wp-block-uagb-post-grid uagb-post-grid  uagb-post__image-position-top uagb-post__image-enabled uagb-block-52931df7     uagb-post__items uagb-post__columns-2 is-grid uagb-post__columns-tablet-2 uagb-post__columns-mobile-1 uagb-post__equal-height\" data-total=\"470\" style=\"\">\n\n\t\t\t\t\t\t\t\t\t\t\t\t<article class=\"uagb-post__inner-wrap\">\t\t\t\t\t\t\t\t<div class='uagb-post__image'>\n\t\t\t\t\t\t\t\t\t<a href=\"https:\/\/aviacionaldia.com\/en\/2026\/04\/american-airlines-resumes-direct-flights-between-miami-and-caracas-after-seven-year-hiatus.html\" target=\"_self\" rel=\"bookmark noopener noreferrer\" class='uagb-image-ratio-inherit'><img decoding=\"async\" width=\"800\" height=\"400\" src=\"https:\/\/aviacionaldia.com\/wp-content\/uploads\/2026\/04\/American-Airlines-Embraer-175.webp\" class=\"attachment-large size-large\" alt=\"\" srcset=\"https:\/\/aviacionaldia.com\/wp-content\/uploads\/2026\/04\/American-Airlines-Embraer-175.webp 800w, https:\/\/aviacionaldia.com\/wp-content\/uploads\/2026\/04\/American-Airlines-Embraer-175-300x150.webp 300w, https:\/\/aviacionaldia.com\/wp-content\/uploads\/2026\/04\/American-Airlines-Embraer-175-768x384.webp 768w, https:\/\/aviacionaldia.com\/wp-content\/uploads\/2026\/04\/American-Airlines-Embraer-175-380x190.webp 380w\" sizes=\"(max-width: 800px) 100vw, 800px\" \/>\t\t\t\t\t<\/a>\n\t\t\t\t\t\t\t<\/div>\n\t\t\t\t\t\t<h4 class=\"uagb-post__title uagb-post__text\">\n\t\t\t\t<a href=\"https:\/\/aviacionaldia.com\/en\/2026\/04\/american-airlines-resumes-direct-flights-between-miami-and-caracas-after-seven-year-hiatus.html\" target=\"_self\" rel=\"bookmark noopener noreferrer\">American Airlines Resumes Direct Flights Between Miami and Caracas After Seven-Year Hiatus<\/a>\n\t\t\t<\/h4>\n\t\t\t\t\t\t<div class='uagb-post__text uagb-post-grid-byline'>\n\t\t\t\t\t\t\t<\/div>\n\t\t\t\t\t\t<div class=\"uagb-post__text uagb-post__cta wp-block-button\">\n\t\t\t\t<a class=\"wp-block-button__link uagb-text-link\" style=\"\" href=\"https:\/\/aviacionaldia.com\/en\/2026\/04\/american-airlines-resumes-direct-flights-between-miami-and-caracas-after-seven-year-hiatus.html\" target=\"_self\" rel=\"bookmark noopener noreferrer\">Read More<\/a>\n\t\t\t<\/div>\n\t\t\t\n\t\t\t\t\t\t\t\t\t<\/article>\n\t\t\t\t\t\t\t\t\t\t\t\t\t\t\t\t<article class=\"uagb-post__inner-wrap\">\t\t\t\t\t\t\t\t<div class='uagb-post__image'>\n\t\t\t\t\t\t\t\t\t<a href=\"https:\/\/aviacionaldia.com\/en\/2026\/04\/united-airlines-and-lyft-launch-pay-with-miles.html\" target=\"_self\" rel=\"bookmark noopener noreferrer\" class='uagb-image-ratio-inherit'><img decoding=\"async\" width=\"800\" height=\"400\" src=\"https:\/\/aviacionaldia.com\/wp-content\/uploads\/2026\/04\/United-Airlines-Lyft.webp\" class=\"attachment-large size-large\" alt=\"\" srcset=\"https:\/\/aviacionaldia.com\/wp-content\/uploads\/2026\/04\/United-Airlines-Lyft.webp 800w, https:\/\/aviacionaldia.com\/wp-content\/uploads\/2026\/04\/United-Airlines-Lyft-300x150.webp 300w, https:\/\/aviacionaldia.com\/wp-content\/uploads\/2026\/04\/United-Airlines-Lyft-768x384.webp 768w, https:\/\/aviacionaldia.com\/wp-content\/uploads\/2026\/04\/United-Airlines-Lyft-380x190.webp 380w\" sizes=\"(max-width: 800px) 100vw, 800px\" \/>\t\t\t\t\t<\/a>\n\t\t\t\t\t\t\t<\/div>\n\t\t\t\t\t\t<h4 class=\"uagb-post__title uagb-post__text\">\n\t\t\t\t<a href=\"https:\/\/aviacionaldia.com\/en\/2026\/04\/united-airlines-and-lyft-launch-pay-with-miles.html\" target=\"_self\" rel=\"bookmark noopener noreferrer\">United Airlines and Lyft Launch &#8220;Pay with Miles&#8221;<\/a>\n\t\t\t<\/h4>\n\t\t\t\t\t\t<div class='uagb-post__text uagb-post-grid-byline'>\n\t\t\t\t\t\t\t<\/div>\n\t\t\t\t\t\t<div class=\"uagb-post__text uagb-post__cta wp-block-button\">\n\t\t\t\t<a class=\"wp-block-button__link uagb-text-link\" style=\"\" href=\"https:\/\/aviacionaldia.com\/en\/2026\/04\/united-airlines-and-lyft-launch-pay-with-miles.html\" target=\"_self\" rel=\"bookmark noopener noreferrer\">Read More<\/a>\n\t\t\t<\/div>\n\t\t\t\n\t\t\t\t\t\t\t\t\t<\/article>\n\t\t\t\t\t\t\t\t\t\t\t\t\t\t\t\t<article class=\"uagb-post__inner-wrap\">\t\t\t\t\t\t\t\t<div class='uagb-post__image'>\n\t\t\t\t\t\t\t\t\t<a href=\"https:\/\/aviacionaldia.com\/en\/2026\/04\/avelo-airlines-celebrates-its-fifth-anniversary-consolidating-growth-and-operational-reliability.html\" target=\"_self\" rel=\"bookmark noopener noreferrer\" class='uagb-image-ratio-inherit'><img decoding=\"async\" width=\"800\" height=\"400\" src=\"https:\/\/aviacionaldia.com\/wp-content\/uploads\/2025\/02\/Avelo-Airlines-Boeing-737-800.webp\" class=\"attachment-large size-large\" alt=\"\" srcset=\"https:\/\/aviacionaldia.com\/wp-content\/uploads\/2025\/02\/Avelo-Airlines-Boeing-737-800.webp 800w, https:\/\/aviacionaldia.com\/wp-content\/uploads\/2025\/02\/Avelo-Airlines-Boeing-737-800-300x150.webp 300w, https:\/\/aviacionaldia.com\/wp-content\/uploads\/2025\/02\/Avelo-Airlines-Boeing-737-800-768x384.webp 768w, https:\/\/aviacionaldia.com\/wp-content\/uploads\/2025\/02\/Avelo-Airlines-Boeing-737-800-380x190.webp 380w\" sizes=\"(max-width: 800px) 100vw, 800px\" \/>\t\t\t\t\t<\/a>\n\t\t\t\t\t\t\t<\/div>\n\t\t\t\t\t\t<h4 class=\"uagb-post__title uagb-post__text\">\n\t\t\t\t<a href=\"https:\/\/aviacionaldia.com\/en\/2026\/04\/avelo-airlines-celebrates-its-fifth-anniversary-consolidating-growth-and-operational-reliability.html\" target=\"_self\" rel=\"bookmark noopener noreferrer\">Avelo Airlines Celebrates Its Fifth Anniversary, Consolidating Growth and Operational Reliability<\/a>\n\t\t\t<\/h4>\n\t\t\t\t\t\t<div class='uagb-post__text uagb-post-grid-byline'>\n\t\t\t\t\t\t\t<\/div>\n\t\t\t\t\t\t<div class=\"uagb-post__text uagb-post__cta wp-block-button\">\n\t\t\t\t<a class=\"wp-block-button__link uagb-text-link\" style=\"\" href=\"https:\/\/aviacionaldia.com\/en\/2026\/04\/avelo-airlines-celebrates-its-fifth-anniversary-consolidating-growth-and-operational-reliability.html\" target=\"_self\" rel=\"bookmark noopener noreferrer\">Read More<\/a>\n\t\t\t<\/div>\n\t\t\t\n\t\t\t\t\t\t\t\t\t<\/article>\n\t\t\t\t\t\t\t\t\t\t\t\t\t\t\t\t<article class=\"uagb-post__inner-wrap\">\t\t\t\t\t\t\t\t<div class='uagb-post__image'>\n\t\t\t\t\t\t\t\t\t<a href=\"https:\/\/aviacionaldia.com\/en\/2026\/04\/alaska-airlines-crosses-the-atlantic-direct-flights-launched-between-seattle-and-rome.html\" target=\"_self\" rel=\"bookmark noopener noreferrer\" class='uagb-image-ratio-inherit'><img decoding=\"async\" width=\"800\" height=\"400\" src=\"https:\/\/aviacionaldia.com\/wp-content\/uploads\/2026\/04\/Alaska-Airlines-Boeing-787.webp\" class=\"attachment-large size-large\" alt=\"\" srcset=\"https:\/\/aviacionaldia.com\/wp-content\/uploads\/2026\/04\/Alaska-Airlines-Boeing-787.webp 800w, https:\/\/aviacionaldia.com\/wp-content\/uploads\/2026\/04\/Alaska-Airlines-Boeing-787-300x150.webp 300w, https:\/\/aviacionaldia.com\/wp-content\/uploads\/2026\/04\/Alaska-Airlines-Boeing-787-768x384.webp 768w, https:\/\/aviacionaldia.com\/wp-content\/uploads\/2026\/04\/Alaska-Airlines-Boeing-787-380x190.webp 380w\" sizes=\"(max-width: 800px) 100vw, 800px\" \/>\t\t\t\t\t<\/a>\n\t\t\t\t\t\t\t<\/div>\n\t\t\t\t\t\t<h4 class=\"uagb-post__title uagb-post__text\">\n\t\t\t\t<a href=\"https:\/\/aviacionaldia.com\/en\/2026\/04\/alaska-airlines-crosses-the-atlantic-direct-flights-launched-between-seattle-and-rome.html\" target=\"_self\" rel=\"bookmark noopener noreferrer\">Alaska Airlines Crosses the Atlantic: Direct Flights Launched Between Seattle and Rome<\/a>\n\t\t\t<\/h4>\n\t\t\t\t\t\t<div class='uagb-post__text uagb-post-grid-byline'>\n\t\t\t\t\t\t\t<\/div>\n\t\t\t\t\t\t<div class=\"uagb-post__text uagb-post__cta wp-block-button\">\n\t\t\t\t<a class=\"wp-block-button__link uagb-text-link\" style=\"\" href=\"https:\/\/aviacionaldia.com\/en\/2026\/04\/alaska-airlines-crosses-the-atlantic-direct-flights-launched-between-seattle-and-rome.html\" target=\"_self\" rel=\"bookmark noopener noreferrer\">Read More<\/a>\n\t\t\t<\/div>\n\t\t\t\n\t\t\t\t\t\t\t\t\t<\/article>\n\t\t\t\t\t\t\t\t\t\t\t<\/div>\n\t\t\t","protected":false},"excerpt":{"rendered":"Emirates is taking its Airbus A380 experience to the next level with the launch of its new Premium&hellip;\n","protected":false},"author":4316,"featured_media":104659,"comment_status":"closed","ping_status":"closed","sticky":false,"template":"","format":"standard","meta":{"_uag_custom_page_level_css":"","footnotes":""},"categories":[1],"tags":[230,465],"class_list":{"0":"post-104667","1":"post","2":"type-post","3":"status-publish","4":"format-standard","5":"has-post-thumbnail","7":"category-airlines","8":"tag-airline","9":"tag-asia-2"},"uagb_featured_image_src":{"full":["https:\/\/aviacionaldia.com\/wp-content\/uploads\/2020\/12\/Emirates-Premium-Economy.jpg",800,400,false],"thumbnail":["https:\/\/aviacionaldia.com\/wp-content\/uploads\/2020\/12\/Emirates-Premium-Economy-150x150.jpg",150,150,true],"medium":["https:\/\/aviacionaldia.com\/wp-content\/uploads\/2020\/12\/Emirates-Premium-Economy-300x150.jpg",300,150,true],"medium_large":["https:\/\/aviacionaldia.com\/wp-content\/uploads\/2020\/12\/Emirates-Premium-Economy-768x384.jpg",768,384,true],"large":["https:\/\/aviacionaldia.com\/wp-content\/uploads\/2020\/12\/Emirates-Premium-Economy.jpg",800,400,false],"1536x1536":["https:\/\/aviacionaldia.com\/wp-content\/uploads\/2020\/12\/Emirates-Premium-Economy.jpg",800,400,false],"2048x2048":["https:\/\/aviacionaldia.com\/wp-content\/uploads\/2020\/12\/Emirates-Premium-Economy.jpg",800,400,false],"pk-small":["https:\/\/aviacionaldia.com\/wp-content\/uploads\/2020\/12\/Emirates-Premium-Economy.jpg",80,40,false],"pk-thumbnail":["https:\/\/aviacionaldia.com\/wp-content\/uploads\/2020\/12\/Emirates-Premium-Economy.jpg",300,150,false],"csco-small":["https:\/\/aviacionaldia.com\/wp-content\/uploads\/2020\/12\/Emirates-Premium-Economy-80x80.jpg",80,80,true],"csco-intermediate":["https:\/\/aviacionaldia.com\/wp-content\/uploads\/2020\/12\/Emirates-Premium-Economy-200x140.jpg",200,140,true],"csco-thumbnail":["https:\/\/aviacionaldia.com\/wp-content\/uploads\/2020\/12\/Emirates-Premium-Economy-380x220.jpg",380,220,true],"csco-thumbnail-alternative":["https:\/\/aviacionaldia.com\/wp-content\/uploads\/2020\/12\/Emirates-Premium-Economy-300x180.jpg",300,180,true],"csco-thumbnail-uncropped":["https:\/\/aviacionaldia.com\/wp-content\/uploads\/2020\/12\/Emirates-Premium-Economy-380x190.jpg",380,190,true],"csco-medium":["https:\/\/aviacionaldia.com\/wp-content\/uploads\/2020\/12\/Emirates-Premium-Economy.jpg",800,400,false],"csco-medium-alternative":["https:\/\/aviacionaldia.com\/wp-content\/uploads\/2020\/12\/Emirates-Premium-Economy-560x336.jpg",560,336,true],"csco-medium-uncropped":["https:\/\/aviacionaldia.com\/wp-content\/uploads\/2020\/12\/Emirates-Premium-Economy.jpg",800,400,false],"csco-large":["https:\/\/aviacionaldia.com\/wp-content\/uploads\/2020\/12\/Emirates-Premium-Economy.jpg",800,400,false],"csco-large-uncropped":["https:\/\/aviacionaldia.com\/wp-content\/uploads\/2020\/12\/Emirates-Premium-Economy.jpg",800,400,false],"csco-extra-large":["https:\/\/aviacionaldia.com\/wp-content\/uploads\/2020\/12\/Emirates-Premium-Economy.jpg",800,400,false]},"uagb_author_info":{"display_name":"Redacci\u00f3n - Aviaci\u00f3n al D\u00eda","author_link":"https:\/\/aviacionaldia.com\/en\/author\/aad"},"uagb_comment_info":0,"uagb_excerpt":"Emirates is taking its Airbus A380 experience to the next level with the launch of its new Premium&hellip;","amp_enabled":true,"_links":{"self":[{"href":"https:\/\/aviacionaldia.com\/en\/wp-json\/wp\/v2\/posts\/104667","targetHints":{"allow":["GET"]}}],"collection":[{"href":"https:\/\/aviacionaldia.com\/en\/wp-json\/wp\/v2\/posts"}],"about":[{"href":"https:\/\/aviacionaldia.com\/en\/wp-json\/wp\/v2\/types\/post"}],"author":[{"embeddable":true,"href":"https:\/\/aviacionaldia.com\/en\/wp-json\/wp\/v2\/users\/4316"}],"replies":[{"embeddable":true,"href":"https:\/\/aviacionaldia.com\/en\/wp-json\/wp\/v2\/comments?post=104667"}],"version-history":[{"count":1,"href":"https:\/\/aviacionaldia.com\/en\/wp-json\/wp\/v2\/posts\/104667\/revisions"}],"predecessor-version":[{"id":104669,"href":"https:\/\/aviacionaldia.com\/en\/wp-json\/wp\/v2\/posts\/104667\/revisions\/104669"}],"wp:featuredmedia":[{"embeddable":true,"href":"https:\/\/aviacionaldia.com\/en\/wp-json\/wp\/v2\/media\/104659"}],"wp:attachment":[{"href":"https:\/\/aviacionaldia.com\/en\/wp-json\/wp\/v2\/media?parent=104667"}],"wp:term":[{"taxonomy":"category","embeddable":true,"href":"https:\/\/aviacionaldia.com\/en\/wp-json\/wp\/v2\/categories?post=104667"},{"taxonomy":"post_tag","embeddable":true,"href":"https:\/\/aviacionaldia.com\/en\/wp-json\/wp\/v2\/tags?post=104667"}],"curies":[{"name":"wp","href":"https:\/\/api.w.org\/{rel}","templated":true}]}}