{"id":105102,"date":"2021-01-13T20:17:51","date_gmt":"2021-01-13T20:17:51","guid":{"rendered":"https:\/?p=105102"},"modified":"2021-01-13T20:25:03","modified_gmt":"2021-01-13T20:25:03","slug":"emirates-expects-its-entire-fleet-aircraft-to-operational-this-year","status":"publish","type":"post","link":"https:\/\/aviacionaldia.com\/en\/2021\/01\/emirates-expects-its-entire-fleet-aircraft-to-operational-this-year.html","title":{"rendered":"Emirates expects its entire fleet aircraft to operational this year."},"content":{"rendered":"\n<p>Emirates airline expects its full fleet of Airbus A380 and Boeing 777 aircraft to be in use by the end of this year, as the deployment of coronavirus vaccines renews confidence in travel.<\/p>\n\n\n\n<p><em><strong><strong>See also:<\/strong><\/strong> <a href=\"https:\/en\/2021\/01\/emirates-expands-its-operations-in-the-americas.html\">Emirates expands its operations in the Americas.<\/a><\/em><\/p>\n\n\n\n<p>Emirates President Tim Clark has repeatedly said that a vaccination program would be vital to any recovery of the tourism industry, which saw demand fall in 2020.<\/p>\n\n\n\n<p>Clark, who has delayed his retirement to cope with the crisis, said Wednesday that he did not believe a recent wave of new infections and restrictions in some countries would further impede recovery.<\/p>\n\n\n\n<p><strong>See also:<\/strong> <a href=\"https:\/en\/2020\/12\/emirates-introduces-its-premium-economy.html\">Emirates introduces its Premium Economy.<\/a><\/p>\n\n\n\n<p>&#8220;Once the pandemic is over and the global inoculation program has started to work at its pace, then I see the restoration and recovery of the activity curves in all aspects of the global economy at its pace, probably by the middle or end of this year,&#8221; the airline president said in an interview with <a href=\"https:\/\/www.reuters.com\/article\/emirates-airline-outlook\/emirates-airline-sees-full-fleet-returning-to-the-skies-this-year-idUSL8N2JO2Q8\" target=\"_blank\" rel=\"noreferrer noopener nofollow\">Reuters<\/a>.<\/p>\n\n\n\n<p>Emirates is currently flying 17 of its 115 A380s and 137 of its 160 B777s, with some passenger aircraft operating as cargo planes.<\/p>\n\n\n\n<p>Last week, the airline was flying to about 120 destinations, compared with 157 before the pandemic.<\/p>\n\n\n\n<p>&#8220;We&#8217;re in a good place with the fleet we have, although not as heavily used as before the pandemic, to start operating again as soon as the doors open in terms of accessibility to markets,&#8221; Clark said.<\/p>\n\n\n\n<p>The airline is expected to be profitable again in the year ending March 31, 2023, and in its current state, it does not need further financial assistance from the government.<\/p>\n\n\n\n<p>By Alexander Cornwell; Edited by Kirsten Donovan<\/p>\n\n\n\n<h2 class=\"wp-block-heading\">Related Topics<\/h2>\n\n\n\n\t\t\t<div class=\"wp-block-uagb-post-grid uagb-post-grid  uagb-post__image-position-top uagb-post__image-enabled uagb-block-9dbe4ba3     uagb-post__items uagb-post__columns-2 is-grid uagb-post__columns-tablet-2 uagb-post__columns-mobile-1 uagb-post__equal-height\" data-total=\"25\" style=\"\">\n\n\t\t\t\t\t\t\t\t\t\t\t\t<article class=\"uagb-post__inner-wrap\">\t\t\t\t\t\t\t\t<div class='uagb-post__image'>\n\t\t\t\t\t\t\t\t\t<a href=\"https:\/\/aviacionaldia.com\/en\/2022\/09\/canada-to-remove-all-covid-travel-measures-and-restrictions.html\" target=\"_self\" rel=\"bookmark noopener noreferrer\" class='uagb-image-ratio-inherit'><img decoding=\"async\" width=\"800\" height=\"400\" src=\"https:\/\/aviacionaldia.com\/wp-content\/uploads\/2021\/02\/Latam-Tapabocas.jpg\" class=\"attachment-large size-large\" alt=\"\" srcset=\"https:\/\/aviacionaldia.com\/wp-content\/uploads\/2021\/02\/Latam-Tapabocas.jpg 800w, https:\/\/aviacionaldia.com\/wp-content\/uploads\/2021\/02\/Latam-Tapabocas-300x150.jpg 300w, https:\/\/aviacionaldia.com\/wp-content\/uploads\/2021\/02\/Latam-Tapabocas-768x384.jpg 768w, https:\/\/aviacionaldia.com\/wp-content\/uploads\/2021\/02\/Latam-Tapabocas-380x190.jpg 380w\" sizes=\"(max-width: 800px) 100vw, 800px\" \/>\t\t\t\t\t<\/a>\n\t\t\t\t\t\t\t<\/div>\n\t\t\t\t\t\t<h4 class=\"uagb-post__title uagb-post__text\">\n\t\t\t\t<a href=\"https:\/\/aviacionaldia.com\/en\/2022\/09\/canada-to-remove-all-covid-travel-measures-and-restrictions.html\" target=\"_self\" rel=\"bookmark noopener noreferrer\">Canada to remove all COVID travel measures and restrictions as of October 1<\/a>\n\t\t\t<\/h4>\n\t\t\t\t\t\t<div class='uagb-post__text uagb-post-grid-byline'>\n\t\t\t\t\t\t\t<\/div>\n\t\t\t\t\t\t<div class=\"uagb-post__text uagb-post__cta wp-block-button\">\n\t\t\t\t<a class=\"wp-block-button__link uagb-text-link\" style=\"\" href=\"https:\/\/aviacionaldia.com\/en\/2022\/09\/canada-to-remove-all-covid-travel-measures-and-restrictions.html\" target=\"_self\" rel=\"bookmark noopener noreferrer\">Read More<\/a>\n\t\t\t<\/div>\n\t\t\t\n\t\t\t\t\t\t\t\t\t<\/article>\n\t\t\t\t\t\t\t\t\t\t\t\t\t\t\t\t<article class=\"uagb-post__inner-wrap\">\t\t\t\t\t\t\t\t<div class='uagb-post__image'>\n\t\t\t\t\t\t\t\t\t<a href=\"https:\/\/aviacionaldia.com\/en\/2022\/04\/easyjet-to-cancel-some-uk-flights.html\" target=\"_self\" rel=\"bookmark noopener noreferrer\" class='uagb-image-ratio-inherit'><img decoding=\"async\" width=\"800\" height=\"400\" src=\"https:\/\/aviacionaldia.com\/wp-content\/uploads\/2020\/06\/Easyjet-A320.jpg\" class=\"attachment-large size-large\" alt=\"\" srcset=\"https:\/\/aviacionaldia.com\/wp-content\/uploads\/2020\/06\/Easyjet-A320.jpg 800w, https:\/\/aviacionaldia.com\/wp-content\/uploads\/2020\/06\/Easyjet-A320-300x150.jpg 300w, https:\/\/aviacionaldia.com\/wp-content\/uploads\/2020\/06\/Easyjet-A320-768x384.jpg 768w, https:\/\/aviacionaldia.com\/wp-content\/uploads\/2020\/06\/Easyjet-A320-380x190.jpg 380w\" sizes=\"(max-width: 800px) 100vw, 800px\" \/>\t\t\t\t\t<\/a>\n\t\t\t\t\t\t\t<\/div>\n\t\t\t\t\t\t<h4 class=\"uagb-post__title uagb-post__text\">\n\t\t\t\t<a href=\"https:\/\/aviacionaldia.com\/en\/2022\/04\/easyjet-to-cancel-some-uk-flights.html\" target=\"_self\" rel=\"bookmark noopener noreferrer\">COVID Casualties Force EasyJet To Cancel Some UK Flights<\/a>\n\t\t\t<\/h4>\n\t\t\t\t\t\t<div class='uagb-post__text uagb-post-grid-byline'>\n\t\t\t\t\t\t\t<\/div>\n\t\t\t\t\t\t<div class=\"uagb-post__text uagb-post__cta wp-block-button\">\n\t\t\t\t<a class=\"wp-block-button__link uagb-text-link\" style=\"\" href=\"https:\/\/aviacionaldia.com\/en\/2022\/04\/easyjet-to-cancel-some-uk-flights.html\" target=\"_self\" rel=\"bookmark noopener noreferrer\">Read More<\/a>\n\t\t\t<\/div>\n\t\t\t\n\t\t\t\t\t\t\t\t\t<\/article>\n\t\t\t\t\t\t\t\t\t\t\t\t\t\t\t\t<article class=\"uagb-post__inner-wrap\">\t\t\t\t\t\t\t\t<div class='uagb-post__image'>\n\t\t\t\t\t\t\t\t\t<a href=\"https:\/\/aviacionaldia.com\/en\/2022\/03\/heathrow-airport-no-longer-requires-mandatory-use-face-masks.html\" target=\"_self\" rel=\"bookmark noopener noreferrer\" class='uagb-image-ratio-inherit'><img decoding=\"async\" width=\"800\" height=\"400\" src=\"https:\/\/aviacionaldia.com\/wp-content\/uploads\/2022\/03\/Mascarilla.jpg\" class=\"attachment-large size-large\" alt=\"\" srcset=\"https:\/\/aviacionaldia.com\/wp-content\/uploads\/2022\/03\/Mascarilla.jpg 800w, https:\/\/aviacionaldia.com\/wp-content\/uploads\/2022\/03\/Mascarilla-300x150.jpg 300w, https:\/\/aviacionaldia.com\/wp-content\/uploads\/2022\/03\/Mascarilla-768x384.jpg 768w, https:\/\/aviacionaldia.com\/wp-content\/uploads\/2022\/03\/Mascarilla-380x190.jpg 380w\" sizes=\"(max-width: 800px) 100vw, 800px\" \/>\t\t\t\t\t<\/a>\n\t\t\t\t\t\t\t<\/div>\n\t\t\t\t\t\t<h4 class=\"uagb-post__title uagb-post__text\">\n\t\t\t\t<a href=\"https:\/\/aviacionaldia.com\/en\/2022\/03\/heathrow-airport-no-longer-requires-mandatory-use-face-masks.html\" target=\"_self\" rel=\"bookmark noopener noreferrer\">Heathrow airport no longer requires mandatory use of face masks<\/a>\n\t\t\t<\/h4>\n\t\t\t\t\t\t<div class='uagb-post__text uagb-post-grid-byline'>\n\t\t\t\t\t\t\t<\/div>\n\t\t\t\t\t\t<div class=\"uagb-post__text uagb-post__cta wp-block-button\">\n\t\t\t\t<a class=\"wp-block-button__link uagb-text-link\" style=\"\" href=\"https:\/\/aviacionaldia.com\/en\/2022\/03\/heathrow-airport-no-longer-requires-mandatory-use-face-masks.html\" target=\"_self\" rel=\"bookmark noopener noreferrer\">Read More<\/a>\n\t\t\t<\/div>\n\t\t\t\n\t\t\t\t\t\t\t\t\t<\/article>\n\t\t\t\t\t\t\t\t\t\t\t\t\t\t\t\t<article class=\"uagb-post__inner-wrap\">\t\t\t\t\t\t\t\t<div class='uagb-post__image'>\n\t\t\t\t\t\t\t\t\t<a href=\"https:\/\/aviacionaldia.com\/en\/2022\/01\/u-k-will-stop-requiring-covid-tests-for-vaccinated-travelers.html\" target=\"_self\" rel=\"bookmark noopener noreferrer\" class='uagb-image-ratio-inherit'><img decoding=\"async\" width=\"800\" height=\"400\" src=\"https:\/\/aviacionaldia.com\/wp-content\/uploads\/2021\/04\/vacunados.jpg\" class=\"attachment-large size-large\" alt=\"\" srcset=\"https:\/\/aviacionaldia.com\/wp-content\/uploads\/2021\/04\/vacunados.jpg 800w, https:\/\/aviacionaldia.com\/wp-content\/uploads\/2021\/04\/vacunados-300x150.jpg 300w, https:\/\/aviacionaldia.com\/wp-content\/uploads\/2021\/04\/vacunados-768x384.jpg 768w, https:\/\/aviacionaldia.com\/wp-content\/uploads\/2021\/04\/vacunados-380x190.jpg 380w\" sizes=\"(max-width: 800px) 100vw, 800px\" \/>\t\t\t\t\t<\/a>\n\t\t\t\t\t\t\t<\/div>\n\t\t\t\t\t\t<h4 class=\"uagb-post__title uagb-post__text\">\n\t\t\t\t<a href=\"https:\/\/aviacionaldia.com\/en\/2022\/01\/u-k-will-stop-requiring-covid-tests-for-vaccinated-travelers.html\" target=\"_self\" rel=\"bookmark noopener noreferrer\">U.K. will stop requiring Covid tests for vaccinated travelers.<\/a>\n\t\t\t<\/h4>\n\t\t\t\t\t\t<div class='uagb-post__text uagb-post-grid-byline'>\n\t\t\t\t\t\t\t<\/div>\n\t\t\t\t\t\t<div class=\"uagb-post__text uagb-post__cta wp-block-button\">\n\t\t\t\t<a class=\"wp-block-button__link uagb-text-link\" style=\"\" href=\"https:\/\/aviacionaldia.com\/en\/2022\/01\/u-k-will-stop-requiring-covid-tests-for-vaccinated-travelers.html\" target=\"_self\" rel=\"bookmark noopener noreferrer\">Read More<\/a>\n\t\t\t<\/div>\n\t\t\t\n\t\t\t\t\t\t\t\t\t<\/article>\n\t\t\t\t\t\t\t\t\t\t\t<\/div>\n\t\t\t","protected":false},"excerpt":{"rendered":"Emirates airline expects its full fleet of Airbus A380 and Boeing 777 aircraft to be in use by&hellip;\n","protected":false},"author":4316,"featured_media":99704,"comment_status":"closed","ping_status":"closed","sticky":false,"template":"","format":"standard","meta":{"_uag_custom_page_level_css":"","footnotes":""},"categories":[1],"tags":[230,465],"class_list":{"0":"post-105102","1":"post","2":"type-post","3":"status-publish","4":"format-standard","5":"has-post-thumbnail","7":"category-airlines","8":"tag-airline","9":"tag-asia-2"},"uagb_featured_image_src":{"full":["https:\/\/aviacionaldia.com\/wp-content\/uploads\/2020\/06\/Emirates-B777-300.jpg",800,400,false],"thumbnail":["https:\/\/aviacionaldia.com\/wp-content\/uploads\/2020\/06\/Emirates-B777-300-150x150.jpg",150,150,true],"medium":["https:\/\/aviacionaldia.com\/wp-content\/uploads\/2020\/06\/Emirates-B777-300-300x150.jpg",300,150,true],"medium_large":["https:\/\/aviacionaldia.com\/wp-content\/uploads\/2020\/06\/Emirates-B777-300-768x384.jpg",768,384,true],"large":["https:\/\/aviacionaldia.com\/wp-content\/uploads\/2020\/06\/Emirates-B777-300.jpg",800,400,false],"1536x1536":["https:\/\/aviacionaldia.com\/wp-content\/uploads\/2020\/06\/Emirates-B777-300.jpg",800,400,false],"2048x2048":["https:\/\/aviacionaldia.com\/wp-content\/uploads\/2020\/06\/Emirates-B777-300.jpg",800,400,false],"pk-small":["https:\/\/aviacionaldia.com\/wp-content\/uploads\/2020\/06\/Emirates-B777-300-80x80.jpg",80,80,true],"pk-thumbnail":["https:\/\/aviacionaldia.com\/wp-content\/uploads\/2020\/06\/Emirates-B777-300-300x225.jpg",300,225,true],"csco-small":["https:\/\/aviacionaldia.com\/wp-content\/uploads\/2020\/06\/Emirates-B777-300-80x80.jpg",80,80,true],"csco-intermediate":["https:\/\/aviacionaldia.com\/wp-content\/uploads\/2020\/06\/Emirates-B777-300-200x140.jpg",200,140,true],"csco-thumbnail":["https:\/\/aviacionaldia.com\/wp-content\/uploads\/2020\/06\/Emirates-B777-300-380x220.jpg",380,220,true],"csco-thumbnail-alternative":["https:\/\/aviacionaldia.com\/wp-content\/uploads\/2020\/06\/Emirates-B777-300-300x180.jpg",300,180,true],"csco-thumbnail-uncropped":["https:\/\/aviacionaldia.com\/wp-content\/uploads\/2020\/06\/Emirates-B777-300-380x190.jpg",380,190,true],"csco-medium":["https:\/\/aviacionaldia.com\/wp-content\/uploads\/2020\/06\/Emirates-B777-300.jpg",800,400,false],"csco-medium-alternative":["https:\/\/aviacionaldia.com\/wp-content\/uploads\/2020\/06\/Emirates-B777-300-560x336.jpg",560,336,true],"csco-medium-uncropped":["https:\/\/aviacionaldia.com\/wp-content\/uploads\/2020\/06\/Emirates-B777-300.jpg",800,400,false],"csco-large":["https:\/\/aviacionaldia.com\/wp-content\/uploads\/2020\/06\/Emirates-B777-300.jpg",800,400,false],"csco-large-uncropped":["https:\/\/aviacionaldia.com\/wp-content\/uploads\/2020\/06\/Emirates-B777-300.jpg",800,400,false],"csco-extra-large":["https:\/\/aviacionaldia.com\/wp-content\/uploads\/2020\/06\/Emirates-B777-300.jpg",800,400,false]},"uagb_author_info":{"display_name":"Redacci\u00f3n - Aviaci\u00f3n al D\u00eda","author_link":"https:\/\/aviacionaldia.com\/en\/author\/aad"},"uagb_comment_info":0,"uagb_excerpt":"Emirates airline expects its full fleet of Airbus A380 and Boeing 777 aircraft to be in use by&hellip;","amp_enabled":true,"_links":{"self":[{"href":"https:\/\/aviacionaldia.com\/en\/wp-json\/wp\/v2\/posts\/105102","targetHints":{"allow":["GET"]}}],"collection":[{"href":"https:\/\/aviacionaldia.com\/en\/wp-json\/wp\/v2\/posts"}],"about":[{"href":"https:\/\/aviacionaldia.com\/en\/wp-json\/wp\/v2\/types\/post"}],"author":[{"embeddable":true,"href":"https:\/\/aviacionaldia.com\/en\/wp-json\/wp\/v2\/users\/4316"}],"replies":[{"embeddable":true,"href":"https:\/\/aviacionaldia.com\/en\/wp-json\/wp\/v2\/comments?post=105102"}],"version-history":[{"count":1,"href":"https:\/\/aviacionaldia.com\/en\/wp-json\/wp\/v2\/posts\/105102\/revisions"}],"predecessor-version":[{"id":105103,"href":"https:\/\/aviacionaldia.com\/en\/wp-json\/wp\/v2\/posts\/105102\/revisions\/105103"}],"wp:featuredmedia":[{"embeddable":true,"href":"https:\/\/aviacionaldia.com\/en\/wp-json\/wp\/v2\/media\/99704"}],"wp:attachment":[{"href":"https:\/\/aviacionaldia.com\/en\/wp-json\/wp\/v2\/media?parent=105102"}],"wp:term":[{"taxonomy":"category","embeddable":true,"href":"https:\/\/aviacionaldia.com\/en\/wp-json\/wp\/v2\/categories?post=105102"},{"taxonomy":"post_tag","embeddable":true,"href":"https:\/\/aviacionaldia.com\/en\/wp-json\/wp\/v2\/tags?post=105102"}],"curies":[{"name":"wp","href":"https:\/\/api.w.org\/{rel}","templated":true}]}}