{"id":105426,"date":"2021-01-24T17:08:40","date_gmt":"2021-01-24T17:08:40","guid":{"rendered":"https:\/?p=105426"},"modified":"2021-01-24T17:09:13","modified_gmt":"2021-01-24T17:09:13","slug":"klm-will-maintain-long-haul-flights","status":"publish","type":"post","link":"https:\/\/aviacionaldia.com\/en\/2021\/01\/klm-will-maintain-long-haul-flights.html","title":{"rendered":"KLM will maintain long-haul flights."},"content":{"rendered":"\n<p>Dutch airline <strong>KLM<\/strong> will keep operating long haul flights, including for vaccine distribution, after agreeing with the government on softer demands for returning air crews to carry out rapid COVID-19 tests.<\/p>\n\n\n\n<p><strong><em>See also: <\/em><\/strong><a href=\"https:\/en\/2021\/01\/klm-will-eliminate-between-800-and-1000-additional-jobs.html\"><em>KLM will eliminate between 800 and 1,000 additional jobs.<\/em><\/a><\/p>\n\n\n\n<p>KLM said earlier in the week it would cancel all its 270 weekly long-haul flights to the Netherlands as a result of new COVID-19 rules, requiring passengers and crew to show evidence of a negative rapid coronavirus test taken just before departure, <a href=\"https:\/\/www.reuters.com\/article\/healthcoronavirus-klm\/update-1-klm-to-keep-long-haul-flights-as-covid-testing-demands-are-softened-idUSL1N2JZ02J\" target=\"_blank\" rel=\"noreferrer noopener nofollow\">Reuters <\/a>reported.<\/p>\n\n\n\n<p>But KLM on Saturday evening said it had reached a compromise in which flight crew on high coronavirus risk flights would take a rapid antigen test before departure from the Netherlands and after their return.<\/p>\n\n\n\n<p><strong><em>See also: <\/em><\/strong><a href=\"https:\/en\/2021\/01\/norwegian-air-gets-government-backing-for-its-plan.html\"><em>Norwegian Air gets government backing for its plan.<\/em><\/a><\/p>\n\n\n\n<p>Crew would also have to follow strict quarantine rules during their stay abroad, the health ministry said.<\/p>\n\n\n\n<p>The Netherlands last week decided to ban all passenger flights from Great Britain, South Africa and South America for up to a month, in a bid to limit the spread of new coronavirus mutations.<\/p>\n\n\n\n<p>Passengers traveling to Amsterdam from other high-risk countries are still required to provide proof of a negative COVID-19 rapid test taken just before departure, in addition to a negative PCR test taken within 72 hours of travel.<\/p>\n\n\n\n<h2 class=\"wp-block-heading\">Related Topics<\/h2>\n\n\n\n\t\t\t<div class=\"wp-block-uagb-post-grid uagb-post-grid  uagb-post__image-position-top uagb-post__image-enabled uagb-block-8a36f608     uagb-post__items uagb-post__columns-2 is-grid uagb-post__columns-tablet-2 uagb-post__columns-mobile-1 uagb-post__equal-height\" data-total=\"217\" style=\"\">\n\n\t\t\t\t\t\t\t\t\t\t\t\t<article class=\"uagb-post__inner-wrap\">\t\t\t\t\t\t\t\t<div class='uagb-post__image'>\n\t\t\t\t\t\t\t\t\t<a href=\"https:\/\/aviacionaldia.com\/en\/2026\/08\/chinas-big-three-airlines-post-severe-first-half-losses-driven-by-fuel-costs.html\" target=\"_self\" rel=\"bookmark noopener noreferrer\" class='uagb-image-ratio-inherit'><img decoding=\"async\" width=\"800\" height=\"400\" src=\"https:\/\/aviacionaldia.com\/wp-content\/uploads\/2025\/03\/China-Southern-Airlines-Air-China-y-China-Eastern.webp\" class=\"attachment-large size-large\" alt=\"\" srcset=\"https:\/\/aviacionaldia.com\/wp-content\/uploads\/2025\/03\/China-Southern-Airlines-Air-China-y-China-Eastern.webp 800w, https:\/\/aviacionaldia.com\/wp-content\/uploads\/2025\/03\/China-Southern-Airlines-Air-China-y-China-Eastern-300x150.webp 300w, https:\/\/aviacionaldia.com\/wp-content\/uploads\/2025\/03\/China-Southern-Airlines-Air-China-y-China-Eastern-768x384.webp 768w, https:\/\/aviacionaldia.com\/wp-content\/uploads\/2025\/03\/China-Southern-Airlines-Air-China-y-China-Eastern-380x190.webp 380w\" sizes=\"(max-width: 800px) 100vw, 800px\" \/>\t\t\t\t\t<\/a>\n\t\t\t\t\t\t\t<\/div>\n\t\t\t\t\t\t<h4 class=\"uagb-post__title uagb-post__text\">\n\t\t\t\t<a href=\"https:\/\/aviacionaldia.com\/en\/2026\/08\/chinas-big-three-airlines-post-severe-first-half-losses-driven-by-fuel-costs.html\" target=\"_self\" rel=\"bookmark noopener noreferrer\">China\u2019s &#8220;Big Three&#8221; Airlines Post Severe First-Half Losses Driven by Fuel Costs<\/a>\n\t\t\t<\/h4>\n\t\t\t\t\t\t<div class='uagb-post__text uagb-post-grid-byline'>\n\t\t\t\t\t\t\t<\/div>\n\t\t\t\t\t\t<div class=\"uagb-post__text uagb-post__cta wp-block-button\">\n\t\t\t\t<a class=\"wp-block-button__link uagb-text-link\" style=\"\" href=\"https:\/\/aviacionaldia.com\/en\/2026\/08\/chinas-big-three-airlines-post-severe-first-half-losses-driven-by-fuel-costs.html\" target=\"_self\" rel=\"bookmark noopener noreferrer\">Read More<\/a>\n\t\t\t<\/div>\n\t\t\t\n\t\t\t\t\t\t\t\t\t<\/article>\n\t\t\t\t\t\t\t\t\t\t\t\t\t\t\t\t<article class=\"uagb-post__inner-wrap\">\t\t\t\t\t\t\t\t<div class='uagb-post__image'>\n\t\t\t\t\t\t\t\t\t<a href=\"https:\/\/aviacionaldia.com\/en\/2026\/08\/air-india-seeks-1-5-billion-capital-injection-from-tata-sons-and-singapore-airlines-following-record-losses.html\" target=\"_self\" rel=\"bookmark noopener noreferrer\" class='uagb-image-ratio-inherit'><img decoding=\"async\" width=\"800\" height=\"400\" src=\"https:\/\/aviacionaldia.com\/wp-content\/uploads\/2026\/08\/Air-India-Boeing-787.webp\" class=\"attachment-large size-large\" alt=\"\" srcset=\"https:\/\/aviacionaldia.com\/wp-content\/uploads\/2026\/08\/Air-India-Boeing-787.webp 800w, https:\/\/aviacionaldia.com\/wp-content\/uploads\/2026\/08\/Air-India-Boeing-787-300x150.webp 300w, https:\/\/aviacionaldia.com\/wp-content\/uploads\/2026\/08\/Air-India-Boeing-787-768x384.webp 768w, https:\/\/aviacionaldia.com\/wp-content\/uploads\/2026\/08\/Air-India-Boeing-787-380x190.webp 380w\" sizes=\"(max-width: 800px) 100vw, 800px\" \/>\t\t\t\t\t<\/a>\n\t\t\t\t\t\t\t<\/div>\n\t\t\t\t\t\t<h4 class=\"uagb-post__title uagb-post__text\">\n\t\t\t\t<a href=\"https:\/\/aviacionaldia.com\/en\/2026\/08\/air-india-seeks-1-5-billion-capital-injection-from-tata-sons-and-singapore-airlines-following-record-losses.html\" target=\"_self\" rel=\"bookmark noopener noreferrer\">Air India Seeks $1.5 Billion Capital Injection From Tata Sons and Singapore Airlines Following Record Losses<\/a>\n\t\t\t<\/h4>\n\t\t\t\t\t\t<div class='uagb-post__text uagb-post-grid-byline'>\n\t\t\t\t\t\t\t<\/div>\n\t\t\t\t\t\t<div class=\"uagb-post__text uagb-post__cta wp-block-button\">\n\t\t\t\t<a class=\"wp-block-button__link uagb-text-link\" style=\"\" href=\"https:\/\/aviacionaldia.com\/en\/2026\/08\/air-india-seeks-1-5-billion-capital-injection-from-tata-sons-and-singapore-airlines-following-record-losses.html\" target=\"_self\" rel=\"bookmark noopener noreferrer\">Read More<\/a>\n\t\t\t<\/div>\n\t\t\t\n\t\t\t\t\t\t\t\t\t<\/article>\n\t\t\t\t\t\t\t\t\t\t\t\t\t\t\t\t<article class=\"uagb-post__inner-wrap\">\t\t\t\t\t\t\t\t<div class='uagb-post__image'>\n\t\t\t\t\t\t\t\t\t<a href=\"https:\/\/aviacionaldia.com\/en\/2026\/08\/jin-air-to-absorb-air-busan-and-air-seoul-to-form-south-koreas-largest-low-cost-carrier-group.html\" target=\"_self\" rel=\"bookmark noopener noreferrer\" class='uagb-image-ratio-inherit'><img decoding=\"async\" width=\"800\" height=\"400\" src=\"https:\/\/aviacionaldia.com\/wp-content\/uploads\/2026\/08\/Jin-Air-Boeing-737.webp\" class=\"attachment-large size-large\" alt=\"\" srcset=\"https:\/\/aviacionaldia.com\/wp-content\/uploads\/2026\/08\/Jin-Air-Boeing-737.webp 800w, https:\/\/aviacionaldia.com\/wp-content\/uploads\/2026\/08\/Jin-Air-Boeing-737-300x150.webp 300w, https:\/\/aviacionaldia.com\/wp-content\/uploads\/2026\/08\/Jin-Air-Boeing-737-768x384.webp 768w, https:\/\/aviacionaldia.com\/wp-content\/uploads\/2026\/08\/Jin-Air-Boeing-737-380x190.webp 380w\" sizes=\"(max-width: 800px) 100vw, 800px\" \/>\t\t\t\t\t<\/a>\n\t\t\t\t\t\t\t<\/div>\n\t\t\t\t\t\t<h4 class=\"uagb-post__title uagb-post__text\">\n\t\t\t\t<a href=\"https:\/\/aviacionaldia.com\/en\/2026\/08\/jin-air-to-absorb-air-busan-and-air-seoul-to-form-south-koreas-largest-low-cost-carrier-group.html\" target=\"_self\" rel=\"bookmark noopener noreferrer\">Jin Air to Absorb Air Busan and Air Seoul to Form South Korea&#8217;s Largest Low-Cost Carrier Group<\/a>\n\t\t\t<\/h4>\n\t\t\t\t\t\t<div class='uagb-post__text uagb-post-grid-byline'>\n\t\t\t\t\t\t\t<\/div>\n\t\t\t\t\t\t<div class=\"uagb-post__text uagb-post__cta wp-block-button\">\n\t\t\t\t<a class=\"wp-block-button__link uagb-text-link\" style=\"\" href=\"https:\/\/aviacionaldia.com\/en\/2026\/08\/jin-air-to-absorb-air-busan-and-air-seoul-to-form-south-koreas-largest-low-cost-carrier-group.html\" target=\"_self\" rel=\"bookmark noopener noreferrer\">Read More<\/a>\n\t\t\t<\/div>\n\t\t\t\n\t\t\t\t\t\t\t\t\t<\/article>\n\t\t\t\t\t\t\t\t\t\t\t\t\t\t\t\t<article class=\"uagb-post__inner-wrap\">\t\t\t\t\t\t\t\t<div class='uagb-post__image'>\n\t\t\t\t\t\t\t\t\t<a href=\"https:\/\/aviacionaldia.com\/en\/2026\/08\/korean-air-expands-australian-footprint-with-direct-seoul-melbourne-service.html\" target=\"_self\" rel=\"bookmark noopener noreferrer\" class='uagb-image-ratio-inherit'><img decoding=\"async\" width=\"800\" height=\"400\" src=\"https:\/\/aviacionaldia.com\/wp-content\/uploads\/2026\/08\/Korean-Air-Boeing-787.webp\" class=\"attachment-large size-large\" alt=\"\" srcset=\"https:\/\/aviacionaldia.com\/wp-content\/uploads\/2026\/08\/Korean-Air-Boeing-787.webp 800w, https:\/\/aviacionaldia.com\/wp-content\/uploads\/2026\/08\/Korean-Air-Boeing-787-300x150.webp 300w, https:\/\/aviacionaldia.com\/wp-content\/uploads\/2026\/08\/Korean-Air-Boeing-787-768x384.webp 768w, https:\/\/aviacionaldia.com\/wp-content\/uploads\/2026\/08\/Korean-Air-Boeing-787-380x190.webp 380w\" sizes=\"(max-width: 800px) 100vw, 800px\" \/>\t\t\t\t\t<\/a>\n\t\t\t\t\t\t\t<\/div>\n\t\t\t\t\t\t<h4 class=\"uagb-post__title uagb-post__text\">\n\t\t\t\t<a href=\"https:\/\/aviacionaldia.com\/en\/2026\/08\/korean-air-expands-australian-footprint-with-direct-seoul-melbourne-service.html\" target=\"_self\" rel=\"bookmark noopener noreferrer\">Korean Air Expands Australian Footprint with Direct Seoul\u2013Melbourne Service<\/a>\n\t\t\t<\/h4>\n\t\t\t\t\t\t<div class='uagb-post__text uagb-post-grid-byline'>\n\t\t\t\t\t\t\t<\/div>\n\t\t\t\t\t\t<div class=\"uagb-post__text uagb-post__cta wp-block-button\">\n\t\t\t\t<a class=\"wp-block-button__link uagb-text-link\" style=\"\" href=\"https:\/\/aviacionaldia.com\/en\/2026\/08\/korean-air-expands-australian-footprint-with-direct-seoul-melbourne-service.html\" target=\"_self\" rel=\"bookmark noopener noreferrer\">Read More<\/a>\n\t\t\t<\/div>\n\t\t\t\n\t\t\t\t\t\t\t\t\t<\/article>\n\t\t\t\t\t\t\t\t\t\t\t<\/div>\n\t\t\t","protected":false},"excerpt":{"rendered":"Dutch airline KLM will keep operating long haul flights, including for vaccine distribution, after agreeing with the government&hellip;\n","protected":false},"author":4316,"featured_media":105415,"comment_status":"closed","ping_status":"closed","sticky":false,"template":"","format":"standard","meta":{"_uag_custom_page_level_css":"","footnotes":""},"categories":[1],"tags":[230,269],"class_list":{"0":"post-105426","1":"post","2":"type-post","3":"status-publish","4":"format-standard","5":"has-post-thumbnail","7":"category-airlines","8":"tag-airline","9":"tag-europe"},"uagb_featured_image_src":{"full":["https:\/\/aviacionaldia.com\/wp-content\/uploads\/2021\/01\/KLM-B787.jpg",800,400,false],"thumbnail":["https:\/\/aviacionaldia.com\/wp-content\/uploads\/2021\/01\/KLM-B787-150x150.jpg",150,150,true],"medium":["https:\/\/aviacionaldia.com\/wp-content\/uploads\/2021\/01\/KLM-B787-300x150.jpg",300,150,true],"medium_large":["https:\/\/aviacionaldia.com\/wp-content\/uploads\/2021\/01\/KLM-B787-768x384.jpg",768,384,true],"large":["https:\/\/aviacionaldia.com\/wp-content\/uploads\/2021\/01\/KLM-B787.jpg",800,400,false],"1536x1536":["https:\/\/aviacionaldia.com\/wp-content\/uploads\/2021\/01\/KLM-B787.jpg",800,400,false],"2048x2048":["https:\/\/aviacionaldia.com\/wp-content\/uploads\/2021\/01\/KLM-B787.jpg",800,400,false],"pk-small":["https:\/\/aviacionaldia.com\/wp-content\/uploads\/2021\/01\/KLM-B787.jpg",80,40,false],"pk-thumbnail":["https:\/\/aviacionaldia.com\/wp-content\/uploads\/2021\/01\/KLM-B787.jpg",300,150,false],"csco-small":["https:\/\/aviacionaldia.com\/wp-content\/uploads\/2021\/01\/KLM-B787-80x80.jpg",80,80,true],"csco-intermediate":["https:\/\/aviacionaldia.com\/wp-content\/uploads\/2021\/01\/KLM-B787-200x140.jpg",200,140,true],"csco-thumbnail":["https:\/\/aviacionaldia.com\/wp-content\/uploads\/2021\/01\/KLM-B787-380x220.jpg",380,220,true],"csco-thumbnail-alternative":["https:\/\/aviacionaldia.com\/wp-content\/uploads\/2021\/01\/KLM-B787-300x180.jpg",300,180,true],"csco-thumbnail-uncropped":["https:\/\/aviacionaldia.com\/wp-content\/uploads\/2021\/01\/KLM-B787-380x190.jpg",380,190,true],"csco-medium":["https:\/\/aviacionaldia.com\/wp-content\/uploads\/2021\/01\/KLM-B787.jpg",800,400,false],"csco-medium-alternative":["https:\/\/aviacionaldia.com\/wp-content\/uploads\/2021\/01\/KLM-B787-560x336.jpg",560,336,true],"csco-medium-uncropped":["https:\/\/aviacionaldia.com\/wp-content\/uploads\/2021\/01\/KLM-B787.jpg",800,400,false],"csco-large":["https:\/\/aviacionaldia.com\/wp-content\/uploads\/2021\/01\/KLM-B787.jpg",800,400,false],"csco-large-uncropped":["https:\/\/aviacionaldia.com\/wp-content\/uploads\/2021\/01\/KLM-B787.jpg",800,400,false],"csco-extra-large":["https:\/\/aviacionaldia.com\/wp-content\/uploads\/2021\/01\/KLM-B787.jpg",800,400,false]},"uagb_author_info":{"display_name":"Redacci\u00f3n - Aviaci\u00f3n al D\u00eda","author_link":"https:\/\/aviacionaldia.com\/en\/author\/aad"},"uagb_comment_info":0,"uagb_excerpt":"Dutch airline KLM will keep operating long haul flights, including for vaccine distribution, after agreeing with the government&hellip;","amp_enabled":true,"_links":{"self":[{"href":"https:\/\/aviacionaldia.com\/en\/wp-json\/wp\/v2\/posts\/105426","targetHints":{"allow":["GET"]}}],"collection":[{"href":"https:\/\/aviacionaldia.com\/en\/wp-json\/wp\/v2\/posts"}],"about":[{"href":"https:\/\/aviacionaldia.com\/en\/wp-json\/wp\/v2\/types\/post"}],"author":[{"embeddable":true,"href":"https:\/\/aviacionaldia.com\/en\/wp-json\/wp\/v2\/users\/4316"}],"replies":[{"embeddable":true,"href":"https:\/\/aviacionaldia.com\/en\/wp-json\/wp\/v2\/comments?post=105426"}],"version-history":[{"count":3,"href":"https:\/\/aviacionaldia.com\/en\/wp-json\/wp\/v2\/posts\/105426\/revisions"}],"predecessor-version":[{"id":105429,"href":"https:\/\/aviacionaldia.com\/en\/wp-json\/wp\/v2\/posts\/105426\/revisions\/105429"}],"wp:featuredmedia":[{"embeddable":true,"href":"https:\/\/aviacionaldia.com\/en\/wp-json\/wp\/v2\/media\/105415"}],"wp:attachment":[{"href":"https:\/\/aviacionaldia.com\/en\/wp-json\/wp\/v2\/media?parent=105426"}],"wp:term":[{"taxonomy":"category","embeddable":true,"href":"https:\/\/aviacionaldia.com\/en\/wp-json\/wp\/v2\/categories?post=105426"},{"taxonomy":"post_tag","embeddable":true,"href":"https:\/\/aviacionaldia.com\/en\/wp-json\/wp\/v2\/tags?post=105426"}],"curies":[{"name":"wp","href":"https:\/\/api.w.org\/{rel}","templated":true}]}}