{"id":105454,"date":"2021-01-25T14:58:33","date_gmt":"2021-01-25T14:58:33","guid":{"rendered":"https:\/?p=105454"},"modified":"2021-01-25T14:59:32","modified_gmt":"2021-01-25T14:59:32","slug":"iberia-express-launches-new-classic-plus-fare","status":"publish","type":"post","link":"https:\/\/aviacionaldia.com\/en\/2021\/01\/iberia-express-launches-new-classic-plus-fare.html","title":{"rendered":"Iberia Express launches new &#8220;Classic plus&#8221; fare."},"content":{"rendered":"\n<p><strong>Iberia Express <\/strong>has launched a new economy fare to adapt to new customer priorities, especially in a context marked by the Covid-19 pandemic, offering the possibility of obtaining a refund in the form of a voucher for 80% of the purchase amount or a free first change of date, time or destination of the flight.<\/p>\n\n\n\n<p><strong><em>See also: <\/em><\/strong><a href=\"https:\/en\/2021\/01\/qatar-airways-and-iberia-extend-their-codeshare-agreement.html\"><em>Qatar Airways and Iberia extend their codeshare agreement.<\/em><\/a><\/p>\n\n\n\n<p>In addition, the &#8216;Classic Plus&#8217; fare allows free seat selection from the moment of purchase, including XL seats, and includes the check-in of one piece of luggage up to 23 kilograms, EuropaPress reported.<\/p>\n\n\n\n<p>Therefore, all passengers who purchase a ticket to any of the destinations offered by the airline on the Iberia Express website will be able to choose the economy class fare that best suits their preferences. Thus, the &#8216;Express&#8217;, &#8216;Classic&#8217; and &#8216;Flex&#8217; are now joined by the &#8216;Classic Plus&#8217;.<\/p>\n\n\n\n<h2 class=\"wp-block-heading\">Related Topics<\/h2>\n\n\n\n\t\t\t<div class=\"wp-block-uagb-post-grid uagb-post-grid  uagb-post__image-position-top uagb-post__image-enabled uagb-block-57c5abb0     uagb-post__items uagb-post__columns-2 is-grid uagb-post__columns-tablet-2 uagb-post__columns-mobile-1 uagb-post__equal-height\" data-total=\"498\" style=\"\">\n\n\t\t\t\t\t\t\t\t\t\t\t\t<article class=\"uagb-post__inner-wrap\">\t\t\t\t\t\t\t\t<div class='uagb-post__image'>\n\t\t\t\t\t\t\t\t\t<a href=\"https:\/\/aviacionaldia.com\/en\/2026\/09\/united-automates-disruption-management-new-mobile-feature-allows-passengers-to-join-standby-lists-for-earlier-flights.html\" target=\"_self\" rel=\"bookmark noopener noreferrer\" class='uagb-image-ratio-inherit'><img decoding=\"async\" width=\"800\" height=\"400\" src=\"https:\/\/aviacionaldia.com\/wp-content\/uploads\/2026\/09\/United-Airlines-APP.webp\" class=\"attachment-large size-large\" alt=\"\" srcset=\"https:\/\/aviacionaldia.com\/wp-content\/uploads\/2026\/09\/United-Airlines-APP.webp 800w, https:\/\/aviacionaldia.com\/wp-content\/uploads\/2026\/09\/United-Airlines-APP-300x150.webp 300w, https:\/\/aviacionaldia.com\/wp-content\/uploads\/2026\/09\/United-Airlines-APP-768x384.webp 768w, https:\/\/aviacionaldia.com\/wp-content\/uploads\/2026\/09\/United-Airlines-APP-380x190.webp 380w\" sizes=\"(max-width: 800px) 100vw, 800px\" \/>\t\t\t\t\t<\/a>\n\t\t\t\t\t\t\t<\/div>\n\t\t\t\t\t\t<h4 class=\"uagb-post__title uagb-post__text\">\n\t\t\t\t<a href=\"https:\/\/aviacionaldia.com\/en\/2026\/09\/united-automates-disruption-management-new-mobile-feature-allows-passengers-to-join-standby-lists-for-earlier-flights.html\" target=\"_self\" rel=\"bookmark noopener noreferrer\">United Automates Disruption Management: New Mobile Feature Allows Passengers to Join Standby Lists for Earlier Flights<\/a>\n\t\t\t<\/h4>\n\t\t\t\t\t\t<div class='uagb-post__text uagb-post-grid-byline'>\n\t\t\t\t\t\t\t<\/div>\n\t\t\t\t\t\t<div class=\"uagb-post__text uagb-post__cta wp-block-button\">\n\t\t\t\t<a class=\"wp-block-button__link uagb-text-link\" style=\"\" href=\"https:\/\/aviacionaldia.com\/en\/2026\/09\/united-automates-disruption-management-new-mobile-feature-allows-passengers-to-join-standby-lists-for-earlier-flights.html\" target=\"_self\" rel=\"bookmark noopener noreferrer\">Read More<\/a>\n\t\t\t<\/div>\n\t\t\t\n\t\t\t\t\t\t\t\t\t<\/article>\n\t\t\t\t\t\t\t\t\t\t\t\t\t\t\t\t<article class=\"uagb-post__inner-wrap\">\t\t\t\t\t\t\t\t<div class='uagb-post__image'>\n\t\t\t\t\t\t\t\t\t<a href=\"https:\/\/aviacionaldia.com\/en\/2026\/09\/jetblue-revolutions-domestic-premium-segment-with-launch-of-bluefirst.html\" target=\"_self\" rel=\"bookmark noopener noreferrer\" class='uagb-image-ratio-inherit'><img decoding=\"async\" width=\"800\" height=\"400\" src=\"https:\/\/aviacionaldia.com\/wp-content\/uploads\/2026\/09\/Jetblue-BlueFirst.webp\" class=\"attachment-large size-large\" alt=\"\" srcset=\"https:\/\/aviacionaldia.com\/wp-content\/uploads\/2026\/09\/Jetblue-BlueFirst.webp 800w, https:\/\/aviacionaldia.com\/wp-content\/uploads\/2026\/09\/Jetblue-BlueFirst-300x150.webp 300w, https:\/\/aviacionaldia.com\/wp-content\/uploads\/2026\/09\/Jetblue-BlueFirst-768x384.webp 768w, https:\/\/aviacionaldia.com\/wp-content\/uploads\/2026\/09\/Jetblue-BlueFirst-380x190.webp 380w\" sizes=\"(max-width: 800px) 100vw, 800px\" \/>\t\t\t\t\t<\/a>\n\t\t\t\t\t\t\t<\/div>\n\t\t\t\t\t\t<h4 class=\"uagb-post__title uagb-post__text\">\n\t\t\t\t<a href=\"https:\/\/aviacionaldia.com\/en\/2026\/09\/jetblue-revolutions-domestic-premium-segment-with-launch-of-bluefirst.html\" target=\"_self\" rel=\"bookmark noopener noreferrer\">JetBlue Revolutions domestic premium segment with launch of BlueFirst\u2122<\/a>\n\t\t\t<\/h4>\n\t\t\t\t\t\t<div class='uagb-post__text uagb-post-grid-byline'>\n\t\t\t\t\t\t\t<\/div>\n\t\t\t\t\t\t<div class=\"uagb-post__text uagb-post__cta wp-block-button\">\n\t\t\t\t<a class=\"wp-block-button__link uagb-text-link\" style=\"\" href=\"https:\/\/aviacionaldia.com\/en\/2026\/09\/jetblue-revolutions-domestic-premium-segment-with-launch-of-bluefirst.html\" target=\"_self\" rel=\"bookmark noopener noreferrer\">Read More<\/a>\n\t\t\t<\/div>\n\t\t\t\n\t\t\t\t\t\t\t\t\t<\/article>\n\t\t\t\t\t\t\t\t\t\t\t\t\t\t\t\t<article class=\"uagb-post__inner-wrap\">\t\t\t\t\t\t\t\t<div class='uagb-post__image'>\n\t\t\t\t\t\t\t\t\t<a href=\"https:\/\/aviacionaldia.com\/en\/2026\/08\/american-airlines-to-resume-direct-flights-between-miami-and-caracas-starting-in-september.html\" target=\"_self\" rel=\"bookmark noopener noreferrer\" class='uagb-image-ratio-inherit'><img decoding=\"async\" width=\"800\" height=\"400\" src=\"https:\/\/aviacionaldia.com\/wp-content\/uploads\/2021\/05\/American-Eagle-E175.jpg\" class=\"attachment-large size-large\" alt=\"\" srcset=\"https:\/\/aviacionaldia.com\/wp-content\/uploads\/2021\/05\/American-Eagle-E175.jpg 800w, https:\/\/aviacionaldia.com\/wp-content\/uploads\/2021\/05\/American-Eagle-E175-300x150.jpg 300w, https:\/\/aviacionaldia.com\/wp-content\/uploads\/2021\/05\/American-Eagle-E175-768x384.jpg 768w, https:\/\/aviacionaldia.com\/wp-content\/uploads\/2021\/05\/American-Eagle-E175-380x190.jpg 380w\" sizes=\"(max-width: 800px) 100vw, 800px\" \/>\t\t\t\t\t<\/a>\n\t\t\t\t\t\t\t<\/div>\n\t\t\t\t\t\t<h4 class=\"uagb-post__title uagb-post__text\">\n\t\t\t\t<a href=\"https:\/\/aviacionaldia.com\/en\/2026\/08\/american-airlines-to-resume-direct-flights-between-miami-and-caracas-starting-in-september.html\" target=\"_self\" rel=\"bookmark noopener noreferrer\">American Airlines to Resume Direct Flights Between Miami and Caracas Starting in September<\/a>\n\t\t\t<\/h4>\n\t\t\t\t\t\t<div class='uagb-post__text uagb-post-grid-byline'>\n\t\t\t\t\t\t\t<\/div>\n\t\t\t\t\t\t<div class=\"uagb-post__text uagb-post__cta wp-block-button\">\n\t\t\t\t<a class=\"wp-block-button__link uagb-text-link\" style=\"\" href=\"https:\/\/aviacionaldia.com\/en\/2026\/08\/american-airlines-to-resume-direct-flights-between-miami-and-caracas-starting-in-september.html\" target=\"_self\" rel=\"bookmark noopener noreferrer\">Read More<\/a>\n\t\t\t<\/div>\n\t\t\t\n\t\t\t\t\t\t\t\t\t<\/article>\n\t\t\t\t\t\t\t\t\t\t\t\t\t\t\t\t<article class=\"uagb-post__inner-wrap\">\t\t\t\t\t\t\t\t<div class='uagb-post__image'>\n\t\t\t\t\t\t\t\t\t<a href=\"https:\/\/aviacionaldia.com\/en\/2026\/08\/investigation-reveals-two-controllers-left-posts-prior-to-air-canada-aircraft-and-fire-truck-collision-at-laguardia.html\" target=\"_self\" rel=\"bookmark noopener noreferrer\" class='uagb-image-ratio-inherit'><img decoding=\"async\" width=\"800\" height=\"400\" src=\"https:\/\/aviacionaldia.com\/wp-content\/uploads\/2026\/03\/Accidente-de-avion-de-Air-Canada-Express-en-LaGuardia.webp\" class=\"attachment-large size-large\" alt=\"\" srcset=\"https:\/\/aviacionaldia.com\/wp-content\/uploads\/2026\/03\/Accidente-de-avion-de-Air-Canada-Express-en-LaGuardia.webp 800w, https:\/\/aviacionaldia.com\/wp-content\/uploads\/2026\/03\/Accidente-de-avion-de-Air-Canada-Express-en-LaGuardia-300x150.webp 300w, https:\/\/aviacionaldia.com\/wp-content\/uploads\/2026\/03\/Accidente-de-avion-de-Air-Canada-Express-en-LaGuardia-768x384.webp 768w, https:\/\/aviacionaldia.com\/wp-content\/uploads\/2026\/03\/Accidente-de-avion-de-Air-Canada-Express-en-LaGuardia-380x190.webp 380w\" sizes=\"(max-width: 800px) 100vw, 800px\" \/>\t\t\t\t\t<\/a>\n\t\t\t\t\t\t\t<\/div>\n\t\t\t\t\t\t<h4 class=\"uagb-post__title uagb-post__text\">\n\t\t\t\t<a href=\"https:\/\/aviacionaldia.com\/en\/2026\/08\/investigation-reveals-two-controllers-left-posts-prior-to-air-canada-aircraft-and-fire-truck-collision-at-laguardia.html\" target=\"_self\" rel=\"bookmark noopener noreferrer\">Investigation Reveals Two Controllers Left Posts Prior to Air Canada Aircraft and Fire Truck Collision at LaGuardia<\/a>\n\t\t\t<\/h4>\n\t\t\t\t\t\t<div class='uagb-post__text uagb-post-grid-byline'>\n\t\t\t\t\t\t\t<\/div>\n\t\t\t\t\t\t<div class=\"uagb-post__text uagb-post__cta wp-block-button\">\n\t\t\t\t<a class=\"wp-block-button__link uagb-text-link\" style=\"\" href=\"https:\/\/aviacionaldia.com\/en\/2026\/08\/investigation-reveals-two-controllers-left-posts-prior-to-air-canada-aircraft-and-fire-truck-collision-at-laguardia.html\" target=\"_self\" rel=\"bookmark noopener noreferrer\">Read More<\/a>\n\t\t\t<\/div>\n\t\t\t\n\t\t\t\t\t\t\t\t\t<\/article>\n\t\t\t\t\t\t\t\t\t\t\t<\/div>\n\t\t\t","protected":false},"excerpt":{"rendered":"Iberia Express has launched a new economy fare to adapt to new customer priorities, especially in a context&hellip;\n","protected":false},"author":4316,"featured_media":105448,"comment_status":"closed","ping_status":"closed","sticky":false,"template":"","format":"standard","meta":{"_uag_custom_page_level_css":"","footnotes":""},"categories":[1],"tags":[230,269,268],"class_list":{"0":"post-105454","1":"post","2":"type-post","3":"status-publish","4":"format-standard","5":"has-post-thumbnail","7":"category-airlines","8":"tag-airline","9":"tag-europe","10":"tag-iberia"},"uagb_featured_image_src":{"full":["https:\/\/aviacionaldia.com\/wp-content\/uploads\/2021\/01\/Iberia-Express-A320.jpg",800,400,false],"thumbnail":["https:\/\/aviacionaldia.com\/wp-content\/uploads\/2021\/01\/Iberia-Express-A320-150x150.jpg",150,150,true],"medium":["https:\/\/aviacionaldia.com\/wp-content\/uploads\/2021\/01\/Iberia-Express-A320-300x150.jpg",300,150,true],"medium_large":["https:\/\/aviacionaldia.com\/wp-content\/uploads\/2021\/01\/Iberia-Express-A320-768x384.jpg",768,384,true],"large":["https:\/\/aviacionaldia.com\/wp-content\/uploads\/2021\/01\/Iberia-Express-A320.jpg",800,400,false],"1536x1536":["https:\/\/aviacionaldia.com\/wp-content\/uploads\/2021\/01\/Iberia-Express-A320.jpg",800,400,false],"2048x2048":["https:\/\/aviacionaldia.com\/wp-content\/uploads\/2021\/01\/Iberia-Express-A320.jpg",800,400,false],"pk-small":["https:\/\/aviacionaldia.com\/wp-content\/uploads\/2021\/01\/Iberia-Express-A320.jpg",80,40,false],"pk-thumbnail":["https:\/\/aviacionaldia.com\/wp-content\/uploads\/2021\/01\/Iberia-Express-A320.jpg",300,150,false],"csco-small":["https:\/\/aviacionaldia.com\/wp-content\/uploads\/2021\/01\/Iberia-Express-A320-80x80.jpg",80,80,true],"csco-intermediate":["https:\/\/aviacionaldia.com\/wp-content\/uploads\/2021\/01\/Iberia-Express-A320-200x140.jpg",200,140,true],"csco-thumbnail":["https:\/\/aviacionaldia.com\/wp-content\/uploads\/2021\/01\/Iberia-Express-A320-380x220.jpg",380,220,true],"csco-thumbnail-alternative":["https:\/\/aviacionaldia.com\/wp-content\/uploads\/2021\/01\/Iberia-Express-A320-300x180.jpg",300,180,true],"csco-thumbnail-uncropped":["https:\/\/aviacionaldia.com\/wp-content\/uploads\/2021\/01\/Iberia-Express-A320-380x190.jpg",380,190,true],"csco-medium":["https:\/\/aviacionaldia.com\/wp-content\/uploads\/2021\/01\/Iberia-Express-A320.jpg",800,400,false],"csco-medium-alternative":["https:\/\/aviacionaldia.com\/wp-content\/uploads\/2021\/01\/Iberia-Express-A320-560x336.jpg",560,336,true],"csco-medium-uncropped":["https:\/\/aviacionaldia.com\/wp-content\/uploads\/2021\/01\/Iberia-Express-A320.jpg",800,400,false],"csco-large":["https:\/\/aviacionaldia.com\/wp-content\/uploads\/2021\/01\/Iberia-Express-A320.jpg",800,400,false],"csco-large-uncropped":["https:\/\/aviacionaldia.com\/wp-content\/uploads\/2021\/01\/Iberia-Express-A320.jpg",800,400,false],"csco-extra-large":["https:\/\/aviacionaldia.com\/wp-content\/uploads\/2021\/01\/Iberia-Express-A320.jpg",800,400,false]},"uagb_author_info":{"display_name":"Redacci\u00f3n - Aviaci\u00f3n al D\u00eda","author_link":"https:\/\/aviacionaldia.com\/en\/author\/aad"},"uagb_comment_info":0,"uagb_excerpt":"Iberia Express has launched a new economy fare to adapt to new customer priorities, especially in a context&hellip;","amp_enabled":true,"_links":{"self":[{"href":"https:\/\/aviacionaldia.com\/en\/wp-json\/wp\/v2\/posts\/105454","targetHints":{"allow":["GET"]}}],"collection":[{"href":"https:\/\/aviacionaldia.com\/en\/wp-json\/wp\/v2\/posts"}],"about":[{"href":"https:\/\/aviacionaldia.com\/en\/wp-json\/wp\/v2\/types\/post"}],"author":[{"embeddable":true,"href":"https:\/\/aviacionaldia.com\/en\/wp-json\/wp\/v2\/users\/4316"}],"replies":[{"embeddable":true,"href":"https:\/\/aviacionaldia.com\/en\/wp-json\/wp\/v2\/comments?post=105454"}],"version-history":[{"count":1,"href":"https:\/\/aviacionaldia.com\/en\/wp-json\/wp\/v2\/posts\/105454\/revisions"}],"predecessor-version":[{"id":105455,"href":"https:\/\/aviacionaldia.com\/en\/wp-json\/wp\/v2\/posts\/105454\/revisions\/105455"}],"wp:featuredmedia":[{"embeddable":true,"href":"https:\/\/aviacionaldia.com\/en\/wp-json\/wp\/v2\/media\/105448"}],"wp:attachment":[{"href":"https:\/\/aviacionaldia.com\/en\/wp-json\/wp\/v2\/media?parent=105454"}],"wp:term":[{"taxonomy":"category","embeddable":true,"href":"https:\/\/aviacionaldia.com\/en\/wp-json\/wp\/v2\/categories?post=105454"},{"taxonomy":"post_tag","embeddable":true,"href":"https:\/\/aviacionaldia.com\/en\/wp-json\/wp\/v2\/tags?post=105454"}],"curies":[{"name":"wp","href":"https:\/\/api.w.org\/{rel}","templated":true}]}}