{"id":106259,"date":"2021-02-17T22:08:29","date_gmt":"2021-02-17T22:08:29","guid":{"rendered":"https:\/?p=106259"},"modified":"2021-02-17T22:09:08","modified_gmt":"2021-02-17T22:09:08","slug":"aerolineas-estelar-signs-cooperation-agreement-with-global-crossing-airlines","status":"publish","type":"post","link":"https:\/\/aviacionaldia.com\/en\/2021\/02\/aerolineas-estelar-signs-cooperation-agreement-with-global-crossing-airlines.html","title":{"rendered":"Aerolineas Estelar signs cooperation agreement with Global Crossing Airlines."},"content":{"rendered":"\n<p>Venezuela&#8217;s <strong>Aerolineas Estelar<\/strong> has signed a cooperation agreement with <strong>Global Crossing Airlines Group (GlobalX)<\/strong>.<\/p>\n\n\n\n<p>Under the terms of the agreement, the two airlines will work closely to reestablish daily nonstop service from Miami to Caracas and three weekly flights to Maracaibo, which will be operated with GlobalX&#8217;s Airbus A320 aircraft, once the ban on flights between the two countries is lifted, Bloomberg reported.<\/p>\n\n\n\n<p><strong><em>See also: <\/em><\/strong><a href=\"https:\/en\/2021\/02\/uniteds-return-to-new-york-jfk-is-delayed-a-second-time.html\"><em>United\u2019s return to New York JFK is delayed a second time.<\/em><\/a><\/p>\n\n\n\n<p>Currently, direct air service between the U.S. and Venezuela is prohibited by orders of the U.S. government and the Department of Transportation. GlobalX anticipates that these restrictions will be lifted in the coming months.<\/p>\n\n\n\n<p>&#8220;We look forward to working with the owners and management of Estelar Airlines, in accordance with all regulatory and governmental regulations, to assist them in restoring their service to Miami,&#8221; said Ed Wegel, president and CEO of GlobalX.<\/p>\n\n\n\n<h2 class=\"wp-block-heading\">Related Topics<\/h2>\n\n\n\n\t\t\t<div class=\"wp-block-uagb-post-grid uagb-post-grid  uagb-post__image-position-top uagb-post__image-enabled uagb-block-9054867f     uagb-post__items uagb-post__columns-2 is-grid uagb-post__columns-tablet-2 uagb-post__columns-mobile-1 uagb-post__equal-height\" data-total=\"552\" style=\"\">\n\n\t\t\t\t\t\t\t\t\t\t\t\t<article class=\"uagb-post__inner-wrap\">\t\t\t\t\t\t\t\t<div class='uagb-post__image'>\n\t\t\t\t\t\t\t\t\t<a href=\"https:\/\/aviacionaldia.com\/en\/2026\/09\/latam-airlines-brazil-prepares-curitiba-brasilia-and-guarulhos-bases-for-embraer-e195-e2-fleet-maintenance.html\" target=\"_self\" rel=\"bookmark noopener noreferrer\" class='uagb-image-ratio-inherit'><img decoding=\"async\" width=\"800\" height=\"400\" src=\"https:\/\/aviacionaldia.com\/wp-content\/uploads\/2026\/06\/Latam-Airlines-Embraer-E195-E2.webp\" class=\"attachment-large size-large\" alt=\"\" srcset=\"https:\/\/aviacionaldia.com\/wp-content\/uploads\/2026\/06\/Latam-Airlines-Embraer-E195-E2.webp 800w, https:\/\/aviacionaldia.com\/wp-content\/uploads\/2026\/06\/Latam-Airlines-Embraer-E195-E2-300x150.webp 300w, https:\/\/aviacionaldia.com\/wp-content\/uploads\/2026\/06\/Latam-Airlines-Embraer-E195-E2-768x384.webp 768w, https:\/\/aviacionaldia.com\/wp-content\/uploads\/2026\/06\/Latam-Airlines-Embraer-E195-E2-380x190.webp 380w\" sizes=\"(max-width: 800px) 100vw, 800px\" \/>\t\t\t\t\t<\/a>\n\t\t\t\t\t\t\t<\/div>\n\t\t\t\t\t\t<h4 class=\"uagb-post__title uagb-post__text\">\n\t\t\t\t<a href=\"https:\/\/aviacionaldia.com\/en\/2026\/09\/latam-airlines-brazil-prepares-curitiba-brasilia-and-guarulhos-bases-for-embraer-e195-e2-fleet-maintenance.html\" target=\"_self\" rel=\"bookmark noopener noreferrer\">LATAM Airlines Brazil Prepares Curitiba, Brasilia, and Guarulhos Bases for Embraer E195-E2 Fleet Maintenance<\/a>\n\t\t\t<\/h4>\n\t\t\t\t\t\t<div class='uagb-post__text uagb-post-grid-byline'>\n\t\t\t\t\t\t\t<\/div>\n\t\t\t\t\t\t<div class=\"uagb-post__text uagb-post__cta wp-block-button\">\n\t\t\t\t<a class=\"wp-block-button__link uagb-text-link\" style=\"\" href=\"https:\/\/aviacionaldia.com\/en\/2026\/09\/latam-airlines-brazil-prepares-curitiba-brasilia-and-guarulhos-bases-for-embraer-e195-e2-fleet-maintenance.html\" target=\"_self\" rel=\"bookmark noopener noreferrer\">Read More<\/a>\n\t\t\t<\/div>\n\t\t\t\n\t\t\t\t\t\t\t\t\t<\/article>\n\t\t\t\t\t\t\t\t\t\t\t\t\t\t\t\t<article class=\"uagb-post__inner-wrap\">\t\t\t\t\t\t\t\t<div class='uagb-post__image'>\n\t\t\t\t\t\t\t\t\t<a href=\"https:\/\/aviacionaldia.com\/en\/2026\/09\/embraer-delivers-2000th-e-jet-solidifying-the-program-as-one-of-commercial-aviations-most-successful.html\" target=\"_self\" rel=\"bookmark noopener noreferrer\" class='uagb-image-ratio-inherit'><img decoding=\"async\" width=\"800\" height=\"400\" src=\"https:\/\/aviacionaldia.com\/wp-content\/uploads\/2026\/09\/Embraer-entrega-el-E2-numero-2000.webp\" class=\"attachment-large size-large\" alt=\"\" srcset=\"https:\/\/aviacionaldia.com\/wp-content\/uploads\/2026\/09\/Embraer-entrega-el-E2-numero-2000.webp 800w, https:\/\/aviacionaldia.com\/wp-content\/uploads\/2026\/09\/Embraer-entrega-el-E2-numero-2000-300x150.webp 300w, https:\/\/aviacionaldia.com\/wp-content\/uploads\/2026\/09\/Embraer-entrega-el-E2-numero-2000-768x384.webp 768w, https:\/\/aviacionaldia.com\/wp-content\/uploads\/2026\/09\/Embraer-entrega-el-E2-numero-2000-380x190.webp 380w\" sizes=\"(max-width: 800px) 100vw, 800px\" \/>\t\t\t\t\t<\/a>\n\t\t\t\t\t\t\t<\/div>\n\t\t\t\t\t\t<h4 class=\"uagb-post__title uagb-post__text\">\n\t\t\t\t<a href=\"https:\/\/aviacionaldia.com\/en\/2026\/09\/embraer-delivers-2000th-e-jet-solidifying-the-program-as-one-of-commercial-aviations-most-successful.html\" target=\"_self\" rel=\"bookmark noopener noreferrer\">Embraer Delivers 2,000th E-Jet, Solidifying the Program as One of Commercial Aviation&#8217;s Most Successful<\/a>\n\t\t\t<\/h4>\n\t\t\t\t\t\t<div class='uagb-post__text uagb-post-grid-byline'>\n\t\t\t\t\t\t\t<\/div>\n\t\t\t\t\t\t<div class=\"uagb-post__text uagb-post__cta wp-block-button\">\n\t\t\t\t<a class=\"wp-block-button__link uagb-text-link\" style=\"\" href=\"https:\/\/aviacionaldia.com\/en\/2026\/09\/embraer-delivers-2000th-e-jet-solidifying-the-program-as-one-of-commercial-aviations-most-successful.html\" target=\"_self\" rel=\"bookmark noopener noreferrer\">Read More<\/a>\n\t\t\t<\/div>\n\t\t\t\n\t\t\t\t\t\t\t\t\t<\/article>\n\t\t\t\t\t\t\t\t\t\t\t\t\t\t\t\t<article class=\"uagb-post__inner-wrap\">\t\t\t\t\t\t\t\t<div class='uagb-post__image'>\n\t\t\t\t\t\t\t\t\t<a href=\"https:\/\/aviacionaldia.com\/en\/2026\/09\/american-airlines-unveils-first-reconfigured-boeing-777-300er-featuring-new-flagship-suite.html\" target=\"_self\" rel=\"bookmark noopener noreferrer\" class='uagb-image-ratio-inherit'><img decoding=\"async\" width=\"800\" height=\"400\" src=\"https:\/\/aviacionaldia.com\/wp-content\/uploads\/2026\/09\/American-Airlines-Flagship-Suite.webp\" class=\"attachment-large size-large\" alt=\"\" srcset=\"https:\/\/aviacionaldia.com\/wp-content\/uploads\/2026\/09\/American-Airlines-Flagship-Suite.webp 800w, https:\/\/aviacionaldia.com\/wp-content\/uploads\/2026\/09\/American-Airlines-Flagship-Suite-300x150.webp 300w, https:\/\/aviacionaldia.com\/wp-content\/uploads\/2026\/09\/American-Airlines-Flagship-Suite-768x384.webp 768w, https:\/\/aviacionaldia.com\/wp-content\/uploads\/2026\/09\/American-Airlines-Flagship-Suite-380x190.webp 380w\" sizes=\"(max-width: 800px) 100vw, 800px\" \/>\t\t\t\t\t<\/a>\n\t\t\t\t\t\t\t<\/div>\n\t\t\t\t\t\t<h4 class=\"uagb-post__title uagb-post__text\">\n\t\t\t\t<a href=\"https:\/\/aviacionaldia.com\/en\/2026\/09\/american-airlines-unveils-first-reconfigured-boeing-777-300er-featuring-new-flagship-suite.html\" target=\"_self\" rel=\"bookmark noopener noreferrer\">American Airlines Unveils First Reconfigured Boeing 777-300ER Featuring New Flagship Suite<\/a>\n\t\t\t<\/h4>\n\t\t\t\t\t\t<div class='uagb-post__text uagb-post-grid-byline'>\n\t\t\t\t\t\t\t<\/div>\n\t\t\t\t\t\t<div class=\"uagb-post__text uagb-post__cta wp-block-button\">\n\t\t\t\t<a class=\"wp-block-button__link uagb-text-link\" style=\"\" href=\"https:\/\/aviacionaldia.com\/en\/2026\/09\/american-airlines-unveils-first-reconfigured-boeing-777-300er-featuring-new-flagship-suite.html\" target=\"_self\" rel=\"bookmark noopener noreferrer\">Read More<\/a>\n\t\t\t<\/div>\n\t\t\t\n\t\t\t\t\t\t\t\t\t<\/article>\n\t\t\t\t\t\t\t\t\t\t\t\t\t\t\t\t<article class=\"uagb-post__inner-wrap\">\t\t\t\t\t\t\t\t<div class='uagb-post__image'>\n\t\t\t\t\t\t\t\t\t<a href=\"https:\/\/aviacionaldia.com\/en\/2026\/09\/sas-completes-fleet-wide-starlink-installation-on-airbus-a320neo-in-record-time.html\" target=\"_self\" rel=\"bookmark noopener noreferrer\" class='uagb-image-ratio-inherit'><img decoding=\"async\" width=\"800\" height=\"400\" src=\"https:\/\/aviacionaldia.com\/wp-content\/uploads\/2025\/05\/SAS-Airbus-a320.webp\" class=\"attachment-large size-large\" alt=\"\" srcset=\"https:\/\/aviacionaldia.com\/wp-content\/uploads\/2025\/05\/SAS-Airbus-a320.webp 800w, https:\/\/aviacionaldia.com\/wp-content\/uploads\/2025\/05\/SAS-Airbus-a320-300x150.webp 300w, https:\/\/aviacionaldia.com\/wp-content\/uploads\/2025\/05\/SAS-Airbus-a320-768x384.webp 768w, https:\/\/aviacionaldia.com\/wp-content\/uploads\/2025\/05\/SAS-Airbus-a320-380x190.webp 380w\" sizes=\"(max-width: 800px) 100vw, 800px\" \/>\t\t\t\t\t<\/a>\n\t\t\t\t\t\t\t<\/div>\n\t\t\t\t\t\t<h4 class=\"uagb-post__title uagb-post__text\">\n\t\t\t\t<a href=\"https:\/\/aviacionaldia.com\/en\/2026\/09\/sas-completes-fleet-wide-starlink-installation-on-airbus-a320neo-in-record-time.html\" target=\"_self\" rel=\"bookmark noopener noreferrer\">SAS Completes Fleet-Wide Starlink Installation on Airbus A320neo in Record Time<\/a>\n\t\t\t<\/h4>\n\t\t\t\t\t\t<div class='uagb-post__text uagb-post-grid-byline'>\n\t\t\t\t\t\t\t<\/div>\n\t\t\t\t\t\t<div class=\"uagb-post__text uagb-post__cta wp-block-button\">\n\t\t\t\t<a class=\"wp-block-button__link uagb-text-link\" style=\"\" href=\"https:\/\/aviacionaldia.com\/en\/2026\/09\/sas-completes-fleet-wide-starlink-installation-on-airbus-a320neo-in-record-time.html\" target=\"_self\" rel=\"bookmark noopener noreferrer\">Read More<\/a>\n\t\t\t<\/div>\n\t\t\t\n\t\t\t\t\t\t\t\t\t<\/article>\n\t\t\t\t\t\t\t\t\t\t\t<\/div>\n\t\t\t","protected":false},"excerpt":{"rendered":"Venezuela&#8217;s Aerolineas Estelar has signed a cooperation agreement with Global Crossing Airlines Group (GlobalX). Under the terms of&hellip;\n","protected":false},"author":4316,"featured_media":102942,"comment_status":"closed","ping_status":"closed","sticky":false,"template":"","format":"standard","meta":{"_uag_custom_page_level_css":"","footnotes":""},"categories":[1],"tags":[230,211],"class_list":{"0":"post-106259","1":"post","2":"type-post","3":"status-publish","4":"format-standard","5":"has-post-thumbnail","7":"category-airlines","8":"tag-airline","9":"tag-latin-america"},"uagb_featured_image_src":{"full":["https:\/\/aviacionaldia.com\/wp-content\/uploads\/2020\/11\/Estelar-737-300.jpg",800,400,false],"thumbnail":["https:\/\/aviacionaldia.com\/wp-content\/uploads\/2020\/11\/Estelar-737-300-150x150.jpg",150,150,true],"medium":["https:\/\/aviacionaldia.com\/wp-content\/uploads\/2020\/11\/Estelar-737-300-300x150.jpg",300,150,true],"medium_large":["https:\/\/aviacionaldia.com\/wp-content\/uploads\/2020\/11\/Estelar-737-300-768x384.jpg",768,384,true],"large":["https:\/\/aviacionaldia.com\/wp-content\/uploads\/2020\/11\/Estelar-737-300.jpg",800,400,false],"1536x1536":["https:\/\/aviacionaldia.com\/wp-content\/uploads\/2020\/11\/Estelar-737-300.jpg",800,400,false],"2048x2048":["https:\/\/aviacionaldia.com\/wp-content\/uploads\/2020\/11\/Estelar-737-300.jpg",800,400,false],"pk-small":["https:\/\/aviacionaldia.com\/wp-content\/uploads\/2020\/11\/Estelar-737-300.jpg",80,40,false],"pk-thumbnail":["https:\/\/aviacionaldia.com\/wp-content\/uploads\/2020\/11\/Estelar-737-300.jpg",300,150,false],"csco-small":["https:\/\/aviacionaldia.com\/wp-content\/uploads\/2020\/11\/Estelar-737-300-80x80.jpg",80,80,true],"csco-intermediate":["https:\/\/aviacionaldia.com\/wp-content\/uploads\/2020\/11\/Estelar-737-300-200x140.jpg",200,140,true],"csco-thumbnail":["https:\/\/aviacionaldia.com\/wp-content\/uploads\/2020\/11\/Estelar-737-300-380x220.jpg",380,220,true],"csco-thumbnail-alternative":["https:\/\/aviacionaldia.com\/wp-content\/uploads\/2020\/11\/Estelar-737-300-300x180.jpg",300,180,true],"csco-thumbnail-uncropped":["https:\/\/aviacionaldia.com\/wp-content\/uploads\/2020\/11\/Estelar-737-300-380x190.jpg",380,190,true],"csco-medium":["https:\/\/aviacionaldia.com\/wp-content\/uploads\/2020\/11\/Estelar-737-300.jpg",800,400,false],"csco-medium-alternative":["https:\/\/aviacionaldia.com\/wp-content\/uploads\/2020\/11\/Estelar-737-300-560x336.jpg",560,336,true],"csco-medium-uncropped":["https:\/\/aviacionaldia.com\/wp-content\/uploads\/2020\/11\/Estelar-737-300.jpg",800,400,false],"csco-large":["https:\/\/aviacionaldia.com\/wp-content\/uploads\/2020\/11\/Estelar-737-300.jpg",800,400,false],"csco-large-uncropped":["https:\/\/aviacionaldia.com\/wp-content\/uploads\/2020\/11\/Estelar-737-300.jpg",800,400,false],"csco-extra-large":["https:\/\/aviacionaldia.com\/wp-content\/uploads\/2020\/11\/Estelar-737-300.jpg",800,400,false]},"uagb_author_info":{"display_name":"Redacci\u00f3n - Aviaci\u00f3n al D\u00eda","author_link":"https:\/\/aviacionaldia.com\/en\/author\/aad"},"uagb_comment_info":0,"uagb_excerpt":"Venezuela&#8217;s Aerolineas Estelar has signed a cooperation agreement with Global Crossing Airlines Group (GlobalX). Under the terms of&hellip;","amp_enabled":true,"_links":{"self":[{"href":"https:\/\/aviacionaldia.com\/en\/wp-json\/wp\/v2\/posts\/106259","targetHints":{"allow":["GET"]}}],"collection":[{"href":"https:\/\/aviacionaldia.com\/en\/wp-json\/wp\/v2\/posts"}],"about":[{"href":"https:\/\/aviacionaldia.com\/en\/wp-json\/wp\/v2\/types\/post"}],"author":[{"embeddable":true,"href":"https:\/\/aviacionaldia.com\/en\/wp-json\/wp\/v2\/users\/4316"}],"replies":[{"embeddable":true,"href":"https:\/\/aviacionaldia.com\/en\/wp-json\/wp\/v2\/comments?post=106259"}],"version-history":[{"count":2,"href":"https:\/\/aviacionaldia.com\/en\/wp-json\/wp\/v2\/posts\/106259\/revisions"}],"predecessor-version":[{"id":106275,"href":"https:\/\/aviacionaldia.com\/en\/wp-json\/wp\/v2\/posts\/106259\/revisions\/106275"}],"wp:featuredmedia":[{"embeddable":true,"href":"https:\/\/aviacionaldia.com\/en\/wp-json\/wp\/v2\/media\/102942"}],"wp:attachment":[{"href":"https:\/\/aviacionaldia.com\/en\/wp-json\/wp\/v2\/media?parent=106259"}],"wp:term":[{"taxonomy":"category","embeddable":true,"href":"https:\/\/aviacionaldia.com\/en\/wp-json\/wp\/v2\/categories?post=106259"},{"taxonomy":"post_tag","embeddable":true,"href":"https:\/\/aviacionaldia.com\/en\/wp-json\/wp\/v2\/tags?post=106259"}],"curies":[{"name":"wp","href":"https:\/\/api.w.org\/{rel}","templated":true}]}}