{"id":106363,"date":"2021-02-20T22:24:00","date_gmt":"2021-02-20T22:24:00","guid":{"rendered":"https:\/?p=106363"},"modified":"2021-02-21T22:25:43","modified_gmt":"2021-02-21T22:25:43","slug":"air-cote-divoire-receives-its-first-airbus-a320neo","status":"publish","type":"post","link":"https:\/\/aviacionaldia.com\/en\/2021\/02\/air-cote-divoire-receives-its-first-airbus-a320neo.html","title":{"rendered":"Air C\u00f4te d\u2019Ivoire receives its first Airbus A320neo."},"content":{"rendered":"\n<p><strong>Air C\u00f4te d&#8217;Ivoire<\/strong>, the flag carrier of C\u00f4te d&#8217;Ivoire, has taken delivery of its first A320neo, becoming the first operator of the model in the West African region. This state-of-the-art aircraft will join Air C\u00f4te d&#8217;Ivoire&#8217;s existing fleet of six Airbus aircraft.<\/p>\n\n\n\n<p><em><strong>See also:<\/strong> <a href=\"https:\/en\/2021\/02\/airbus-delivers-21-aircraft-in-january-and-receives-no-new-orders.html\">Airbus delivers 21 aircraft in January and receives no new orders.<\/a><\/em><\/p>\n\n\n\n<p>This new aircraft will be deployed across Air C\u00f4te d&#8217;Ivoire&#8217;s regional network to serve Senegal, Gabon and Cameroon. Destinations such as South Africa will be added at a later date, highlighting the A320neo&#8217;s operational flexibility.<\/p>\n\n\n\n<p>Air Cote d&#8217;Ivoire has a fleet of 10 aircraft, including three A319s and three A320s, serving 25 domestic and regional destinations in West and Central Africa.<\/p>\n\n\n\n<h2 class=\"wp-block-heading\">Related Topics<\/h2>\n\n\n\n\t\t\t<div class=\"wp-block-uagb-post-grid uagb-post-grid  uagb-post__image-position-top uagb-post__image-enabled uagb-block-1e95dd5c     uagb-post__items uagb-post__columns-2 is-grid uagb-post__columns-tablet-2 uagb-post__columns-mobile-1 uagb-post__equal-height\" data-total=\"552\" style=\"\">\n\n\t\t\t\t\t\t\t\t\t\t\t\t<article class=\"uagb-post__inner-wrap\">\t\t\t\t\t\t\t\t<div class='uagb-post__image'>\n\t\t\t\t\t\t\t\t\t<a href=\"https:\/\/aviacionaldia.com\/en\/2026\/09\/latam-airlines-brazil-prepares-curitiba-brasilia-and-guarulhos-bases-for-embraer-e195-e2-fleet-maintenance.html\" target=\"_self\" rel=\"bookmark noopener noreferrer\" class='uagb-image-ratio-inherit'><img decoding=\"async\" width=\"800\" height=\"400\" src=\"https:\/\/aviacionaldia.com\/wp-content\/uploads\/2026\/06\/Latam-Airlines-Embraer-E195-E2.webp\" class=\"attachment-large size-large\" alt=\"\" srcset=\"https:\/\/aviacionaldia.com\/wp-content\/uploads\/2026\/06\/Latam-Airlines-Embraer-E195-E2.webp 800w, https:\/\/aviacionaldia.com\/wp-content\/uploads\/2026\/06\/Latam-Airlines-Embraer-E195-E2-300x150.webp 300w, https:\/\/aviacionaldia.com\/wp-content\/uploads\/2026\/06\/Latam-Airlines-Embraer-E195-E2-768x384.webp 768w, https:\/\/aviacionaldia.com\/wp-content\/uploads\/2026\/06\/Latam-Airlines-Embraer-E195-E2-380x190.webp 380w\" sizes=\"(max-width: 800px) 100vw, 800px\" \/>\t\t\t\t\t<\/a>\n\t\t\t\t\t\t\t<\/div>\n\t\t\t\t\t\t<h4 class=\"uagb-post__title uagb-post__text\">\n\t\t\t\t<a href=\"https:\/\/aviacionaldia.com\/en\/2026\/09\/latam-airlines-brazil-prepares-curitiba-brasilia-and-guarulhos-bases-for-embraer-e195-e2-fleet-maintenance.html\" target=\"_self\" rel=\"bookmark noopener noreferrer\">LATAM Airlines Brazil Prepares Curitiba, Brasilia, and Guarulhos Bases for Embraer E195-E2 Fleet Maintenance<\/a>\n\t\t\t<\/h4>\n\t\t\t\t\t\t<div class='uagb-post__text uagb-post-grid-byline'>\n\t\t\t\t\t\t\t<\/div>\n\t\t\t\t\t\t<div class=\"uagb-post__text uagb-post__cta wp-block-button\">\n\t\t\t\t<a class=\"wp-block-button__link uagb-text-link\" style=\"\" href=\"https:\/\/aviacionaldia.com\/en\/2026\/09\/latam-airlines-brazil-prepares-curitiba-brasilia-and-guarulhos-bases-for-embraer-e195-e2-fleet-maintenance.html\" target=\"_self\" rel=\"bookmark noopener noreferrer\">Read More<\/a>\n\t\t\t<\/div>\n\t\t\t\n\t\t\t\t\t\t\t\t\t<\/article>\n\t\t\t\t\t\t\t\t\t\t\t\t\t\t\t\t<article class=\"uagb-post__inner-wrap\">\t\t\t\t\t\t\t\t<div class='uagb-post__image'>\n\t\t\t\t\t\t\t\t\t<a href=\"https:\/\/aviacionaldia.com\/en\/2026\/09\/embraer-delivers-2000th-e-jet-solidifying-the-program-as-one-of-commercial-aviations-most-successful.html\" target=\"_self\" rel=\"bookmark noopener noreferrer\" class='uagb-image-ratio-inherit'><img decoding=\"async\" width=\"800\" height=\"400\" src=\"https:\/\/aviacionaldia.com\/wp-content\/uploads\/2026\/09\/Embraer-entrega-el-E2-numero-2000.webp\" class=\"attachment-large size-large\" alt=\"\" srcset=\"https:\/\/aviacionaldia.com\/wp-content\/uploads\/2026\/09\/Embraer-entrega-el-E2-numero-2000.webp 800w, https:\/\/aviacionaldia.com\/wp-content\/uploads\/2026\/09\/Embraer-entrega-el-E2-numero-2000-300x150.webp 300w, https:\/\/aviacionaldia.com\/wp-content\/uploads\/2026\/09\/Embraer-entrega-el-E2-numero-2000-768x384.webp 768w, https:\/\/aviacionaldia.com\/wp-content\/uploads\/2026\/09\/Embraer-entrega-el-E2-numero-2000-380x190.webp 380w\" sizes=\"(max-width: 800px) 100vw, 800px\" \/>\t\t\t\t\t<\/a>\n\t\t\t\t\t\t\t<\/div>\n\t\t\t\t\t\t<h4 class=\"uagb-post__title uagb-post__text\">\n\t\t\t\t<a href=\"https:\/\/aviacionaldia.com\/en\/2026\/09\/embraer-delivers-2000th-e-jet-solidifying-the-program-as-one-of-commercial-aviations-most-successful.html\" target=\"_self\" rel=\"bookmark noopener noreferrer\">Embraer Delivers 2,000th E-Jet, Solidifying the Program as One of Commercial Aviation&#8217;s Most Successful<\/a>\n\t\t\t<\/h4>\n\t\t\t\t\t\t<div class='uagb-post__text uagb-post-grid-byline'>\n\t\t\t\t\t\t\t<\/div>\n\t\t\t\t\t\t<div class=\"uagb-post__text uagb-post__cta wp-block-button\">\n\t\t\t\t<a class=\"wp-block-button__link uagb-text-link\" style=\"\" href=\"https:\/\/aviacionaldia.com\/en\/2026\/09\/embraer-delivers-2000th-e-jet-solidifying-the-program-as-one-of-commercial-aviations-most-successful.html\" target=\"_self\" rel=\"bookmark noopener noreferrer\">Read More<\/a>\n\t\t\t<\/div>\n\t\t\t\n\t\t\t\t\t\t\t\t\t<\/article>\n\t\t\t\t\t\t\t\t\t\t\t\t\t\t\t\t<article class=\"uagb-post__inner-wrap\">\t\t\t\t\t\t\t\t<div class='uagb-post__image'>\n\t\t\t\t\t\t\t\t\t<a href=\"https:\/\/aviacionaldia.com\/en\/2026\/09\/american-airlines-unveils-first-reconfigured-boeing-777-300er-featuring-new-flagship-suite.html\" target=\"_self\" rel=\"bookmark noopener noreferrer\" class='uagb-image-ratio-inherit'><img decoding=\"async\" width=\"800\" height=\"400\" src=\"https:\/\/aviacionaldia.com\/wp-content\/uploads\/2026\/09\/American-Airlines-Flagship-Suite.webp\" class=\"attachment-large size-large\" alt=\"\" srcset=\"https:\/\/aviacionaldia.com\/wp-content\/uploads\/2026\/09\/American-Airlines-Flagship-Suite.webp 800w, https:\/\/aviacionaldia.com\/wp-content\/uploads\/2026\/09\/American-Airlines-Flagship-Suite-300x150.webp 300w, https:\/\/aviacionaldia.com\/wp-content\/uploads\/2026\/09\/American-Airlines-Flagship-Suite-768x384.webp 768w, https:\/\/aviacionaldia.com\/wp-content\/uploads\/2026\/09\/American-Airlines-Flagship-Suite-380x190.webp 380w\" sizes=\"(max-width: 800px) 100vw, 800px\" \/>\t\t\t\t\t<\/a>\n\t\t\t\t\t\t\t<\/div>\n\t\t\t\t\t\t<h4 class=\"uagb-post__title uagb-post__text\">\n\t\t\t\t<a href=\"https:\/\/aviacionaldia.com\/en\/2026\/09\/american-airlines-unveils-first-reconfigured-boeing-777-300er-featuring-new-flagship-suite.html\" target=\"_self\" rel=\"bookmark noopener noreferrer\">American Airlines Unveils First Reconfigured Boeing 777-300ER Featuring New Flagship Suite<\/a>\n\t\t\t<\/h4>\n\t\t\t\t\t\t<div class='uagb-post__text uagb-post-grid-byline'>\n\t\t\t\t\t\t\t<\/div>\n\t\t\t\t\t\t<div class=\"uagb-post__text uagb-post__cta wp-block-button\">\n\t\t\t\t<a class=\"wp-block-button__link uagb-text-link\" style=\"\" href=\"https:\/\/aviacionaldia.com\/en\/2026\/09\/american-airlines-unveils-first-reconfigured-boeing-777-300er-featuring-new-flagship-suite.html\" target=\"_self\" rel=\"bookmark noopener noreferrer\">Read More<\/a>\n\t\t\t<\/div>\n\t\t\t\n\t\t\t\t\t\t\t\t\t<\/article>\n\t\t\t\t\t\t\t\t\t\t\t\t\t\t\t\t<article class=\"uagb-post__inner-wrap\">\t\t\t\t\t\t\t\t<div class='uagb-post__image'>\n\t\t\t\t\t\t\t\t\t<a href=\"https:\/\/aviacionaldia.com\/en\/2026\/09\/sas-completes-fleet-wide-starlink-installation-on-airbus-a320neo-in-record-time.html\" target=\"_self\" rel=\"bookmark noopener noreferrer\" class='uagb-image-ratio-inherit'><img decoding=\"async\" width=\"800\" height=\"400\" src=\"https:\/\/aviacionaldia.com\/wp-content\/uploads\/2025\/05\/SAS-Airbus-a320.webp\" class=\"attachment-large size-large\" alt=\"\" srcset=\"https:\/\/aviacionaldia.com\/wp-content\/uploads\/2025\/05\/SAS-Airbus-a320.webp 800w, https:\/\/aviacionaldia.com\/wp-content\/uploads\/2025\/05\/SAS-Airbus-a320-300x150.webp 300w, https:\/\/aviacionaldia.com\/wp-content\/uploads\/2025\/05\/SAS-Airbus-a320-768x384.webp 768w, https:\/\/aviacionaldia.com\/wp-content\/uploads\/2025\/05\/SAS-Airbus-a320-380x190.webp 380w\" sizes=\"(max-width: 800px) 100vw, 800px\" \/>\t\t\t\t\t<\/a>\n\t\t\t\t\t\t\t<\/div>\n\t\t\t\t\t\t<h4 class=\"uagb-post__title uagb-post__text\">\n\t\t\t\t<a href=\"https:\/\/aviacionaldia.com\/en\/2026\/09\/sas-completes-fleet-wide-starlink-installation-on-airbus-a320neo-in-record-time.html\" target=\"_self\" rel=\"bookmark noopener noreferrer\">SAS Completes Fleet-Wide Starlink Installation on Airbus A320neo in Record Time<\/a>\n\t\t\t<\/h4>\n\t\t\t\t\t\t<div class='uagb-post__text uagb-post-grid-byline'>\n\t\t\t\t\t\t\t<\/div>\n\t\t\t\t\t\t<div class=\"uagb-post__text uagb-post__cta wp-block-button\">\n\t\t\t\t<a class=\"wp-block-button__link uagb-text-link\" style=\"\" href=\"https:\/\/aviacionaldia.com\/en\/2026\/09\/sas-completes-fleet-wide-starlink-installation-on-airbus-a320neo-in-record-time.html\" target=\"_self\" rel=\"bookmark noopener noreferrer\">Read More<\/a>\n\t\t\t<\/div>\n\t\t\t\n\t\t\t\t\t\t\t\t\t<\/article>\n\t\t\t\t\t\t\t\t\t\t\t<\/div>\n\t\t\t","protected":false},"excerpt":{"rendered":"Air C\u00f4te d&#8217;Ivoire, the flag carrier of C\u00f4te d&#8217;Ivoire, has taken delivery of its first A320neo, becoming the&hellip;\n","protected":false},"author":4316,"featured_media":106326,"comment_status":"closed","ping_status":"closed","sticky":false,"template":"","format":"standard","meta":{"_uag_custom_page_level_css":"","footnotes":""},"categories":[1],"tags":[450,217],"class_list":{"0":"post-106363","1":"post","2":"type-post","3":"status-publish","4":"format-standard","5":"has-post-thumbnail","7":"category-airlines","8":"tag-africa-2","9":"tag-airbus-2"},"uagb_featured_image_src":{"full":["https:\/\/aviacionaldia.com\/wp-content\/uploads\/2021\/02\/Air-Cote-dIvoire-A320neo.jpg",800,400,false],"thumbnail":["https:\/\/aviacionaldia.com\/wp-content\/uploads\/2021\/02\/Air-Cote-dIvoire-A320neo-150x150.jpg",150,150,true],"medium":["https:\/\/aviacionaldia.com\/wp-content\/uploads\/2021\/02\/Air-Cote-dIvoire-A320neo-300x150.jpg",300,150,true],"medium_large":["https:\/\/aviacionaldia.com\/wp-content\/uploads\/2021\/02\/Air-Cote-dIvoire-A320neo-768x384.jpg",768,384,true],"large":["https:\/\/aviacionaldia.com\/wp-content\/uploads\/2021\/02\/Air-Cote-dIvoire-A320neo.jpg",800,400,false],"1536x1536":["https:\/\/aviacionaldia.com\/wp-content\/uploads\/2021\/02\/Air-Cote-dIvoire-A320neo.jpg",800,400,false],"2048x2048":["https:\/\/aviacionaldia.com\/wp-content\/uploads\/2021\/02\/Air-Cote-dIvoire-A320neo.jpg",800,400,false],"pk-small":["https:\/\/aviacionaldia.com\/wp-content\/uploads\/2021\/02\/Air-Cote-dIvoire-A320neo.jpg",80,40,false],"pk-thumbnail":["https:\/\/aviacionaldia.com\/wp-content\/uploads\/2021\/02\/Air-Cote-dIvoire-A320neo.jpg",300,150,false],"csco-small":["https:\/\/aviacionaldia.com\/wp-content\/uploads\/2021\/02\/Air-Cote-dIvoire-A320neo-80x80.jpg",80,80,true],"csco-intermediate":["https:\/\/aviacionaldia.com\/wp-content\/uploads\/2021\/02\/Air-Cote-dIvoire-A320neo-200x140.jpg",200,140,true],"csco-thumbnail":["https:\/\/aviacionaldia.com\/wp-content\/uploads\/2021\/02\/Air-Cote-dIvoire-A320neo-380x220.jpg",380,220,true],"csco-thumbnail-alternative":["https:\/\/aviacionaldia.com\/wp-content\/uploads\/2021\/02\/Air-Cote-dIvoire-A320neo-300x180.jpg",300,180,true],"csco-thumbnail-uncropped":["https:\/\/aviacionaldia.com\/wp-content\/uploads\/2021\/02\/Air-Cote-dIvoire-A320neo-380x190.jpg",380,190,true],"csco-medium":["https:\/\/aviacionaldia.com\/wp-content\/uploads\/2021\/02\/Air-Cote-dIvoire-A320neo.jpg",800,400,false],"csco-medium-alternative":["https:\/\/aviacionaldia.com\/wp-content\/uploads\/2021\/02\/Air-Cote-dIvoire-A320neo-560x336.jpg",560,336,true],"csco-medium-uncropped":["https:\/\/aviacionaldia.com\/wp-content\/uploads\/2021\/02\/Air-Cote-dIvoire-A320neo.jpg",800,400,false],"csco-large":["https:\/\/aviacionaldia.com\/wp-content\/uploads\/2021\/02\/Air-Cote-dIvoire-A320neo.jpg",800,400,false],"csco-large-uncropped":["https:\/\/aviacionaldia.com\/wp-content\/uploads\/2021\/02\/Air-Cote-dIvoire-A320neo.jpg",800,400,false],"csco-extra-large":["https:\/\/aviacionaldia.com\/wp-content\/uploads\/2021\/02\/Air-Cote-dIvoire-A320neo.jpg",800,400,false]},"uagb_author_info":{"display_name":"Redacci\u00f3n - Aviaci\u00f3n al D\u00eda","author_link":"https:\/\/aviacionaldia.com\/en\/author\/aad"},"uagb_comment_info":0,"uagb_excerpt":"Air C\u00f4te d&#8217;Ivoire, the flag carrier of C\u00f4te d&#8217;Ivoire, has taken delivery of its first A320neo, becoming the&hellip;","amp_enabled":true,"_links":{"self":[{"href":"https:\/\/aviacionaldia.com\/en\/wp-json\/wp\/v2\/posts\/106363","targetHints":{"allow":["GET"]}}],"collection":[{"href":"https:\/\/aviacionaldia.com\/en\/wp-json\/wp\/v2\/posts"}],"about":[{"href":"https:\/\/aviacionaldia.com\/en\/wp-json\/wp\/v2\/types\/post"}],"author":[{"embeddable":true,"href":"https:\/\/aviacionaldia.com\/en\/wp-json\/wp\/v2\/users\/4316"}],"replies":[{"embeddable":true,"href":"https:\/\/aviacionaldia.com\/en\/wp-json\/wp\/v2\/comments?post=106363"}],"version-history":[{"count":2,"href":"https:\/\/aviacionaldia.com\/en\/wp-json\/wp\/v2\/posts\/106363\/revisions"}],"predecessor-version":[{"id":106365,"href":"https:\/\/aviacionaldia.com\/en\/wp-json\/wp\/v2\/posts\/106363\/revisions\/106365"}],"wp:featuredmedia":[{"embeddable":true,"href":"https:\/\/aviacionaldia.com\/en\/wp-json\/wp\/v2\/media\/106326"}],"wp:attachment":[{"href":"https:\/\/aviacionaldia.com\/en\/wp-json\/wp\/v2\/media?parent=106363"}],"wp:term":[{"taxonomy":"category","embeddable":true,"href":"https:\/\/aviacionaldia.com\/en\/wp-json\/wp\/v2\/categories?post=106363"},{"taxonomy":"post_tag","embeddable":true,"href":"https:\/\/aviacionaldia.com\/en\/wp-json\/wp\/v2\/tags?post=106363"}],"curies":[{"name":"wp","href":"https:\/\/api.w.org\/{rel}","templated":true}]}}