{"id":106449,"date":"2021-02-23T16:44:34","date_gmt":"2021-02-23T16:44:34","guid":{"rendered":"https:\/?p=106449"},"modified":"2021-02-23T16:44:58","modified_gmt":"2021-02-23T16:44:58","slug":"volotea-moving-towards-a-100-airbus-fleet","status":"publish","type":"post","link":"https:\/\/aviacionaldia.com\/en\/2021\/02\/volotea-moving-towards-a-100-airbus-fleet.html","title":{"rendered":"Volotea moving towards a 100% Airbus fleet."},"content":{"rendered":"\n<p><strong>Volotea<\/strong> announced Tuesday that it is retiring its fourteen Boeing 717s early, which will be replaced by between 15 and 19 Airbus A320s.<\/p>\n\n\n\n<p><strong><em>See also: <\/em><\/strong><a href=\"https:\/en\/2021\/02\/boeing-loses-firm-orders-for-777x.html\"><em>Boeing loses firm orders for 777X.<\/em><\/a><\/p>\n\n\n\n<p>The fleet renewal is part of Volotea&#8217;s ongoing review of its strategic, financial and operational plans in the context of the crisis generated by the COVID 19 pandemic. The airline has already ordered 15 A320s, to which it will add 4 more depending on last-minute demand during the summer.<\/p>\n\n\n\n<p><strong><em>See also: <\/em><\/strong><a href=\"https:\/en\/2020\/12\/alaska-airlines-purchases-additional-23-737-max.html\"><em>Alaska Airlines purchases additional 23 737 MAX.<\/em><\/a><\/p>\n\n\n\n<p>By becoming a 100% Airbus operator, Volotea will benefit from multiple strategic and operational advantages, such as a single pilot license, lower maintenance costs, simplified scheduling, easier monitoring and auditing of all areas &#8211; especially safety issues &#8211; and volume advantages in supplier relations.<\/p>\n\n\n\n<p>&#8220;We are very pleased with this transition to a 100% Airbus fleet. As a European airline we are very interested in having Airbus as a fleet partner in the long term. We will continue to grow in line with our strategy of connecting medium and small European cities, with a more modern and competitive aircraft type, the Airbus A320, which has 20-25% lower operating costs than the previous B717s it replaces,&#8221; commented Carlos Mu\u00f1oz, Founder and CEO of Volotea.<\/p>\n\n\n\n<h2 class=\"wp-block-heading\">Related Topics<\/h2>\n\n\n\n\t\t\t<div class=\"wp-block-uagb-post-grid uagb-post-grid  uagb-post__image-position-top uagb-post__image-enabled uagb-block-2637c28e     uagb-post__items uagb-post__columns-2 is-grid uagb-post__columns-tablet-2 uagb-post__columns-mobile-1 uagb-post__equal-height\" data-total=\"470\" style=\"\">\n\n\t\t\t\t\t\t\t\t\t\t\t\t<article class=\"uagb-post__inner-wrap\">\t\t\t\t\t\t\t\t<div class='uagb-post__image'>\n\t\t\t\t\t\t\t\t\t<a href=\"https:\/\/aviacionaldia.com\/en\/2026\/04\/american-airlines-resumes-direct-flights-between-miami-and-caracas-after-seven-year-hiatus.html\" target=\"_self\" rel=\"bookmark noopener noreferrer\" class='uagb-image-ratio-inherit'><img decoding=\"async\" width=\"800\" height=\"400\" src=\"https:\/\/aviacionaldia.com\/wp-content\/uploads\/2026\/04\/American-Airlines-Embraer-175.webp\" class=\"attachment-large size-large\" alt=\"\" srcset=\"https:\/\/aviacionaldia.com\/wp-content\/uploads\/2026\/04\/American-Airlines-Embraer-175.webp 800w, https:\/\/aviacionaldia.com\/wp-content\/uploads\/2026\/04\/American-Airlines-Embraer-175-300x150.webp 300w, https:\/\/aviacionaldia.com\/wp-content\/uploads\/2026\/04\/American-Airlines-Embraer-175-768x384.webp 768w, https:\/\/aviacionaldia.com\/wp-content\/uploads\/2026\/04\/American-Airlines-Embraer-175-380x190.webp 380w\" sizes=\"(max-width: 800px) 100vw, 800px\" \/>\t\t\t\t\t<\/a>\n\t\t\t\t\t\t\t<\/div>\n\t\t\t\t\t\t<h4 class=\"uagb-post__title uagb-post__text\">\n\t\t\t\t<a href=\"https:\/\/aviacionaldia.com\/en\/2026\/04\/american-airlines-resumes-direct-flights-between-miami-and-caracas-after-seven-year-hiatus.html\" target=\"_self\" rel=\"bookmark noopener noreferrer\">American Airlines Resumes Direct Flights Between Miami and Caracas After Seven-Year Hiatus<\/a>\n\t\t\t<\/h4>\n\t\t\t\t\t\t<div class='uagb-post__text uagb-post-grid-byline'>\n\t\t\t\t\t\t\t<\/div>\n\t\t\t\t\t\t<div class=\"uagb-post__text uagb-post__cta wp-block-button\">\n\t\t\t\t<a class=\"wp-block-button__link uagb-text-link\" style=\"\" href=\"https:\/\/aviacionaldia.com\/en\/2026\/04\/american-airlines-resumes-direct-flights-between-miami-and-caracas-after-seven-year-hiatus.html\" target=\"_self\" rel=\"bookmark noopener noreferrer\">Read More<\/a>\n\t\t\t<\/div>\n\t\t\t\n\t\t\t\t\t\t\t\t\t<\/article>\n\t\t\t\t\t\t\t\t\t\t\t\t\t\t\t\t<article class=\"uagb-post__inner-wrap\">\t\t\t\t\t\t\t\t<div class='uagb-post__image'>\n\t\t\t\t\t\t\t\t\t<a href=\"https:\/\/aviacionaldia.com\/en\/2026\/04\/united-airlines-and-lyft-launch-pay-with-miles.html\" target=\"_self\" rel=\"bookmark noopener noreferrer\" class='uagb-image-ratio-inherit'><img decoding=\"async\" width=\"800\" height=\"400\" src=\"https:\/\/aviacionaldia.com\/wp-content\/uploads\/2026\/04\/United-Airlines-Lyft.webp\" class=\"attachment-large size-large\" alt=\"\" srcset=\"https:\/\/aviacionaldia.com\/wp-content\/uploads\/2026\/04\/United-Airlines-Lyft.webp 800w, https:\/\/aviacionaldia.com\/wp-content\/uploads\/2026\/04\/United-Airlines-Lyft-300x150.webp 300w, https:\/\/aviacionaldia.com\/wp-content\/uploads\/2026\/04\/United-Airlines-Lyft-768x384.webp 768w, https:\/\/aviacionaldia.com\/wp-content\/uploads\/2026\/04\/United-Airlines-Lyft-380x190.webp 380w\" sizes=\"(max-width: 800px) 100vw, 800px\" \/>\t\t\t\t\t<\/a>\n\t\t\t\t\t\t\t<\/div>\n\t\t\t\t\t\t<h4 class=\"uagb-post__title uagb-post__text\">\n\t\t\t\t<a href=\"https:\/\/aviacionaldia.com\/en\/2026\/04\/united-airlines-and-lyft-launch-pay-with-miles.html\" target=\"_self\" rel=\"bookmark noopener noreferrer\">United Airlines and Lyft Launch &#8220;Pay with Miles&#8221;<\/a>\n\t\t\t<\/h4>\n\t\t\t\t\t\t<div class='uagb-post__text uagb-post-grid-byline'>\n\t\t\t\t\t\t\t<\/div>\n\t\t\t\t\t\t<div class=\"uagb-post__text uagb-post__cta wp-block-button\">\n\t\t\t\t<a class=\"wp-block-button__link uagb-text-link\" style=\"\" href=\"https:\/\/aviacionaldia.com\/en\/2026\/04\/united-airlines-and-lyft-launch-pay-with-miles.html\" target=\"_self\" rel=\"bookmark noopener noreferrer\">Read More<\/a>\n\t\t\t<\/div>\n\t\t\t\n\t\t\t\t\t\t\t\t\t<\/article>\n\t\t\t\t\t\t\t\t\t\t\t\t\t\t\t\t<article class=\"uagb-post__inner-wrap\">\t\t\t\t\t\t\t\t<div class='uagb-post__image'>\n\t\t\t\t\t\t\t\t\t<a href=\"https:\/\/aviacionaldia.com\/en\/2026\/04\/avelo-airlines-celebrates-its-fifth-anniversary-consolidating-growth-and-operational-reliability.html\" target=\"_self\" rel=\"bookmark noopener noreferrer\" class='uagb-image-ratio-inherit'><img decoding=\"async\" width=\"800\" height=\"400\" src=\"https:\/\/aviacionaldia.com\/wp-content\/uploads\/2025\/02\/Avelo-Airlines-Boeing-737-800.webp\" class=\"attachment-large size-large\" alt=\"\" srcset=\"https:\/\/aviacionaldia.com\/wp-content\/uploads\/2025\/02\/Avelo-Airlines-Boeing-737-800.webp 800w, https:\/\/aviacionaldia.com\/wp-content\/uploads\/2025\/02\/Avelo-Airlines-Boeing-737-800-300x150.webp 300w, https:\/\/aviacionaldia.com\/wp-content\/uploads\/2025\/02\/Avelo-Airlines-Boeing-737-800-768x384.webp 768w, https:\/\/aviacionaldia.com\/wp-content\/uploads\/2025\/02\/Avelo-Airlines-Boeing-737-800-380x190.webp 380w\" sizes=\"(max-width: 800px) 100vw, 800px\" \/>\t\t\t\t\t<\/a>\n\t\t\t\t\t\t\t<\/div>\n\t\t\t\t\t\t<h4 class=\"uagb-post__title uagb-post__text\">\n\t\t\t\t<a href=\"https:\/\/aviacionaldia.com\/en\/2026\/04\/avelo-airlines-celebrates-its-fifth-anniversary-consolidating-growth-and-operational-reliability.html\" target=\"_self\" rel=\"bookmark noopener noreferrer\">Avelo Airlines Celebrates Its Fifth Anniversary, Consolidating Growth and Operational Reliability<\/a>\n\t\t\t<\/h4>\n\t\t\t\t\t\t<div class='uagb-post__text uagb-post-grid-byline'>\n\t\t\t\t\t\t\t<\/div>\n\t\t\t\t\t\t<div class=\"uagb-post__text uagb-post__cta wp-block-button\">\n\t\t\t\t<a class=\"wp-block-button__link uagb-text-link\" style=\"\" href=\"https:\/\/aviacionaldia.com\/en\/2026\/04\/avelo-airlines-celebrates-its-fifth-anniversary-consolidating-growth-and-operational-reliability.html\" target=\"_self\" rel=\"bookmark noopener noreferrer\">Read More<\/a>\n\t\t\t<\/div>\n\t\t\t\n\t\t\t\t\t\t\t\t\t<\/article>\n\t\t\t\t\t\t\t\t\t\t\t\t\t\t\t\t<article class=\"uagb-post__inner-wrap\">\t\t\t\t\t\t\t\t<div class='uagb-post__image'>\n\t\t\t\t\t\t\t\t\t<a href=\"https:\/\/aviacionaldia.com\/en\/2026\/04\/alaska-airlines-crosses-the-atlantic-direct-flights-launched-between-seattle-and-rome.html\" target=\"_self\" rel=\"bookmark noopener noreferrer\" class='uagb-image-ratio-inherit'><img decoding=\"async\" width=\"800\" height=\"400\" src=\"https:\/\/aviacionaldia.com\/wp-content\/uploads\/2026\/04\/Alaska-Airlines-Boeing-787.webp\" class=\"attachment-large size-large\" alt=\"\" srcset=\"https:\/\/aviacionaldia.com\/wp-content\/uploads\/2026\/04\/Alaska-Airlines-Boeing-787.webp 800w, https:\/\/aviacionaldia.com\/wp-content\/uploads\/2026\/04\/Alaska-Airlines-Boeing-787-300x150.webp 300w, https:\/\/aviacionaldia.com\/wp-content\/uploads\/2026\/04\/Alaska-Airlines-Boeing-787-768x384.webp 768w, https:\/\/aviacionaldia.com\/wp-content\/uploads\/2026\/04\/Alaska-Airlines-Boeing-787-380x190.webp 380w\" sizes=\"(max-width: 800px) 100vw, 800px\" \/>\t\t\t\t\t<\/a>\n\t\t\t\t\t\t\t<\/div>\n\t\t\t\t\t\t<h4 class=\"uagb-post__title uagb-post__text\">\n\t\t\t\t<a href=\"https:\/\/aviacionaldia.com\/en\/2026\/04\/alaska-airlines-crosses-the-atlantic-direct-flights-launched-between-seattle-and-rome.html\" target=\"_self\" rel=\"bookmark noopener noreferrer\">Alaska Airlines Crosses the Atlantic: Direct Flights Launched Between Seattle and Rome<\/a>\n\t\t\t<\/h4>\n\t\t\t\t\t\t<div class='uagb-post__text uagb-post-grid-byline'>\n\t\t\t\t\t\t\t<\/div>\n\t\t\t\t\t\t<div class=\"uagb-post__text uagb-post__cta wp-block-button\">\n\t\t\t\t<a class=\"wp-block-button__link uagb-text-link\" style=\"\" href=\"https:\/\/aviacionaldia.com\/en\/2026\/04\/alaska-airlines-crosses-the-atlantic-direct-flights-launched-between-seattle-and-rome.html\" target=\"_self\" rel=\"bookmark noopener noreferrer\">Read More<\/a>\n\t\t\t<\/div>\n\t\t\t\n\t\t\t\t\t\t\t\t\t<\/article>\n\t\t\t\t\t\t\t\t\t\t\t<\/div>\n\t\t\t","protected":false},"excerpt":{"rendered":"Volotea announced Tuesday that it is retiring its fourteen Boeing 717s early, which will be replaced by between&hellip;\n","protected":false},"author":4316,"featured_media":106438,"comment_status":"closed","ping_status":"closed","sticky":false,"template":"","format":"standard","meta":{"_uag_custom_page_level_css":"","footnotes":""},"categories":[1],"tags":[230,269],"class_list":{"0":"post-106449","1":"post","2":"type-post","3":"status-publish","4":"format-standard","5":"has-post-thumbnail","7":"category-airlines","8":"tag-airline","9":"tag-europe"},"uagb_featured_image_src":{"full":["https:\/\/aviacionaldia.com\/wp-content\/uploads\/2021\/02\/Volotea-A319.jpg",800,400,false],"thumbnail":["https:\/\/aviacionaldia.com\/wp-content\/uploads\/2021\/02\/Volotea-A319-150x150.jpg",150,150,true],"medium":["https:\/\/aviacionaldia.com\/wp-content\/uploads\/2021\/02\/Volotea-A319-300x150.jpg",300,150,true],"medium_large":["https:\/\/aviacionaldia.com\/wp-content\/uploads\/2021\/02\/Volotea-A319-768x384.jpg",768,384,true],"large":["https:\/\/aviacionaldia.com\/wp-content\/uploads\/2021\/02\/Volotea-A319.jpg",800,400,false],"1536x1536":["https:\/\/aviacionaldia.com\/wp-content\/uploads\/2021\/02\/Volotea-A319.jpg",800,400,false],"2048x2048":["https:\/\/aviacionaldia.com\/wp-content\/uploads\/2021\/02\/Volotea-A319.jpg",800,400,false],"pk-small":["https:\/\/aviacionaldia.com\/wp-content\/uploads\/2021\/02\/Volotea-A319.jpg",80,40,false],"pk-thumbnail":["https:\/\/aviacionaldia.com\/wp-content\/uploads\/2021\/02\/Volotea-A319.jpg",300,150,false],"csco-small":["https:\/\/aviacionaldia.com\/wp-content\/uploads\/2021\/02\/Volotea-A319-80x80.jpg",80,80,true],"csco-intermediate":["https:\/\/aviacionaldia.com\/wp-content\/uploads\/2021\/02\/Volotea-A319-200x140.jpg",200,140,true],"csco-thumbnail":["https:\/\/aviacionaldia.com\/wp-content\/uploads\/2021\/02\/Volotea-A319-380x220.jpg",380,220,true],"csco-thumbnail-alternative":["https:\/\/aviacionaldia.com\/wp-content\/uploads\/2021\/02\/Volotea-A319-300x180.jpg",300,180,true],"csco-thumbnail-uncropped":["https:\/\/aviacionaldia.com\/wp-content\/uploads\/2021\/02\/Volotea-A319-380x190.jpg",380,190,true],"csco-medium":["https:\/\/aviacionaldia.com\/wp-content\/uploads\/2021\/02\/Volotea-A319.jpg",800,400,false],"csco-medium-alternative":["https:\/\/aviacionaldia.com\/wp-content\/uploads\/2021\/02\/Volotea-A319-560x336.jpg",560,336,true],"csco-medium-uncropped":["https:\/\/aviacionaldia.com\/wp-content\/uploads\/2021\/02\/Volotea-A319.jpg",800,400,false],"csco-large":["https:\/\/aviacionaldia.com\/wp-content\/uploads\/2021\/02\/Volotea-A319.jpg",800,400,false],"csco-large-uncropped":["https:\/\/aviacionaldia.com\/wp-content\/uploads\/2021\/02\/Volotea-A319.jpg",800,400,false],"csco-extra-large":["https:\/\/aviacionaldia.com\/wp-content\/uploads\/2021\/02\/Volotea-A319.jpg",800,400,false]},"uagb_author_info":{"display_name":"Redacci\u00f3n - Aviaci\u00f3n al D\u00eda","author_link":"https:\/\/aviacionaldia.com\/en\/author\/aad"},"uagb_comment_info":0,"uagb_excerpt":"Volotea announced Tuesday that it is retiring its fourteen Boeing 717s early, which will be replaced by between&hellip;","amp_enabled":true,"_links":{"self":[{"href":"https:\/\/aviacionaldia.com\/en\/wp-json\/wp\/v2\/posts\/106449","targetHints":{"allow":["GET"]}}],"collection":[{"href":"https:\/\/aviacionaldia.com\/en\/wp-json\/wp\/v2\/posts"}],"about":[{"href":"https:\/\/aviacionaldia.com\/en\/wp-json\/wp\/v2\/types\/post"}],"author":[{"embeddable":true,"href":"https:\/\/aviacionaldia.com\/en\/wp-json\/wp\/v2\/users\/4316"}],"replies":[{"embeddable":true,"href":"https:\/\/aviacionaldia.com\/en\/wp-json\/wp\/v2\/comments?post=106449"}],"version-history":[{"count":1,"href":"https:\/\/aviacionaldia.com\/en\/wp-json\/wp\/v2\/posts\/106449\/revisions"}],"predecessor-version":[{"id":106450,"href":"https:\/\/aviacionaldia.com\/en\/wp-json\/wp\/v2\/posts\/106449\/revisions\/106450"}],"wp:featuredmedia":[{"embeddable":true,"href":"https:\/\/aviacionaldia.com\/en\/wp-json\/wp\/v2\/media\/106438"}],"wp:attachment":[{"href":"https:\/\/aviacionaldia.com\/en\/wp-json\/wp\/v2\/media?parent=106449"}],"wp:term":[{"taxonomy":"category","embeddable":true,"href":"https:\/\/aviacionaldia.com\/en\/wp-json\/wp\/v2\/categories?post=106449"},{"taxonomy":"post_tag","embeddable":true,"href":"https:\/\/aviacionaldia.com\/en\/wp-json\/wp\/v2\/tags?post=106449"}],"curies":[{"name":"wp","href":"https:\/\/api.w.org\/{rel}","templated":true}]}}