{"id":111091,"date":"2021-05-29T19:29:28","date_gmt":"2021-05-29T19:29:28","guid":{"rendered":"https:\/?p=111091"},"modified":"2021-05-29T19:36:54","modified_gmt":"2021-05-29T19:36:54","slug":"lufthansa-will-resume-flights-to-panama","status":"publish","type":"post","link":"https:\/\/aviacionaldia.com\/en\/2021\/05\/lufthansa-will-resume-flights-to-panama.html","title":{"rendered":"Lufthansa will resume flights to Panama in March 2022."},"content":{"rendered":"\n<p><strong>Lufthansa Group<\/strong> announced that it plans to resume direct flights between Frankfurt and Panama City as of March 2022. The route will have three weekly frequencies, the company reported on its website.<\/p>\n\n\n\n<p>The airline also said that from the same date it will resume flights from Munich to Cancun (Mexico) and Punta Cana (Dominican Republic), with two weekly frequencies to each destination.<\/p>\n\n\n\n<p>&#8220;In the Lufthansa Group, and particularly in this region, we are delighted to be able to offer direct flights between Frankfurt and Panama City again as of summer 2022, as well as to be able to directly connect the Bavarian capital Munich with Cancun and Punta Cana,&#8221; said Lufthansa Group&#8217;s general manager for Mexico, Central America and the Caribbean, Felipe Bonifatti.<\/p>\n\n\n\n<p>Photo: TJDarmstadt\/<a href=\"https:\/\/zh.m.wikipedia.org\/wiki\/File:D-AIKD_LH_A333_New_Livery_(31157767508).jpg\" target=\"_blank\" rel=\"noreferrer noopener nofollow\">Wikimedia<\/a><\/p>\n\n\n\n<h2 class=\"wp-block-heading\">Related Topics<\/h2>\n\n\n\n\t\t\t<div class=\"wp-block-uagb-post-grid uagb-post-grid  uagb-post__image-position-top uagb-post__image-enabled uagb-block-bec597e5     uagb-post__items uagb-post__columns-2 is-grid uagb-post__columns-tablet-2 uagb-post__columns-mobile-1 uagb-post__equal-height\" data-total=\"498\" style=\"\">\n\n\t\t\t\t\t\t\t\t\t\t\t\t<article class=\"uagb-post__inner-wrap\">\t\t\t\t\t\t\t\t<div class='uagb-post__image'>\n\t\t\t\t\t\t\t\t\t<a href=\"https:\/\/aviacionaldia.com\/en\/2026\/09\/united-automates-disruption-management-new-mobile-feature-allows-passengers-to-join-standby-lists-for-earlier-flights.html\" target=\"_self\" rel=\"bookmark noopener noreferrer\" class='uagb-image-ratio-inherit'><img decoding=\"async\" width=\"800\" height=\"400\" src=\"https:\/\/aviacionaldia.com\/wp-content\/uploads\/2026\/09\/United-Airlines-APP.webp\" class=\"attachment-large size-large\" alt=\"\" srcset=\"https:\/\/aviacionaldia.com\/wp-content\/uploads\/2026\/09\/United-Airlines-APP.webp 800w, https:\/\/aviacionaldia.com\/wp-content\/uploads\/2026\/09\/United-Airlines-APP-300x150.webp 300w, https:\/\/aviacionaldia.com\/wp-content\/uploads\/2026\/09\/United-Airlines-APP-768x384.webp 768w, https:\/\/aviacionaldia.com\/wp-content\/uploads\/2026\/09\/United-Airlines-APP-380x190.webp 380w\" sizes=\"(max-width: 800px) 100vw, 800px\" \/>\t\t\t\t\t<\/a>\n\t\t\t\t\t\t\t<\/div>\n\t\t\t\t\t\t<h4 class=\"uagb-post__title uagb-post__text\">\n\t\t\t\t<a href=\"https:\/\/aviacionaldia.com\/en\/2026\/09\/united-automates-disruption-management-new-mobile-feature-allows-passengers-to-join-standby-lists-for-earlier-flights.html\" target=\"_self\" rel=\"bookmark noopener noreferrer\">United Automates Disruption Management: New Mobile Feature Allows Passengers to Join Standby Lists for Earlier Flights<\/a>\n\t\t\t<\/h4>\n\t\t\t\t\t\t<div class='uagb-post__text uagb-post-grid-byline'>\n\t\t\t\t\t\t\t<\/div>\n\t\t\t\t\t\t<div class=\"uagb-post__text uagb-post__cta wp-block-button\">\n\t\t\t\t<a class=\"wp-block-button__link uagb-text-link\" style=\"\" href=\"https:\/\/aviacionaldia.com\/en\/2026\/09\/united-automates-disruption-management-new-mobile-feature-allows-passengers-to-join-standby-lists-for-earlier-flights.html\" target=\"_self\" rel=\"bookmark noopener noreferrer\">Read More<\/a>\n\t\t\t<\/div>\n\t\t\t\n\t\t\t\t\t\t\t\t\t<\/article>\n\t\t\t\t\t\t\t\t\t\t\t\t\t\t\t\t<article class=\"uagb-post__inner-wrap\">\t\t\t\t\t\t\t\t<div class='uagb-post__image'>\n\t\t\t\t\t\t\t\t\t<a href=\"https:\/\/aviacionaldia.com\/en\/2026\/09\/jetblue-revolutions-domestic-premium-segment-with-launch-of-bluefirst.html\" target=\"_self\" rel=\"bookmark noopener noreferrer\" class='uagb-image-ratio-inherit'><img decoding=\"async\" width=\"800\" height=\"400\" src=\"https:\/\/aviacionaldia.com\/wp-content\/uploads\/2026\/09\/Jetblue-BlueFirst.webp\" class=\"attachment-large size-large\" alt=\"\" srcset=\"https:\/\/aviacionaldia.com\/wp-content\/uploads\/2026\/09\/Jetblue-BlueFirst.webp 800w, https:\/\/aviacionaldia.com\/wp-content\/uploads\/2026\/09\/Jetblue-BlueFirst-300x150.webp 300w, https:\/\/aviacionaldia.com\/wp-content\/uploads\/2026\/09\/Jetblue-BlueFirst-768x384.webp 768w, https:\/\/aviacionaldia.com\/wp-content\/uploads\/2026\/09\/Jetblue-BlueFirst-380x190.webp 380w\" sizes=\"(max-width: 800px) 100vw, 800px\" \/>\t\t\t\t\t<\/a>\n\t\t\t\t\t\t\t<\/div>\n\t\t\t\t\t\t<h4 class=\"uagb-post__title uagb-post__text\">\n\t\t\t\t<a href=\"https:\/\/aviacionaldia.com\/en\/2026\/09\/jetblue-revolutions-domestic-premium-segment-with-launch-of-bluefirst.html\" target=\"_self\" rel=\"bookmark noopener noreferrer\">JetBlue Revolutions domestic premium segment with launch of BlueFirst\u2122<\/a>\n\t\t\t<\/h4>\n\t\t\t\t\t\t<div class='uagb-post__text uagb-post-grid-byline'>\n\t\t\t\t\t\t\t<\/div>\n\t\t\t\t\t\t<div class=\"uagb-post__text uagb-post__cta wp-block-button\">\n\t\t\t\t<a class=\"wp-block-button__link uagb-text-link\" style=\"\" href=\"https:\/\/aviacionaldia.com\/en\/2026\/09\/jetblue-revolutions-domestic-premium-segment-with-launch-of-bluefirst.html\" target=\"_self\" rel=\"bookmark noopener noreferrer\">Read More<\/a>\n\t\t\t<\/div>\n\t\t\t\n\t\t\t\t\t\t\t\t\t<\/article>\n\t\t\t\t\t\t\t\t\t\t\t\t\t\t\t\t<article class=\"uagb-post__inner-wrap\">\t\t\t\t\t\t\t\t<div class='uagb-post__image'>\n\t\t\t\t\t\t\t\t\t<a href=\"https:\/\/aviacionaldia.com\/en\/2026\/08\/american-airlines-to-resume-direct-flights-between-miami-and-caracas-starting-in-september.html\" target=\"_self\" rel=\"bookmark noopener noreferrer\" class='uagb-image-ratio-inherit'><img decoding=\"async\" width=\"800\" height=\"400\" src=\"https:\/\/aviacionaldia.com\/wp-content\/uploads\/2021\/05\/American-Eagle-E175.jpg\" class=\"attachment-large size-large\" alt=\"\" srcset=\"https:\/\/aviacionaldia.com\/wp-content\/uploads\/2021\/05\/American-Eagle-E175.jpg 800w, https:\/\/aviacionaldia.com\/wp-content\/uploads\/2021\/05\/American-Eagle-E175-300x150.jpg 300w, https:\/\/aviacionaldia.com\/wp-content\/uploads\/2021\/05\/American-Eagle-E175-768x384.jpg 768w, https:\/\/aviacionaldia.com\/wp-content\/uploads\/2021\/05\/American-Eagle-E175-380x190.jpg 380w\" sizes=\"(max-width: 800px) 100vw, 800px\" \/>\t\t\t\t\t<\/a>\n\t\t\t\t\t\t\t<\/div>\n\t\t\t\t\t\t<h4 class=\"uagb-post__title uagb-post__text\">\n\t\t\t\t<a href=\"https:\/\/aviacionaldia.com\/en\/2026\/08\/american-airlines-to-resume-direct-flights-between-miami-and-caracas-starting-in-september.html\" target=\"_self\" rel=\"bookmark noopener noreferrer\">American Airlines to Resume Direct Flights Between Miami and Caracas Starting in September<\/a>\n\t\t\t<\/h4>\n\t\t\t\t\t\t<div class='uagb-post__text uagb-post-grid-byline'>\n\t\t\t\t\t\t\t<\/div>\n\t\t\t\t\t\t<div class=\"uagb-post__text uagb-post__cta wp-block-button\">\n\t\t\t\t<a class=\"wp-block-button__link uagb-text-link\" style=\"\" href=\"https:\/\/aviacionaldia.com\/en\/2026\/08\/american-airlines-to-resume-direct-flights-between-miami-and-caracas-starting-in-september.html\" target=\"_self\" rel=\"bookmark noopener noreferrer\">Read More<\/a>\n\t\t\t<\/div>\n\t\t\t\n\t\t\t\t\t\t\t\t\t<\/article>\n\t\t\t\t\t\t\t\t\t\t\t\t\t\t\t\t<article class=\"uagb-post__inner-wrap\">\t\t\t\t\t\t\t\t<div class='uagb-post__image'>\n\t\t\t\t\t\t\t\t\t<a href=\"https:\/\/aviacionaldia.com\/en\/2026\/08\/investigation-reveals-two-controllers-left-posts-prior-to-air-canada-aircraft-and-fire-truck-collision-at-laguardia.html\" target=\"_self\" rel=\"bookmark noopener noreferrer\" class='uagb-image-ratio-inherit'><img decoding=\"async\" width=\"800\" height=\"400\" src=\"https:\/\/aviacionaldia.com\/wp-content\/uploads\/2026\/03\/Accidente-de-avion-de-Air-Canada-Express-en-LaGuardia.webp\" class=\"attachment-large size-large\" alt=\"\" srcset=\"https:\/\/aviacionaldia.com\/wp-content\/uploads\/2026\/03\/Accidente-de-avion-de-Air-Canada-Express-en-LaGuardia.webp 800w, https:\/\/aviacionaldia.com\/wp-content\/uploads\/2026\/03\/Accidente-de-avion-de-Air-Canada-Express-en-LaGuardia-300x150.webp 300w, https:\/\/aviacionaldia.com\/wp-content\/uploads\/2026\/03\/Accidente-de-avion-de-Air-Canada-Express-en-LaGuardia-768x384.webp 768w, https:\/\/aviacionaldia.com\/wp-content\/uploads\/2026\/03\/Accidente-de-avion-de-Air-Canada-Express-en-LaGuardia-380x190.webp 380w\" sizes=\"(max-width: 800px) 100vw, 800px\" \/>\t\t\t\t\t<\/a>\n\t\t\t\t\t\t\t<\/div>\n\t\t\t\t\t\t<h4 class=\"uagb-post__title uagb-post__text\">\n\t\t\t\t<a href=\"https:\/\/aviacionaldia.com\/en\/2026\/08\/investigation-reveals-two-controllers-left-posts-prior-to-air-canada-aircraft-and-fire-truck-collision-at-laguardia.html\" target=\"_self\" rel=\"bookmark noopener noreferrer\">Investigation Reveals Two Controllers Left Posts Prior to Air Canada Aircraft and Fire Truck Collision at LaGuardia<\/a>\n\t\t\t<\/h4>\n\t\t\t\t\t\t<div class='uagb-post__text uagb-post-grid-byline'>\n\t\t\t\t\t\t\t<\/div>\n\t\t\t\t\t\t<div class=\"uagb-post__text uagb-post__cta wp-block-button\">\n\t\t\t\t<a class=\"wp-block-button__link uagb-text-link\" style=\"\" href=\"https:\/\/aviacionaldia.com\/en\/2026\/08\/investigation-reveals-two-controllers-left-posts-prior-to-air-canada-aircraft-and-fire-truck-collision-at-laguardia.html\" target=\"_self\" rel=\"bookmark noopener noreferrer\">Read More<\/a>\n\t\t\t<\/div>\n\t\t\t\n\t\t\t\t\t\t\t\t\t<\/article>\n\t\t\t\t\t\t\t\t\t\t\t<\/div>\n\t\t\t","protected":false},"excerpt":{"rendered":"Lufthansa Group announced that it plans to resume direct flights between Frankfurt and Panama City as of March&hellip;\n","protected":false},"author":4316,"featured_media":111077,"comment_status":"closed","ping_status":"closed","sticky":false,"template":"","format":"standard","meta":{"_uag_custom_page_level_css":"","footnotes":""},"categories":[1],"tags":[230,198,211,203,248],"class_list":{"0":"post-111091","1":"post","2":"type-post","3":"status-publish","4":"format-standard","5":"has-post-thumbnail","7":"category-airlines","8":"tag-airline","9":"tag-flights","10":"tag-latin-america","11":"tag-lufthansa-2","12":"tag-panama-3"},"uagb_featured_image_src":{"full":["https:\/\/aviacionaldia.com\/wp-content\/uploads\/2021\/05\/Lufthansa-A330.jpg",800,400,false],"thumbnail":["https:\/\/aviacionaldia.com\/wp-content\/uploads\/2021\/05\/Lufthansa-A330-150x150.jpg",150,150,true],"medium":["https:\/\/aviacionaldia.com\/wp-content\/uploads\/2021\/05\/Lufthansa-A330-300x150.jpg",300,150,true],"medium_large":["https:\/\/aviacionaldia.com\/wp-content\/uploads\/2021\/05\/Lufthansa-A330-768x384.jpg",768,384,true],"large":["https:\/\/aviacionaldia.com\/wp-content\/uploads\/2021\/05\/Lufthansa-A330.jpg",800,400,false],"1536x1536":["https:\/\/aviacionaldia.com\/wp-content\/uploads\/2021\/05\/Lufthansa-A330.jpg",800,400,false],"2048x2048":["https:\/\/aviacionaldia.com\/wp-content\/uploads\/2021\/05\/Lufthansa-A330.jpg",800,400,false],"pk-small":["https:\/\/aviacionaldia.com\/wp-content\/uploads\/2021\/05\/Lufthansa-A330.jpg",80,40,false],"pk-thumbnail":["https:\/\/aviacionaldia.com\/wp-content\/uploads\/2021\/05\/Lufthansa-A330.jpg",300,150,false],"csco-small":["https:\/\/aviacionaldia.com\/wp-content\/uploads\/2021\/05\/Lufthansa-A330-80x80.jpg",80,80,true],"csco-intermediate":["https:\/\/aviacionaldia.com\/wp-content\/uploads\/2021\/05\/Lufthansa-A330-200x140.jpg",200,140,true],"csco-thumbnail":["https:\/\/aviacionaldia.com\/wp-content\/uploads\/2021\/05\/Lufthansa-A330-380x220.jpg",380,220,true],"csco-thumbnail-alternative":["https:\/\/aviacionaldia.com\/wp-content\/uploads\/2021\/05\/Lufthansa-A330-300x180.jpg",300,180,true],"csco-thumbnail-uncropped":["https:\/\/aviacionaldia.com\/wp-content\/uploads\/2021\/05\/Lufthansa-A330-380x190.jpg",380,190,true],"csco-medium":["https:\/\/aviacionaldia.com\/wp-content\/uploads\/2021\/05\/Lufthansa-A330.jpg",800,400,false],"csco-medium-alternative":["https:\/\/aviacionaldia.com\/wp-content\/uploads\/2021\/05\/Lufthansa-A330-560x336.jpg",560,336,true],"csco-medium-uncropped":["https:\/\/aviacionaldia.com\/wp-content\/uploads\/2021\/05\/Lufthansa-A330.jpg",800,400,false],"csco-large":["https:\/\/aviacionaldia.com\/wp-content\/uploads\/2021\/05\/Lufthansa-A330.jpg",800,400,false],"csco-large-uncropped":["https:\/\/aviacionaldia.com\/wp-content\/uploads\/2021\/05\/Lufthansa-A330.jpg",800,400,false],"csco-extra-large":["https:\/\/aviacionaldia.com\/wp-content\/uploads\/2021\/05\/Lufthansa-A330.jpg",800,400,false]},"uagb_author_info":{"display_name":"Redacci\u00f3n - Aviaci\u00f3n al D\u00eda","author_link":"https:\/\/aviacionaldia.com\/en\/author\/aad"},"uagb_comment_info":0,"uagb_excerpt":"Lufthansa Group announced that it plans to resume direct flights between Frankfurt and Panama City as of March&hellip;","amp_enabled":true,"_links":{"self":[{"href":"https:\/\/aviacionaldia.com\/en\/wp-json\/wp\/v2\/posts\/111091","targetHints":{"allow":["GET"]}}],"collection":[{"href":"https:\/\/aviacionaldia.com\/en\/wp-json\/wp\/v2\/posts"}],"about":[{"href":"https:\/\/aviacionaldia.com\/en\/wp-json\/wp\/v2\/types\/post"}],"author":[{"embeddable":true,"href":"https:\/\/aviacionaldia.com\/en\/wp-json\/wp\/v2\/users\/4316"}],"replies":[{"embeddable":true,"href":"https:\/\/aviacionaldia.com\/en\/wp-json\/wp\/v2\/comments?post=111091"}],"version-history":[{"count":2,"href":"https:\/\/aviacionaldia.com\/en\/wp-json\/wp\/v2\/posts\/111091\/revisions"}],"predecessor-version":[{"id":111096,"href":"https:\/\/aviacionaldia.com\/en\/wp-json\/wp\/v2\/posts\/111091\/revisions\/111096"}],"wp:featuredmedia":[{"embeddable":true,"href":"https:\/\/aviacionaldia.com\/en\/wp-json\/wp\/v2\/media\/111077"}],"wp:attachment":[{"href":"https:\/\/aviacionaldia.com\/en\/wp-json\/wp\/v2\/media?parent=111091"}],"wp:term":[{"taxonomy":"category","embeddable":true,"href":"https:\/\/aviacionaldia.com\/en\/wp-json\/wp\/v2\/categories?post=111091"},{"taxonomy":"post_tag","embeddable":true,"href":"https:\/\/aviacionaldia.com\/en\/wp-json\/wp\/v2\/tags?post=111091"}],"curies":[{"name":"wp","href":"https:\/\/api.w.org\/{rel}","templated":true}]}}