{"id":111580,"date":"2021-06-08T20:30:00","date_gmt":"2021-06-08T20:30:00","guid":{"rendered":"https:\/?p=111580"},"modified":"2021-06-09T11:46:34","modified_gmt":"2021-06-09T11:46:34","slug":"latam-colombia-recover-offer-in-july","status":"publish","type":"post","link":"https:\/\/aviacionaldia.com\/en\/2021\/06\/latam-colombia-recover-offer-in-july.html","title":{"rendered":"Latam Colombia will recover 100% its offer in July."},"content":{"rendered":"\n<p><strong>Latam Colombia <\/strong>announced Tuesday the growth plan to be implemented in the second half of the year in the country, which proposes an investment that will be reflected in the incorporation of three Airbus A320 aircraft and a 20% growth in the number of seats offered on domestic routes to achieve the recovery of 100% of its offer in July, finally reaching pre-pandemic levels for the same month in 2019.<\/p>\n\n\n\n<p>In terms of supply, it will continue with its strategy of decentralizing its Bogot\u00e1 operation, which will leverage the growth of its domestic network to reach 15 domestic destinations with 27 routes.<\/p>\n\n\n\n<p>Thus, on July 1, the Medell\u00edn-C\u00facuta route will start operating with seven weekly frequencies. And in August, passengers will be able to fly directly to Bucaramanga from Medell\u00edn with four weekly frequencies operated by Airbus A319 and A320 aircraft.<\/p>\n\n\n\n<p>Also, weekly frequencies will be gradually increased on eight routes operated directly from Cali and Medell\u00edn to reach 35 additional weekly frequencies by August, <a href=\"https:\/\/www.portafolio.co\/\" target=\"_blank\" rel=\"noreferrer noopener nofollow\">Portafolio<\/a> reported.<\/p>\n\n\n\n<p>&#8220;The reconfiguration of the air market in Colombia has allowed us to achieve positive results. Undoubtedly, the local market is offering an opportunity for growth and Latam Group to be a protagonist in this transformation,&#8221; said Santiago Alvarez, CEO of Latam Colombia.<\/p>\n\n\n\n<p>On the other hand, with the arrival of the three additional Airbus A320 aircraft, Latam Colombia&#8217;s fleet will consist of 7 Airbus A319s and 12 Airbus A320s. Of the latter 11 have already undergone the process of total renovation of the interior of the cabins, including the increase in capacity to 180 seats, which began in 2019. Initially, the aircraft to be incorporated to the fleet will be based in Medell\u00edn.<\/p>\n\n\n\n<p>&#8220;The investment projected for the second half of 2021 is strategic for the Group in its process of reorganization and recovery from the crisis generated by the pandemic. In the end, we are facing a situation where the country, the consumer, airport concessionaires and travel agencies have much to gain from the development &#8211; increasingly clearer &#8211; of a market with lower levels of concentration in a single airline operator&#8221;, said \u00c1lvarez.<\/p>\n\n\n\n<p>Photo: Carlos Daniel Dobelli\/<a href=\"https:\/\/commons.wikimedia.org\/wiki\/File:LATAM_A320-233_LV-BSJ_(33907622701).jpg\" target=\"_blank\" rel=\"noreferrer noopener nofollow\">Wikimedia<\/a><\/p>\n\n\n\n<h2 class=\"wp-block-heading\">Related Topics<\/h2>\n\n\n\n\t\t\t<div class=\"wp-block-uagb-post-grid uagb-post-grid  uagb-post__image-position-top uagb-post__image-enabled uagb-block-b67f5f0e     uagb-post__items uagb-post__columns-2 is-grid uagb-post__columns-tablet-2 uagb-post__columns-mobile-1 uagb-post__equal-height\" data-total=\"201\" style=\"\">\n\n\t\t\t\t\t\t\t\t\t\t\t\t<article class=\"uagb-post__inner-wrap\">\t\t\t\t\t\t\t\t<div class='uagb-post__image'>\n\t\t\t\t\t\t\t\t\t<a href=\"https:\/\/aviacionaldia.com\/en\/2026\/04\/biman-bangladesh-airlines-drives-growth-with-historic-order-for-14-boeing-jets.html\" target=\"_self\" rel=\"bookmark noopener noreferrer\" class='uagb-image-ratio-inherit'><img decoding=\"async\" width=\"800\" height=\"400\" src=\"https:\/\/aviacionaldia.com\/wp-content\/uploads\/2026\/04\/Biman-Bangladesh-Airlines-Pedido-de-aviones-Boeing.webp\" class=\"attachment-large size-large\" alt=\"\" srcset=\"https:\/\/aviacionaldia.com\/wp-content\/uploads\/2026\/04\/Biman-Bangladesh-Airlines-Pedido-de-aviones-Boeing.webp 800w, https:\/\/aviacionaldia.com\/wp-content\/uploads\/2026\/04\/Biman-Bangladesh-Airlines-Pedido-de-aviones-Boeing-300x150.webp 300w, https:\/\/aviacionaldia.com\/wp-content\/uploads\/2026\/04\/Biman-Bangladesh-Airlines-Pedido-de-aviones-Boeing-768x384.webp 768w, https:\/\/aviacionaldia.com\/wp-content\/uploads\/2026\/04\/Biman-Bangladesh-Airlines-Pedido-de-aviones-Boeing-380x190.webp 380w\" sizes=\"(max-width: 800px) 100vw, 800px\" \/>\t\t\t\t\t<\/a>\n\t\t\t\t\t\t\t<\/div>\n\t\t\t\t\t\t<h4 class=\"uagb-post__title uagb-post__text\">\n\t\t\t\t<a href=\"https:\/\/aviacionaldia.com\/en\/2026\/04\/biman-bangladesh-airlines-drives-growth-with-historic-order-for-14-boeing-jets.html\" target=\"_self\" rel=\"bookmark noopener noreferrer\">Biman Bangladesh Airlines Drives Growth with Historic Order for 14 Boeing Jets<\/a>\n\t\t\t<\/h4>\n\t\t\t\t\t\t<div class='uagb-post__text uagb-post-grid-byline'>\n\t\t\t\t\t\t\t<\/div>\n\t\t\t\t\t\t<div class=\"uagb-post__text uagb-post__cta wp-block-button\">\n\t\t\t\t<a class=\"wp-block-button__link uagb-text-link\" style=\"\" href=\"https:\/\/aviacionaldia.com\/en\/2026\/04\/biman-bangladesh-airlines-drives-growth-with-historic-order-for-14-boeing-jets.html\" target=\"_self\" rel=\"bookmark noopener noreferrer\">Read More<\/a>\n\t\t\t<\/div>\n\t\t\t\n\t\t\t\t\t\t\t\t\t<\/article>\n\t\t\t\t\t\t\t\t\t\t\t\t\t\t\t\t<article class=\"uagb-post__inner-wrap\">\t\t\t\t\t\t\t\t<div class='uagb-post__image'>\n\t\t\t\t\t\t\t\t\t<a href=\"https:\/\/aviacionaldia.com\/en\/2026\/04\/scat-airlines-boosts-expansion-with-new-boeing-737-max-order.html\" target=\"_self\" rel=\"bookmark noopener noreferrer\" class='uagb-image-ratio-inherit'><img decoding=\"async\" width=\"800\" height=\"400\" src=\"https:\/\/aviacionaldia.com\/wp-content\/uploads\/2026\/04\/SCAT-Airlines-Boeing-737-MAX.webp\" class=\"attachment-large size-large\" alt=\"\" srcset=\"https:\/\/aviacionaldia.com\/wp-content\/uploads\/2026\/04\/SCAT-Airlines-Boeing-737-MAX.webp 800w, https:\/\/aviacionaldia.com\/wp-content\/uploads\/2026\/04\/SCAT-Airlines-Boeing-737-MAX-300x150.webp 300w, https:\/\/aviacionaldia.com\/wp-content\/uploads\/2026\/04\/SCAT-Airlines-Boeing-737-MAX-768x384.webp 768w, https:\/\/aviacionaldia.com\/wp-content\/uploads\/2026\/04\/SCAT-Airlines-Boeing-737-MAX-380x190.webp 380w\" sizes=\"(max-width: 800px) 100vw, 800px\" \/>\t\t\t\t\t<\/a>\n\t\t\t\t\t\t\t<\/div>\n\t\t\t\t\t\t<h4 class=\"uagb-post__title uagb-post__text\">\n\t\t\t\t<a href=\"https:\/\/aviacionaldia.com\/en\/2026\/04\/scat-airlines-boosts-expansion-with-new-boeing-737-max-order.html\" target=\"_self\" rel=\"bookmark noopener noreferrer\">SCAT Airlines Boosts Expansion with New Boeing 737 MAX Order<\/a>\n\t\t\t<\/h4>\n\t\t\t\t\t\t<div class='uagb-post__text uagb-post-grid-byline'>\n\t\t\t\t\t\t\t<\/div>\n\t\t\t\t\t\t<div class=\"uagb-post__text uagb-post__cta wp-block-button\">\n\t\t\t\t<a class=\"wp-block-button__link uagb-text-link\" style=\"\" href=\"https:\/\/aviacionaldia.com\/en\/2026\/04\/scat-airlines-boosts-expansion-with-new-boeing-737-max-order.html\" target=\"_self\" rel=\"bookmark noopener noreferrer\">Read More<\/a>\n\t\t\t<\/div>\n\t\t\t\n\t\t\t\t\t\t\t\t\t<\/article>\n\t\t\t\t\t\t\t\t\t\t\t\t\t\t\t\t<article class=\"uagb-post__inner-wrap\">\t\t\t\t\t\t\t\t<div class='uagb-post__image'>\n\t\t\t\t\t\t\t\t\t<a href=\"https:\/\/aviacionaldia.com\/en\/2026\/04\/copa-airlines-orders-60-additional-boeing-737-max-jets-projects-a-fleet-of-200-by-2034.html\" target=\"_self\" rel=\"bookmark noopener noreferrer\" class='uagb-image-ratio-inherit'><img decoding=\"async\" width=\"800\" height=\"400\" src=\"https:\/\/aviacionaldia.com\/wp-content\/uploads\/2019\/02\/Copa-Airlines-Boeing-737-MAX-9.jpg\" class=\"attachment-large size-large\" alt=\"\" srcset=\"https:\/\/aviacionaldia.com\/wp-content\/uploads\/2019\/02\/Copa-Airlines-Boeing-737-MAX-9.jpg 800w, https:\/\/aviacionaldia.com\/wp-content\/uploads\/2019\/02\/Copa-Airlines-Boeing-737-MAX-9-300x150.jpg 300w, https:\/\/aviacionaldia.com\/wp-content\/uploads\/2019\/02\/Copa-Airlines-Boeing-737-MAX-9-768x384.jpg 768w, https:\/\/aviacionaldia.com\/wp-content\/uploads\/2019\/02\/Copa-Airlines-Boeing-737-MAX-9-380x190.jpg 380w\" sizes=\"(max-width: 800px) 100vw, 800px\" \/>\t\t\t\t\t<\/a>\n\t\t\t\t\t\t\t<\/div>\n\t\t\t\t\t\t<h4 class=\"uagb-post__title uagb-post__text\">\n\t\t\t\t<a href=\"https:\/\/aviacionaldia.com\/en\/2026\/04\/copa-airlines-orders-60-additional-boeing-737-max-jets-projects-a-fleet-of-200-by-2034.html\" target=\"_self\" rel=\"bookmark noopener noreferrer\">Copa Airlines Orders 60 Additional Boeing 737 MAX Jets: Projects a Fleet of 200 by 2034<\/a>\n\t\t\t<\/h4>\n\t\t\t\t\t\t<div class='uagb-post__text uagb-post-grid-byline'>\n\t\t\t\t\t\t\t<\/div>\n\t\t\t\t\t\t<div class=\"uagb-post__text uagb-post__cta wp-block-button\">\n\t\t\t\t<a class=\"wp-block-button__link uagb-text-link\" style=\"\" href=\"https:\/\/aviacionaldia.com\/en\/2026\/04\/copa-airlines-orders-60-additional-boeing-737-max-jets-projects-a-fleet-of-200-by-2034.html\" target=\"_self\" rel=\"bookmark noopener noreferrer\">Read More<\/a>\n\t\t\t<\/div>\n\t\t\t\n\t\t\t\t\t\t\t\t\t<\/article>\n\t\t\t\t\t\t\t\t\t\t\t\t\t\t\t\t<article class=\"uagb-post__inner-wrap\">\t\t\t\t\t\t\t\t<div class='uagb-post__image'>\n\t\t\t\t\t\t\t\t\t<a href=\"https:\/\/aviacionaldia.com\/en\/2026\/04\/boeing-narrows-first-quarter-losses-signals-operational-recovery.html\" target=\"_self\" rel=\"bookmark noopener noreferrer\" class='uagb-image-ratio-inherit'><img decoding=\"async\" width=\"800\" height=\"400\" src=\"https:\/\/aviacionaldia.com\/wp-content\/uploads\/2018\/10\/Boeing.jpg\" class=\"attachment-large size-large\" alt=\"\" srcset=\"https:\/\/aviacionaldia.com\/wp-content\/uploads\/2018\/10\/Boeing.jpg 800w, https:\/\/aviacionaldia.com\/wp-content\/uploads\/2018\/10\/Boeing-300x150.jpg 300w, https:\/\/aviacionaldia.com\/wp-content\/uploads\/2018\/10\/Boeing-768x384.jpg 768w, https:\/\/aviacionaldia.com\/wp-content\/uploads\/2018\/10\/Boeing-380x190.jpg 380w\" sizes=\"(max-width: 800px) 100vw, 800px\" \/>\t\t\t\t\t<\/a>\n\t\t\t\t\t\t\t<\/div>\n\t\t\t\t\t\t<h4 class=\"uagb-post__title uagb-post__text\">\n\t\t\t\t<a href=\"https:\/\/aviacionaldia.com\/en\/2026\/04\/boeing-narrows-first-quarter-losses-signals-operational-recovery.html\" target=\"_self\" rel=\"bookmark noopener noreferrer\">Boeing Narrows First-Quarter Losses, Signals Operational Recovery<\/a>\n\t\t\t<\/h4>\n\t\t\t\t\t\t<div class='uagb-post__text uagb-post-grid-byline'>\n\t\t\t\t\t\t\t<\/div>\n\t\t\t\t\t\t<div class=\"uagb-post__text uagb-post__cta wp-block-button\">\n\t\t\t\t<a class=\"wp-block-button__link uagb-text-link\" style=\"\" href=\"https:\/\/aviacionaldia.com\/en\/2026\/04\/boeing-narrows-first-quarter-losses-signals-operational-recovery.html\" target=\"_self\" rel=\"bookmark noopener noreferrer\">Read More<\/a>\n\t\t\t<\/div>\n\t\t\t\n\t\t\t\t\t\t\t\t\t<\/article>\n\t\t\t\t\t\t\t\t\t\t\t<\/div>\n\t\t\t","protected":false},"excerpt":{"rendered":"Latam Colombia announced Tuesday the growth plan to be implemented in the second half of the year in&hellip;\n","protected":false},"author":4316,"featured_media":105079,"comment_status":"closed","ping_status":"closed","sticky":false,"template":"","format":"standard","meta":{"_uag_custom_page_level_css":"","footnotes":""},"categories":[1],"tags":[230,196,199,211],"class_list":{"0":"post-111580","1":"post","2":"type-post","3":"status-publish","4":"format-standard","5":"has-post-thumbnail","7":"category-airlines","8":"tag-airline","9":"tag-colombia-2","10":"tag-latam-airlines-2","11":"tag-latin-america"},"uagb_featured_image_src":{"full":["https:\/\/aviacionaldia.com\/wp-content\/uploads\/2021\/01\/Latam-Airlines-A320.jpg",800,400,false],"thumbnail":["https:\/\/aviacionaldia.com\/wp-content\/uploads\/2021\/01\/Latam-Airlines-A320-150x150.jpg",150,150,true],"medium":["https:\/\/aviacionaldia.com\/wp-content\/uploads\/2021\/01\/Latam-Airlines-A320-300x150.jpg",300,150,true],"medium_large":["https:\/\/aviacionaldia.com\/wp-content\/uploads\/2021\/01\/Latam-Airlines-A320-768x384.jpg",768,384,true],"large":["https:\/\/aviacionaldia.com\/wp-content\/uploads\/2021\/01\/Latam-Airlines-A320.jpg",800,400,false],"1536x1536":["https:\/\/aviacionaldia.com\/wp-content\/uploads\/2021\/01\/Latam-Airlines-A320.jpg",800,400,false],"2048x2048":["https:\/\/aviacionaldia.com\/wp-content\/uploads\/2021\/01\/Latam-Airlines-A320.jpg",800,400,false],"pk-small":["https:\/\/aviacionaldia.com\/wp-content\/uploads\/2021\/01\/Latam-Airlines-A320.jpg",80,40,false],"pk-thumbnail":["https:\/\/aviacionaldia.com\/wp-content\/uploads\/2021\/01\/Latam-Airlines-A320.jpg",300,150,false],"csco-small":["https:\/\/aviacionaldia.com\/wp-content\/uploads\/2021\/01\/Latam-Airlines-A320-80x80.jpg",80,80,true],"csco-intermediate":["https:\/\/aviacionaldia.com\/wp-content\/uploads\/2021\/01\/Latam-Airlines-A320-200x140.jpg",200,140,true],"csco-thumbnail":["https:\/\/aviacionaldia.com\/wp-content\/uploads\/2021\/01\/Latam-Airlines-A320-380x220.jpg",380,220,true],"csco-thumbnail-alternative":["https:\/\/aviacionaldia.com\/wp-content\/uploads\/2021\/01\/Latam-Airlines-A320-300x180.jpg",300,180,true],"csco-thumbnail-uncropped":["https:\/\/aviacionaldia.com\/wp-content\/uploads\/2021\/01\/Latam-Airlines-A320-380x190.jpg",380,190,true],"csco-medium":["https:\/\/aviacionaldia.com\/wp-content\/uploads\/2021\/01\/Latam-Airlines-A320.jpg",800,400,false],"csco-medium-alternative":["https:\/\/aviacionaldia.com\/wp-content\/uploads\/2021\/01\/Latam-Airlines-A320-560x336.jpg",560,336,true],"csco-medium-uncropped":["https:\/\/aviacionaldia.com\/wp-content\/uploads\/2021\/01\/Latam-Airlines-A320.jpg",800,400,false],"csco-large":["https:\/\/aviacionaldia.com\/wp-content\/uploads\/2021\/01\/Latam-Airlines-A320.jpg",800,400,false],"csco-large-uncropped":["https:\/\/aviacionaldia.com\/wp-content\/uploads\/2021\/01\/Latam-Airlines-A320.jpg",800,400,false],"csco-extra-large":["https:\/\/aviacionaldia.com\/wp-content\/uploads\/2021\/01\/Latam-Airlines-A320.jpg",800,400,false]},"uagb_author_info":{"display_name":"Redacci\u00f3n - Aviaci\u00f3n al D\u00eda","author_link":"https:\/\/aviacionaldia.com\/en\/author\/aad"},"uagb_comment_info":0,"uagb_excerpt":"Latam Colombia announced Tuesday the growth plan to be implemented in the second half of the year in&hellip;","amp_enabled":true,"_links":{"self":[{"href":"https:\/\/aviacionaldia.com\/en\/wp-json\/wp\/v2\/posts\/111580","targetHints":{"allow":["GET"]}}],"collection":[{"href":"https:\/\/aviacionaldia.com\/en\/wp-json\/wp\/v2\/posts"}],"about":[{"href":"https:\/\/aviacionaldia.com\/en\/wp-json\/wp\/v2\/types\/post"}],"author":[{"embeddable":true,"href":"https:\/\/aviacionaldia.com\/en\/wp-json\/wp\/v2\/users\/4316"}],"replies":[{"embeddable":true,"href":"https:\/\/aviacionaldia.com\/en\/wp-json\/wp\/v2\/comments?post=111580"}],"version-history":[{"count":1,"href":"https:\/\/aviacionaldia.com\/en\/wp-json\/wp\/v2\/posts\/111580\/revisions"}],"predecessor-version":[{"id":111581,"href":"https:\/\/aviacionaldia.com\/en\/wp-json\/wp\/v2\/posts\/111580\/revisions\/111581"}],"wp:featuredmedia":[{"embeddable":true,"href":"https:\/\/aviacionaldia.com\/en\/wp-json\/wp\/v2\/media\/105079"}],"wp:attachment":[{"href":"https:\/\/aviacionaldia.com\/en\/wp-json\/wp\/v2\/media?parent=111580"}],"wp:term":[{"taxonomy":"category","embeddable":true,"href":"https:\/\/aviacionaldia.com\/en\/wp-json\/wp\/v2\/categories?post=111580"},{"taxonomy":"post_tag","embeddable":true,"href":"https:\/\/aviacionaldia.com\/en\/wp-json\/wp\/v2\/tags?post=111580"}],"curies":[{"name":"wp","href":"https:\/\/api.w.org\/{rel}","templated":true}]}}