{"id":113153,"date":"2021-07-07T20:30:00","date_gmt":"2021-07-07T20:30:00","guid":{"rendered":"https:\/?p=113153"},"modified":"2021-07-08T00:14:14","modified_gmt":"2021-07-08T00:14:14","slug":"air-canada-resumes-flights-to-key-destinations-around-the-world","status":"publish","type":"post","link":"https:\/\/aviacionaldia.com\/en\/2021\/07\/air-canada-resumes-flights-to-key-destinations-around-the-world.html","title":{"rendered":"Air Canada resumes flights to key destinations around the world."},"content":{"rendered":"\n<p><strong>Air Canada<\/strong> on Tuesday unveiled details of its planned international schedule for this summer, which includes the resumption of 17 routes and 11 destinations worldwide from its hubs.<\/p>\n\n\n\n<p><em><strong>See also:<\/strong> <a href=\"https:\/en\/2021\/06\/delta-flight-museum-reopens-in-july.html\">Delta Flight Museum reopens in July.<\/a><\/em><\/p>\n\n\n\n<p><strong>International flights for summer 2021<\/strong><\/p>\n\n\n\n<p>Calgary-Frankfurt route to start Aug. 1; Toronto-Vienna on July 21; Toronto-Dublin on Aug. 1; Toronto-Paris on Aug. 2; Toronto-Zurich on Aug. 3; Montreal-Geneva on July 22; Montreal-Tel Aviv on Aug. 1; Montreal-London on Aug. 3.<\/p>\n\n\n\n<p>The airline is also offering for the first time a single non-stop service from Montreal to Cairo, Egypt, three times a week.<\/p>\n\n\n\n<p><strong><em>See also: <\/em><\/strong><a href=\"https:\/en\/2021\/06\/level-resumes-flights-between-barcelona-and-san-francisco.html\"><em>LEVEL resumes flights between Barcelona and San Francisco.<\/em><\/a><\/p>\n\n\n\n<p><strong>Routes resumed by Air Canada: <\/strong>Toronto-Athens; Toronto-Dubai; Toronto-Rome; Toronto-Lisbon; Montreal-Athens; Montreal-Casablanca; Montreal-Rome; Montreal-Lisbon; Vancouver-London.<\/p>\n\n\n\n<p>The airline continues to operate to other destinations such as: Brussels, Bogota, Doha, Hong Kong, Seoul, Shanghai and Tokyo.<\/p>\n\n\n\n<p>&#8220;As travel restrictions ease across the globe, we are committed to rebuild our international network and continue as a global carrier to connect Canada to the world, while also developing additional markets and targeting new opportunities&#8221; said Mark Galardo, Senior Vice President, Network Planning and Revenue Management at Air Canada.<\/p>\n\n\n\n<h2 class=\"wp-block-heading\">Related Topics<\/h2>\n\n\n\n\t\t\t<div class=\"wp-block-uagb-post-grid uagb-post-grid  uagb-post__image-position-top uagb-post__image-enabled uagb-block-10918fe0     uagb-post__items uagb-post__columns-2 is-grid uagb-post__columns-tablet-2 uagb-post__columns-mobile-1 uagb-post__equal-height\" data-total=\"417\" style=\"\">\n\n\t\t\t\t\t\t\t\t\t\t\t\t<article class=\"uagb-post__inner-wrap\">\t\t\t\t\t\t\t\t<div class='uagb-post__image'>\n\t\t\t\t\t\t\t\t\t<a href=\"https:\/\/aviacionaldia.com\/en\/2026\/04\/alta-maps-out-roadmap-to-net-zero-challenges-and-opportunities-for-aviation-in-latin-america-and-the-caribbean.html\" target=\"_self\" rel=\"bookmark noopener noreferrer\" class='uagb-image-ratio-inherit'><img decoding=\"async\" width=\"800\" height=\"400\" src=\"https:\/\/aviacionaldia.com\/wp-content\/uploads\/2026\/04\/Avion-Emisiones.webp\" class=\"attachment-large size-large\" alt=\"\" srcset=\"https:\/\/aviacionaldia.com\/wp-content\/uploads\/2026\/04\/Avion-Emisiones.webp 800w, https:\/\/aviacionaldia.com\/wp-content\/uploads\/2026\/04\/Avion-Emisiones-300x150.webp 300w, https:\/\/aviacionaldia.com\/wp-content\/uploads\/2026\/04\/Avion-Emisiones-768x384.webp 768w, https:\/\/aviacionaldia.com\/wp-content\/uploads\/2026\/04\/Avion-Emisiones-380x190.webp 380w\" sizes=\"(max-width: 800px) 100vw, 800px\" \/>\t\t\t\t\t<\/a>\n\t\t\t\t\t\t\t<\/div>\n\t\t\t\t\t\t<h4 class=\"uagb-post__title uagb-post__text\">\n\t\t\t\t<a href=\"https:\/\/aviacionaldia.com\/en\/2026\/04\/alta-maps-out-roadmap-to-net-zero-challenges-and-opportunities-for-aviation-in-latin-america-and-the-caribbean.html\" target=\"_self\" rel=\"bookmark noopener noreferrer\">ALTA Maps Out Roadmap to Net Zero: Challenges and Opportunities for Aviation in Latin America and the Caribbean<\/a>\n\t\t\t<\/h4>\n\t\t\t\t\t\t<div class='uagb-post__text uagb-post-grid-byline'>\n\t\t\t\t\t\t\t<\/div>\n\t\t\t\t\t\t<div class=\"uagb-post__text uagb-post__cta wp-block-button\">\n\t\t\t\t<a class=\"wp-block-button__link uagb-text-link\" style=\"\" href=\"https:\/\/aviacionaldia.com\/en\/2026\/04\/alta-maps-out-roadmap-to-net-zero-challenges-and-opportunities-for-aviation-in-latin-america-and-the-caribbean.html\" target=\"_self\" rel=\"bookmark noopener noreferrer\">Read More<\/a>\n\t\t\t<\/div>\n\t\t\t\n\t\t\t\t\t\t\t\t\t<\/article>\n\t\t\t\t\t\t\t\t\t\t\t\t\t\t\t\t<article class=\"uagb-post__inner-wrap\">\t\t\t\t\t\t\t\t<div class='uagb-post__image'>\n\t\t\t\t\t\t\t\t\t<a href=\"https:\/\/aviacionaldia.com\/en\/2026\/04\/air-traffic-in-latin-america-and-the-caribbean-grows-6-6-in-february.html\" target=\"_self\" rel=\"bookmark noopener noreferrer\" class='uagb-image-ratio-inherit'><img decoding=\"async\" width=\"800\" height=\"400\" src=\"https:\/\/aviacionaldia.com\/wp-content\/uploads\/2021\/11\/Pasajeros-de-avion.jpg\" class=\"attachment-large size-large\" alt=\"\" srcset=\"https:\/\/aviacionaldia.com\/wp-content\/uploads\/2021\/11\/Pasajeros-de-avion.jpg 800w, https:\/\/aviacionaldia.com\/wp-content\/uploads\/2021\/11\/Pasajeros-de-avion-300x150.jpg 300w, https:\/\/aviacionaldia.com\/wp-content\/uploads\/2021\/11\/Pasajeros-de-avion-768x384.jpg 768w, https:\/\/aviacionaldia.com\/wp-content\/uploads\/2021\/11\/Pasajeros-de-avion-380x190.jpg 380w\" sizes=\"(max-width: 800px) 100vw, 800px\" \/>\t\t\t\t\t<\/a>\n\t\t\t\t\t\t\t<\/div>\n\t\t\t\t\t\t<h4 class=\"uagb-post__title uagb-post__text\">\n\t\t\t\t<a href=\"https:\/\/aviacionaldia.com\/en\/2026\/04\/air-traffic-in-latin-america-and-the-caribbean-grows-6-6-in-february.html\" target=\"_self\" rel=\"bookmark noopener noreferrer\">Air Traffic in Latin America and the Caribbean Grows 6.6% in February<\/a>\n\t\t\t<\/h4>\n\t\t\t\t\t\t<div class='uagb-post__text uagb-post-grid-byline'>\n\t\t\t\t\t\t\t<\/div>\n\t\t\t\t\t\t<div class=\"uagb-post__text uagb-post__cta wp-block-button\">\n\t\t\t\t<a class=\"wp-block-button__link uagb-text-link\" style=\"\" href=\"https:\/\/aviacionaldia.com\/en\/2026\/04\/air-traffic-in-latin-america-and-the-caribbean-grows-6-6-in-february.html\" target=\"_self\" rel=\"bookmark noopener noreferrer\">Read More<\/a>\n\t\t\t<\/div>\n\t\t\t\n\t\t\t\t\t\t\t\t\t<\/article>\n\t\t\t\t\t\t\t\t\t\t\t\t\t\t\t\t<article class=\"uagb-post__inner-wrap\">\t\t\t\t\t\t\t\t<div class='uagb-post__image'>\n\t\t\t\t\t\t\t\t\t<a href=\"https:\/\/aviacionaldia.com\/en\/2026\/04\/latam-airlines-to-become-south-americas-first-to-offer-lie-flat-seats-on-airbus-a321xlr.html\" target=\"_self\" rel=\"bookmark noopener noreferrer\" class='uagb-image-ratio-inherit'><img decoding=\"async\" width=\"800\" height=\"400\" src=\"https:\/\/aviacionaldia.com\/wp-content\/uploads\/2026\/04\/Latam-Asientos-_Lie-Flat_-en-el-Airbus-A321XLR.webp\" class=\"attachment-large size-large\" alt=\"\" srcset=\"https:\/\/aviacionaldia.com\/wp-content\/uploads\/2026\/04\/Latam-Asientos-_Lie-Flat_-en-el-Airbus-A321XLR.webp 800w, https:\/\/aviacionaldia.com\/wp-content\/uploads\/2026\/04\/Latam-Asientos-_Lie-Flat_-en-el-Airbus-A321XLR-300x150.webp 300w, https:\/\/aviacionaldia.com\/wp-content\/uploads\/2026\/04\/Latam-Asientos-_Lie-Flat_-en-el-Airbus-A321XLR-768x384.webp 768w, https:\/\/aviacionaldia.com\/wp-content\/uploads\/2026\/04\/Latam-Asientos-_Lie-Flat_-en-el-Airbus-A321XLR-380x190.webp 380w\" sizes=\"(max-width: 800px) 100vw, 800px\" \/>\t\t\t\t\t<\/a>\n\t\t\t\t\t\t\t<\/div>\n\t\t\t\t\t\t<h4 class=\"uagb-post__title uagb-post__text\">\n\t\t\t\t<a href=\"https:\/\/aviacionaldia.com\/en\/2026\/04\/latam-airlines-to-become-south-americas-first-to-offer-lie-flat-seats-on-airbus-a321xlr.html\" target=\"_self\" rel=\"bookmark noopener noreferrer\">LATAM Airlines to Become South America&#8217;s First to Offer &#8220;Lie-Flat&#8221; Seats on Airbus A321XLR<\/a>\n\t\t\t<\/h4>\n\t\t\t\t\t\t<div class='uagb-post__text uagb-post-grid-byline'>\n\t\t\t\t\t\t\t<\/div>\n\t\t\t\t\t\t<div class=\"uagb-post__text uagb-post__cta wp-block-button\">\n\t\t\t\t<a class=\"wp-block-button__link uagb-text-link\" style=\"\" href=\"https:\/\/aviacionaldia.com\/en\/2026\/04\/latam-airlines-to-become-south-americas-first-to-offer-lie-flat-seats-on-airbus-a321xlr.html\" target=\"_self\" rel=\"bookmark noopener noreferrer\">Read More<\/a>\n\t\t\t<\/div>\n\t\t\t\n\t\t\t\t\t\t\t\t\t<\/article>\n\t\t\t\t\t\t\t\t\t\t\t\t\t\t\t\t<article class=\"uagb-post__inner-wrap\">\t\t\t\t\t\t\t\t<div class='uagb-post__image'>\n\t\t\t\t\t\t\t\t\t<a href=\"https:\/\/aviacionaldia.com\/en\/2026\/04\/jetsmart-launches-all-you-can-fly-annual-membership-for-unlimited-flights-across-south-america.html\" target=\"_self\" rel=\"bookmark noopener noreferrer\" class='uagb-image-ratio-inherit'><img decoding=\"async\" width=\"800\" height=\"400\" src=\"https:\/\/aviacionaldia.com\/wp-content\/uploads\/2026\/04\/JetSmart-All-You-Can-Fly.webp\" class=\"attachment-large size-large\" alt=\"\" srcset=\"https:\/\/aviacionaldia.com\/wp-content\/uploads\/2026\/04\/JetSmart-All-You-Can-Fly.webp 800w, https:\/\/aviacionaldia.com\/wp-content\/uploads\/2026\/04\/JetSmart-All-You-Can-Fly-300x150.webp 300w, https:\/\/aviacionaldia.com\/wp-content\/uploads\/2026\/04\/JetSmart-All-You-Can-Fly-768x384.webp 768w, https:\/\/aviacionaldia.com\/wp-content\/uploads\/2026\/04\/JetSmart-All-You-Can-Fly-380x190.webp 380w\" sizes=\"(max-width: 800px) 100vw, 800px\" \/>\t\t\t\t\t<\/a>\n\t\t\t\t\t\t\t<\/div>\n\t\t\t\t\t\t<h4 class=\"uagb-post__title uagb-post__text\">\n\t\t\t\t<a href=\"https:\/\/aviacionaldia.com\/en\/2026\/04\/jetsmart-launches-all-you-can-fly-annual-membership-for-unlimited-flights-across-south-america.html\" target=\"_self\" rel=\"bookmark noopener noreferrer\">JetSmart Launches &#8220;All You Can Fly&#8221;: Annual Membership for Unlimited Flights Across South America<\/a>\n\t\t\t<\/h4>\n\t\t\t\t\t\t<div class='uagb-post__text uagb-post-grid-byline'>\n\t\t\t\t\t\t\t<\/div>\n\t\t\t\t\t\t<div class=\"uagb-post__text uagb-post__cta wp-block-button\">\n\t\t\t\t<a class=\"wp-block-button__link uagb-text-link\" style=\"\" href=\"https:\/\/aviacionaldia.com\/en\/2026\/04\/jetsmart-launches-all-you-can-fly-annual-membership-for-unlimited-flights-across-south-america.html\" target=\"_self\" rel=\"bookmark noopener noreferrer\">Read More<\/a>\n\t\t\t<\/div>\n\t\t\t\n\t\t\t\t\t\t\t\t\t<\/article>\n\t\t\t\t\t\t\t\t\t\t\t<\/div>\n\t\t\t","protected":false},"excerpt":{"rendered":"Air Canada on Tuesday unveiled details of its planned international schedule for this summer, which includes the resumption&hellip;\n","protected":false},"author":4316,"featured_media":113138,"comment_status":"closed","ping_status":"closed","sticky":false,"template":"","format":"standard","meta":{"_uag_custom_page_level_css":"","footnotes":""},"categories":[1],"tags":[489,230,198],"class_list":{"0":"post-113153","1":"post","2":"type-post","3":"status-publish","4":"format-standard","5":"has-post-thumbnail","7":"category-airlines","8":"tag-air-canada-2","9":"tag-airline","10":"tag-flights"},"uagb_featured_image_src":{"full":["https:\/\/aviacionaldia.com\/wp-content\/uploads\/2021\/07\/Air-Canada-B787-9.jpg",800,400,false],"thumbnail":["https:\/\/aviacionaldia.com\/wp-content\/uploads\/2021\/07\/Air-Canada-B787-9-150x150.jpg",150,150,true],"medium":["https:\/\/aviacionaldia.com\/wp-content\/uploads\/2021\/07\/Air-Canada-B787-9-300x150.jpg",300,150,true],"medium_large":["https:\/\/aviacionaldia.com\/wp-content\/uploads\/2021\/07\/Air-Canada-B787-9-768x384.jpg",768,384,true],"large":["https:\/\/aviacionaldia.com\/wp-content\/uploads\/2021\/07\/Air-Canada-B787-9.jpg",800,400,false],"1536x1536":["https:\/\/aviacionaldia.com\/wp-content\/uploads\/2021\/07\/Air-Canada-B787-9.jpg",800,400,false],"2048x2048":["https:\/\/aviacionaldia.com\/wp-content\/uploads\/2021\/07\/Air-Canada-B787-9.jpg",800,400,false],"pk-small":["https:\/\/aviacionaldia.com\/wp-content\/uploads\/2021\/07\/Air-Canada-B787-9.jpg",80,40,false],"pk-thumbnail":["https:\/\/aviacionaldia.com\/wp-content\/uploads\/2021\/07\/Air-Canada-B787-9.jpg",300,150,false],"csco-small":["https:\/\/aviacionaldia.com\/wp-content\/uploads\/2021\/07\/Air-Canada-B787-9-80x80.jpg",80,80,true],"csco-intermediate":["https:\/\/aviacionaldia.com\/wp-content\/uploads\/2021\/07\/Air-Canada-B787-9-200x140.jpg",200,140,true],"csco-thumbnail":["https:\/\/aviacionaldia.com\/wp-content\/uploads\/2021\/07\/Air-Canada-B787-9-380x220.jpg",380,220,true],"csco-thumbnail-alternative":["https:\/\/aviacionaldia.com\/wp-content\/uploads\/2021\/07\/Air-Canada-B787-9-300x180.jpg",300,180,true],"csco-thumbnail-uncropped":["https:\/\/aviacionaldia.com\/wp-content\/uploads\/2021\/07\/Air-Canada-B787-9-380x190.jpg",380,190,true],"csco-medium":["https:\/\/aviacionaldia.com\/wp-content\/uploads\/2021\/07\/Air-Canada-B787-9.jpg",800,400,false],"csco-medium-alternative":["https:\/\/aviacionaldia.com\/wp-content\/uploads\/2021\/07\/Air-Canada-B787-9-560x336.jpg",560,336,true],"csco-medium-uncropped":["https:\/\/aviacionaldia.com\/wp-content\/uploads\/2021\/07\/Air-Canada-B787-9.jpg",800,400,false],"csco-large":["https:\/\/aviacionaldia.com\/wp-content\/uploads\/2021\/07\/Air-Canada-B787-9.jpg",800,400,false],"csco-large-uncropped":["https:\/\/aviacionaldia.com\/wp-content\/uploads\/2021\/07\/Air-Canada-B787-9.jpg",800,400,false],"csco-extra-large":["https:\/\/aviacionaldia.com\/wp-content\/uploads\/2021\/07\/Air-Canada-B787-9.jpg",800,400,false]},"uagb_author_info":{"display_name":"Redacci\u00f3n - Aviaci\u00f3n al D\u00eda","author_link":"https:\/\/aviacionaldia.com\/en\/author\/aad"},"uagb_comment_info":0,"uagb_excerpt":"Air Canada on Tuesday unveiled details of its planned international schedule for this summer, which includes the resumption&hellip;","amp_enabled":true,"_links":{"self":[{"href":"https:\/\/aviacionaldia.com\/en\/wp-json\/wp\/v2\/posts\/113153","targetHints":{"allow":["GET"]}}],"collection":[{"href":"https:\/\/aviacionaldia.com\/en\/wp-json\/wp\/v2\/posts"}],"about":[{"href":"https:\/\/aviacionaldia.com\/en\/wp-json\/wp\/v2\/types\/post"}],"author":[{"embeddable":true,"href":"https:\/\/aviacionaldia.com\/en\/wp-json\/wp\/v2\/users\/4316"}],"replies":[{"embeddable":true,"href":"https:\/\/aviacionaldia.com\/en\/wp-json\/wp\/v2\/comments?post=113153"}],"version-history":[{"count":1,"href":"https:\/\/aviacionaldia.com\/en\/wp-json\/wp\/v2\/posts\/113153\/revisions"}],"predecessor-version":[{"id":113154,"href":"https:\/\/aviacionaldia.com\/en\/wp-json\/wp\/v2\/posts\/113153\/revisions\/113154"}],"wp:featuredmedia":[{"embeddable":true,"href":"https:\/\/aviacionaldia.com\/en\/wp-json\/wp\/v2\/media\/113138"}],"wp:attachment":[{"href":"https:\/\/aviacionaldia.com\/en\/wp-json\/wp\/v2\/media?parent=113153"}],"wp:term":[{"taxonomy":"category","embeddable":true,"href":"https:\/\/aviacionaldia.com\/en\/wp-json\/wp\/v2\/categories?post=113153"},{"taxonomy":"post_tag","embeddable":true,"href":"https:\/\/aviacionaldia.com\/en\/wp-json\/wp\/v2\/tags?post=113153"}],"curies":[{"name":"wp","href":"https:\/\/api.w.org\/{rel}","templated":true}]}}