{"id":113642,"date":"2021-07-17T12:00:00","date_gmt":"2021-07-17T12:00:00","guid":{"rendered":"https:\/?p=113642"},"modified":"2021-07-18T12:01:29","modified_gmt":"2021-07-18T12:01:29","slug":"flights-cancelled-in-lisbon-strike","status":"publish","type":"post","link":"https:\/\/aviacionaldia.com\/en\/2021\/07\/flights-cancelled-in-lisbon-strike.html","title":{"rendered":"166 flights cancelled in Lisbon due to handling company strike."},"content":{"rendered":"\n<p>Up to 166 flights to and from Lisbon have been cancelled this Saturday due to a strike by ground handling company Groundforce, which is taking place this weekend to demand the punctual payment of workers&#8217; salaries, which has suffered several delays this year.<\/p>\n\n\n\n<p><strong><em>See also: <\/em><\/strong><a href=\"https:\/en\/2021\/07\/london-heathrow-airport-reopens-terminal-3.html\"><em>London Heathrow Airport reopens Terminal 3.<\/em><\/a><\/p>\n\n\n\n<p>So far, 89 flights departing from Lisbon and 77 scheduled to arrive in the Portuguese capital have been cancelled, affecting several companies that operate with Groundforce, according to an update from Aeropuertos de Portugal (ANA) in a report published by local media, according to <a href=\"https:\/\/www.efe.com\/\" target=\"_blank\" rel=\"noreferrer noopener nofollow\">EFE<\/a>.<\/p>\n\n\n\n<p>The cancellations have occurred on routes connecting Lisbon with other Portuguese cities, such as Porto or Ponta Delgada, and also with international destinations, such as Seville, Bilbao, Madrid, Milan or Paris, among others, according to information available on the airport&#8217;s website.<\/p>\n\n\n\n<p><strong><em>See also: <\/em><\/strong><a href=\"https:\/en\/2021\/06\/china-officially-opens-its-new-mega-airport.html\"><em>China officially opens its new mega-airport.<\/em><\/a><\/p>\n\n\n\n<p>The situation has grounded thousands of travelers and caused tense scenes at Lisbon airport, where crowding has led to restrictions on the entry of people in order to maintain a capacity that respects covid rules.<\/p>\n\n\n\n<p>&#8220;We had plenty of time to fix this situation,&#8221; Andr\u00e9 Teives, president of the Sindicato dos T\u00e9cnicos de Handling de Aeropuertos (Airport Handling Technicians Union), told SIC television, who said he was available &#8220;to dialogue and resolve the situation&#8221; as soon as possible.<\/p>\n\n\n\n<p>Groundforce, Portugal&#8217;s leading handling company, also serves the airports of Porto, Faro, Funchal and Porto Santo, where the strike has not had a significant impact so far.<\/p>\n\n\n\n<p>In a statement in which it took stock of the situation, the company indicated that in the first hours of the strike, adherence at Lisbon airport was practically 100%, with minimum services guaranteed.<\/p>\n\n\n\n<p>In view of the situation, ANA has asked passengers to seek information about their flight status before traveling to the airport, while Portuguese airline TAP has sent a statement explaining that it expects delays and cancellations on its scheduled routes this weekend.<\/p>\n\n\n\n<p>This Saturday is the first day of the Groundforce strike, which plans to extend it to tomorrow, Sunday, and also during the weekend of July 31 and August 1 through August 2.<\/p>\n\n\n\n<h2 class=\"wp-block-heading\">Related Topics<\/h2>\n\n\n\n\t\t\t<div class=\"wp-block-uagb-post-grid uagb-post-grid  uagb-post__image-position-top uagb-post__image-enabled uagb-block-787e860c     uagb-post__items uagb-post__columns-2 is-grid uagb-post__columns-tablet-2 uagb-post__columns-mobile-1 uagb-post__equal-height\" data-total=\"201\" style=\"\">\n\n\t\t\t\t\t\t\t\t\t\t\t\t<article class=\"uagb-post__inner-wrap\">\t\t\t\t\t\t\t\t<div class='uagb-post__image'>\n\t\t\t\t\t\t\t\t\t<a href=\"https:\/\/aviacionaldia.com\/en\/2026\/04\/ita-airways-expands-asian-presence-with-increased-flights-to-bangkok-and-new-delhi.html\" target=\"_self\" rel=\"bookmark noopener noreferrer\" class='uagb-image-ratio-inherit'><img decoding=\"async\" width=\"800\" height=\"400\" src=\"https:\/\/aviacionaldia.com\/wp-content\/uploads\/2025\/12\/ITA-Airways-Airbus-A350.webp\" class=\"attachment-large size-large\" alt=\"\" srcset=\"https:\/\/aviacionaldia.com\/wp-content\/uploads\/2025\/12\/ITA-Airways-Airbus-A350.webp 800w, https:\/\/aviacionaldia.com\/wp-content\/uploads\/2025\/12\/ITA-Airways-Airbus-A350-300x150.webp 300w, https:\/\/aviacionaldia.com\/wp-content\/uploads\/2025\/12\/ITA-Airways-Airbus-A350-768x384.webp 768w, https:\/\/aviacionaldia.com\/wp-content\/uploads\/2025\/12\/ITA-Airways-Airbus-A350-380x190.webp 380w\" sizes=\"(max-width: 800px) 100vw, 800px\" \/>\t\t\t\t\t<\/a>\n\t\t\t\t\t\t\t<\/div>\n\t\t\t\t\t\t<h4 class=\"uagb-post__title uagb-post__text\">\n\t\t\t\t<a href=\"https:\/\/aviacionaldia.com\/en\/2026\/04\/ita-airways-expands-asian-presence-with-increased-flights-to-bangkok-and-new-delhi.html\" target=\"_self\" rel=\"bookmark noopener noreferrer\">ITA Airways Expands Asian Presence with Increased Flights to Bangkok and New Delhi<\/a>\n\t\t\t<\/h4>\n\t\t\t\t\t\t<div class='uagb-post__text uagb-post-grid-byline'>\n\t\t\t\t\t\t\t<\/div>\n\t\t\t\t\t\t<div class=\"uagb-post__text uagb-post__cta wp-block-button\">\n\t\t\t\t<a class=\"wp-block-button__link uagb-text-link\" style=\"\" href=\"https:\/\/aviacionaldia.com\/en\/2026\/04\/ita-airways-expands-asian-presence-with-increased-flights-to-bangkok-and-new-delhi.html\" target=\"_self\" rel=\"bookmark noopener noreferrer\">Read More<\/a>\n\t\t\t<\/div>\n\t\t\t\n\t\t\t\t\t\t\t\t\t<\/article>\n\t\t\t\t\t\t\t\t\t\t\t\t\t\t\t\t<article class=\"uagb-post__inner-wrap\">\t\t\t\t\t\t\t\t<div class='uagb-post__image'>\n\t\t\t\t\t\t\t\t\t<a href=\"https:\/\/aviacionaldia.com\/en\/2026\/04\/asian-airlines-capitalize-on-surging-demand-to-europe-amid-gulf-hub-crisis.html\" target=\"_self\" rel=\"bookmark noopener noreferrer\" class='uagb-image-ratio-inherit'><img decoding=\"async\" width=\"800\" height=\"400\" src=\"https:\/\/aviacionaldia.com\/wp-content\/uploads\/2020\/05\/avion.jpg\" class=\"attachment-large size-large\" alt=\"\" srcset=\"https:\/\/aviacionaldia.com\/wp-content\/uploads\/2020\/05\/avion.jpg 800w, https:\/\/aviacionaldia.com\/wp-content\/uploads\/2020\/05\/avion-300x150.jpg 300w, https:\/\/aviacionaldia.com\/wp-content\/uploads\/2020\/05\/avion-768x384.jpg 768w, https:\/\/aviacionaldia.com\/wp-content\/uploads\/2020\/05\/avion-380x190.jpg 380w\" sizes=\"(max-width: 800px) 100vw, 800px\" \/>\t\t\t\t\t<\/a>\n\t\t\t\t\t\t\t<\/div>\n\t\t\t\t\t\t<h4 class=\"uagb-post__title uagb-post__text\">\n\t\t\t\t<a href=\"https:\/\/aviacionaldia.com\/en\/2026\/04\/asian-airlines-capitalize-on-surging-demand-to-europe-amid-gulf-hub-crisis.html\" target=\"_self\" rel=\"bookmark noopener noreferrer\">Asian Airlines Capitalize on Surging Demand to Europe Amid Gulf Hub Crisis<\/a>\n\t\t\t<\/h4>\n\t\t\t\t\t\t<div class='uagb-post__text uagb-post-grid-byline'>\n\t\t\t\t\t\t\t<\/div>\n\t\t\t\t\t\t<div class=\"uagb-post__text uagb-post__cta wp-block-button\">\n\t\t\t\t<a class=\"wp-block-button__link uagb-text-link\" style=\"\" href=\"https:\/\/aviacionaldia.com\/en\/2026\/04\/asian-airlines-capitalize-on-surging-demand-to-europe-amid-gulf-hub-crisis.html\" target=\"_self\" rel=\"bookmark noopener noreferrer\">Read More<\/a>\n\t\t\t<\/div>\n\t\t\t\n\t\t\t\t\t\t\t\t\t<\/article>\n\t\t\t\t\t\t\t\t\t\t\t\t\t\t\t\t<article class=\"uagb-post__inner-wrap\">\t\t\t\t\t\t\t\t<div class='uagb-post__image'>\n\t\t\t\t\t\t\t\t\t<a href=\"https:\/\/aviacionaldia.com\/en\/2026\/04\/philippine-airlines-expands-us-network-with-new-direct-manila-chicago-route.html\" target=\"_self\" rel=\"bookmark noopener noreferrer\" class='uagb-image-ratio-inherit'><img decoding=\"async\" width=\"800\" height=\"400\" src=\"https:\/\/aviacionaldia.com\/wp-content\/uploads\/2026\/04\/Philippine-Airlines-Airbus-A350.webp\" class=\"attachment-large size-large\" alt=\"\" srcset=\"https:\/\/aviacionaldia.com\/wp-content\/uploads\/2026\/04\/Philippine-Airlines-Airbus-A350.webp 800w, https:\/\/aviacionaldia.com\/wp-content\/uploads\/2026\/04\/Philippine-Airlines-Airbus-A350-300x150.webp 300w, https:\/\/aviacionaldia.com\/wp-content\/uploads\/2026\/04\/Philippine-Airlines-Airbus-A350-768x384.webp 768w, https:\/\/aviacionaldia.com\/wp-content\/uploads\/2026\/04\/Philippine-Airlines-Airbus-A350-380x190.webp 380w\" sizes=\"(max-width: 800px) 100vw, 800px\" \/>\t\t\t\t\t<\/a>\n\t\t\t\t\t\t\t<\/div>\n\t\t\t\t\t\t<h4 class=\"uagb-post__title uagb-post__text\">\n\t\t\t\t<a href=\"https:\/\/aviacionaldia.com\/en\/2026\/04\/philippine-airlines-expands-us-network-with-new-direct-manila-chicago-route.html\" target=\"_self\" rel=\"bookmark noopener noreferrer\">Philippine Airlines Expands US Network with New Direct Manila-Chicago Route<\/a>\n\t\t\t<\/h4>\n\t\t\t\t\t\t<div class='uagb-post__text uagb-post-grid-byline'>\n\t\t\t\t\t\t\t<\/div>\n\t\t\t\t\t\t<div class=\"uagb-post__text uagb-post__cta wp-block-button\">\n\t\t\t\t<a class=\"wp-block-button__link uagb-text-link\" style=\"\" href=\"https:\/\/aviacionaldia.com\/en\/2026\/04\/philippine-airlines-expands-us-network-with-new-direct-manila-chicago-route.html\" target=\"_self\" rel=\"bookmark noopener noreferrer\">Read More<\/a>\n\t\t\t<\/div>\n\t\t\t\n\t\t\t\t\t\t\t\t\t<\/article>\n\t\t\t\t\t\t\t\t\t\t\t\t\t\t\t\t<article class=\"uagb-post__inner-wrap\">\t\t\t\t\t\t\t\t<div class='uagb-post__image'>\n\t\t\t\t\t\t\t\t\t<a href=\"https:\/\/aviacionaldia.com\/en\/2026\/04\/korean-air-redefines-luxury-at-incheon-airport-modernization-of-vip-lounges-completed.html\" target=\"_self\" rel=\"bookmark noopener noreferrer\" class='uagb-image-ratio-inherit'><img decoding=\"async\" width=\"800\" height=\"400\" src=\"https:\/\/aviacionaldia.com\/wp-content\/uploads\/2026\/04\/Korean-Air-Salon-VIP-aeropuerto-Incheon.webp\" class=\"attachment-large size-large\" alt=\"\" srcset=\"https:\/\/aviacionaldia.com\/wp-content\/uploads\/2026\/04\/Korean-Air-Salon-VIP-aeropuerto-Incheon.webp 800w, https:\/\/aviacionaldia.com\/wp-content\/uploads\/2026\/04\/Korean-Air-Salon-VIP-aeropuerto-Incheon-300x150.webp 300w, https:\/\/aviacionaldia.com\/wp-content\/uploads\/2026\/04\/Korean-Air-Salon-VIP-aeropuerto-Incheon-768x384.webp 768w, https:\/\/aviacionaldia.com\/wp-content\/uploads\/2026\/04\/Korean-Air-Salon-VIP-aeropuerto-Incheon-380x190.webp 380w\" sizes=\"(max-width: 800px) 100vw, 800px\" \/>\t\t\t\t\t<\/a>\n\t\t\t\t\t\t\t<\/div>\n\t\t\t\t\t\t<h4 class=\"uagb-post__title uagb-post__text\">\n\t\t\t\t<a href=\"https:\/\/aviacionaldia.com\/en\/2026\/04\/korean-air-redefines-luxury-at-incheon-airport-modernization-of-vip-lounges-completed.html\" target=\"_self\" rel=\"bookmark noopener noreferrer\">Korean Air Redefines Luxury at Incheon Airport: Modernization of VIP Lounges Completed<\/a>\n\t\t\t<\/h4>\n\t\t\t\t\t\t<div class='uagb-post__text uagb-post-grid-byline'>\n\t\t\t\t\t\t\t<\/div>\n\t\t\t\t\t\t<div class=\"uagb-post__text uagb-post__cta wp-block-button\">\n\t\t\t\t<a class=\"wp-block-button__link uagb-text-link\" style=\"\" href=\"https:\/\/aviacionaldia.com\/en\/2026\/04\/korean-air-redefines-luxury-at-incheon-airport-modernization-of-vip-lounges-completed.html\" target=\"_self\" rel=\"bookmark noopener noreferrer\">Read More<\/a>\n\t\t\t<\/div>\n\t\t\t\n\t\t\t\t\t\t\t\t\t<\/article>\n\t\t\t\t\t\t\t\t\t\t\t<\/div>\n\t\t\t","protected":false},"excerpt":{"rendered":"Up to 166 flights to and from Lisbon have been cancelled this Saturday due to a strike by&hellip;\n","protected":false},"author":4316,"featured_media":113628,"comment_status":"closed","ping_status":"closed","sticky":false,"template":"","format":"standard","meta":{"_uag_custom_page_level_css":"","footnotes":""},"categories":[189],"tags":[195,269,198,381],"class_list":{"0":"post-113642","1":"post","2":"type-post","3":"status-publish","4":"format-standard","5":"has-post-thumbnail","7":"category-airports","8":"tag-airport","9":"tag-europe","10":"tag-flights","11":"tag-portugal-2"},"uagb_featured_image_src":{"full":["https:\/\/aviacionaldia.com\/wp-content\/uploads\/2021\/07\/handling.jpg",800,400,false],"thumbnail":["https:\/\/aviacionaldia.com\/wp-content\/uploads\/2021\/07\/handling-150x150.jpg",150,150,true],"medium":["https:\/\/aviacionaldia.com\/wp-content\/uploads\/2021\/07\/handling-300x150.jpg",300,150,true],"medium_large":["https:\/\/aviacionaldia.com\/wp-content\/uploads\/2021\/07\/handling-768x384.jpg",768,384,true],"large":["https:\/\/aviacionaldia.com\/wp-content\/uploads\/2021\/07\/handling.jpg",800,400,false],"1536x1536":["https:\/\/aviacionaldia.com\/wp-content\/uploads\/2021\/07\/handling.jpg",800,400,false],"2048x2048":["https:\/\/aviacionaldia.com\/wp-content\/uploads\/2021\/07\/handling.jpg",800,400,false],"pk-small":["https:\/\/aviacionaldia.com\/wp-content\/uploads\/2021\/07\/handling.jpg",80,40,false],"pk-thumbnail":["https:\/\/aviacionaldia.com\/wp-content\/uploads\/2021\/07\/handling.jpg",300,150,false],"csco-small":["https:\/\/aviacionaldia.com\/wp-content\/uploads\/2021\/07\/handling-80x80.jpg",80,80,true],"csco-intermediate":["https:\/\/aviacionaldia.com\/wp-content\/uploads\/2021\/07\/handling-200x140.jpg",200,140,true],"csco-thumbnail":["https:\/\/aviacionaldia.com\/wp-content\/uploads\/2021\/07\/handling-380x220.jpg",380,220,true],"csco-thumbnail-alternative":["https:\/\/aviacionaldia.com\/wp-content\/uploads\/2021\/07\/handling-300x180.jpg",300,180,true],"csco-thumbnail-uncropped":["https:\/\/aviacionaldia.com\/wp-content\/uploads\/2021\/07\/handling-380x190.jpg",380,190,true],"csco-medium":["https:\/\/aviacionaldia.com\/wp-content\/uploads\/2021\/07\/handling.jpg",800,400,false],"csco-medium-alternative":["https:\/\/aviacionaldia.com\/wp-content\/uploads\/2021\/07\/handling-560x336.jpg",560,336,true],"csco-medium-uncropped":["https:\/\/aviacionaldia.com\/wp-content\/uploads\/2021\/07\/handling.jpg",800,400,false],"csco-large":["https:\/\/aviacionaldia.com\/wp-content\/uploads\/2021\/07\/handling.jpg",800,400,false],"csco-large-uncropped":["https:\/\/aviacionaldia.com\/wp-content\/uploads\/2021\/07\/handling.jpg",800,400,false],"csco-extra-large":["https:\/\/aviacionaldia.com\/wp-content\/uploads\/2021\/07\/handling.jpg",800,400,false]},"uagb_author_info":{"display_name":"Redacci\u00f3n - Aviaci\u00f3n al D\u00eda","author_link":"https:\/\/aviacionaldia.com\/en\/author\/aad"},"uagb_comment_info":0,"uagb_excerpt":"Up to 166 flights to and from Lisbon have been cancelled this Saturday due to a strike by&hellip;","amp_enabled":true,"_links":{"self":[{"href":"https:\/\/aviacionaldia.com\/en\/wp-json\/wp\/v2\/posts\/113642","targetHints":{"allow":["GET"]}}],"collection":[{"href":"https:\/\/aviacionaldia.com\/en\/wp-json\/wp\/v2\/posts"}],"about":[{"href":"https:\/\/aviacionaldia.com\/en\/wp-json\/wp\/v2\/types\/post"}],"author":[{"embeddable":true,"href":"https:\/\/aviacionaldia.com\/en\/wp-json\/wp\/v2\/users\/4316"}],"replies":[{"embeddable":true,"href":"https:\/\/aviacionaldia.com\/en\/wp-json\/wp\/v2\/comments?post=113642"}],"version-history":[{"count":1,"href":"https:\/\/aviacionaldia.com\/en\/wp-json\/wp\/v2\/posts\/113642\/revisions"}],"predecessor-version":[{"id":113643,"href":"https:\/\/aviacionaldia.com\/en\/wp-json\/wp\/v2\/posts\/113642\/revisions\/113643"}],"wp:featuredmedia":[{"embeddable":true,"href":"https:\/\/aviacionaldia.com\/en\/wp-json\/wp\/v2\/media\/113628"}],"wp:attachment":[{"href":"https:\/\/aviacionaldia.com\/en\/wp-json\/wp\/v2\/media?parent=113642"}],"wp:term":[{"taxonomy":"category","embeddable":true,"href":"https:\/\/aviacionaldia.com\/en\/wp-json\/wp\/v2\/categories?post=113642"},{"taxonomy":"post_tag","embeddable":true,"href":"https:\/\/aviacionaldia.com\/en\/wp-json\/wp\/v2\/tags?post=113642"}],"curies":[{"name":"wp","href":"https:\/\/api.w.org\/{rel}","templated":true}]}}