{"id":114568,"date":"2021-08-06T21:14:22","date_gmt":"2021-08-06T21:14:22","guid":{"rendered":"https:\/?p=114568"},"modified":"2021-08-06T21:14:24","modified_gmt":"2021-08-06T21:14:24","slug":"panama-tocumen-airport-closes-successful-1-855-million-bond-offering","status":"publish","type":"post","link":"https:\/\/aviacionaldia.com\/en\/2021\/08\/panama-tocumen-airport-closes-successful-1-855-million-bond-offering.html","title":{"rendered":"Panama: Tocumen Airport closes successful $1.855 million bond offering."},"content":{"rendered":"\n<p>Tocumen International Airport, Panama&#8217;s main airport, issued $1.855 million in bonds as part of a liability management plan to counteract the effects of the pandemic.<\/p>\n\n\n\n<p>Tocumen International Airport S.A. (AITSA) issued $555 million of 4.0% senior bonds maturing in 2041 and $1.3 billion of 5.125% senior bonds maturing in 2061, EFE reported.<\/p>\n\n\n\n<p><strong><em>See also: <\/em><\/strong><a href=\"https:\/en\/2021\/08\/colombia-work-begins-on-the-first-stage-of-coffee-airport.html\"><em>Colombia: Work begins on the first stage of Coffee Airport.<\/em><\/a><\/p>\n\n\n\n<p>It additionally made &#8220;an offer to purchase and consent solicitation for the 5.625% senior secured notes due 2036 and the 6.0% senior secured notes due 2048 (the Existing Notes),&#8221; with an outstanding amount of $1.438 billion, AITSA said in a statement.<\/p>\n\n\n\n<p>Tocumen said it received offers for US$7,278 million from 320 investors, mainly from the United States (69%) and Europe (24%).<\/p>\n\n\n\n<p>&#8220;The proceeds from these two new issues will be used to pay liability management program expenses, purchase the Existing Bonds, fund the reserve and debt service payment accounts, pay the balance of short-term bank debt, and the remainder will be transferred to a dedicated account to cover deficits caused by the pandemic,&#8221; the airport said.<\/p>\n\n\n\n<h2 class=\"wp-block-heading\">Related Topics<\/h2>\n\n\n\n\t\t\t<div class=\"wp-block-uagb-post-grid uagb-post-grid  uagb-post__image-position-top uagb-post__image-enabled uagb-block-807a4227     uagb-post__items uagb-post__columns-2 is-grid uagb-post__columns-tablet-2 uagb-post__columns-mobile-1 uagb-post__equal-height\" data-total=\"25\" style=\"\">\n\n\t\t\t\t\t\t\t\t\t\t\t\t<article class=\"uagb-post__inner-wrap\">\t\t\t\t\t\t\t\t<div class='uagb-post__image'>\n\t\t\t\t\t\t\t\t\t<a href=\"https:\/\/aviacionaldia.com\/en\/2022\/09\/canada-to-remove-all-covid-travel-measures-and-restrictions.html\" target=\"_self\" rel=\"bookmark noopener noreferrer\" class='uagb-image-ratio-inherit'><img decoding=\"async\" width=\"800\" height=\"400\" src=\"https:\/\/aviacionaldia.com\/wp-content\/uploads\/2021\/02\/Latam-Tapabocas.jpg\" class=\"attachment-large size-large\" alt=\"\" srcset=\"https:\/\/aviacionaldia.com\/wp-content\/uploads\/2021\/02\/Latam-Tapabocas.jpg 800w, https:\/\/aviacionaldia.com\/wp-content\/uploads\/2021\/02\/Latam-Tapabocas-300x150.jpg 300w, https:\/\/aviacionaldia.com\/wp-content\/uploads\/2021\/02\/Latam-Tapabocas-768x384.jpg 768w, https:\/\/aviacionaldia.com\/wp-content\/uploads\/2021\/02\/Latam-Tapabocas-380x190.jpg 380w\" sizes=\"(max-width: 800px) 100vw, 800px\" \/>\t\t\t\t\t<\/a>\n\t\t\t\t\t\t\t<\/div>\n\t\t\t\t\t\t<h4 class=\"uagb-post__title uagb-post__text\">\n\t\t\t\t<a href=\"https:\/\/aviacionaldia.com\/en\/2022\/09\/canada-to-remove-all-covid-travel-measures-and-restrictions.html\" target=\"_self\" rel=\"bookmark noopener noreferrer\">Canada to remove all COVID travel measures and restrictions as of October 1<\/a>\n\t\t\t<\/h4>\n\t\t\t\t\t\t<div class='uagb-post__text uagb-post-grid-byline'>\n\t\t\t\t\t\t\t<\/div>\n\t\t\t\t\t\t<div class=\"uagb-post__text uagb-post__cta wp-block-button\">\n\t\t\t\t<a class=\"wp-block-button__link uagb-text-link\" style=\"\" href=\"https:\/\/aviacionaldia.com\/en\/2022\/09\/canada-to-remove-all-covid-travel-measures-and-restrictions.html\" target=\"_self\" rel=\"bookmark noopener noreferrer\">Read More<\/a>\n\t\t\t<\/div>\n\t\t\t\n\t\t\t\t\t\t\t\t\t<\/article>\n\t\t\t\t\t\t\t\t\t\t\t\t\t\t\t\t<article class=\"uagb-post__inner-wrap\">\t\t\t\t\t\t\t\t<div class='uagb-post__image'>\n\t\t\t\t\t\t\t\t\t<a href=\"https:\/\/aviacionaldia.com\/en\/2022\/04\/easyjet-to-cancel-some-uk-flights.html\" target=\"_self\" rel=\"bookmark noopener noreferrer\" class='uagb-image-ratio-inherit'><img decoding=\"async\" width=\"800\" height=\"400\" src=\"https:\/\/aviacionaldia.com\/wp-content\/uploads\/2020\/06\/Easyjet-A320.jpg\" class=\"attachment-large size-large\" alt=\"\" srcset=\"https:\/\/aviacionaldia.com\/wp-content\/uploads\/2020\/06\/Easyjet-A320.jpg 800w, https:\/\/aviacionaldia.com\/wp-content\/uploads\/2020\/06\/Easyjet-A320-300x150.jpg 300w, https:\/\/aviacionaldia.com\/wp-content\/uploads\/2020\/06\/Easyjet-A320-768x384.jpg 768w, https:\/\/aviacionaldia.com\/wp-content\/uploads\/2020\/06\/Easyjet-A320-380x190.jpg 380w\" sizes=\"(max-width: 800px) 100vw, 800px\" \/>\t\t\t\t\t<\/a>\n\t\t\t\t\t\t\t<\/div>\n\t\t\t\t\t\t<h4 class=\"uagb-post__title uagb-post__text\">\n\t\t\t\t<a href=\"https:\/\/aviacionaldia.com\/en\/2022\/04\/easyjet-to-cancel-some-uk-flights.html\" target=\"_self\" rel=\"bookmark noopener noreferrer\">COVID Casualties Force EasyJet To Cancel Some UK Flights<\/a>\n\t\t\t<\/h4>\n\t\t\t\t\t\t<div class='uagb-post__text uagb-post-grid-byline'>\n\t\t\t\t\t\t\t<\/div>\n\t\t\t\t\t\t<div class=\"uagb-post__text uagb-post__cta wp-block-button\">\n\t\t\t\t<a class=\"wp-block-button__link uagb-text-link\" style=\"\" href=\"https:\/\/aviacionaldia.com\/en\/2022\/04\/easyjet-to-cancel-some-uk-flights.html\" target=\"_self\" rel=\"bookmark noopener noreferrer\">Read More<\/a>\n\t\t\t<\/div>\n\t\t\t\n\t\t\t\t\t\t\t\t\t<\/article>\n\t\t\t\t\t\t\t\t\t\t\t\t\t\t\t\t<article class=\"uagb-post__inner-wrap\">\t\t\t\t\t\t\t\t<div class='uagb-post__image'>\n\t\t\t\t\t\t\t\t\t<a href=\"https:\/\/aviacionaldia.com\/en\/2022\/03\/heathrow-airport-no-longer-requires-mandatory-use-face-masks.html\" target=\"_self\" rel=\"bookmark noopener noreferrer\" class='uagb-image-ratio-inherit'><img decoding=\"async\" width=\"800\" height=\"400\" src=\"https:\/\/aviacionaldia.com\/wp-content\/uploads\/2022\/03\/Mascarilla.jpg\" class=\"attachment-large size-large\" alt=\"\" srcset=\"https:\/\/aviacionaldia.com\/wp-content\/uploads\/2022\/03\/Mascarilla.jpg 800w, https:\/\/aviacionaldia.com\/wp-content\/uploads\/2022\/03\/Mascarilla-300x150.jpg 300w, https:\/\/aviacionaldia.com\/wp-content\/uploads\/2022\/03\/Mascarilla-768x384.jpg 768w, https:\/\/aviacionaldia.com\/wp-content\/uploads\/2022\/03\/Mascarilla-380x190.jpg 380w\" sizes=\"(max-width: 800px) 100vw, 800px\" \/>\t\t\t\t\t<\/a>\n\t\t\t\t\t\t\t<\/div>\n\t\t\t\t\t\t<h4 class=\"uagb-post__title uagb-post__text\">\n\t\t\t\t<a href=\"https:\/\/aviacionaldia.com\/en\/2022\/03\/heathrow-airport-no-longer-requires-mandatory-use-face-masks.html\" target=\"_self\" rel=\"bookmark noopener noreferrer\">Heathrow airport no longer requires mandatory use of face masks<\/a>\n\t\t\t<\/h4>\n\t\t\t\t\t\t<div class='uagb-post__text uagb-post-grid-byline'>\n\t\t\t\t\t\t\t<\/div>\n\t\t\t\t\t\t<div class=\"uagb-post__text uagb-post__cta wp-block-button\">\n\t\t\t\t<a class=\"wp-block-button__link uagb-text-link\" style=\"\" href=\"https:\/\/aviacionaldia.com\/en\/2022\/03\/heathrow-airport-no-longer-requires-mandatory-use-face-masks.html\" target=\"_self\" rel=\"bookmark noopener noreferrer\">Read More<\/a>\n\t\t\t<\/div>\n\t\t\t\n\t\t\t\t\t\t\t\t\t<\/article>\n\t\t\t\t\t\t\t\t\t\t\t\t\t\t\t\t<article class=\"uagb-post__inner-wrap\">\t\t\t\t\t\t\t\t<div class='uagb-post__image'>\n\t\t\t\t\t\t\t\t\t<a href=\"https:\/\/aviacionaldia.com\/en\/2022\/01\/u-k-will-stop-requiring-covid-tests-for-vaccinated-travelers.html\" target=\"_self\" rel=\"bookmark noopener noreferrer\" class='uagb-image-ratio-inherit'><img decoding=\"async\" width=\"800\" height=\"400\" src=\"https:\/\/aviacionaldia.com\/wp-content\/uploads\/2021\/04\/vacunados.jpg\" class=\"attachment-large size-large\" alt=\"\" srcset=\"https:\/\/aviacionaldia.com\/wp-content\/uploads\/2021\/04\/vacunados.jpg 800w, https:\/\/aviacionaldia.com\/wp-content\/uploads\/2021\/04\/vacunados-300x150.jpg 300w, https:\/\/aviacionaldia.com\/wp-content\/uploads\/2021\/04\/vacunados-768x384.jpg 768w, https:\/\/aviacionaldia.com\/wp-content\/uploads\/2021\/04\/vacunados-380x190.jpg 380w\" sizes=\"(max-width: 800px) 100vw, 800px\" \/>\t\t\t\t\t<\/a>\n\t\t\t\t\t\t\t<\/div>\n\t\t\t\t\t\t<h4 class=\"uagb-post__title uagb-post__text\">\n\t\t\t\t<a href=\"https:\/\/aviacionaldia.com\/en\/2022\/01\/u-k-will-stop-requiring-covid-tests-for-vaccinated-travelers.html\" target=\"_self\" rel=\"bookmark noopener noreferrer\">U.K. will stop requiring Covid tests for vaccinated travelers.<\/a>\n\t\t\t<\/h4>\n\t\t\t\t\t\t<div class='uagb-post__text uagb-post-grid-byline'>\n\t\t\t\t\t\t\t<\/div>\n\t\t\t\t\t\t<div class=\"uagb-post__text uagb-post__cta wp-block-button\">\n\t\t\t\t<a class=\"wp-block-button__link uagb-text-link\" style=\"\" href=\"https:\/\/aviacionaldia.com\/en\/2022\/01\/u-k-will-stop-requiring-covid-tests-for-vaccinated-travelers.html\" target=\"_self\" rel=\"bookmark noopener noreferrer\">Read More<\/a>\n\t\t\t<\/div>\n\t\t\t\n\t\t\t\t\t\t\t\t\t<\/article>\n\t\t\t\t\t\t\t\t\t\t\t<\/div>\n\t\t\t","protected":false},"excerpt":{"rendered":"Tocumen International Airport, Panama&#8217;s main airport, issued $1.855 million in bonds as part of a liability management plan&hellip;\n","protected":false},"author":4316,"featured_media":98926,"comment_status":"closed","ping_status":"closed","sticky":false,"template":"","format":"standard","meta":{"_uag_custom_page_level_css":"","footnotes":""},"categories":[189],"tags":[195,211,248],"class_list":{"0":"post-114568","1":"post","2":"type-post","3":"status-publish","4":"format-standard","5":"has-post-thumbnail","7":"category-airports","8":"tag-airport","9":"tag-latin-america","10":"tag-panama-3"},"uagb_featured_image_src":{"full":["https:\/\/aviacionaldia.com\/wp-content\/uploads\/2020\/01\/Aeropuerto-tocumen-Terminal-2.jpg",800,400,false],"thumbnail":["https:\/\/aviacionaldia.com\/wp-content\/uploads\/2020\/01\/Aeropuerto-tocumen-Terminal-2-150x150.jpg",150,150,true],"medium":["https:\/\/aviacionaldia.com\/wp-content\/uploads\/2020\/01\/Aeropuerto-tocumen-Terminal-2-300x150.jpg",300,150,true],"medium_large":["https:\/\/aviacionaldia.com\/wp-content\/uploads\/2020\/01\/Aeropuerto-tocumen-Terminal-2-768x384.jpg",768,384,true],"large":["https:\/\/aviacionaldia.com\/wp-content\/uploads\/2020\/01\/Aeropuerto-tocumen-Terminal-2.jpg",800,400,false],"1536x1536":["https:\/\/aviacionaldia.com\/wp-content\/uploads\/2020\/01\/Aeropuerto-tocumen-Terminal-2.jpg",800,400,false],"2048x2048":["https:\/\/aviacionaldia.com\/wp-content\/uploads\/2020\/01\/Aeropuerto-tocumen-Terminal-2.jpg",800,400,false],"pk-small":["https:\/\/aviacionaldia.com\/wp-content\/uploads\/2020\/01\/Aeropuerto-tocumen-Terminal-2-80x80.jpg",80,80,true],"pk-thumbnail":["https:\/\/aviacionaldia.com\/wp-content\/uploads\/2020\/01\/Aeropuerto-tocumen-Terminal-2-300x225.jpg",300,225,true],"csco-small":["https:\/\/aviacionaldia.com\/wp-content\/uploads\/2020\/01\/Aeropuerto-tocumen-Terminal-2-80x80.jpg",80,80,true],"csco-intermediate":["https:\/\/aviacionaldia.com\/wp-content\/uploads\/2020\/01\/Aeropuerto-tocumen-Terminal-2-200x140.jpg",200,140,true],"csco-thumbnail":["https:\/\/aviacionaldia.com\/wp-content\/uploads\/2020\/01\/Aeropuerto-tocumen-Terminal-2-380x220.jpg",380,220,true],"csco-thumbnail-alternative":["https:\/\/aviacionaldia.com\/wp-content\/uploads\/2020\/01\/Aeropuerto-tocumen-Terminal-2-300x180.jpg",300,180,true],"csco-thumbnail-uncropped":["https:\/\/aviacionaldia.com\/wp-content\/uploads\/2020\/01\/Aeropuerto-tocumen-Terminal-2-380x190.jpg",380,190,true],"csco-medium":["https:\/\/aviacionaldia.com\/wp-content\/uploads\/2020\/01\/Aeropuerto-tocumen-Terminal-2.jpg",800,400,false],"csco-medium-alternative":["https:\/\/aviacionaldia.com\/wp-content\/uploads\/2020\/01\/Aeropuerto-tocumen-Terminal-2-560x336.jpg",560,336,true],"csco-medium-uncropped":["https:\/\/aviacionaldia.com\/wp-content\/uploads\/2020\/01\/Aeropuerto-tocumen-Terminal-2.jpg",800,400,false],"csco-large":["https:\/\/aviacionaldia.com\/wp-content\/uploads\/2020\/01\/Aeropuerto-tocumen-Terminal-2.jpg",800,400,false],"csco-large-uncropped":["https:\/\/aviacionaldia.com\/wp-content\/uploads\/2020\/01\/Aeropuerto-tocumen-Terminal-2.jpg",800,400,false],"csco-extra-large":["https:\/\/aviacionaldia.com\/wp-content\/uploads\/2020\/01\/Aeropuerto-tocumen-Terminal-2.jpg",800,400,false]},"uagb_author_info":{"display_name":"Redacci\u00f3n - Aviaci\u00f3n al D\u00eda","author_link":"https:\/\/aviacionaldia.com\/en\/author\/aad"},"uagb_comment_info":0,"uagb_excerpt":"Tocumen International Airport, Panama&#8217;s main airport, issued $1.855 million in bonds as part of a liability management plan&hellip;","amp_enabled":true,"_links":{"self":[{"href":"https:\/\/aviacionaldia.com\/en\/wp-json\/wp\/v2\/posts\/114568","targetHints":{"allow":["GET"]}}],"collection":[{"href":"https:\/\/aviacionaldia.com\/en\/wp-json\/wp\/v2\/posts"}],"about":[{"href":"https:\/\/aviacionaldia.com\/en\/wp-json\/wp\/v2\/types\/post"}],"author":[{"embeddable":true,"href":"https:\/\/aviacionaldia.com\/en\/wp-json\/wp\/v2\/users\/4316"}],"replies":[{"embeddable":true,"href":"https:\/\/aviacionaldia.com\/en\/wp-json\/wp\/v2\/comments?post=114568"}],"version-history":[{"count":1,"href":"https:\/\/aviacionaldia.com\/en\/wp-json\/wp\/v2\/posts\/114568\/revisions"}],"predecessor-version":[{"id":114569,"href":"https:\/\/aviacionaldia.com\/en\/wp-json\/wp\/v2\/posts\/114568\/revisions\/114569"}],"wp:featuredmedia":[{"embeddable":true,"href":"https:\/\/aviacionaldia.com\/en\/wp-json\/wp\/v2\/media\/98926"}],"wp:attachment":[{"href":"https:\/\/aviacionaldia.com\/en\/wp-json\/wp\/v2\/media?parent=114568"}],"wp:term":[{"taxonomy":"category","embeddable":true,"href":"https:\/\/aviacionaldia.com\/en\/wp-json\/wp\/v2\/categories?post=114568"},{"taxonomy":"post_tag","embeddable":true,"href":"https:\/\/aviacionaldia.com\/en\/wp-json\/wp\/v2\/tags?post=114568"}],"curies":[{"name":"wp","href":"https:\/\/api.w.org\/{rel}","templated":true}]}}