{"id":115327,"date":"2021-08-25T16:00:23","date_gmt":"2021-08-25T16:00:23","guid":{"rendered":"https:\/?p=115327"},"modified":"2021-08-25T16:04:06","modified_gmt":"2021-08-25T16:04:06","slug":"faa-probing-whether-boeing-employees-being-pressured","status":"publish","type":"post","link":"https:\/\/aviacionaldia.com\/en\/2021\/08\/faa-probing-whether-boeing-employees-being-pressured.html","title":{"rendered":"FAA probing whether Boeing employees are being pressured on safety issues."},"content":{"rendered":"\n<p>The Federal Aviation Administration (FAA) are opening a new review of Boeing after a survey of company engineers found a sizable percentage said they couldn\u2019t raise safety concerns without interference.<\/p>\n\n\n\n<p><strong><em>See also: <\/em><\/strong><a href=\"https:\/en\/2021\/08\/boeing-737-max-performs-first-flight-tests-in-china.html\"><em>Boeing 737 MAX performs first flight tests in China.<\/em><\/a><\/p>\n\n\n\n<p>A survey conducted by the Federal Aviation Administration from May through July found that 35% of Boeing employees interviewed raised issues of conflicts of interest and a lack of independence, according to a letter to the company released by the agency Tuesday.<\/p>\n\n\n\n<p>The FAA action is the latest to look at Boeing\u2019s safety practices following twin fatal crashes of the company\u2019s 737 Max.<\/p>\n\n\n\n<p><strong><em>See also: <\/em><\/strong><a href=\"https:\/en\/2021\/08\/brazil-issues-type-certificate-boeing-787.html\"><em>Brazil: ANAC issues type certificate for Boeing 787.<\/em><\/a><\/p>\n\n\n\n<p>\u201cBoeing\u2019s company culture appears to hamper members of the ODA unit from communicating openly with the FAA,\u201d said the letter, which was obtained by <a href=\"https:\/\/www.bloomberg.com\/news\/articles\/2021-08-24\/boeing-employees-safety-independence-under-scrutiny-by-u-s-faa\" target=\"_blank\" rel=\"noreferrer noopener nofollow\" class=\"broken_link\">Bloomberg<\/a>. ODA refers to Organization Designation Authorization, the group within Boeing that is authorized to make safety decisions on behalf of the government and is supposed to remain independent.<\/p>\n\n\n\n<p>\u201cThese concerns require an objective review and further fact finding,\u201d said the letter, signed by Ian Won, the acting head of the FAA office that monitors Boeing.<\/p>\n\n\n\n<p>The agency interviewed 32 Boeing employees out of about 1,400 involved in the ODA, the FAA said in an email. That meant 11 people voiced concerns.<\/p>\n\n\n\n<p>Boeing\u2019s ODA was a central issue in reviews of the Max crashes by Congress and other outside groups. Boeing employees signed off on the final design of the system implicated in the crashes after a redesign made it significantly more risky, the investigations found.<\/p>\n\n\n\n<p>Earlier this year, Boeing agreed to pay $6.6 million in civil penalties to the FAA over safety violations that included placing \u201cundue pressure\u201d on members of the ODA.<\/p>\n\n\n\n<h2 class=\"wp-block-heading\">Related Topics<\/h2>\n\n\n\n\t\t\t<div class=\"wp-block-uagb-post-grid uagb-post-grid  uagb-post__image-position-top uagb-post__image-enabled uagb-block-a1595ace     uagb-post__items uagb-post__columns-2 is-grid uagb-post__columns-tablet-2 uagb-post__columns-mobile-1 uagb-post__equal-height\" data-total=\"200\" style=\"\">\n\n\t\t\t\t\t\t\t\t\t\t\t\t<article class=\"uagb-post__inner-wrap\">\t\t\t\t\t\t\t\t<div class='uagb-post__image'>\n\t\t\t\t\t\t\t\t\t<a href=\"https:\/\/aviacionaldia.com\/en\/2026\/04\/air-canada-receives-its-first-airbus-a321xlr-start-of-a-strategic-transformation-in-long-haul-routes.html\" target=\"_self\" rel=\"bookmark noopener noreferrer\" class='uagb-image-ratio-inherit'><img decoding=\"async\" width=\"800\" height=\"400\" src=\"https:\/\/aviacionaldia.com\/wp-content\/uploads\/2026\/04\/Air-Canada-Airbus-A321XLR.webp\" class=\"attachment-large size-large\" alt=\"\" srcset=\"https:\/\/aviacionaldia.com\/wp-content\/uploads\/2026\/04\/Air-Canada-Airbus-A321XLR.webp 800w, https:\/\/aviacionaldia.com\/wp-content\/uploads\/2026\/04\/Air-Canada-Airbus-A321XLR-300x150.webp 300w, https:\/\/aviacionaldia.com\/wp-content\/uploads\/2026\/04\/Air-Canada-Airbus-A321XLR-768x384.webp 768w, https:\/\/aviacionaldia.com\/wp-content\/uploads\/2026\/04\/Air-Canada-Airbus-A321XLR-380x190.webp 380w\" sizes=\"(max-width: 800px) 100vw, 800px\" \/>\t\t\t\t\t<\/a>\n\t\t\t\t\t\t\t<\/div>\n\t\t\t\t\t\t<h4 class=\"uagb-post__title uagb-post__text\">\n\t\t\t\t<a href=\"https:\/\/aviacionaldia.com\/en\/2026\/04\/air-canada-receives-its-first-airbus-a321xlr-start-of-a-strategic-transformation-in-long-haul-routes.html\" target=\"_self\" rel=\"bookmark noopener noreferrer\">Air Canada Receives Its First Airbus A321XLR: Start of a Strategic Transformation in Long-Haul Routes<\/a>\n\t\t\t<\/h4>\n\t\t\t\t\t\t<div class='uagb-post__text uagb-post-grid-byline'>\n\t\t\t\t\t\t\t<\/div>\n\t\t\t\t\t\t<div class=\"uagb-post__text uagb-post__cta wp-block-button\">\n\t\t\t\t<a class=\"wp-block-button__link uagb-text-link\" style=\"\" href=\"https:\/\/aviacionaldia.com\/en\/2026\/04\/air-canada-receives-its-first-airbus-a321xlr-start-of-a-strategic-transformation-in-long-haul-routes.html\" target=\"_self\" rel=\"bookmark noopener noreferrer\">Read More<\/a>\n\t\t\t<\/div>\n\t\t\t\n\t\t\t\t\t\t\t\t\t<\/article>\n\t\t\t\t\t\t\t\t\t\t\t\t\t\t\t\t<article class=\"uagb-post__inner-wrap\">\t\t\t\t\t\t\t\t<div class='uagb-post__image'>\n\t\t\t\t\t\t\t\t\t<a href=\"https:\/\/aviacionaldia.com\/en\/2026\/04\/airbus-reaches-key-milestone-for-a350f-program-production-of-industrys-largest-main-deck-cargo-door-finalized-in-spain.html\" target=\"_self\" rel=\"bookmark noopener noreferrer\" class='uagb-image-ratio-inherit'><img decoding=\"async\" width=\"800\" height=\"400\" src=\"https:\/\/aviacionaldia.com\/wp-content\/uploads\/2026\/04\/Airbus-Puerta-del-A350F.webp\" class=\"attachment-large size-large\" alt=\"\" srcset=\"https:\/\/aviacionaldia.com\/wp-content\/uploads\/2026\/04\/Airbus-Puerta-del-A350F.webp 800w, https:\/\/aviacionaldia.com\/wp-content\/uploads\/2026\/04\/Airbus-Puerta-del-A350F-300x150.webp 300w, https:\/\/aviacionaldia.com\/wp-content\/uploads\/2026\/04\/Airbus-Puerta-del-A350F-768x384.webp 768w, https:\/\/aviacionaldia.com\/wp-content\/uploads\/2026\/04\/Airbus-Puerta-del-A350F-380x190.webp 380w\" sizes=\"(max-width: 800px) 100vw, 800px\" \/>\t\t\t\t\t<\/a>\n\t\t\t\t\t\t\t<\/div>\n\t\t\t\t\t\t<h4 class=\"uagb-post__title uagb-post__text\">\n\t\t\t\t<a href=\"https:\/\/aviacionaldia.com\/en\/2026\/04\/airbus-reaches-key-milestone-for-a350f-program-production-of-industrys-largest-main-deck-cargo-door-finalized-in-spain.html\" target=\"_self\" rel=\"bookmark noopener noreferrer\">Airbus Reaches Key Milestone for A350F Program: Production of Industry\u2019s Largest Main Deck Cargo Door Finalized in Spain<\/a>\n\t\t\t<\/h4>\n\t\t\t\t\t\t<div class='uagb-post__text uagb-post-grid-byline'>\n\t\t\t\t\t\t\t<\/div>\n\t\t\t\t\t\t<div class=\"uagb-post__text uagb-post__cta wp-block-button\">\n\t\t\t\t<a class=\"wp-block-button__link uagb-text-link\" style=\"\" href=\"https:\/\/aviacionaldia.com\/en\/2026\/04\/airbus-reaches-key-milestone-for-a350f-program-production-of-industrys-largest-main-deck-cargo-door-finalized-in-spain.html\" target=\"_self\" rel=\"bookmark noopener noreferrer\">Read More<\/a>\n\t\t\t<\/div>\n\t\t\t\n\t\t\t\t\t\t\t\t\t<\/article>\n\t\t\t\t\t\t\t\t\t\t\t\t\t\t\t\t<article class=\"uagb-post__inner-wrap\">\t\t\t\t\t\t\t\t<div class='uagb-post__image'>\n\t\t\t\t\t\t\t\t\t<a href=\"https:\/\/aviacionaldia.com\/en\/2026\/04\/airbus-modernizes-jetblues-airbus-a320s-with-next-generation-flight-deck-displays.html\" target=\"_self\" rel=\"bookmark noopener noreferrer\" class='uagb-image-ratio-inherit'><img decoding=\"async\" width=\"800\" height=\"400\" src=\"https:\/\/aviacionaldia.com\/wp-content\/uploads\/2026\/04\/Cockpit-Airbus-A320.webp\" class=\"attachment-large size-large\" alt=\"\" srcset=\"https:\/\/aviacionaldia.com\/wp-content\/uploads\/2026\/04\/Cockpit-Airbus-A320.webp 800w, https:\/\/aviacionaldia.com\/wp-content\/uploads\/2026\/04\/Cockpit-Airbus-A320-300x150.webp 300w, https:\/\/aviacionaldia.com\/wp-content\/uploads\/2026\/04\/Cockpit-Airbus-A320-768x384.webp 768w, https:\/\/aviacionaldia.com\/wp-content\/uploads\/2026\/04\/Cockpit-Airbus-A320-380x190.webp 380w\" sizes=\"(max-width: 800px) 100vw, 800px\" \/>\t\t\t\t\t<\/a>\n\t\t\t\t\t\t\t<\/div>\n\t\t\t\t\t\t<h4 class=\"uagb-post__title uagb-post__text\">\n\t\t\t\t<a href=\"https:\/\/aviacionaldia.com\/en\/2026\/04\/airbus-modernizes-jetblues-airbus-a320s-with-next-generation-flight-deck-displays.html\" target=\"_self\" rel=\"bookmark noopener noreferrer\">Airbus Modernizes JetBlue&#8217;s Airbus A320s with Next-Generation Flight Deck Displays<\/a>\n\t\t\t<\/h4>\n\t\t\t\t\t\t<div class='uagb-post__text uagb-post-grid-byline'>\n\t\t\t\t\t\t\t<\/div>\n\t\t\t\t\t\t<div class=\"uagb-post__text uagb-post__cta wp-block-button\">\n\t\t\t\t<a class=\"wp-block-button__link uagb-text-link\" style=\"\" href=\"https:\/\/aviacionaldia.com\/en\/2026\/04\/airbus-modernizes-jetblues-airbus-a320s-with-next-generation-flight-deck-displays.html\" target=\"_self\" rel=\"bookmark noopener noreferrer\">Read More<\/a>\n\t\t\t<\/div>\n\t\t\t\n\t\t\t\t\t\t\t\t\t<\/article>\n\t\t\t\t\t\t\t\t\t\t\t\t\t\t\t\t<article class=\"uagb-post__inner-wrap\">\t\t\t\t\t\t\t\t<div class='uagb-post__image'>\n\t\t\t\t\t\t\t\t\t<a href=\"https:\/\/aviacionaldia.com\/en\/2026\/04\/pratt-whitney-gtf-advantage-earns-easa-certification-for-airbus-a320neo-family.html\" target=\"_self\" rel=\"bookmark noopener noreferrer\" class='uagb-image-ratio-inherit'><img decoding=\"async\" width=\"800\" height=\"400\" src=\"https:\/\/aviacionaldia.com\/wp-content\/uploads\/2022\/10\/Pratt-Whitney-GTF-Advantage.jpg\" class=\"attachment-large size-large\" alt=\"\" srcset=\"https:\/\/aviacionaldia.com\/wp-content\/uploads\/2022\/10\/Pratt-Whitney-GTF-Advantage.jpg 800w, https:\/\/aviacionaldia.com\/wp-content\/uploads\/2022\/10\/Pratt-Whitney-GTF-Advantage-300x150.jpg 300w, https:\/\/aviacionaldia.com\/wp-content\/uploads\/2022\/10\/Pratt-Whitney-GTF-Advantage-768x384.jpg 768w, https:\/\/aviacionaldia.com\/wp-content\/uploads\/2022\/10\/Pratt-Whitney-GTF-Advantage-380x190.jpg 380w\" sizes=\"(max-width: 800px) 100vw, 800px\" \/>\t\t\t\t\t<\/a>\n\t\t\t\t\t\t\t<\/div>\n\t\t\t\t\t\t<h4 class=\"uagb-post__title uagb-post__text\">\n\t\t\t\t<a href=\"https:\/\/aviacionaldia.com\/en\/2026\/04\/pratt-whitney-gtf-advantage-earns-easa-certification-for-airbus-a320neo-family.html\" target=\"_self\" rel=\"bookmark noopener noreferrer\">Pratt &#038; Whitney GTF Advantage Earns EASA Certification for Airbus A320neo Family<\/a>\n\t\t\t<\/h4>\n\t\t\t\t\t\t<div class='uagb-post__text uagb-post-grid-byline'>\n\t\t\t\t\t\t\t<\/div>\n\t\t\t\t\t\t<div class=\"uagb-post__text uagb-post__cta wp-block-button\">\n\t\t\t\t<a class=\"wp-block-button__link uagb-text-link\" style=\"\" href=\"https:\/\/aviacionaldia.com\/en\/2026\/04\/pratt-whitney-gtf-advantage-earns-easa-certification-for-airbus-a320neo-family.html\" target=\"_self\" rel=\"bookmark noopener noreferrer\">Read More<\/a>\n\t\t\t<\/div>\n\t\t\t\n\t\t\t\t\t\t\t\t\t<\/article>\n\t\t\t\t\t\t\t\t\t\t\t<\/div>\n\t\t\t","protected":false},"excerpt":{"rendered":"The Federal Aviation Administration (FAA) are opening a new review of Boeing after a survey of company engineers&hellip;\n","protected":false},"author":4316,"featured_media":102140,"comment_status":"closed","ping_status":"closed","sticky":false,"template":"","format":"standard","meta":{"_uag_custom_page_level_css":"","footnotes":""},"categories":[190],"tags":[220,451,221],"class_list":{"0":"post-115327","1":"post","2":"type-post","3":"status-publish","4":"format-standard","5":"has-post-thumbnail","7":"category-the-industry","8":"tag-boeing-2","9":"tag-faa-2","10":"tag-usa"},"uagb_featured_image_src":{"full":["https:\/\/aviacionaldia.com\/wp-content\/uploads\/2018\/10\/Boeing.jpg",800,400,false],"thumbnail":["https:\/\/aviacionaldia.com\/wp-content\/uploads\/2018\/10\/Boeing-150x150.jpg",150,150,true],"medium":["https:\/\/aviacionaldia.com\/wp-content\/uploads\/2018\/10\/Boeing-300x150.jpg",300,150,true],"medium_large":["https:\/\/aviacionaldia.com\/wp-content\/uploads\/2018\/10\/Boeing-768x384.jpg",768,384,true],"large":["https:\/\/aviacionaldia.com\/wp-content\/uploads\/2018\/10\/Boeing.jpg",800,400,false],"1536x1536":["https:\/\/aviacionaldia.com\/wp-content\/uploads\/2018\/10\/Boeing.jpg",800,400,false],"2048x2048":["https:\/\/aviacionaldia.com\/wp-content\/uploads\/2018\/10\/Boeing.jpg",800,400,false],"pk-small":["https:\/\/aviacionaldia.com\/wp-content\/uploads\/2018\/10\/Boeing-80x80.jpg",80,80,true],"pk-thumbnail":["https:\/\/aviacionaldia.com\/wp-content\/uploads\/2018\/10\/Boeing-300x225.jpg",300,225,true],"csco-small":["https:\/\/aviacionaldia.com\/wp-content\/uploads\/2018\/10\/Boeing-80x80.jpg",80,80,true],"csco-intermediate":["https:\/\/aviacionaldia.com\/wp-content\/uploads\/2018\/10\/Boeing-200x140.jpg",200,140,true],"csco-thumbnail":["https:\/\/aviacionaldia.com\/wp-content\/uploads\/2018\/10\/Boeing-380x220.jpg",380,220,true],"csco-thumbnail-alternative":["https:\/\/aviacionaldia.com\/wp-content\/uploads\/2018\/10\/Boeing-300x180.jpg",300,180,true],"csco-thumbnail-uncropped":["https:\/\/aviacionaldia.com\/wp-content\/uploads\/2018\/10\/Boeing-380x190.jpg",380,190,true],"csco-medium":["https:\/\/aviacionaldia.com\/wp-content\/uploads\/2018\/10\/Boeing.jpg",800,400,false],"csco-medium-alternative":["https:\/\/aviacionaldia.com\/wp-content\/uploads\/2018\/10\/Boeing-560x336.jpg",560,336,true],"csco-medium-uncropped":["https:\/\/aviacionaldia.com\/wp-content\/uploads\/2018\/10\/Boeing.jpg",800,400,false],"csco-large":["https:\/\/aviacionaldia.com\/wp-content\/uploads\/2018\/10\/Boeing.jpg",800,400,false],"csco-large-uncropped":["https:\/\/aviacionaldia.com\/wp-content\/uploads\/2018\/10\/Boeing.jpg",800,400,false],"csco-extra-large":["https:\/\/aviacionaldia.com\/wp-content\/uploads\/2018\/10\/Boeing.jpg",800,400,false]},"uagb_author_info":{"display_name":"Redacci\u00f3n - Aviaci\u00f3n al D\u00eda","author_link":"https:\/\/aviacionaldia.com\/en\/author\/aad"},"uagb_comment_info":0,"uagb_excerpt":"The Federal Aviation Administration (FAA) are opening a new review of Boeing after a survey of company engineers&hellip;","amp_enabled":true,"_links":{"self":[{"href":"https:\/\/aviacionaldia.com\/en\/wp-json\/wp\/v2\/posts\/115327","targetHints":{"allow":["GET"]}}],"collection":[{"href":"https:\/\/aviacionaldia.com\/en\/wp-json\/wp\/v2\/posts"}],"about":[{"href":"https:\/\/aviacionaldia.com\/en\/wp-json\/wp\/v2\/types\/post"}],"author":[{"embeddable":true,"href":"https:\/\/aviacionaldia.com\/en\/wp-json\/wp\/v2\/users\/4316"}],"replies":[{"embeddable":true,"href":"https:\/\/aviacionaldia.com\/en\/wp-json\/wp\/v2\/comments?post=115327"}],"version-history":[{"count":1,"href":"https:\/\/aviacionaldia.com\/en\/wp-json\/wp\/v2\/posts\/115327\/revisions"}],"predecessor-version":[{"id":115329,"href":"https:\/\/aviacionaldia.com\/en\/wp-json\/wp\/v2\/posts\/115327\/revisions\/115329"}],"wp:featuredmedia":[{"embeddable":true,"href":"https:\/\/aviacionaldia.com\/en\/wp-json\/wp\/v2\/media\/102140"}],"wp:attachment":[{"href":"https:\/\/aviacionaldia.com\/en\/wp-json\/wp\/v2\/media?parent=115327"}],"wp:term":[{"taxonomy":"category","embeddable":true,"href":"https:\/\/aviacionaldia.com\/en\/wp-json\/wp\/v2\/categories?post=115327"},{"taxonomy":"post_tag","embeddable":true,"href":"https:\/\/aviacionaldia.com\/en\/wp-json\/wp\/v2\/tags?post=115327"}],"curies":[{"name":"wp","href":"https:\/\/api.w.org\/{rel}","templated":true}]}}