{"id":115362,"date":"2021-08-25T18:00:00","date_gmt":"2021-08-25T18:00:00","guid":{"rendered":"https:\/?p=115362"},"modified":"2021-08-25T21:23:18","modified_gmt":"2021-08-25T21:23:18","slug":"lufthansa-will-require-covid-vaccination-crews","status":"publish","type":"post","link":"https:\/\/aviacionaldia.com\/en\/2021\/08\/lufthansa-will-require-covid-vaccination-crews.html","title":{"rendered":"Lufthansa will require COVID-19 vaccination for crews."},"content":{"rendered":"\n<p>Germany\u2019s Lufthansa will require the crew on its planes to be vaccinated against the coronavirus, the airline said on Wednesday.<\/p>\n\n\n\n<p>Lufthansa will negotiate an agreement to this end with staff representatives, a spokesperson said, confirming an earlier report by Spiegel magazine.<\/p>\n\n\n\n<p><strong><em>Se<\/em><\/strong><em><strong>e also:<\/strong> <a href=\"https:\/en\/2021\/08\/germany-sell-stake-lufthansa.html\">Germany will sell stake it took in Lufthansa for Covid.<\/a><\/em><\/p>\n\n\n\n<p>\u201cInternational flight operations will not be feasible in the future without coronavirus vaccination for aircraft crews,\u201d the spokesman told <a href=\"https:\/\/www.reuters.com\/article\/healthcoronavirus-lufthansa\/lufthansa-to-demand-covid-19-shots-for-crew-idUSL8N2PW42Z\" target=\"_blank\" rel=\"noreferrer noopener nofollow\">Reuters<\/a>.<\/p>\n\n\n\n<p>Lufthansa\u2019s subsidiary Swiss will introduce the vaccination requirement from mid-November, as Swiss contracts already allow for that, while Lufthansa itself will have to first reach an agreement with staff representatives.<\/p>\n\n\n\n<p>At its Austrian subsidiary Austrian Airlines, about nine out of 10 employees have already been vaccinated.<\/p>\n\n\n\n<h2 class=\"wp-block-heading\">Related Topics<\/h2>\n\n\n\n\t\t\t<div class=\"wp-block-uagb-post-grid uagb-post-grid  uagb-post__image-position-top uagb-post__image-enabled uagb-block-83db2e78     uagb-post__items uagb-post__columns-2 is-grid uagb-post__columns-tablet-2 uagb-post__columns-mobile-1 uagb-post__equal-height\" data-total=\"202\" style=\"\">\n\n\t\t\t\t\t\t\t\t\t\t\t\t<article class=\"uagb-post__inner-wrap\">\t\t\t\t\t\t\t\t<div class='uagb-post__image'>\n\t\t\t\t\t\t\t\t\t<a href=\"https:\/\/aviacionaldia.com\/en\/2026\/04\/air-china-announces-new-direct-route-between-beijing-and-venice-for-summer.html\" target=\"_self\" rel=\"bookmark noopener noreferrer\" class='uagb-image-ratio-inherit'><img decoding=\"async\" width=\"800\" height=\"400\" src=\"https:\/\/aviacionaldia.com\/wp-content\/uploads\/2026\/04\/Air-China-Airbus-A330.webp\" class=\"attachment-large size-large\" alt=\"\" srcset=\"https:\/\/aviacionaldia.com\/wp-content\/uploads\/2026\/04\/Air-China-Airbus-A330.webp 800w, https:\/\/aviacionaldia.com\/wp-content\/uploads\/2026\/04\/Air-China-Airbus-A330-300x150.webp 300w, https:\/\/aviacionaldia.com\/wp-content\/uploads\/2026\/04\/Air-China-Airbus-A330-768x384.webp 768w, https:\/\/aviacionaldia.com\/wp-content\/uploads\/2026\/04\/Air-China-Airbus-A330-380x190.webp 380w\" sizes=\"(max-width: 800px) 100vw, 800px\" \/>\t\t\t\t\t<\/a>\n\t\t\t\t\t\t\t<\/div>\n\t\t\t\t\t\t<h4 class=\"uagb-post__title uagb-post__text\">\n\t\t\t\t<a href=\"https:\/\/aviacionaldia.com\/en\/2026\/04\/air-china-announces-new-direct-route-between-beijing-and-venice-for-summer.html\" target=\"_self\" rel=\"bookmark noopener noreferrer\">Air China Announces New Direct Route Between Beijing and Venice for Summer<\/a>\n\t\t\t<\/h4>\n\t\t\t\t\t\t<div class='uagb-post__text uagb-post-grid-byline'>\n\t\t\t\t\t\t\t<\/div>\n\t\t\t\t\t\t<div class=\"uagb-post__text uagb-post__cta wp-block-button\">\n\t\t\t\t<a class=\"wp-block-button__link uagb-text-link\" style=\"\" href=\"https:\/\/aviacionaldia.com\/en\/2026\/04\/air-china-announces-new-direct-route-between-beijing-and-venice-for-summer.html\" target=\"_self\" rel=\"bookmark noopener noreferrer\">Read More<\/a>\n\t\t\t<\/div>\n\t\t\t\n\t\t\t\t\t\t\t\t\t<\/article>\n\t\t\t\t\t\t\t\t\t\t\t\t\t\t\t\t<article class=\"uagb-post__inner-wrap\">\t\t\t\t\t\t\t\t<div class='uagb-post__image'>\n\t\t\t\t\t\t\t\t\t<a href=\"https:\/\/aviacionaldia.com\/en\/2026\/04\/air-premia-launches-new-route-between-seoul-and-washington-d-c.html\" target=\"_self\" rel=\"bookmark noopener noreferrer\" class='uagb-image-ratio-inherit'><img decoding=\"async\" width=\"800\" height=\"400\" src=\"https:\/\/aviacionaldia.com\/wp-content\/uploads\/2026\/04\/Air-Premia-Vuelos-a-Washington-D.C.webp\" class=\"attachment-large size-large\" alt=\"\" srcset=\"https:\/\/aviacionaldia.com\/wp-content\/uploads\/2026\/04\/Air-Premia-Vuelos-a-Washington-D.C.webp 800w, https:\/\/aviacionaldia.com\/wp-content\/uploads\/2026\/04\/Air-Premia-Vuelos-a-Washington-D.C-300x150.webp 300w, https:\/\/aviacionaldia.com\/wp-content\/uploads\/2026\/04\/Air-Premia-Vuelos-a-Washington-D.C-768x384.webp 768w, https:\/\/aviacionaldia.com\/wp-content\/uploads\/2026\/04\/Air-Premia-Vuelos-a-Washington-D.C-380x190.webp 380w\" sizes=\"(max-width: 800px) 100vw, 800px\" \/>\t\t\t\t\t<\/a>\n\t\t\t\t\t\t\t<\/div>\n\t\t\t\t\t\t<h4 class=\"uagb-post__title uagb-post__text\">\n\t\t\t\t<a href=\"https:\/\/aviacionaldia.com\/en\/2026\/04\/air-premia-launches-new-route-between-seoul-and-washington-d-c.html\" target=\"_self\" rel=\"bookmark noopener noreferrer\">Air Premia Launches New Route Between Seoul and Washington D.C.<\/a>\n\t\t\t<\/h4>\n\t\t\t\t\t\t<div class='uagb-post__text uagb-post-grid-byline'>\n\t\t\t\t\t\t\t<\/div>\n\t\t\t\t\t\t<div class=\"uagb-post__text uagb-post__cta wp-block-button\">\n\t\t\t\t<a class=\"wp-block-button__link uagb-text-link\" style=\"\" href=\"https:\/\/aviacionaldia.com\/en\/2026\/04\/air-premia-launches-new-route-between-seoul-and-washington-d-c.html\" target=\"_self\" rel=\"bookmark noopener noreferrer\">Read More<\/a>\n\t\t\t<\/div>\n\t\t\t\n\t\t\t\t\t\t\t\t\t<\/article>\n\t\t\t\t\t\t\t\t\t\t\t\t\t\t\t\t<article class=\"uagb-post__inner-wrap\">\t\t\t\t\t\t\t\t<div class='uagb-post__image'>\n\t\t\t\t\t\t\t\t\t<a href=\"https:\/\/aviacionaldia.com\/en\/2026\/04\/ita-airways-expands-asian-presence-with-increased-flights-to-bangkok-and-new-delhi.html\" target=\"_self\" rel=\"bookmark noopener noreferrer\" class='uagb-image-ratio-inherit'><img decoding=\"async\" width=\"800\" height=\"400\" src=\"https:\/\/aviacionaldia.com\/wp-content\/uploads\/2025\/12\/ITA-Airways-Airbus-A350.webp\" class=\"attachment-large size-large\" alt=\"\" srcset=\"https:\/\/aviacionaldia.com\/wp-content\/uploads\/2025\/12\/ITA-Airways-Airbus-A350.webp 800w, https:\/\/aviacionaldia.com\/wp-content\/uploads\/2025\/12\/ITA-Airways-Airbus-A350-300x150.webp 300w, https:\/\/aviacionaldia.com\/wp-content\/uploads\/2025\/12\/ITA-Airways-Airbus-A350-768x384.webp 768w, https:\/\/aviacionaldia.com\/wp-content\/uploads\/2025\/12\/ITA-Airways-Airbus-A350-380x190.webp 380w\" sizes=\"(max-width: 800px) 100vw, 800px\" \/>\t\t\t\t\t<\/a>\n\t\t\t\t\t\t\t<\/div>\n\t\t\t\t\t\t<h4 class=\"uagb-post__title uagb-post__text\">\n\t\t\t\t<a href=\"https:\/\/aviacionaldia.com\/en\/2026\/04\/ita-airways-expands-asian-presence-with-increased-flights-to-bangkok-and-new-delhi.html\" target=\"_self\" rel=\"bookmark noopener noreferrer\">ITA Airways Expands Asian Presence with Increased Flights to Bangkok and New Delhi<\/a>\n\t\t\t<\/h4>\n\t\t\t\t\t\t<div class='uagb-post__text uagb-post-grid-byline'>\n\t\t\t\t\t\t\t<\/div>\n\t\t\t\t\t\t<div class=\"uagb-post__text uagb-post__cta wp-block-button\">\n\t\t\t\t<a class=\"wp-block-button__link uagb-text-link\" style=\"\" href=\"https:\/\/aviacionaldia.com\/en\/2026\/04\/ita-airways-expands-asian-presence-with-increased-flights-to-bangkok-and-new-delhi.html\" target=\"_self\" rel=\"bookmark noopener noreferrer\">Read More<\/a>\n\t\t\t<\/div>\n\t\t\t\n\t\t\t\t\t\t\t\t\t<\/article>\n\t\t\t\t\t\t\t\t\t\t\t\t\t\t\t\t<article class=\"uagb-post__inner-wrap\">\t\t\t\t\t\t\t\t<div class='uagb-post__image'>\n\t\t\t\t\t\t\t\t\t<a href=\"https:\/\/aviacionaldia.com\/en\/2026\/04\/asian-airlines-capitalize-on-surging-demand-to-europe-amid-gulf-hub-crisis.html\" target=\"_self\" rel=\"bookmark noopener noreferrer\" class='uagb-image-ratio-inherit'><img decoding=\"async\" width=\"800\" height=\"400\" src=\"https:\/\/aviacionaldia.com\/wp-content\/uploads\/2020\/05\/avion.jpg\" class=\"attachment-large size-large\" alt=\"\" srcset=\"https:\/\/aviacionaldia.com\/wp-content\/uploads\/2020\/05\/avion.jpg 800w, https:\/\/aviacionaldia.com\/wp-content\/uploads\/2020\/05\/avion-300x150.jpg 300w, https:\/\/aviacionaldia.com\/wp-content\/uploads\/2020\/05\/avion-768x384.jpg 768w, https:\/\/aviacionaldia.com\/wp-content\/uploads\/2020\/05\/avion-380x190.jpg 380w\" sizes=\"(max-width: 800px) 100vw, 800px\" \/>\t\t\t\t\t<\/a>\n\t\t\t\t\t\t\t<\/div>\n\t\t\t\t\t\t<h4 class=\"uagb-post__title uagb-post__text\">\n\t\t\t\t<a href=\"https:\/\/aviacionaldia.com\/en\/2026\/04\/asian-airlines-capitalize-on-surging-demand-to-europe-amid-gulf-hub-crisis.html\" target=\"_self\" rel=\"bookmark noopener noreferrer\">Asian Airlines Capitalize on Surging Demand to Europe Amid Gulf Hub Crisis<\/a>\n\t\t\t<\/h4>\n\t\t\t\t\t\t<div class='uagb-post__text uagb-post-grid-byline'>\n\t\t\t\t\t\t\t<\/div>\n\t\t\t\t\t\t<div class=\"uagb-post__text uagb-post__cta wp-block-button\">\n\t\t\t\t<a class=\"wp-block-button__link uagb-text-link\" style=\"\" href=\"https:\/\/aviacionaldia.com\/en\/2026\/04\/asian-airlines-capitalize-on-surging-demand-to-europe-amid-gulf-hub-crisis.html\" target=\"_self\" rel=\"bookmark noopener noreferrer\">Read More<\/a>\n\t\t\t<\/div>\n\t\t\t\n\t\t\t\t\t\t\t\t\t<\/article>\n\t\t\t\t\t\t\t\t\t\t\t<\/div>\n\t\t\t","protected":false},"excerpt":{"rendered":"Germany\u2019s Lufthansa will require the crew on its planes to be vaccinated against the coronavirus, the airline said&hellip;\n","protected":false},"author":4316,"featured_media":107820,"comment_status":"closed","ping_status":"closed","sticky":false,"template":"","format":"standard","meta":{"_uag_custom_page_level_css":"","footnotes":""},"categories":[1],"tags":[230,200,269,203],"class_list":{"0":"post-115362","1":"post","2":"type-post","3":"status-publish","4":"format-standard","5":"has-post-thumbnail","7":"category-airlines","8":"tag-airline","9":"tag-coronavirus-2","10":"tag-europe","11":"tag-lufthansa-2"},"uagb_featured_image_src":{"full":["https:\/\/aviacionaldia.com\/wp-content\/uploads\/2021\/04\/vacunados.jpg",800,400,false],"thumbnail":["https:\/\/aviacionaldia.com\/wp-content\/uploads\/2021\/04\/vacunados-150x150.jpg",150,150,true],"medium":["https:\/\/aviacionaldia.com\/wp-content\/uploads\/2021\/04\/vacunados-300x150.jpg",300,150,true],"medium_large":["https:\/\/aviacionaldia.com\/wp-content\/uploads\/2021\/04\/vacunados-768x384.jpg",768,384,true],"large":["https:\/\/aviacionaldia.com\/wp-content\/uploads\/2021\/04\/vacunados.jpg",800,400,false],"1536x1536":["https:\/\/aviacionaldia.com\/wp-content\/uploads\/2021\/04\/vacunados.jpg",800,400,false],"2048x2048":["https:\/\/aviacionaldia.com\/wp-content\/uploads\/2021\/04\/vacunados.jpg",800,400,false],"pk-small":["https:\/\/aviacionaldia.com\/wp-content\/uploads\/2021\/04\/vacunados.jpg",80,40,false],"pk-thumbnail":["https:\/\/aviacionaldia.com\/wp-content\/uploads\/2021\/04\/vacunados.jpg",300,150,false],"csco-small":["https:\/\/aviacionaldia.com\/wp-content\/uploads\/2021\/04\/vacunados-80x80.jpg",80,80,true],"csco-intermediate":["https:\/\/aviacionaldia.com\/wp-content\/uploads\/2021\/04\/vacunados-200x140.jpg",200,140,true],"csco-thumbnail":["https:\/\/aviacionaldia.com\/wp-content\/uploads\/2021\/04\/vacunados-380x220.jpg",380,220,true],"csco-thumbnail-alternative":["https:\/\/aviacionaldia.com\/wp-content\/uploads\/2021\/04\/vacunados-300x180.jpg",300,180,true],"csco-thumbnail-uncropped":["https:\/\/aviacionaldia.com\/wp-content\/uploads\/2021\/04\/vacunados-380x190.jpg",380,190,true],"csco-medium":["https:\/\/aviacionaldia.com\/wp-content\/uploads\/2021\/04\/vacunados.jpg",800,400,false],"csco-medium-alternative":["https:\/\/aviacionaldia.com\/wp-content\/uploads\/2021\/04\/vacunados-560x336.jpg",560,336,true],"csco-medium-uncropped":["https:\/\/aviacionaldia.com\/wp-content\/uploads\/2021\/04\/vacunados.jpg",800,400,false],"csco-large":["https:\/\/aviacionaldia.com\/wp-content\/uploads\/2021\/04\/vacunados.jpg",800,400,false],"csco-large-uncropped":["https:\/\/aviacionaldia.com\/wp-content\/uploads\/2021\/04\/vacunados.jpg",800,400,false],"csco-extra-large":["https:\/\/aviacionaldia.com\/wp-content\/uploads\/2021\/04\/vacunados.jpg",800,400,false]},"uagb_author_info":{"display_name":"Redacci\u00f3n - Aviaci\u00f3n al D\u00eda","author_link":"https:\/\/aviacionaldia.com\/en\/author\/aad"},"uagb_comment_info":0,"uagb_excerpt":"Germany\u2019s Lufthansa will require the crew on its planes to be vaccinated against the coronavirus, the airline said&hellip;","amp_enabled":true,"_links":{"self":[{"href":"https:\/\/aviacionaldia.com\/en\/wp-json\/wp\/v2\/posts\/115362","targetHints":{"allow":["GET"]}}],"collection":[{"href":"https:\/\/aviacionaldia.com\/en\/wp-json\/wp\/v2\/posts"}],"about":[{"href":"https:\/\/aviacionaldia.com\/en\/wp-json\/wp\/v2\/types\/post"}],"author":[{"embeddable":true,"href":"https:\/\/aviacionaldia.com\/en\/wp-json\/wp\/v2\/users\/4316"}],"replies":[{"embeddable":true,"href":"https:\/\/aviacionaldia.com\/en\/wp-json\/wp\/v2\/comments?post=115362"}],"version-history":[{"count":1,"href":"https:\/\/aviacionaldia.com\/en\/wp-json\/wp\/v2\/posts\/115362\/revisions"}],"predecessor-version":[{"id":115363,"href":"https:\/\/aviacionaldia.com\/en\/wp-json\/wp\/v2\/posts\/115362\/revisions\/115363"}],"wp:featuredmedia":[{"embeddable":true,"href":"https:\/\/aviacionaldia.com\/en\/wp-json\/wp\/v2\/media\/107820"}],"wp:attachment":[{"href":"https:\/\/aviacionaldia.com\/en\/wp-json\/wp\/v2\/media?parent=115362"}],"wp:term":[{"taxonomy":"category","embeddable":true,"href":"https:\/\/aviacionaldia.com\/en\/wp-json\/wp\/v2\/categories?post=115362"},{"taxonomy":"post_tag","embeddable":true,"href":"https:\/\/aviacionaldia.com\/en\/wp-json\/wp\/v2\/tags?post=115362"}],"curies":[{"name":"wp","href":"https:\/\/api.w.org\/{rel}","templated":true}]}}