{"id":115556,"date":"2021-08-30T18:00:00","date_gmt":"2021-08-30T18:00:00","guid":{"rendered":"https:\/?p=115556"},"modified":"2021-08-30T23:36:29","modified_gmt":"2021-08-30T23:36:29","slug":"avior-airlines-resumes-flights-barcelona-porlamar","status":"publish","type":"post","link":"https:\/\/aviacionaldia.com\/en\/2021\/08\/avior-airlines-resumes-flights-barcelona-porlamar.html","title":{"rendered":"Venezuela: Avior Airlines resumes flights between Barcelona and Porlamar."},"content":{"rendered":"\n<p><strong>Avior Airlines <\/strong>announced this Monday that it will resume flights between Barcelona and Porlamar (Margarita Island) during the flexible weeks.<\/p>\n\n\n\n<p><strong><em>See also: <\/em><\/strong><a href=\"https:\/en\/2021\/08\/avior-airlines-suspension-flights-caracas-cancun.html\"><em>Avior Airlines informed suspension flights between Caracas and Cancun.<\/em><\/a><\/p>\n\n\n\n<p>The Barcelona-Porlamar route will operate two frequencies per week (Wednesdays and Sundays), while flights between Margarita Island and the capital of the state of Anzo\u00e1tegui will be three weekly (Wednesdays, Thursdays and Sundays).<\/p>\n\n\n\n<p>Tickets are now on sale on the airline&#8217;s website.<\/p>\n\n\n\n<p>Photo: Andr\u00e9 Du-pont\/<a href=\"https:\/\/es.m.wikipedia.org\/wiki\/Archivo:Avior_Airlines_Boeing_737-200_AADPR-2.jpg\" target=\"_blank\" rel=\"noreferrer noopener\">Wikimedia<\/a><\/p>\n\n\n\n<h2 class=\"wp-block-heading\">Related Topics<\/h2>\n\n\n\n\t\t\t<div class=\"wp-block-uagb-post-grid uagb-post-grid  uagb-post__image-position-top uagb-post__image-enabled uagb-block-c6d09bf9     uagb-post__items uagb-post__columns-2 is-grid uagb-post__columns-tablet-2 uagb-post__columns-mobile-1 uagb-post__equal-height\" data-total=\"468\" style=\"\">\n\n\t\t\t\t\t\t\t\t\t\t\t\t<article class=\"uagb-post__inner-wrap\">\t\t\t\t\t\t\t\t<div class='uagb-post__image'>\n\t\t\t\t\t\t\t\t\t<a href=\"https:\/\/aviacionaldia.com\/en\/2026\/04\/air-premia-launches-new-route-between-seoul-and-washington-d-c.html\" target=\"_self\" rel=\"bookmark noopener noreferrer\" class='uagb-image-ratio-inherit'><img decoding=\"async\" width=\"800\" height=\"400\" src=\"https:\/\/aviacionaldia.com\/wp-content\/uploads\/2026\/04\/Air-Premia-Vuelos-a-Washington-D.C.webp\" class=\"attachment-large size-large\" alt=\"\" srcset=\"https:\/\/aviacionaldia.com\/wp-content\/uploads\/2026\/04\/Air-Premia-Vuelos-a-Washington-D.C.webp 800w, https:\/\/aviacionaldia.com\/wp-content\/uploads\/2026\/04\/Air-Premia-Vuelos-a-Washington-D.C-300x150.webp 300w, https:\/\/aviacionaldia.com\/wp-content\/uploads\/2026\/04\/Air-Premia-Vuelos-a-Washington-D.C-768x384.webp 768w, https:\/\/aviacionaldia.com\/wp-content\/uploads\/2026\/04\/Air-Premia-Vuelos-a-Washington-D.C-380x190.webp 380w\" sizes=\"(max-width: 800px) 100vw, 800px\" \/>\t\t\t\t\t<\/a>\n\t\t\t\t\t\t\t<\/div>\n\t\t\t\t\t\t<h4 class=\"uagb-post__title uagb-post__text\">\n\t\t\t\t<a href=\"https:\/\/aviacionaldia.com\/en\/2026\/04\/air-premia-launches-new-route-between-seoul-and-washington-d-c.html\" target=\"_self\" rel=\"bookmark noopener noreferrer\">Air Premia Launches New Route Between Seoul and Washington D.C.<\/a>\n\t\t\t<\/h4>\n\t\t\t\t\t\t<div class='uagb-post__text uagb-post-grid-byline'>\n\t\t\t\t\t\t\t<\/div>\n\t\t\t\t\t\t<div class=\"uagb-post__text uagb-post__cta wp-block-button\">\n\t\t\t\t<a class=\"wp-block-button__link uagb-text-link\" style=\"\" href=\"https:\/\/aviacionaldia.com\/en\/2026\/04\/air-premia-launches-new-route-between-seoul-and-washington-d-c.html\" target=\"_self\" rel=\"bookmark noopener noreferrer\">Read More<\/a>\n\t\t\t<\/div>\n\t\t\t\n\t\t\t\t\t\t\t\t\t<\/article>\n\t\t\t\t\t\t\t\t\t\t\t\t\t\t\t\t<article class=\"uagb-post__inner-wrap\">\t\t\t\t\t\t\t\t<div class='uagb-post__image'>\n\t\t\t\t\t\t\t\t\t<a href=\"https:\/\/aviacionaldia.com\/en\/2026\/04\/united-reveals-details-of-failed-merger-proposal-with-american-airlines-global-giant-that-never-took-flight.html\" target=\"_self\" rel=\"bookmark noopener noreferrer\" class='uagb-image-ratio-inherit'><img decoding=\"async\" width=\"800\" height=\"400\" src=\"https:\/\/aviacionaldia.com\/wp-content\/uploads\/2026\/01\/United-Airlines-American-Airlines.webp\" class=\"attachment-large size-large\" alt=\"\" srcset=\"https:\/\/aviacionaldia.com\/wp-content\/uploads\/2026\/01\/United-Airlines-American-Airlines.webp 800w, https:\/\/aviacionaldia.com\/wp-content\/uploads\/2026\/01\/United-Airlines-American-Airlines-300x150.webp 300w, https:\/\/aviacionaldia.com\/wp-content\/uploads\/2026\/01\/United-Airlines-American-Airlines-768x384.webp 768w, https:\/\/aviacionaldia.com\/wp-content\/uploads\/2026\/01\/United-Airlines-American-Airlines-380x190.webp 380w\" sizes=\"(max-width: 800px) 100vw, 800px\" \/>\t\t\t\t\t<\/a>\n\t\t\t\t\t\t\t<\/div>\n\t\t\t\t\t\t<h4 class=\"uagb-post__title uagb-post__text\">\n\t\t\t\t<a href=\"https:\/\/aviacionaldia.com\/en\/2026\/04\/united-reveals-details-of-failed-merger-proposal-with-american-airlines-global-giant-that-never-took-flight.html\" target=\"_self\" rel=\"bookmark noopener noreferrer\">United Reveals Details of Failed Merger Proposal with American Airlines: Global Giant That Never Took Flight<\/a>\n\t\t\t<\/h4>\n\t\t\t\t\t\t<div class='uagb-post__text uagb-post-grid-byline'>\n\t\t\t\t\t\t\t<\/div>\n\t\t\t\t\t\t<div class=\"uagb-post__text uagb-post__cta wp-block-button\">\n\t\t\t\t<a class=\"wp-block-button__link uagb-text-link\" style=\"\" href=\"https:\/\/aviacionaldia.com\/en\/2026\/04\/united-reveals-details-of-failed-merger-proposal-with-american-airlines-global-giant-that-never-took-flight.html\" target=\"_self\" rel=\"bookmark noopener noreferrer\">Read More<\/a>\n\t\t\t<\/div>\n\t\t\t\n\t\t\t\t\t\t\t\t\t<\/article>\n\t\t\t\t\t\t\t\t\t\t\t\t\t\t\t\t<article class=\"uagb-post__inner-wrap\">\t\t\t\t\t\t\t\t<div class='uagb-post__image'>\n\t\t\t\t\t\t\t\t\t<a href=\"https:\/\/aviacionaldia.com\/en\/2026\/04\/copa-airlines-consolidates-leadership-in-venezuela-connecting-17-u-s-destinations-from-5-domestic-cities.html\" target=\"_self\" rel=\"bookmark noopener noreferrer\" class='uagb-image-ratio-inherit'><img decoding=\"async\" width=\"800\" height=\"400\" src=\"https:\/\/aviacionaldia.com\/wp-content\/uploads\/2023\/06\/Copa-Airlines-Boeing-737.jpg\" class=\"attachment-large size-large\" alt=\"\" srcset=\"https:\/\/aviacionaldia.com\/wp-content\/uploads\/2023\/06\/Copa-Airlines-Boeing-737.jpg 800w, https:\/\/aviacionaldia.com\/wp-content\/uploads\/2023\/06\/Copa-Airlines-Boeing-737-300x150.jpg 300w, https:\/\/aviacionaldia.com\/wp-content\/uploads\/2023\/06\/Copa-Airlines-Boeing-737-768x384.jpg 768w, https:\/\/aviacionaldia.com\/wp-content\/uploads\/2023\/06\/Copa-Airlines-Boeing-737-380x190.jpg 380w\" sizes=\"(max-width: 800px) 100vw, 800px\" \/>\t\t\t\t\t<\/a>\n\t\t\t\t\t\t\t<\/div>\n\t\t\t\t\t\t<h4 class=\"uagb-post__title uagb-post__text\">\n\t\t\t\t<a href=\"https:\/\/aviacionaldia.com\/en\/2026\/04\/copa-airlines-consolidates-leadership-in-venezuela-connecting-17-u-s-destinations-from-5-domestic-cities.html\" target=\"_self\" rel=\"bookmark noopener noreferrer\">Copa Airlines Consolidates Leadership in Venezuela: Connecting 17 U.S. Destinations from 5 Domestic Cities<\/a>\n\t\t\t<\/h4>\n\t\t\t\t\t\t<div class='uagb-post__text uagb-post-grid-byline'>\n\t\t\t\t\t\t\t<\/div>\n\t\t\t\t\t\t<div class=\"uagb-post__text uagb-post__cta wp-block-button\">\n\t\t\t\t<a class=\"wp-block-button__link uagb-text-link\" style=\"\" href=\"https:\/\/aviacionaldia.com\/en\/2026\/04\/copa-airlines-consolidates-leadership-in-venezuela-connecting-17-u-s-destinations-from-5-domestic-cities.html\" target=\"_self\" rel=\"bookmark noopener noreferrer\">Read More<\/a>\n\t\t\t<\/div>\n\t\t\t\n\t\t\t\t\t\t\t\t\t<\/article>\n\t\t\t\t\t\t\t\t\t\t\t\t\t\t\t\t<article class=\"uagb-post__inner-wrap\">\t\t\t\t\t\t\t\t<div class='uagb-post__image'>\n\t\t\t\t\t\t\t\t\t<a href=\"https:\/\/aviacionaldia.com\/en\/2026\/04\/us-low-cost-carriers-request-2-5-billion-relief-plan-from-white-house.html\" target=\"_self\" rel=\"bookmark noopener noreferrer\" class='uagb-image-ratio-inherit'><img decoding=\"async\" width=\"800\" height=\"400\" src=\"https:\/\/aviacionaldia.com\/wp-content\/uploads\/2022\/05\/aviones.jpg\" class=\"attachment-large size-large\" alt=\"\" srcset=\"https:\/\/aviacionaldia.com\/wp-content\/uploads\/2022\/05\/aviones.jpg 800w, https:\/\/aviacionaldia.com\/wp-content\/uploads\/2022\/05\/aviones-300x150.jpg 300w, https:\/\/aviacionaldia.com\/wp-content\/uploads\/2022\/05\/aviones-768x384.jpg 768w, https:\/\/aviacionaldia.com\/wp-content\/uploads\/2022\/05\/aviones-380x190.jpg 380w\" sizes=\"(max-width: 800px) 100vw, 800px\" \/>\t\t\t\t\t<\/a>\n\t\t\t\t\t\t\t<\/div>\n\t\t\t\t\t\t<h4 class=\"uagb-post__title uagb-post__text\">\n\t\t\t\t<a href=\"https:\/\/aviacionaldia.com\/en\/2026\/04\/us-low-cost-carriers-request-2-5-billion-relief-plan-from-white-house.html\" target=\"_self\" rel=\"bookmark noopener noreferrer\">US Low-Cost Carriers Request $2.5 Billion Relief Plan from White House<\/a>\n\t\t\t<\/h4>\n\t\t\t\t\t\t<div class='uagb-post__text uagb-post-grid-byline'>\n\t\t\t\t\t\t\t<\/div>\n\t\t\t\t\t\t<div class=\"uagb-post__text uagb-post__cta wp-block-button\">\n\t\t\t\t<a class=\"wp-block-button__link uagb-text-link\" style=\"\" href=\"https:\/\/aviacionaldia.com\/en\/2026\/04\/us-low-cost-carriers-request-2-5-billion-relief-plan-from-white-house.html\" target=\"_self\" rel=\"bookmark noopener noreferrer\">Read More<\/a>\n\t\t\t<\/div>\n\t\t\t\n\t\t\t\t\t\t\t\t\t<\/article>\n\t\t\t\t\t\t\t\t\t\t\t<\/div>\n\t\t\t","protected":false},"excerpt":{"rendered":"Avior Airlines announced this Monday that it will resume flights between Barcelona and Porlamar (Margarita Island) during the&hellip;\n","protected":false},"author":4316,"featured_media":103685,"comment_status":"closed","ping_status":"closed","sticky":false,"template":"","format":"standard","meta":{"_uag_custom_page_level_css":"","footnotes":""},"categories":[1],"tags":[230,534,198,211,278],"class_list":{"0":"post-115556","1":"post","2":"type-post","3":"status-publish","4":"format-standard","5":"has-post-thumbnail","7":"category-airlines","8":"tag-airline","9":"tag-avior-airlines-2","10":"tag-flights","11":"tag-latin-america","12":"tag-venezuela-2"},"uagb_featured_image_src":{"full":["https:\/\/aviacionaldia.com\/wp-content\/uploads\/2020\/12\/Avior-Airlines-A737-200.jpg",800,400,false],"thumbnail":["https:\/\/aviacionaldia.com\/wp-content\/uploads\/2020\/12\/Avior-Airlines-A737-200-150x150.jpg",150,150,true],"medium":["https:\/\/aviacionaldia.com\/wp-content\/uploads\/2020\/12\/Avior-Airlines-A737-200-300x150.jpg",300,150,true],"medium_large":["https:\/\/aviacionaldia.com\/wp-content\/uploads\/2020\/12\/Avior-Airlines-A737-200-768x384.jpg",768,384,true],"large":["https:\/\/aviacionaldia.com\/wp-content\/uploads\/2020\/12\/Avior-Airlines-A737-200.jpg",800,400,false],"1536x1536":["https:\/\/aviacionaldia.com\/wp-content\/uploads\/2020\/12\/Avior-Airlines-A737-200.jpg",800,400,false],"2048x2048":["https:\/\/aviacionaldia.com\/wp-content\/uploads\/2020\/12\/Avior-Airlines-A737-200.jpg",800,400,false],"pk-small":["https:\/\/aviacionaldia.com\/wp-content\/uploads\/2020\/12\/Avior-Airlines-A737-200.jpg",80,40,false],"pk-thumbnail":["https:\/\/aviacionaldia.com\/wp-content\/uploads\/2020\/12\/Avior-Airlines-A737-200.jpg",300,150,false],"csco-small":["https:\/\/aviacionaldia.com\/wp-content\/uploads\/2020\/12\/Avior-Airlines-A737-200-80x80.jpg",80,80,true],"csco-intermediate":["https:\/\/aviacionaldia.com\/wp-content\/uploads\/2020\/12\/Avior-Airlines-A737-200-200x140.jpg",200,140,true],"csco-thumbnail":["https:\/\/aviacionaldia.com\/wp-content\/uploads\/2020\/12\/Avior-Airlines-A737-200-380x220.jpg",380,220,true],"csco-thumbnail-alternative":["https:\/\/aviacionaldia.com\/wp-content\/uploads\/2020\/12\/Avior-Airlines-A737-200-300x180.jpg",300,180,true],"csco-thumbnail-uncropped":["https:\/\/aviacionaldia.com\/wp-content\/uploads\/2020\/12\/Avior-Airlines-A737-200-380x190.jpg",380,190,true],"csco-medium":["https:\/\/aviacionaldia.com\/wp-content\/uploads\/2020\/12\/Avior-Airlines-A737-200.jpg",800,400,false],"csco-medium-alternative":["https:\/\/aviacionaldia.com\/wp-content\/uploads\/2020\/12\/Avior-Airlines-A737-200-560x336.jpg",560,336,true],"csco-medium-uncropped":["https:\/\/aviacionaldia.com\/wp-content\/uploads\/2020\/12\/Avior-Airlines-A737-200.jpg",800,400,false],"csco-large":["https:\/\/aviacionaldia.com\/wp-content\/uploads\/2020\/12\/Avior-Airlines-A737-200.jpg",800,400,false],"csco-large-uncropped":["https:\/\/aviacionaldia.com\/wp-content\/uploads\/2020\/12\/Avior-Airlines-A737-200.jpg",800,400,false],"csco-extra-large":["https:\/\/aviacionaldia.com\/wp-content\/uploads\/2020\/12\/Avior-Airlines-A737-200.jpg",800,400,false]},"uagb_author_info":{"display_name":"Redacci\u00f3n - Aviaci\u00f3n al D\u00eda","author_link":"https:\/\/aviacionaldia.com\/en\/author\/aad"},"uagb_comment_info":0,"uagb_excerpt":"Avior Airlines announced this Monday that it will resume flights between Barcelona and Porlamar (Margarita Island) during the&hellip;","amp_enabled":true,"_links":{"self":[{"href":"https:\/\/aviacionaldia.com\/en\/wp-json\/wp\/v2\/posts\/115556","targetHints":{"allow":["GET"]}}],"collection":[{"href":"https:\/\/aviacionaldia.com\/en\/wp-json\/wp\/v2\/posts"}],"about":[{"href":"https:\/\/aviacionaldia.com\/en\/wp-json\/wp\/v2\/types\/post"}],"author":[{"embeddable":true,"href":"https:\/\/aviacionaldia.com\/en\/wp-json\/wp\/v2\/users\/4316"}],"replies":[{"embeddable":true,"href":"https:\/\/aviacionaldia.com\/en\/wp-json\/wp\/v2\/comments?post=115556"}],"version-history":[{"count":1,"href":"https:\/\/aviacionaldia.com\/en\/wp-json\/wp\/v2\/posts\/115556\/revisions"}],"predecessor-version":[{"id":115558,"href":"https:\/\/aviacionaldia.com\/en\/wp-json\/wp\/v2\/posts\/115556\/revisions\/115558"}],"wp:featuredmedia":[{"embeddable":true,"href":"https:\/\/aviacionaldia.com\/en\/wp-json\/wp\/v2\/media\/103685"}],"wp:attachment":[{"href":"https:\/\/aviacionaldia.com\/en\/wp-json\/wp\/v2\/media?parent=115556"}],"wp:term":[{"taxonomy":"category","embeddable":true,"href":"https:\/\/aviacionaldia.com\/en\/wp-json\/wp\/v2\/categories?post=115556"},{"taxonomy":"post_tag","embeddable":true,"href":"https:\/\/aviacionaldia.com\/en\/wp-json\/wp\/v2\/tags?post=115556"}],"curies":[{"name":"wp","href":"https:\/\/api.w.org\/{rel}","templated":true}]}}