{"id":116261,"date":"2021-09-17T18:30:00","date_gmt":"2021-09-17T18:30:00","guid":{"rendered":"https:\/?p=116261"},"modified":"2021-09-17T23:50:38","modified_gmt":"2021-09-17T23:50:38","slug":"airbus-restructure-airasia-jet-order","status":"publish","type":"post","link":"https:\/\/aviacionaldia.com\/en\/2021\/09\/airbus-restructure-airasia-jet-order.html","title":{"rendered":"Airbus reaches deal to restructure AirAsia jet order."},"content":{"rendered":"\n<p><strong>Airbus<\/strong> has agreed to cut prices or reschedule delivery for hundreds of jets ordered by Malaysia&#8217;s <strong>AirAsia <\/strong>to salvage a contract worth tens of billions of dollars with its largest Asian customer, industry sources said on Friday.<\/p>\n\n\n\n<p><strong><em>See also: <\/em><\/strong><a href=\"https:\/en\/2021\/09\/air-new-zealand-airbus-investigate-hydrogen-planes.html\"><em>Air New Zealand and Airbus to investigate future of hydrogen powered planes.<\/em><\/a><\/p>\n\n\n\n<p>The restructuring deal resets relations between two of the industry&#8217;s closest partners, and lifts uncertainty over the fate of up to 400 A320-family single-aisle jets yet to be delivered, <a href=\"https:\/\/www.reuters.com\/business\/aerospace-defense\/airasia-has-reached-deal-restructure-airbus-jet-order-sources-2021-09-17\/\" target=\"_blank\" rel=\"noreferrer noopener nofollow\">Reuters<\/a> reported.<\/p>\n\n\n\n<p>The AirAsia deal does not involve cancelling jets on order but includes a new delivery schedule and price cuts or other improvements in terms, the sources said.<\/p>\n\n\n\n<p><strong><em>See also: <\/em><\/strong><a href=\"https:\/en\/2021\/09\/azores-airlines-record-longest-flight-airbus-a321.html\"><em>Azores Airlines breaks record for longest flight made with an Airbus A321.<\/em><\/a><\/p>\n\n\n\n<p>AirAsia said last year it would stop taking deliveries of all Airbus jets and review remaining orders.<\/p>\n\n\n\n<p>Industry sources said it had also stopped sending progress payments to Airbus, prompting the planemaker to suspend plans to produce jets on order pending the new restructuring deal.<\/p>\n\n\n\n<p>The deal comes as other airlines in Asia that have ordered hundreds of jets to secure their growth are in the midst of restructuring or are expected to press for relief.<\/p>\n\n\n\n<h2 class=\"wp-block-heading\">Related Topics<\/h2>\n\n\n\n\t\t\t<div class=\"wp-block-uagb-post-grid uagb-post-grid  uagb-post__image-position-top uagb-post__image-enabled uagb-block-a1701bac     uagb-post__items uagb-post__columns-2 is-grid uagb-post__columns-tablet-2 uagb-post__columns-mobile-1 uagb-post__equal-height\" data-total=\"555\" style=\"\">\n\n\t\t\t\t\t\t\t\t\t\t\t\t<article class=\"uagb-post__inner-wrap\">\t\t\t\t\t\t\t\t<div class='uagb-post__image'>\n\t\t\t\t\t\t\t\t\t<a href=\"https:\/\/aviacionaldia.com\/en\/2026\/09\/ryanair-trims-passenger-targets-and-warns-of-fuel-cost-impact-in-europe.html\" target=\"_self\" rel=\"bookmark noopener noreferrer\" class='uagb-image-ratio-inherit'><img decoding=\"async\" width=\"800\" height=\"400\" src=\"https:\/\/aviacionaldia.com\/wp-content\/uploads\/2021\/07\/Ryanair-B737-800.jpg\" class=\"attachment-large size-large\" alt=\"\" srcset=\"https:\/\/aviacionaldia.com\/wp-content\/uploads\/2021\/07\/Ryanair-B737-800.jpg 800w, https:\/\/aviacionaldia.com\/wp-content\/uploads\/2021\/07\/Ryanair-B737-800-300x150.jpg 300w, https:\/\/aviacionaldia.com\/wp-content\/uploads\/2021\/07\/Ryanair-B737-800-768x384.jpg 768w, https:\/\/aviacionaldia.com\/wp-content\/uploads\/2021\/07\/Ryanair-B737-800-380x190.jpg 380w\" sizes=\"(max-width: 800px) 100vw, 800px\" \/>\t\t\t\t\t<\/a>\n\t\t\t\t\t\t\t<\/div>\n\t\t\t\t\t\t<h4 class=\"uagb-post__title uagb-post__text\">\n\t\t\t\t<a href=\"https:\/\/aviacionaldia.com\/en\/2026\/09\/ryanair-trims-passenger-targets-and-warns-of-fuel-cost-impact-in-europe.html\" target=\"_self\" rel=\"bookmark noopener noreferrer\">Ryanair Trims Passenger Targets and Warns of Fuel Cost Impact in Europe<\/a>\n\t\t\t<\/h4>\n\t\t\t\t\t\t<div class='uagb-post__text uagb-post-grid-byline'>\n\t\t\t\t\t\t\t<\/div>\n\t\t\t\t\t\t<div class=\"uagb-post__text uagb-post__cta wp-block-button\">\n\t\t\t\t<a class=\"wp-block-button__link uagb-text-link\" style=\"\" href=\"https:\/\/aviacionaldia.com\/en\/2026\/09\/ryanair-trims-passenger-targets-and-warns-of-fuel-cost-impact-in-europe.html\" target=\"_self\" rel=\"bookmark noopener noreferrer\">Read More<\/a>\n\t\t\t<\/div>\n\t\t\t\n\t\t\t\t\t\t\t\t\t<\/article>\n\t\t\t\t\t\t\t\t\t\t\t\t\t\t\t\t<article class=\"uagb-post__inner-wrap\">\t\t\t\t\t\t\t\t<div class='uagb-post__image'>\n\t\t\t\t\t\t\t\t\t<a href=\"https:\/\/aviacionaldia.com\/en\/2026\/09\/espacio-iberia-airlines-immersive-experience-returns-to-madrid-featuring-flight-simulators-gastronomy-and-ai-technology.html\" target=\"_self\" rel=\"bookmark noopener noreferrer\" class='uagb-image-ratio-inherit'><img decoding=\"async\" width=\"800\" height=\"400\" src=\"https:\/\/aviacionaldia.com\/wp-content\/uploads\/2026\/09\/Espacio-Iberia-Madrid-2026.webp\" class=\"attachment-large size-large\" alt=\"\" srcset=\"https:\/\/aviacionaldia.com\/wp-content\/uploads\/2026\/09\/Espacio-Iberia-Madrid-2026.webp 800w, https:\/\/aviacionaldia.com\/wp-content\/uploads\/2026\/09\/Espacio-Iberia-Madrid-2026-300x150.webp 300w, https:\/\/aviacionaldia.com\/wp-content\/uploads\/2026\/09\/Espacio-Iberia-Madrid-2026-768x384.webp 768w, https:\/\/aviacionaldia.com\/wp-content\/uploads\/2026\/09\/Espacio-Iberia-Madrid-2026-380x190.webp 380w\" sizes=\"(max-width: 800px) 100vw, 800px\" \/>\t\t\t\t\t<\/a>\n\t\t\t\t\t\t\t<\/div>\n\t\t\t\t\t\t<h4 class=\"uagb-post__title uagb-post__text\">\n\t\t\t\t<a href=\"https:\/\/aviacionaldia.com\/en\/2026\/09\/espacio-iberia-airlines-immersive-experience-returns-to-madrid-featuring-flight-simulators-gastronomy-and-ai-technology.html\" target=\"_self\" rel=\"bookmark noopener noreferrer\">Espacio Iberia: Airline&#8217;s Immersive Experience Returns to Madrid Featuring Flight Simulators, Gastronomy, and AI Technology<\/a>\n\t\t\t<\/h4>\n\t\t\t\t\t\t<div class='uagb-post__text uagb-post-grid-byline'>\n\t\t\t\t\t\t\t<\/div>\n\t\t\t\t\t\t<div class=\"uagb-post__text uagb-post__cta wp-block-button\">\n\t\t\t\t<a class=\"wp-block-button__link uagb-text-link\" style=\"\" href=\"https:\/\/aviacionaldia.com\/en\/2026\/09\/espacio-iberia-airlines-immersive-experience-returns-to-madrid-featuring-flight-simulators-gastronomy-and-ai-technology.html\" target=\"_self\" rel=\"bookmark noopener noreferrer\">Read More<\/a>\n\t\t\t<\/div>\n\t\t\t\n\t\t\t\t\t\t\t\t\t<\/article>\n\t\t\t\t\t\t\t\t\t\t\t\t\t\t\t\t<article class=\"uagb-post__inner-wrap\">\t\t\t\t\t\t\t\t<div class='uagb-post__image'>\n\t\t\t\t\t\t\t\t\t<a href=\"https:\/\/aviacionaldia.com\/en\/2026\/09\/air-france-unveils-its-new-vip-lounge-at-frankfurt-airport.html\" target=\"_self\" rel=\"bookmark noopener noreferrer\" class='uagb-image-ratio-inherit'><img decoding=\"async\" width=\"800\" height=\"400\" src=\"https:\/\/aviacionaldia.com\/wp-content\/uploads\/2026\/09\/Air-France-nueva-sala-VIP-en-el-aeropuerto-de-Frankfurt.webp\" class=\"attachment-large size-large\" alt=\"\" srcset=\"https:\/\/aviacionaldia.com\/wp-content\/uploads\/2026\/09\/Air-France-nueva-sala-VIP-en-el-aeropuerto-de-Frankfurt.webp 800w, https:\/\/aviacionaldia.com\/wp-content\/uploads\/2026\/09\/Air-France-nueva-sala-VIP-en-el-aeropuerto-de-Frankfurt-300x150.webp 300w, https:\/\/aviacionaldia.com\/wp-content\/uploads\/2026\/09\/Air-France-nueva-sala-VIP-en-el-aeropuerto-de-Frankfurt-768x384.webp 768w, https:\/\/aviacionaldia.com\/wp-content\/uploads\/2026\/09\/Air-France-nueva-sala-VIP-en-el-aeropuerto-de-Frankfurt-380x190.webp 380w\" sizes=\"(max-width: 800px) 100vw, 800px\" \/>\t\t\t\t\t<\/a>\n\t\t\t\t\t\t\t<\/div>\n\t\t\t\t\t\t<h4 class=\"uagb-post__title uagb-post__text\">\n\t\t\t\t<a href=\"https:\/\/aviacionaldia.com\/en\/2026\/09\/air-france-unveils-its-new-vip-lounge-at-frankfurt-airport.html\" target=\"_self\" rel=\"bookmark noopener noreferrer\">Air France Unveils Its New VIP Lounge at Frankfurt Airport<\/a>\n\t\t\t<\/h4>\n\t\t\t\t\t\t<div class='uagb-post__text uagb-post-grid-byline'>\n\t\t\t\t\t\t\t<\/div>\n\t\t\t\t\t\t<div class=\"uagb-post__text uagb-post__cta wp-block-button\">\n\t\t\t\t<a class=\"wp-block-button__link uagb-text-link\" style=\"\" href=\"https:\/\/aviacionaldia.com\/en\/2026\/09\/air-france-unveils-its-new-vip-lounge-at-frankfurt-airport.html\" target=\"_self\" rel=\"bookmark noopener noreferrer\">Read More<\/a>\n\t\t\t<\/div>\n\t\t\t\n\t\t\t\t\t\t\t\t\t<\/article>\n\t\t\t\t\t\t\t\t\t\t\t\t\t\t\t\t<article class=\"uagb-post__inner-wrap\">\t\t\t\t\t\t\t\t<div class='uagb-post__image'>\n\t\t\t\t\t\t\t\t\t<a href=\"https:\/\/aviacionaldia.com\/en\/2026\/09\/sas-completes-fleet-wide-starlink-installation-on-airbus-a320neo-in-record-time.html\" target=\"_self\" rel=\"bookmark noopener noreferrer\" class='uagb-image-ratio-inherit'><img decoding=\"async\" width=\"800\" height=\"400\" src=\"https:\/\/aviacionaldia.com\/wp-content\/uploads\/2025\/05\/SAS-Airbus-a320.webp\" class=\"attachment-large size-large\" alt=\"\" srcset=\"https:\/\/aviacionaldia.com\/wp-content\/uploads\/2025\/05\/SAS-Airbus-a320.webp 800w, https:\/\/aviacionaldia.com\/wp-content\/uploads\/2025\/05\/SAS-Airbus-a320-300x150.webp 300w, https:\/\/aviacionaldia.com\/wp-content\/uploads\/2025\/05\/SAS-Airbus-a320-768x384.webp 768w, https:\/\/aviacionaldia.com\/wp-content\/uploads\/2025\/05\/SAS-Airbus-a320-380x190.webp 380w\" sizes=\"(max-width: 800px) 100vw, 800px\" \/>\t\t\t\t\t<\/a>\n\t\t\t\t\t\t\t<\/div>\n\t\t\t\t\t\t<h4 class=\"uagb-post__title uagb-post__text\">\n\t\t\t\t<a href=\"https:\/\/aviacionaldia.com\/en\/2026\/09\/sas-completes-fleet-wide-starlink-installation-on-airbus-a320neo-in-record-time.html\" target=\"_self\" rel=\"bookmark noopener noreferrer\">SAS Completes Fleet-Wide Starlink Installation on Airbus A320neo in Record Time<\/a>\n\t\t\t<\/h4>\n\t\t\t\t\t\t<div class='uagb-post__text uagb-post-grid-byline'>\n\t\t\t\t\t\t\t<\/div>\n\t\t\t\t\t\t<div class=\"uagb-post__text uagb-post__cta wp-block-button\">\n\t\t\t\t<a class=\"wp-block-button__link uagb-text-link\" style=\"\" href=\"https:\/\/aviacionaldia.com\/en\/2026\/09\/sas-completes-fleet-wide-starlink-installation-on-airbus-a320neo-in-record-time.html\" target=\"_self\" rel=\"bookmark noopener noreferrer\">Read More<\/a>\n\t\t\t<\/div>\n\t\t\t\n\t\t\t\t\t\t\t\t\t<\/article>\n\t\t\t\t\t\t\t\t\t\t\t<\/div>\n\t\t\t","protected":false},"excerpt":{"rendered":"Airbus has agreed to cut prices or reschedule delivery for hundreds of jets ordered by Malaysia&#8217;s AirAsia to&hellip;\n","protected":false},"author":4316,"featured_media":101061,"comment_status":"closed","ping_status":"closed","sticky":false,"template":"","format":"standard","meta":{"_uag_custom_page_level_css":"","footnotes":""},"categories":[1],"tags":[303,217,222,230],"class_list":{"0":"post-116261","1":"post","2":"type-post","3":"status-publish","4":"format-standard","5":"has-post-thumbnail","7":"category-airlines","8":"tag-air-asia-2","9":"tag-airbus-2","10":"tag-aircraft","11":"tag-airline"},"uagb_featured_image_src":{"full":["https:\/\/aviacionaldia.com\/wp-content\/uploads\/2020\/05\/AirAsia-A320.jpg",800,400,false],"thumbnail":["https:\/\/aviacionaldia.com\/wp-content\/uploads\/2020\/05\/AirAsia-A320-150x150.jpg",150,150,true],"medium":["https:\/\/aviacionaldia.com\/wp-content\/uploads\/2020\/05\/AirAsia-A320-300x150.jpg",300,150,true],"medium_large":["https:\/\/aviacionaldia.com\/wp-content\/uploads\/2020\/05\/AirAsia-A320-768x384.jpg",768,384,true],"large":["https:\/\/aviacionaldia.com\/wp-content\/uploads\/2020\/05\/AirAsia-A320.jpg",800,400,false],"1536x1536":["https:\/\/aviacionaldia.com\/wp-content\/uploads\/2020\/05\/AirAsia-A320.jpg",800,400,false],"2048x2048":["https:\/\/aviacionaldia.com\/wp-content\/uploads\/2020\/05\/AirAsia-A320.jpg",800,400,false],"pk-small":["https:\/\/aviacionaldia.com\/wp-content\/uploads\/2020\/05\/AirAsia-A320-80x80.jpg",80,80,true],"pk-thumbnail":["https:\/\/aviacionaldia.com\/wp-content\/uploads\/2020\/05\/AirAsia-A320-300x225.jpg",300,225,true],"csco-small":["https:\/\/aviacionaldia.com\/wp-content\/uploads\/2020\/05\/AirAsia-A320-80x80.jpg",80,80,true],"csco-intermediate":["https:\/\/aviacionaldia.com\/wp-content\/uploads\/2020\/05\/AirAsia-A320-200x140.jpg",200,140,true],"csco-thumbnail":["https:\/\/aviacionaldia.com\/wp-content\/uploads\/2020\/05\/AirAsia-A320-380x220.jpg",380,220,true],"csco-thumbnail-alternative":["https:\/\/aviacionaldia.com\/wp-content\/uploads\/2020\/05\/AirAsia-A320-300x180.jpg",300,180,true],"csco-thumbnail-uncropped":["https:\/\/aviacionaldia.com\/wp-content\/uploads\/2020\/05\/AirAsia-A320-380x190.jpg",380,190,true],"csco-medium":["https:\/\/aviacionaldia.com\/wp-content\/uploads\/2020\/05\/AirAsia-A320.jpg",800,400,false],"csco-medium-alternative":["https:\/\/aviacionaldia.com\/wp-content\/uploads\/2020\/05\/AirAsia-A320-560x336.jpg",560,336,true],"csco-medium-uncropped":["https:\/\/aviacionaldia.com\/wp-content\/uploads\/2020\/05\/AirAsia-A320.jpg",800,400,false],"csco-large":["https:\/\/aviacionaldia.com\/wp-content\/uploads\/2020\/05\/AirAsia-A320.jpg",800,400,false],"csco-large-uncropped":["https:\/\/aviacionaldia.com\/wp-content\/uploads\/2020\/05\/AirAsia-A320.jpg",800,400,false],"csco-extra-large":["https:\/\/aviacionaldia.com\/wp-content\/uploads\/2020\/05\/AirAsia-A320.jpg",800,400,false]},"uagb_author_info":{"display_name":"Redacci\u00f3n - Aviaci\u00f3n al D\u00eda","author_link":"https:\/\/aviacionaldia.com\/en\/author\/aad"},"uagb_comment_info":0,"uagb_excerpt":"Airbus has agreed to cut prices or reschedule delivery for hundreds of jets ordered by Malaysia&#8217;s AirAsia to&hellip;","amp_enabled":true,"_links":{"self":[{"href":"https:\/\/aviacionaldia.com\/en\/wp-json\/wp\/v2\/posts\/116261","targetHints":{"allow":["GET"]}}],"collection":[{"href":"https:\/\/aviacionaldia.com\/en\/wp-json\/wp\/v2\/posts"}],"about":[{"href":"https:\/\/aviacionaldia.com\/en\/wp-json\/wp\/v2\/types\/post"}],"author":[{"embeddable":true,"href":"https:\/\/aviacionaldia.com\/en\/wp-json\/wp\/v2\/users\/4316"}],"replies":[{"embeddable":true,"href":"https:\/\/aviacionaldia.com\/en\/wp-json\/wp\/v2\/comments?post=116261"}],"version-history":[{"count":1,"href":"https:\/\/aviacionaldia.com\/en\/wp-json\/wp\/v2\/posts\/116261\/revisions"}],"predecessor-version":[{"id":116262,"href":"https:\/\/aviacionaldia.com\/en\/wp-json\/wp\/v2\/posts\/116261\/revisions\/116262"}],"wp:featuredmedia":[{"embeddable":true,"href":"https:\/\/aviacionaldia.com\/en\/wp-json\/wp\/v2\/media\/101061"}],"wp:attachment":[{"href":"https:\/\/aviacionaldia.com\/en\/wp-json\/wp\/v2\/media?parent=116261"}],"wp:term":[{"taxonomy":"category","embeddable":true,"href":"https:\/\/aviacionaldia.com\/en\/wp-json\/wp\/v2\/categories?post=116261"},{"taxonomy":"post_tag","embeddable":true,"href":"https:\/\/aviacionaldia.com\/en\/wp-json\/wp\/v2\/tags?post=116261"}],"curies":[{"name":"wp","href":"https:\/\/api.w.org\/{rel}","templated":true}]}}