{"id":117798,"date":"2021-11-01T12:55:50","date_gmt":"2021-11-01T12:55:50","guid":{"rendered":"https:\/?p=117798"},"modified":"2021-11-01T12:56:10","modified_gmt":"2021-11-01T12:56:10","slug":"el-dorado-airport-increases-its-capacity","status":"publish","type":"post","link":"https:\/\/aviacionaldia.com\/en\/2021\/11\/el-dorado-airport-increases-its-capacity.html","title":{"rendered":"Colombia: El Dorado Airport increases its capacity to 65 operations per hour."},"content":{"rendered":"\n<p>As of this Saturday, October 30, the Civil Aeronautics increased the operating capacity of Bogota&#8217;s El Dorado International Airport from 47 to 65 operations per hour: 28 landings and 37 take-offs.<\/p>\n\n\n\n<p><strong>\u2192 <\/strong><a href=\"https:\/en\/2021\/10\/budapest-airport-remotely-manage-takeoffs-landings.html\">Budapest airport will be largest airport in Europe to remotely manage takeoffs and landings.<\/a><\/p>\n\n\n\n<p>This means that El Dorado reached 88% of the operated capacity in 2019, which corresponded to 74 flights attended in one hour, and evidences once again the success of the country&#8217;s air reactivation, leader in Latin America in this process.<\/p>\n\n\n\n<p>With this increase in the operating capacity of the Bogota airport, it is expected that by the end of 2021 the number of air passengers in Colombia will reach 30 million. Figures indicate that in the first nine months of the year, 20 million passengers were transported nationwide, 16 million of them through El Dorado airport.<\/p>\n\n\n\n<p><strong><em>\u2192<\/em><\/strong><em> <a href=\"https:\/en\/2021\/10\/new-requirements-travel-to-u-s.html\">Learn about new requirements for travel to U.S. starting November 8.<\/a><\/em><\/p>\n\n\n\n<p>Similarly, in terms of connectivity, since the reactivation began after the restrictions imposed as a result of the pandemic, air operators have requested 80 new routes and three new operators are finalizing their authorization process to start providing service, reported El Universal.<\/p>\n\n\n\n<p>&#8220;As part of the measures adopted by the aeronautical authority, is the reorganization of the working groups of air traffic controllers, taking into account that this is a fundamental point within the expansion of capacity, since this is achieved, thanks to the vaccination process and maintaining compliance with the biosecurity protocols established by the Ministry of Health, this leads to the responsible expansion of tower and control center capacities according to operational needs, without jeopardizing the safety of work teams,&#8221; said Jair Orlando Fajardo Fajardo, director general of the Civil Aeronautics.<\/p>\n\n\n\n<h2 class=\"wp-block-heading\"><\/h2>\n\n\n\n\t\t\t<div class=\"wp-block-uagb-post-grid uagb-post-grid  uagb-post__image-position-top uagb-post__image-enabled uagb-block-9fcdaba0     uagb-post__items uagb-post__columns-2 is-grid uagb-post__columns-tablet-2 uagb-post__columns-mobile-1 uagb-post__equal-height\" data-total=\"514\" style=\"\">\n\n\t\t\t\t\t\t\t\t\t\t\t\t<article class=\"uagb-post__inner-wrap\">\t\t\t\t\t\t\t\t<div class='uagb-post__image'>\n\t\t\t\t\t\t\t\t\t<a href=\"https:\/\/aviacionaldia.com\/en\/2026\/04\/easyjet-expands-uk-network-with-nine-strategic-new-routes-for-winter.html\" target=\"_self\" rel=\"bookmark noopener noreferrer\" class='uagb-image-ratio-inherit'><img decoding=\"async\" width=\"800\" height=\"400\" src=\"https:\/\/aviacionaldia.com\/wp-content\/uploads\/2022\/09\/Easyjet-Airbus-A320.jpg\" class=\"attachment-large size-large\" alt=\"\" srcset=\"https:\/\/aviacionaldia.com\/wp-content\/uploads\/2022\/09\/Easyjet-Airbus-A320.jpg 800w, https:\/\/aviacionaldia.com\/wp-content\/uploads\/2022\/09\/Easyjet-Airbus-A320-300x150.jpg 300w, https:\/\/aviacionaldia.com\/wp-content\/uploads\/2022\/09\/Easyjet-Airbus-A320-768x384.jpg 768w, https:\/\/aviacionaldia.com\/wp-content\/uploads\/2022\/09\/Easyjet-Airbus-A320-380x190.jpg 380w\" sizes=\"(max-width: 800px) 100vw, 800px\" \/>\t\t\t\t\t<\/a>\n\t\t\t\t\t\t\t<\/div>\n\t\t\t\t\t\t<h4 class=\"uagb-post__title uagb-post__text\">\n\t\t\t\t<a href=\"https:\/\/aviacionaldia.com\/en\/2026\/04\/easyjet-expands-uk-network-with-nine-strategic-new-routes-for-winter.html\" target=\"_self\" rel=\"bookmark noopener noreferrer\">easyJet Expands UK Network with Nine Strategic New Routes for Winter<\/a>\n\t\t\t<\/h4>\n\t\t\t\t\t\t<div class='uagb-post__text uagb-post-grid-byline'>\n\t\t\t\t\t\t\t<\/div>\n\t\t\t\t\t\t<div class=\"uagb-post__text uagb-post__cta wp-block-button\">\n\t\t\t\t<a class=\"wp-block-button__link uagb-text-link\" style=\"\" href=\"https:\/\/aviacionaldia.com\/en\/2026\/04\/easyjet-expands-uk-network-with-nine-strategic-new-routes-for-winter.html\" target=\"_self\" rel=\"bookmark noopener noreferrer\">Read More<\/a>\n\t\t\t<\/div>\n\t\t\t\n\t\t\t\t\t\t\t\t\t<\/article>\n\t\t\t\t\t\t\t\t\t\t\t\t\t\t\t\t<article class=\"uagb-post__inner-wrap\">\t\t\t\t\t\t\t\t<div class='uagb-post__image'>\n\t\t\t\t\t\t\t\t\t<a href=\"https:\/\/aviacionaldia.com\/en\/2026\/04\/lufthansa-redefines-its-visual-identity-boss-designs-new-generation-of-uniforms-for-centenary.html\" target=\"_self\" rel=\"bookmark noopener noreferrer\" class='uagb-image-ratio-inherit'><img decoding=\"async\" width=\"800\" height=\"400\" src=\"https:\/\/aviacionaldia.com\/wp-content\/uploads\/2026\/04\/Lufthansa-nuevos-uniformes.webp\" class=\"attachment-large size-large\" alt=\"\" srcset=\"https:\/\/aviacionaldia.com\/wp-content\/uploads\/2026\/04\/Lufthansa-nuevos-uniformes.webp 800w, https:\/\/aviacionaldia.com\/wp-content\/uploads\/2026\/04\/Lufthansa-nuevos-uniformes-300x150.webp 300w, https:\/\/aviacionaldia.com\/wp-content\/uploads\/2026\/04\/Lufthansa-nuevos-uniformes-768x384.webp 768w, https:\/\/aviacionaldia.com\/wp-content\/uploads\/2026\/04\/Lufthansa-nuevos-uniformes-380x190.webp 380w\" sizes=\"(max-width: 800px) 100vw, 800px\" \/>\t\t\t\t\t<\/a>\n\t\t\t\t\t\t\t<\/div>\n\t\t\t\t\t\t<h4 class=\"uagb-post__title uagb-post__text\">\n\t\t\t\t<a href=\"https:\/\/aviacionaldia.com\/en\/2026\/04\/lufthansa-redefines-its-visual-identity-boss-designs-new-generation-of-uniforms-for-centenary.html\" target=\"_self\" rel=\"bookmark noopener noreferrer\">Lufthansa Redefines Its Visual Identity: BOSS Designs New Generation of Uniforms for Centenary<\/a>\n\t\t\t<\/h4>\n\t\t\t\t\t\t<div class='uagb-post__text uagb-post-grid-byline'>\n\t\t\t\t\t\t\t<\/div>\n\t\t\t\t\t\t<div class=\"uagb-post__text uagb-post__cta wp-block-button\">\n\t\t\t\t<a class=\"wp-block-button__link uagb-text-link\" style=\"\" href=\"https:\/\/aviacionaldia.com\/en\/2026\/04\/lufthansa-redefines-its-visual-identity-boss-designs-new-generation-of-uniforms-for-centenary.html\" target=\"_self\" rel=\"bookmark noopener noreferrer\">Read More<\/a>\n\t\t\t<\/div>\n\t\t\t\n\t\t\t\t\t\t\t\t\t<\/article>\n\t\t\t\t\t\t\t\t\t\t\t\t\t\t\t\t<article class=\"uagb-post__inner-wrap\">\t\t\t\t\t\t\t\t<div class='uagb-post__image'>\n\t\t\t\t\t\t\t\t\t<a href=\"https:\/\/aviacionaldia.com\/en\/2026\/04\/ryanair-to-close-berlin-base-amid-rising-airport-fees-and-declining-competitiveness-in-germany.html\" target=\"_self\" rel=\"bookmark noopener noreferrer\" class='uagb-image-ratio-inherit'><img decoding=\"async\" width=\"800\" height=\"400\" src=\"https:\/\/aviacionaldia.com\/wp-content\/uploads\/2021\/07\/Ryanair-B737-800.jpg\" class=\"attachment-large size-large\" alt=\"\" srcset=\"https:\/\/aviacionaldia.com\/wp-content\/uploads\/2021\/07\/Ryanair-B737-800.jpg 800w, https:\/\/aviacionaldia.com\/wp-content\/uploads\/2021\/07\/Ryanair-B737-800-300x150.jpg 300w, https:\/\/aviacionaldia.com\/wp-content\/uploads\/2021\/07\/Ryanair-B737-800-768x384.jpg 768w, https:\/\/aviacionaldia.com\/wp-content\/uploads\/2021\/07\/Ryanair-B737-800-380x190.jpg 380w\" sizes=\"(max-width: 800px) 100vw, 800px\" \/>\t\t\t\t\t<\/a>\n\t\t\t\t\t\t\t<\/div>\n\t\t\t\t\t\t<h4 class=\"uagb-post__title uagb-post__text\">\n\t\t\t\t<a href=\"https:\/\/aviacionaldia.com\/en\/2026\/04\/ryanair-to-close-berlin-base-amid-rising-airport-fees-and-declining-competitiveness-in-germany.html\" target=\"_self\" rel=\"bookmark noopener noreferrer\">Ryanair to Close Berlin Base Amid Rising Airport Fees and Declining Competitiveness in Germany<\/a>\n\t\t\t<\/h4>\n\t\t\t\t\t\t<div class='uagb-post__text uagb-post-grid-byline'>\n\t\t\t\t\t\t\t<\/div>\n\t\t\t\t\t\t<div class=\"uagb-post__text uagb-post__cta wp-block-button\">\n\t\t\t\t<a class=\"wp-block-button__link uagb-text-link\" style=\"\" href=\"https:\/\/aviacionaldia.com\/en\/2026\/04\/ryanair-to-close-berlin-base-amid-rising-airport-fees-and-declining-competitiveness-in-germany.html\" target=\"_self\" rel=\"bookmark noopener noreferrer\">Read More<\/a>\n\t\t\t<\/div>\n\t\t\t\n\t\t\t\t\t\t\t\t\t<\/article>\n\t\t\t\t\t\t\t\t\t\t\t\t\t\t\t\t<article class=\"uagb-post__inner-wrap\">\t\t\t\t\t\t\t\t<div class='uagb-post__image'>\n\t\t\t\t\t\t\t\t\t<a href=\"https:\/\/aviacionaldia.com\/en\/2026\/04\/final-blow-for-lufthansa-eu-court-of-justice-upholds-illegality-of-e6-billion-state-aid-package.html\" target=\"_self\" rel=\"bookmark noopener noreferrer\" class='uagb-image-ratio-inherit'><img decoding=\"async\" width=\"800\" height=\"400\" src=\"https:\/\/aviacionaldia.com\/wp-content\/uploads\/2020\/05\/Lufthansa-aviones.jpg\" class=\"attachment-large size-large\" alt=\"\" srcset=\"https:\/\/aviacionaldia.com\/wp-content\/uploads\/2020\/05\/Lufthansa-aviones.jpg 800w, https:\/\/aviacionaldia.com\/wp-content\/uploads\/2020\/05\/Lufthansa-aviones-300x150.jpg 300w, https:\/\/aviacionaldia.com\/wp-content\/uploads\/2020\/05\/Lufthansa-aviones-768x384.jpg 768w, https:\/\/aviacionaldia.com\/wp-content\/uploads\/2020\/05\/Lufthansa-aviones-380x190.jpg 380w\" sizes=\"(max-width: 800px) 100vw, 800px\" \/>\t\t\t\t\t<\/a>\n\t\t\t\t\t\t\t<\/div>\n\t\t\t\t\t\t<h4 class=\"uagb-post__title uagb-post__text\">\n\t\t\t\t<a href=\"https:\/\/aviacionaldia.com\/en\/2026\/04\/final-blow-for-lufthansa-eu-court-of-justice-upholds-illegality-of-e6-billion-state-aid-package.html\" target=\"_self\" rel=\"bookmark noopener noreferrer\">Final Blow for Lufthansa: EU Court of Justice Upholds Illegality of \u20ac6 Billion State Aid Package<\/a>\n\t\t\t<\/h4>\n\t\t\t\t\t\t<div class='uagb-post__text uagb-post-grid-byline'>\n\t\t\t\t\t\t\t<\/div>\n\t\t\t\t\t\t<div class=\"uagb-post__text uagb-post__cta wp-block-button\">\n\t\t\t\t<a class=\"wp-block-button__link uagb-text-link\" style=\"\" href=\"https:\/\/aviacionaldia.com\/en\/2026\/04\/final-blow-for-lufthansa-eu-court-of-justice-upholds-illegality-of-e6-billion-state-aid-package.html\" target=\"_self\" rel=\"bookmark noopener noreferrer\">Read More<\/a>\n\t\t\t<\/div>\n\t\t\t\n\t\t\t\t\t\t\t\t\t<\/article>\n\t\t\t\t\t\t\t\t\t\t\t<\/div>\n\t\t\t","protected":false},"excerpt":{"rendered":"As of this Saturday, October 30, the Civil Aeronautics increased the operating capacity of Bogota&#8217;s El Dorado International&hellip;\n","protected":false},"author":4316,"featured_media":98699,"comment_status":"closed","ping_status":"closed","sticky":false,"template":"","format":"standard","meta":{"_uag_custom_page_level_css":"","footnotes":""},"categories":[189],"tags":[195,196,198,211],"class_list":{"0":"post-117798","1":"post","2":"type-post","3":"status-publish","4":"format-standard","5":"has-post-thumbnail","7":"category-airports","8":"tag-airport","9":"tag-colombia-2","10":"tag-flights","11":"tag-latin-america"},"uagb_featured_image_src":{"full":["https:\/\/aviacionaldia.com\/wp-content\/uploads\/2020\/05\/Aeropuert-El-Dorado.jpg",800,400,false],"thumbnail":["https:\/\/aviacionaldia.com\/wp-content\/uploads\/2020\/05\/Aeropuert-El-Dorado-150x150.jpg",150,150,true],"medium":["https:\/\/aviacionaldia.com\/wp-content\/uploads\/2020\/05\/Aeropuert-El-Dorado-300x150.jpg",300,150,true],"medium_large":["https:\/\/aviacionaldia.com\/wp-content\/uploads\/2020\/05\/Aeropuert-El-Dorado-768x384.jpg",768,384,true],"large":["https:\/\/aviacionaldia.com\/wp-content\/uploads\/2020\/05\/Aeropuert-El-Dorado.jpg",800,400,false],"1536x1536":["https:\/\/aviacionaldia.com\/wp-content\/uploads\/2020\/05\/Aeropuert-El-Dorado.jpg",800,400,false],"2048x2048":["https:\/\/aviacionaldia.com\/wp-content\/uploads\/2020\/05\/Aeropuert-El-Dorado.jpg",800,400,false],"pk-small":["https:\/\/aviacionaldia.com\/wp-content\/uploads\/2020\/05\/Aeropuert-El-Dorado-80x80.jpg",80,80,true],"pk-thumbnail":["https:\/\/aviacionaldia.com\/wp-content\/uploads\/2020\/05\/Aeropuert-El-Dorado-300x225.jpg",300,225,true],"csco-small":["https:\/\/aviacionaldia.com\/wp-content\/uploads\/2020\/05\/Aeropuert-El-Dorado-80x80.jpg",80,80,true],"csco-intermediate":["https:\/\/aviacionaldia.com\/wp-content\/uploads\/2020\/05\/Aeropuert-El-Dorado-200x140.jpg",200,140,true],"csco-thumbnail":["https:\/\/aviacionaldia.com\/wp-content\/uploads\/2020\/05\/Aeropuert-El-Dorado-380x220.jpg",380,220,true],"csco-thumbnail-alternative":["https:\/\/aviacionaldia.com\/wp-content\/uploads\/2020\/05\/Aeropuert-El-Dorado-300x180.jpg",300,180,true],"csco-thumbnail-uncropped":["https:\/\/aviacionaldia.com\/wp-content\/uploads\/2020\/05\/Aeropuert-El-Dorado-380x190.jpg",380,190,true],"csco-medium":["https:\/\/aviacionaldia.com\/wp-content\/uploads\/2020\/05\/Aeropuert-El-Dorado.jpg",800,400,false],"csco-medium-alternative":["https:\/\/aviacionaldia.com\/wp-content\/uploads\/2020\/05\/Aeropuert-El-Dorado-560x336.jpg",560,336,true],"csco-medium-uncropped":["https:\/\/aviacionaldia.com\/wp-content\/uploads\/2020\/05\/Aeropuert-El-Dorado.jpg",800,400,false],"csco-large":["https:\/\/aviacionaldia.com\/wp-content\/uploads\/2020\/05\/Aeropuert-El-Dorado.jpg",800,400,false],"csco-large-uncropped":["https:\/\/aviacionaldia.com\/wp-content\/uploads\/2020\/05\/Aeropuert-El-Dorado.jpg",800,400,false],"csco-extra-large":["https:\/\/aviacionaldia.com\/wp-content\/uploads\/2020\/05\/Aeropuert-El-Dorado.jpg",800,400,false]},"uagb_author_info":{"display_name":"Redacci\u00f3n - Aviaci\u00f3n al D\u00eda","author_link":"https:\/\/aviacionaldia.com\/en\/author\/aad"},"uagb_comment_info":0,"uagb_excerpt":"As of this Saturday, October 30, the Civil Aeronautics increased the operating capacity of Bogota&#8217;s El Dorado International&hellip;","amp_enabled":true,"_links":{"self":[{"href":"https:\/\/aviacionaldia.com\/en\/wp-json\/wp\/v2\/posts\/117798","targetHints":{"allow":["GET"]}}],"collection":[{"href":"https:\/\/aviacionaldia.com\/en\/wp-json\/wp\/v2\/posts"}],"about":[{"href":"https:\/\/aviacionaldia.com\/en\/wp-json\/wp\/v2\/types\/post"}],"author":[{"embeddable":true,"href":"https:\/\/aviacionaldia.com\/en\/wp-json\/wp\/v2\/users\/4316"}],"replies":[{"embeddable":true,"href":"https:\/\/aviacionaldia.com\/en\/wp-json\/wp\/v2\/comments?post=117798"}],"version-history":[{"count":1,"href":"https:\/\/aviacionaldia.com\/en\/wp-json\/wp\/v2\/posts\/117798\/revisions"}],"predecessor-version":[{"id":117800,"href":"https:\/\/aviacionaldia.com\/en\/wp-json\/wp\/v2\/posts\/117798\/revisions\/117800"}],"wp:featuredmedia":[{"embeddable":true,"href":"https:\/\/aviacionaldia.com\/en\/wp-json\/wp\/v2\/media\/98699"}],"wp:attachment":[{"href":"https:\/\/aviacionaldia.com\/en\/wp-json\/wp\/v2\/media?parent=117798"}],"wp:term":[{"taxonomy":"category","embeddable":true,"href":"https:\/\/aviacionaldia.com\/en\/wp-json\/wp\/v2\/categories?post=117798"},{"taxonomy":"post_tag","embeddable":true,"href":"https:\/\/aviacionaldia.com\/en\/wp-json\/wp\/v2\/tags?post=117798"}],"curies":[{"name":"wp","href":"https:\/\/api.w.org\/{rel}","templated":true}]}}