{"id":117806,"date":"2021-11-01T14:05:03","date_gmt":"2021-11-01T14:05:03","guid":{"rendered":"https:\/?p=117806"},"modified":"2021-11-01T14:32:22","modified_gmt":"2021-11-01T14:32:22","slug":"jazeera-airways-talks-for-30-jet-order","status":"publish","type":"post","link":"https:\/\/aviacionaldia.com\/en\/2021\/11\/jazeera-airways-talks-for-30-jet-order.html","title":{"rendered":"Jazeera Airways in talks with Airbus, Boeing for 30-jet order."},"content":{"rendered":"\n<p>Kuwait\u2019s <strong>Jazeera Airways<\/strong> is in talks to buy 30 Airbus A320neo or Boeing 737 MAX jets in a deal worth up to $2 billion, the airline\u2019s chairman said on Monday.<\/p>\n\n\n\n<p>Marwan Boodai told <a href=\"https:\/\/www.reuters.com\/article\/jazeera-airways-boeing-airbus-nl\/update-1-kuwaits-jazeera-airways-in-talks-with-airbus-boeing-for-30-jet-order-idUSL1N2RS0V9\" target=\"_blank\" rel=\"noreferrer noopener nofollow\">Reuters<\/a> the budget carrier expects to place the long-considered aircraft order by the end of March.<\/p>\n\n\n\n<p><em><strong>\u2192<\/strong> <a href=\"https:\/en\/2021\/10\/etihad-makes-flight-reduces-carbon-emissions.html\">Etihad Airways makes flight that reduces carbon emissions by 72%.<\/a><\/em><\/p>\n\n\n\n<p>The disclosure of jet order talks comes just two weeks before the start of the five day Dubai Airshow, which will be this year\u2019s biggest aerospace trade show and a spectacle for commercial and military contracts worth billions of dollars.<\/p>\n\n\n\n<p>Jazeera, majority owned by Boodai, has for many years mulled an aircraft order to expand and replace its fleet of leased narrow-body Airbus jets, though never placed an order.<\/p>\n\n\n\n<p>It currently operates a fleet of 17 Airbus A320 jets.<\/p>\n\n\n\n<p>Photo: Anna Zvereva\/<a href=\"https:\/\/commons.wikimedia.org\/wiki\/File:Jazeera_Airways,_9K-CAJ,_Airbus_A320-214_(39243847214).jpg\" target=\"_blank\" rel=\"noreferrer noopener\">Wikimedia<\/a><\/p>\n\n\n\n<h2 class=\"wp-block-heading\">Related Topics<\/h2>\n\n\n\n\t\t\t<div class=\"wp-block-uagb-post-grid uagb-post-grid  uagb-post__image-position-top uagb-post__image-enabled uagb-block-c4eb8772     uagb-post__items uagb-post__columns-2 is-grid uagb-post__columns-tablet-2 uagb-post__columns-mobile-1 uagb-post__equal-height\" data-total=\"417\" style=\"\">\n\n\t\t\t\t\t\t\t\t\t\t\t\t<article class=\"uagb-post__inner-wrap\">\t\t\t\t\t\t\t\t<div class='uagb-post__image'>\n\t\t\t\t\t\t\t\t\t<a href=\"https:\/\/aviacionaldia.com\/en\/2026\/04\/alta-maps-out-roadmap-to-net-zero-challenges-and-opportunities-for-aviation-in-latin-america-and-the-caribbean.html\" target=\"_self\" rel=\"bookmark noopener noreferrer\" class='uagb-image-ratio-inherit'><img decoding=\"async\" width=\"800\" height=\"400\" src=\"https:\/\/aviacionaldia.com\/wp-content\/uploads\/2026\/04\/Avion-Emisiones.webp\" class=\"attachment-large size-large\" alt=\"\" srcset=\"https:\/\/aviacionaldia.com\/wp-content\/uploads\/2026\/04\/Avion-Emisiones.webp 800w, https:\/\/aviacionaldia.com\/wp-content\/uploads\/2026\/04\/Avion-Emisiones-300x150.webp 300w, https:\/\/aviacionaldia.com\/wp-content\/uploads\/2026\/04\/Avion-Emisiones-768x384.webp 768w, https:\/\/aviacionaldia.com\/wp-content\/uploads\/2026\/04\/Avion-Emisiones-380x190.webp 380w\" sizes=\"(max-width: 800px) 100vw, 800px\" \/>\t\t\t\t\t<\/a>\n\t\t\t\t\t\t\t<\/div>\n\t\t\t\t\t\t<h4 class=\"uagb-post__title uagb-post__text\">\n\t\t\t\t<a href=\"https:\/\/aviacionaldia.com\/en\/2026\/04\/alta-maps-out-roadmap-to-net-zero-challenges-and-opportunities-for-aviation-in-latin-america-and-the-caribbean.html\" target=\"_self\" rel=\"bookmark noopener noreferrer\">ALTA Maps Out Roadmap to Net Zero: Challenges and Opportunities for Aviation in Latin America and the Caribbean<\/a>\n\t\t\t<\/h4>\n\t\t\t\t\t\t<div class='uagb-post__text uagb-post-grid-byline'>\n\t\t\t\t\t\t\t<\/div>\n\t\t\t\t\t\t<div class=\"uagb-post__text uagb-post__cta wp-block-button\">\n\t\t\t\t<a class=\"wp-block-button__link uagb-text-link\" style=\"\" href=\"https:\/\/aviacionaldia.com\/en\/2026\/04\/alta-maps-out-roadmap-to-net-zero-challenges-and-opportunities-for-aviation-in-latin-america-and-the-caribbean.html\" target=\"_self\" rel=\"bookmark noopener noreferrer\">Read More<\/a>\n\t\t\t<\/div>\n\t\t\t\n\t\t\t\t\t\t\t\t\t<\/article>\n\t\t\t\t\t\t\t\t\t\t\t\t\t\t\t\t<article class=\"uagb-post__inner-wrap\">\t\t\t\t\t\t\t\t<div class='uagb-post__image'>\n\t\t\t\t\t\t\t\t\t<a href=\"https:\/\/aviacionaldia.com\/en\/2026\/04\/air-traffic-in-latin-america-and-the-caribbean-grows-6-6-in-february.html\" target=\"_self\" rel=\"bookmark noopener noreferrer\" class='uagb-image-ratio-inherit'><img decoding=\"async\" width=\"800\" height=\"400\" src=\"https:\/\/aviacionaldia.com\/wp-content\/uploads\/2021\/11\/Pasajeros-de-avion.jpg\" class=\"attachment-large size-large\" alt=\"\" srcset=\"https:\/\/aviacionaldia.com\/wp-content\/uploads\/2021\/11\/Pasajeros-de-avion.jpg 800w, https:\/\/aviacionaldia.com\/wp-content\/uploads\/2021\/11\/Pasajeros-de-avion-300x150.jpg 300w, https:\/\/aviacionaldia.com\/wp-content\/uploads\/2021\/11\/Pasajeros-de-avion-768x384.jpg 768w, https:\/\/aviacionaldia.com\/wp-content\/uploads\/2021\/11\/Pasajeros-de-avion-380x190.jpg 380w\" sizes=\"(max-width: 800px) 100vw, 800px\" \/>\t\t\t\t\t<\/a>\n\t\t\t\t\t\t\t<\/div>\n\t\t\t\t\t\t<h4 class=\"uagb-post__title uagb-post__text\">\n\t\t\t\t<a href=\"https:\/\/aviacionaldia.com\/en\/2026\/04\/air-traffic-in-latin-america-and-the-caribbean-grows-6-6-in-february.html\" target=\"_self\" rel=\"bookmark noopener noreferrer\">Air Traffic in Latin America and the Caribbean Grows 6.6% in February<\/a>\n\t\t\t<\/h4>\n\t\t\t\t\t\t<div class='uagb-post__text uagb-post-grid-byline'>\n\t\t\t\t\t\t\t<\/div>\n\t\t\t\t\t\t<div class=\"uagb-post__text uagb-post__cta wp-block-button\">\n\t\t\t\t<a class=\"wp-block-button__link uagb-text-link\" style=\"\" href=\"https:\/\/aviacionaldia.com\/en\/2026\/04\/air-traffic-in-latin-america-and-the-caribbean-grows-6-6-in-february.html\" target=\"_self\" rel=\"bookmark noopener noreferrer\">Read More<\/a>\n\t\t\t<\/div>\n\t\t\t\n\t\t\t\t\t\t\t\t\t<\/article>\n\t\t\t\t\t\t\t\t\t\t\t\t\t\t\t\t<article class=\"uagb-post__inner-wrap\">\t\t\t\t\t\t\t\t<div class='uagb-post__image'>\n\t\t\t\t\t\t\t\t\t<a href=\"https:\/\/aviacionaldia.com\/en\/2026\/04\/latam-airlines-to-become-south-americas-first-to-offer-lie-flat-seats-on-airbus-a321xlr.html\" target=\"_self\" rel=\"bookmark noopener noreferrer\" class='uagb-image-ratio-inherit'><img decoding=\"async\" width=\"800\" height=\"400\" src=\"https:\/\/aviacionaldia.com\/wp-content\/uploads\/2026\/04\/Latam-Asientos-_Lie-Flat_-en-el-Airbus-A321XLR.webp\" class=\"attachment-large size-large\" alt=\"\" srcset=\"https:\/\/aviacionaldia.com\/wp-content\/uploads\/2026\/04\/Latam-Asientos-_Lie-Flat_-en-el-Airbus-A321XLR.webp 800w, https:\/\/aviacionaldia.com\/wp-content\/uploads\/2026\/04\/Latam-Asientos-_Lie-Flat_-en-el-Airbus-A321XLR-300x150.webp 300w, https:\/\/aviacionaldia.com\/wp-content\/uploads\/2026\/04\/Latam-Asientos-_Lie-Flat_-en-el-Airbus-A321XLR-768x384.webp 768w, https:\/\/aviacionaldia.com\/wp-content\/uploads\/2026\/04\/Latam-Asientos-_Lie-Flat_-en-el-Airbus-A321XLR-380x190.webp 380w\" sizes=\"(max-width: 800px) 100vw, 800px\" \/>\t\t\t\t\t<\/a>\n\t\t\t\t\t\t\t<\/div>\n\t\t\t\t\t\t<h4 class=\"uagb-post__title uagb-post__text\">\n\t\t\t\t<a href=\"https:\/\/aviacionaldia.com\/en\/2026\/04\/latam-airlines-to-become-south-americas-first-to-offer-lie-flat-seats-on-airbus-a321xlr.html\" target=\"_self\" rel=\"bookmark noopener noreferrer\">LATAM Airlines to Become South America&#8217;s First to Offer &#8220;Lie-Flat&#8221; Seats on Airbus A321XLR<\/a>\n\t\t\t<\/h4>\n\t\t\t\t\t\t<div class='uagb-post__text uagb-post-grid-byline'>\n\t\t\t\t\t\t\t<\/div>\n\t\t\t\t\t\t<div class=\"uagb-post__text uagb-post__cta wp-block-button\">\n\t\t\t\t<a class=\"wp-block-button__link uagb-text-link\" style=\"\" href=\"https:\/\/aviacionaldia.com\/en\/2026\/04\/latam-airlines-to-become-south-americas-first-to-offer-lie-flat-seats-on-airbus-a321xlr.html\" target=\"_self\" rel=\"bookmark noopener noreferrer\">Read More<\/a>\n\t\t\t<\/div>\n\t\t\t\n\t\t\t\t\t\t\t\t\t<\/article>\n\t\t\t\t\t\t\t\t\t\t\t\t\t\t\t\t<article class=\"uagb-post__inner-wrap\">\t\t\t\t\t\t\t\t<div class='uagb-post__image'>\n\t\t\t\t\t\t\t\t\t<a href=\"https:\/\/aviacionaldia.com\/en\/2026\/04\/jetsmart-launches-all-you-can-fly-annual-membership-for-unlimited-flights-across-south-america.html\" target=\"_self\" rel=\"bookmark noopener noreferrer\" class='uagb-image-ratio-inherit'><img decoding=\"async\" width=\"800\" height=\"400\" src=\"https:\/\/aviacionaldia.com\/wp-content\/uploads\/2026\/04\/JetSmart-All-You-Can-Fly.webp\" class=\"attachment-large size-large\" alt=\"\" srcset=\"https:\/\/aviacionaldia.com\/wp-content\/uploads\/2026\/04\/JetSmart-All-You-Can-Fly.webp 800w, https:\/\/aviacionaldia.com\/wp-content\/uploads\/2026\/04\/JetSmart-All-You-Can-Fly-300x150.webp 300w, https:\/\/aviacionaldia.com\/wp-content\/uploads\/2026\/04\/JetSmart-All-You-Can-Fly-768x384.webp 768w, https:\/\/aviacionaldia.com\/wp-content\/uploads\/2026\/04\/JetSmart-All-You-Can-Fly-380x190.webp 380w\" sizes=\"(max-width: 800px) 100vw, 800px\" \/>\t\t\t\t\t<\/a>\n\t\t\t\t\t\t\t<\/div>\n\t\t\t\t\t\t<h4 class=\"uagb-post__title uagb-post__text\">\n\t\t\t\t<a href=\"https:\/\/aviacionaldia.com\/en\/2026\/04\/jetsmart-launches-all-you-can-fly-annual-membership-for-unlimited-flights-across-south-america.html\" target=\"_self\" rel=\"bookmark noopener noreferrer\">JetSmart Launches &#8220;All You Can Fly&#8221;: Annual Membership for Unlimited Flights Across South America<\/a>\n\t\t\t<\/h4>\n\t\t\t\t\t\t<div class='uagb-post__text uagb-post-grid-byline'>\n\t\t\t\t\t\t\t<\/div>\n\t\t\t\t\t\t<div class=\"uagb-post__text uagb-post__cta wp-block-button\">\n\t\t\t\t<a class=\"wp-block-button__link uagb-text-link\" style=\"\" href=\"https:\/\/aviacionaldia.com\/en\/2026\/04\/jetsmart-launches-all-you-can-fly-annual-membership-for-unlimited-flights-across-south-america.html\" target=\"_self\" rel=\"bookmark noopener noreferrer\">Read More<\/a>\n\t\t\t<\/div>\n\t\t\t\n\t\t\t\t\t\t\t\t\t<\/article>\n\t\t\t\t\t\t\t\t\t\t\t<\/div>\n\t\t\t","protected":false},"excerpt":{"rendered":"Kuwait\u2019s Jazeera Airways is in talks to buy 30 Airbus A320neo or Boeing 737 MAX jets in a&hellip;\n","protected":false},"author":4316,"featured_media":117803,"comment_status":"closed","ping_status":"closed","sticky":false,"template":"","format":"standard","meta":{"_uag_custom_page_level_css":"","footnotes":""},"categories":[1],"tags":[217,222,605,220,808],"class_list":{"0":"post-117806","1":"post","2":"type-post","3":"status-publish","4":"format-standard","5":"has-post-thumbnail","7":"category-airlines","8":"tag-airbus-2","9":"tag-aircraft","10":"tag-avion-en-2","11":"tag-boeing-2","12":"tag-jazeera-airways-2"},"uagb_featured_image_src":{"full":["https:\/\/aviacionaldia.com\/wp-content\/uploads\/2021\/11\/Jazeera-Airways-A320.jpg",800,400,false],"thumbnail":["https:\/\/aviacionaldia.com\/wp-content\/uploads\/2021\/11\/Jazeera-Airways-A320-150x150.jpg",150,150,true],"medium":["https:\/\/aviacionaldia.com\/wp-content\/uploads\/2021\/11\/Jazeera-Airways-A320-300x150.jpg",300,150,true],"medium_large":["https:\/\/aviacionaldia.com\/wp-content\/uploads\/2021\/11\/Jazeera-Airways-A320-768x384.jpg",768,384,true],"large":["https:\/\/aviacionaldia.com\/wp-content\/uploads\/2021\/11\/Jazeera-Airways-A320.jpg",800,400,false],"1536x1536":["https:\/\/aviacionaldia.com\/wp-content\/uploads\/2021\/11\/Jazeera-Airways-A320.jpg",800,400,false],"2048x2048":["https:\/\/aviacionaldia.com\/wp-content\/uploads\/2021\/11\/Jazeera-Airways-A320.jpg",800,400,false],"pk-small":["https:\/\/aviacionaldia.com\/wp-content\/uploads\/2021\/11\/Jazeera-Airways-A320.jpg",80,40,false],"pk-thumbnail":["https:\/\/aviacionaldia.com\/wp-content\/uploads\/2021\/11\/Jazeera-Airways-A320.jpg",300,150,false],"csco-small":["https:\/\/aviacionaldia.com\/wp-content\/uploads\/2021\/11\/Jazeera-Airways-A320-80x80.jpg",80,80,true],"csco-intermediate":["https:\/\/aviacionaldia.com\/wp-content\/uploads\/2021\/11\/Jazeera-Airways-A320-200x140.jpg",200,140,true],"csco-thumbnail":["https:\/\/aviacionaldia.com\/wp-content\/uploads\/2021\/11\/Jazeera-Airways-A320-380x220.jpg",380,220,true],"csco-thumbnail-alternative":["https:\/\/aviacionaldia.com\/wp-content\/uploads\/2021\/11\/Jazeera-Airways-A320-300x180.jpg",300,180,true],"csco-thumbnail-uncropped":["https:\/\/aviacionaldia.com\/wp-content\/uploads\/2021\/11\/Jazeera-Airways-A320-380x190.jpg",380,190,true],"csco-medium":["https:\/\/aviacionaldia.com\/wp-content\/uploads\/2021\/11\/Jazeera-Airways-A320.jpg",800,400,false],"csco-medium-alternative":["https:\/\/aviacionaldia.com\/wp-content\/uploads\/2021\/11\/Jazeera-Airways-A320-560x336.jpg",560,336,true],"csco-medium-uncropped":["https:\/\/aviacionaldia.com\/wp-content\/uploads\/2021\/11\/Jazeera-Airways-A320.jpg",800,400,false],"csco-large":["https:\/\/aviacionaldia.com\/wp-content\/uploads\/2021\/11\/Jazeera-Airways-A320.jpg",800,400,false],"csco-large-uncropped":["https:\/\/aviacionaldia.com\/wp-content\/uploads\/2021\/11\/Jazeera-Airways-A320.jpg",800,400,false],"csco-extra-large":["https:\/\/aviacionaldia.com\/wp-content\/uploads\/2021\/11\/Jazeera-Airways-A320.jpg",800,400,false]},"uagb_author_info":{"display_name":"Redacci\u00f3n - Aviaci\u00f3n al D\u00eda","author_link":"https:\/\/aviacionaldia.com\/en\/author\/aad"},"uagb_comment_info":0,"uagb_excerpt":"Kuwait\u2019s Jazeera Airways is in talks to buy 30 Airbus A320neo or Boeing 737 MAX jets in a&hellip;","amp_enabled":true,"_links":{"self":[{"href":"https:\/\/aviacionaldia.com\/en\/wp-json\/wp\/v2\/posts\/117806","targetHints":{"allow":["GET"]}}],"collection":[{"href":"https:\/\/aviacionaldia.com\/en\/wp-json\/wp\/v2\/posts"}],"about":[{"href":"https:\/\/aviacionaldia.com\/en\/wp-json\/wp\/v2\/types\/post"}],"author":[{"embeddable":true,"href":"https:\/\/aviacionaldia.com\/en\/wp-json\/wp\/v2\/users\/4316"}],"replies":[{"embeddable":true,"href":"https:\/\/aviacionaldia.com\/en\/wp-json\/wp\/v2\/comments?post=117806"}],"version-history":[{"count":2,"href":"https:\/\/aviacionaldia.com\/en\/wp-json\/wp\/v2\/posts\/117806\/revisions"}],"predecessor-version":[{"id":117812,"href":"https:\/\/aviacionaldia.com\/en\/wp-json\/wp\/v2\/posts\/117806\/revisions\/117812"}],"wp:featuredmedia":[{"embeddable":true,"href":"https:\/\/aviacionaldia.com\/en\/wp-json\/wp\/v2\/media\/117803"}],"wp:attachment":[{"href":"https:\/\/aviacionaldia.com\/en\/wp-json\/wp\/v2\/media?parent=117806"}],"wp:term":[{"taxonomy":"category","embeddable":true,"href":"https:\/\/aviacionaldia.com\/en\/wp-json\/wp\/v2\/categories?post=117806"},{"taxonomy":"post_tag","embeddable":true,"href":"https:\/\/aviacionaldia.com\/en\/wp-json\/wp\/v2\/tags?post=117806"}],"curies":[{"name":"wp","href":"https:\/\/api.w.org\/{rel}","templated":true}]}}