{"id":118712,"date":"2021-11-22T18:00:00","date_gmt":"2021-11-22T18:00:00","guid":{"rendered":"https:\/?p=118712"},"modified":"2021-11-22T22:55:42","modified_gmt":"2021-11-22T22:55:42","slug":"ryanair-cyber-week-with-great-deals","status":"publish","type":"post","link":"https:\/\/aviacionaldia.com\/en\/2021\/11\/ryanair-cyber-week-with-great-deals.html","title":{"rendered":"Ryanair kicks off Cyber Week with great deals."},"content":{"rendered":"\n<p>The airline <a href=\"https:\/en?s=ryanair\">Ryanair<\/a> announced details of its Cyber Week offer, which will be available starting this Monday, November 22.<\/p>\n\n\n\n<p>With a different offer each day during Cyber Week, customers can satisfy their desire to travel from now until summer 2022. Offers will only be revealed at midnight each day on the airline&#8217;s website. City breaks to Europe&#8217;s most popular locations and early bird offers for the already highly coveted summer vacations of 2022, all with fares available from just \u20ac9.99 on selected days.<\/p>\n\n\n\n<p><em><strong>\u2192 <a href=\"https:\/en\/2021\/10\/ryanair-launches-electric-handling.html\">Ryanair launches electric handling in 11 major European airports.<\/a><\/strong><\/em><\/p>\n\n\n\n<p>New offers will be available every 24 hours (some special weekend extensions may be available).<\/p>\n\n\n\n<p>&#8220;It&#8217;s been a long year of travel restrictions. Customers deserve a getaway and, with our Cyber Week line-up of offers, we look forward to welcoming families, friends and couples on board our flights over the coming months after securing these incredible and much-deserved deals,&#8221; said Dara Brady, Ryanair&#8217;s Chief Marketing Officer.<\/p>\n\n\n\n<p>We have fares starting as low as \u20ac9.99, and even our popular &#8220;Buy One, Get One Free&#8221; offer. To make sure these amazing limited-time offers don&#8217;t get missed, we encourage customers to check Ryanair.com every day to see what deals are available.<\/p>\n\n\n\n<h2 class=\"wp-block-heading\">Related Topics<\/h2>\n\n\n\n\t\t\t<div class=\"wp-block-uagb-post-grid uagb-post-grid  uagb-post__image-position-top uagb-post__image-enabled uagb-block-abd87f7d     uagb-post__items uagb-post__columns-2 is-grid uagb-post__columns-tablet-2 uagb-post__columns-mobile-1 uagb-post__equal-height\" data-total=\"418\" style=\"\">\n\n\t\t\t\t\t\t\t\t\t\t\t\t<article class=\"uagb-post__inner-wrap\">\t\t\t\t\t\t\t\t<div class='uagb-post__image'>\n\t\t\t\t\t\t\t\t\t<a href=\"https:\/\/aviacionaldia.com\/en\/2026\/04\/avianca-seeks-authorization-to-launch-bogota-maracaibo-service.html\" target=\"_self\" rel=\"bookmark noopener noreferrer\" class='uagb-image-ratio-inherit'><img decoding=\"async\" width=\"800\" height=\"400\" src=\"https:\/\/aviacionaldia.com\/wp-content\/uploads\/2021\/04\/Avianca-A320.jpg\" class=\"attachment-large size-large\" alt=\"\" srcset=\"https:\/\/aviacionaldia.com\/wp-content\/uploads\/2021\/04\/Avianca-A320.jpg 800w, https:\/\/aviacionaldia.com\/wp-content\/uploads\/2021\/04\/Avianca-A320-300x150.jpg 300w, https:\/\/aviacionaldia.com\/wp-content\/uploads\/2021\/04\/Avianca-A320-768x384.jpg 768w, https:\/\/aviacionaldia.com\/wp-content\/uploads\/2021\/04\/Avianca-A320-380x190.jpg 380w\" sizes=\"(max-width: 800px) 100vw, 800px\" \/>\t\t\t\t\t<\/a>\n\t\t\t\t\t\t\t<\/div>\n\t\t\t\t\t\t<h4 class=\"uagb-post__title uagb-post__text\">\n\t\t\t\t<a href=\"https:\/\/aviacionaldia.com\/en\/2026\/04\/avianca-seeks-authorization-to-launch-bogota-maracaibo-service.html\" target=\"_self\" rel=\"bookmark noopener noreferrer\">Avianca Seeks Authorization to Launch Bogot\u00e1\u2013Maracaibo Service<\/a>\n\t\t\t<\/h4>\n\t\t\t\t\t\t<div class='uagb-post__text uagb-post-grid-byline'>\n\t\t\t\t\t\t\t<\/div>\n\t\t\t\t\t\t<div class=\"uagb-post__text uagb-post__cta wp-block-button\">\n\t\t\t\t<a class=\"wp-block-button__link uagb-text-link\" style=\"\" href=\"https:\/\/aviacionaldia.com\/en\/2026\/04\/avianca-seeks-authorization-to-launch-bogota-maracaibo-service.html\" target=\"_self\" rel=\"bookmark noopener noreferrer\">Read More<\/a>\n\t\t\t<\/div>\n\t\t\t\n\t\t\t\t\t\t\t\t\t<\/article>\n\t\t\t\t\t\t\t\t\t\t\t\t\t\t\t\t<article class=\"uagb-post__inner-wrap\">\t\t\t\t\t\t\t\t<div class='uagb-post__image'>\n\t\t\t\t\t\t\t\t\t<a href=\"https:\/\/aviacionaldia.com\/en\/2026\/04\/latam-airlines-reduces-co2-emissions-by-one-million-tons-annually-through-technological-innovation-and-operational-efficiency.html\" target=\"_self\" rel=\"bookmark noopener noreferrer\" class='uagb-image-ratio-inherit'><img decoding=\"async\" width=\"800\" height=\"400\" src=\"https:\/\/aviacionaldia.com\/wp-content\/uploads\/2023\/02\/Latam-Airlines-avion.jpg\" class=\"attachment-large size-large\" alt=\"\" srcset=\"https:\/\/aviacionaldia.com\/wp-content\/uploads\/2023\/02\/Latam-Airlines-avion.jpg 800w, https:\/\/aviacionaldia.com\/wp-content\/uploads\/2023\/02\/Latam-Airlines-avion-300x150.jpg 300w, https:\/\/aviacionaldia.com\/wp-content\/uploads\/2023\/02\/Latam-Airlines-avion-768x384.jpg 768w, https:\/\/aviacionaldia.com\/wp-content\/uploads\/2023\/02\/Latam-Airlines-avion-380x190.jpg 380w\" sizes=\"(max-width: 800px) 100vw, 800px\" \/>\t\t\t\t\t<\/a>\n\t\t\t\t\t\t\t<\/div>\n\t\t\t\t\t\t<h4 class=\"uagb-post__title uagb-post__text\">\n\t\t\t\t<a href=\"https:\/\/aviacionaldia.com\/en\/2026\/04\/latam-airlines-reduces-co2-emissions-by-one-million-tons-annually-through-technological-innovation-and-operational-efficiency.html\" target=\"_self\" rel=\"bookmark noopener noreferrer\">LATAM Airlines Reduces CO2 Emissions by One Million Tons Annually Through Technological Innovation and Operational Efficiency<\/a>\n\t\t\t<\/h4>\n\t\t\t\t\t\t<div class='uagb-post__text uagb-post-grid-byline'>\n\t\t\t\t\t\t\t<\/div>\n\t\t\t\t\t\t<div class=\"uagb-post__text uagb-post__cta wp-block-button\">\n\t\t\t\t<a class=\"wp-block-button__link uagb-text-link\" style=\"\" href=\"https:\/\/aviacionaldia.com\/en\/2026\/04\/latam-airlines-reduces-co2-emissions-by-one-million-tons-annually-through-technological-innovation-and-operational-efficiency.html\" target=\"_self\" rel=\"bookmark noopener noreferrer\">Read More<\/a>\n\t\t\t<\/div>\n\t\t\t\n\t\t\t\t\t\t\t\t\t<\/article>\n\t\t\t\t\t\t\t\t\t\t\t\t\t\t\t\t<article class=\"uagb-post__inner-wrap\">\t\t\t\t\t\t\t\t<div class='uagb-post__image'>\n\t\t\t\t\t\t\t\t\t<a href=\"https:\/\/aviacionaldia.com\/en\/2026\/04\/alta-maps-out-roadmap-to-net-zero-challenges-and-opportunities-for-aviation-in-latin-america-and-the-caribbean.html\" target=\"_self\" rel=\"bookmark noopener noreferrer\" class='uagb-image-ratio-inherit'><img decoding=\"async\" width=\"800\" height=\"400\" src=\"https:\/\/aviacionaldia.com\/wp-content\/uploads\/2026\/04\/Avion-Emisiones.webp\" class=\"attachment-large size-large\" alt=\"\" srcset=\"https:\/\/aviacionaldia.com\/wp-content\/uploads\/2026\/04\/Avion-Emisiones.webp 800w, https:\/\/aviacionaldia.com\/wp-content\/uploads\/2026\/04\/Avion-Emisiones-300x150.webp 300w, https:\/\/aviacionaldia.com\/wp-content\/uploads\/2026\/04\/Avion-Emisiones-768x384.webp 768w, https:\/\/aviacionaldia.com\/wp-content\/uploads\/2026\/04\/Avion-Emisiones-380x190.webp 380w\" sizes=\"(max-width: 800px) 100vw, 800px\" \/>\t\t\t\t\t<\/a>\n\t\t\t\t\t\t\t<\/div>\n\t\t\t\t\t\t<h4 class=\"uagb-post__title uagb-post__text\">\n\t\t\t\t<a href=\"https:\/\/aviacionaldia.com\/en\/2026\/04\/alta-maps-out-roadmap-to-net-zero-challenges-and-opportunities-for-aviation-in-latin-america-and-the-caribbean.html\" target=\"_self\" rel=\"bookmark noopener noreferrer\">ALTA Maps Out Roadmap to Net Zero: Challenges and Opportunities for Aviation in Latin America and the Caribbean<\/a>\n\t\t\t<\/h4>\n\t\t\t\t\t\t<div class='uagb-post__text uagb-post-grid-byline'>\n\t\t\t\t\t\t\t<\/div>\n\t\t\t\t\t\t<div class=\"uagb-post__text uagb-post__cta wp-block-button\">\n\t\t\t\t<a class=\"wp-block-button__link uagb-text-link\" style=\"\" href=\"https:\/\/aviacionaldia.com\/en\/2026\/04\/alta-maps-out-roadmap-to-net-zero-challenges-and-opportunities-for-aviation-in-latin-america-and-the-caribbean.html\" target=\"_self\" rel=\"bookmark noopener noreferrer\">Read More<\/a>\n\t\t\t<\/div>\n\t\t\t\n\t\t\t\t\t\t\t\t\t<\/article>\n\t\t\t\t\t\t\t\t\t\t\t\t\t\t\t\t<article class=\"uagb-post__inner-wrap\">\t\t\t\t\t\t\t\t<div class='uagb-post__image'>\n\t\t\t\t\t\t\t\t\t<a href=\"https:\/\/aviacionaldia.com\/en\/2026\/04\/air-traffic-in-latin-america-and-the-caribbean-grows-6-6-in-february.html\" target=\"_self\" rel=\"bookmark noopener noreferrer\" class='uagb-image-ratio-inherit'><img decoding=\"async\" width=\"800\" height=\"400\" src=\"https:\/\/aviacionaldia.com\/wp-content\/uploads\/2021\/11\/Pasajeros-de-avion.jpg\" class=\"attachment-large size-large\" alt=\"\" srcset=\"https:\/\/aviacionaldia.com\/wp-content\/uploads\/2021\/11\/Pasajeros-de-avion.jpg 800w, https:\/\/aviacionaldia.com\/wp-content\/uploads\/2021\/11\/Pasajeros-de-avion-300x150.jpg 300w, https:\/\/aviacionaldia.com\/wp-content\/uploads\/2021\/11\/Pasajeros-de-avion-768x384.jpg 768w, https:\/\/aviacionaldia.com\/wp-content\/uploads\/2021\/11\/Pasajeros-de-avion-380x190.jpg 380w\" sizes=\"(max-width: 800px) 100vw, 800px\" \/>\t\t\t\t\t<\/a>\n\t\t\t\t\t\t\t<\/div>\n\t\t\t\t\t\t<h4 class=\"uagb-post__title uagb-post__text\">\n\t\t\t\t<a href=\"https:\/\/aviacionaldia.com\/en\/2026\/04\/air-traffic-in-latin-america-and-the-caribbean-grows-6-6-in-february.html\" target=\"_self\" rel=\"bookmark noopener noreferrer\">Air Traffic in Latin America and the Caribbean Grows 6.6% in February<\/a>\n\t\t\t<\/h4>\n\t\t\t\t\t\t<div class='uagb-post__text uagb-post-grid-byline'>\n\t\t\t\t\t\t\t<\/div>\n\t\t\t\t\t\t<div class=\"uagb-post__text uagb-post__cta wp-block-button\">\n\t\t\t\t<a class=\"wp-block-button__link uagb-text-link\" style=\"\" href=\"https:\/\/aviacionaldia.com\/en\/2026\/04\/air-traffic-in-latin-america-and-the-caribbean-grows-6-6-in-february.html\" target=\"_self\" rel=\"bookmark noopener noreferrer\">Read More<\/a>\n\t\t\t<\/div>\n\t\t\t\n\t\t\t\t\t\t\t\t\t<\/article>\n\t\t\t\t\t\t\t\t\t\t\t<\/div>\n\t\t\t","protected":false},"excerpt":{"rendered":"The airline Ryanair announced details of its Cyber Week offer, which will be available starting this Monday, November&hellip;\n","protected":false},"author":4316,"featured_media":113065,"comment_status":"closed","ping_status":"closed","sticky":false,"template":"","format":"standard","meta":{"_uag_custom_page_level_css":"","footnotes":""},"categories":[193],"tags":[230,269,198,279],"class_list":{"0":"post-118712","1":"post","2":"type-post","3":"status-publish","4":"format-standard","5":"has-post-thumbnail","7":"category-releases-and-promotions","8":"tag-airline","9":"tag-europe","10":"tag-flights","11":"tag-ryanair-2"},"uagb_featured_image_src":{"full":["https:\/\/aviacionaldia.com\/wp-content\/uploads\/2021\/07\/Ryanair-737-Max.jpg",800,400,false],"thumbnail":["https:\/\/aviacionaldia.com\/wp-content\/uploads\/2021\/07\/Ryanair-737-Max-150x150.jpg",150,150,true],"medium":["https:\/\/aviacionaldia.com\/wp-content\/uploads\/2021\/07\/Ryanair-737-Max-300x150.jpg",300,150,true],"medium_large":["https:\/\/aviacionaldia.com\/wp-content\/uploads\/2021\/07\/Ryanair-737-Max-768x384.jpg",768,384,true],"large":["https:\/\/aviacionaldia.com\/wp-content\/uploads\/2021\/07\/Ryanair-737-Max.jpg",800,400,false],"1536x1536":["https:\/\/aviacionaldia.com\/wp-content\/uploads\/2021\/07\/Ryanair-737-Max.jpg",800,400,false],"2048x2048":["https:\/\/aviacionaldia.com\/wp-content\/uploads\/2021\/07\/Ryanair-737-Max.jpg",800,400,false],"pk-small":["https:\/\/aviacionaldia.com\/wp-content\/uploads\/2021\/07\/Ryanair-737-Max.jpg",80,40,false],"pk-thumbnail":["https:\/\/aviacionaldia.com\/wp-content\/uploads\/2021\/07\/Ryanair-737-Max.jpg",300,150,false],"csco-small":["https:\/\/aviacionaldia.com\/wp-content\/uploads\/2021\/07\/Ryanair-737-Max-80x80.jpg",80,80,true],"csco-intermediate":["https:\/\/aviacionaldia.com\/wp-content\/uploads\/2021\/07\/Ryanair-737-Max-200x140.jpg",200,140,true],"csco-thumbnail":["https:\/\/aviacionaldia.com\/wp-content\/uploads\/2021\/07\/Ryanair-737-Max-380x220.jpg",380,220,true],"csco-thumbnail-alternative":["https:\/\/aviacionaldia.com\/wp-content\/uploads\/2021\/07\/Ryanair-737-Max-300x180.jpg",300,180,true],"csco-thumbnail-uncropped":["https:\/\/aviacionaldia.com\/wp-content\/uploads\/2021\/07\/Ryanair-737-Max-380x190.jpg",380,190,true],"csco-medium":["https:\/\/aviacionaldia.com\/wp-content\/uploads\/2021\/07\/Ryanair-737-Max.jpg",800,400,false],"csco-medium-alternative":["https:\/\/aviacionaldia.com\/wp-content\/uploads\/2021\/07\/Ryanair-737-Max-560x336.jpg",560,336,true],"csco-medium-uncropped":["https:\/\/aviacionaldia.com\/wp-content\/uploads\/2021\/07\/Ryanair-737-Max.jpg",800,400,false],"csco-large":["https:\/\/aviacionaldia.com\/wp-content\/uploads\/2021\/07\/Ryanair-737-Max.jpg",800,400,false],"csco-large-uncropped":["https:\/\/aviacionaldia.com\/wp-content\/uploads\/2021\/07\/Ryanair-737-Max.jpg",800,400,false],"csco-extra-large":["https:\/\/aviacionaldia.com\/wp-content\/uploads\/2021\/07\/Ryanair-737-Max.jpg",800,400,false]},"uagb_author_info":{"display_name":"Redacci\u00f3n - Aviaci\u00f3n al D\u00eda","author_link":"https:\/\/aviacionaldia.com\/en\/author\/aad"},"uagb_comment_info":0,"uagb_excerpt":"The airline Ryanair announced details of its Cyber Week offer, which will be available starting this Monday, November&hellip;","amp_enabled":true,"_links":{"self":[{"href":"https:\/\/aviacionaldia.com\/en\/wp-json\/wp\/v2\/posts\/118712","targetHints":{"allow":["GET"]}}],"collection":[{"href":"https:\/\/aviacionaldia.com\/en\/wp-json\/wp\/v2\/posts"}],"about":[{"href":"https:\/\/aviacionaldia.com\/en\/wp-json\/wp\/v2\/types\/post"}],"author":[{"embeddable":true,"href":"https:\/\/aviacionaldia.com\/en\/wp-json\/wp\/v2\/users\/4316"}],"replies":[{"embeddable":true,"href":"https:\/\/aviacionaldia.com\/en\/wp-json\/wp\/v2\/comments?post=118712"}],"version-history":[{"count":1,"href":"https:\/\/aviacionaldia.com\/en\/wp-json\/wp\/v2\/posts\/118712\/revisions"}],"predecessor-version":[{"id":118713,"href":"https:\/\/aviacionaldia.com\/en\/wp-json\/wp\/v2\/posts\/118712\/revisions\/118713"}],"wp:featuredmedia":[{"embeddable":true,"href":"https:\/\/aviacionaldia.com\/en\/wp-json\/wp\/v2\/media\/113065"}],"wp:attachment":[{"href":"https:\/\/aviacionaldia.com\/en\/wp-json\/wp\/v2\/media?parent=118712"}],"wp:term":[{"taxonomy":"category","embeddable":true,"href":"https:\/\/aviacionaldia.com\/en\/wp-json\/wp\/v2\/categories?post=118712"},{"taxonomy":"post_tag","embeddable":true,"href":"https:\/\/aviacionaldia.com\/en\/wp-json\/wp\/v2\/tags?post=118712"}],"curies":[{"name":"wp","href":"https:\/\/api.w.org\/{rel}","templated":true}]}}