{"id":120116,"date":"2021-12-24T18:32:51","date_gmt":"2021-12-24T18:32:51","guid":{"rendered":"https:\/?p=120116"},"modified":"2021-12-24T18:34:17","modified_gmt":"2021-12-24T18:34:17","slug":"argentine-court-acquits-those-tried-crash-of-austral","status":"publish","type":"post","link":"https:\/\/aviacionaldia.com\/en\/2021\/12\/argentine-court-acquits-those-tried-crash-of-austral.html","title":{"rendered":"Argentine court acquits those tried for crash of Austral airliner in 1997."},"content":{"rendered":"\n<p>Twenty-four years after the crash of an <strong>Austral <\/strong>Airlines plane in Uruguay that caused 74 deaths, an Argentine court acquitted on Thursday more than thirty people tried for the tragedy.<\/p>\n\n\n\n<p>In a Zoom hearing, a Buenos Aires court acquitted 33 former executives of the airline and former civilian and Argentine Air Force officials as part of a trial that began in 2019, finding that their involvement in Argentina&#8217;s worst commercial aviation catastrophe could not be credited, The Associated Press reported.<\/p>\n\n\n\n<p><em><strong>\u2192 <a href=\"https:\/en\/2021\/12\/seek-life-imprisonment-accused-downing-flight-mh17.html\">Dutch prosecutors seek life imprisonment the four accused of downing flight MH17.<\/a><\/strong><\/em><\/p>\n\n\n\n<p>The plaintiffs requested that the defendants be sentenced to prison terms of up to 25 years, but the prosecutor Juan Patricio Garc\u00eda Elorrio did not press charges and demanded the acquittal of all of them because he considered that the evidence gathered did not have the required degree of consistency to &#8220;bring down the principle of innocence&#8221;.<\/p>\n\n\n\n<p>The plaintiffs&#8217; lawyers criticized the sentence and the trial, which they considered &#8220;a farce&#8221;, and announced that they plan to appeal to the Federal Chamber of Criminal Cassation, Argentina&#8217;s highest criminal court.<\/p>\n\n\n\n<p>Among those acquitted are former Austral managers and heads of maintenance, planning and technical areas and former members of the then National Airworthiness Directorate. At that time, the airline was under the direction of the Spanish National Institute of Industry.<\/p>\n\n\n\n<p><em><strong>\u2192 <a href=\"https:\/en\/2021\/11\/discover-flight-mh370-into-a-holding-pattern.html\">They discover that flight MH370 went into a holding pattern for 22 minutes.<\/a><\/strong><\/em><\/p>\n\n\n\n<p>The plane crashed in 1997. It had taken off from the airport of the city of Posadas, in the north of the country, bound for Buenos Aires, but crashed in a rural area near the Uruguayan town of Fray Bentos, causing the death of its passengers and crew.<\/p>\n\n\n\n<p>Prosecutor Juan Patricio Garc\u00eda Elorrio considered three months ago in his plea that there was not enough evidence to charge the judges and relied on the conclusions of an expert report carried out in Argentina which considered that the accident was due to errors made by the pilots.<\/p>\n\n\n\n<p>It also dismissed a report by an air accident investigation commission in Uruguay, which determined that one of the causes of the tragedy was the poor condition of the pitot tubes of the McDonnell Douglas DC-9 aircraft, which produced erroneous readings on the speedometers and led the pilots to make unwise decisions in the middle of a storm.<\/p>\n\n\n\n<p>In 2006, the defendants had been prosecuted by other judicial officials for malicious mischief, which implies that the defendant foresees the damage to be caused regardless of the result, and in successive stages the case reached the trial stage.<\/p>\n\n\n\n<h2 class=\"wp-block-heading\">Related Topics<\/h2>\n\n\n\n\t\t\t<div class=\"wp-block-uagb-post-grid uagb-post-grid  uagb-post__image-position-top uagb-post__image-enabled uagb-block-12bdcff7     uagb-post__items uagb-post__columns-2 is-grid uagb-post__columns-tablet-2 uagb-post__columns-mobile-1 uagb-post__equal-height\" data-total=\"467\" style=\"\">\n\n\t\t\t\t\t\t\t\t\t\t\t\t<article class=\"uagb-post__inner-wrap\">\t\t\t\t\t\t\t\t<div class='uagb-post__image'>\n\t\t\t\t\t\t\t\t\t<a href=\"https:\/\/aviacionaldia.com\/en\/2026\/04\/etihad-airways-bolsters-u-s-network-chicago-reaches-double-daily-frequency-and-charlotte-scales-to-daily-service.html\" target=\"_self\" rel=\"bookmark noopener noreferrer\" class='uagb-image-ratio-inherit'><img decoding=\"async\" width=\"800\" height=\"400\" src=\"https:\/\/aviacionaldia.com\/wp-content\/uploads\/2020\/12\/Etihad-Airways-B787.jpg\" class=\"attachment-large size-large\" alt=\"\" srcset=\"https:\/\/aviacionaldia.com\/wp-content\/uploads\/2020\/12\/Etihad-Airways-B787.jpg 800w, https:\/\/aviacionaldia.com\/wp-content\/uploads\/2020\/12\/Etihad-Airways-B787-300x150.jpg 300w, https:\/\/aviacionaldia.com\/wp-content\/uploads\/2020\/12\/Etihad-Airways-B787-768x384.jpg 768w, https:\/\/aviacionaldia.com\/wp-content\/uploads\/2020\/12\/Etihad-Airways-B787-380x190.jpg 380w\" sizes=\"(max-width: 800px) 100vw, 800px\" \/>\t\t\t\t\t<\/a>\n\t\t\t\t\t\t\t<\/div>\n\t\t\t\t\t\t<h4 class=\"uagb-post__title uagb-post__text\">\n\t\t\t\t<a href=\"https:\/\/aviacionaldia.com\/en\/2026\/04\/etihad-airways-bolsters-u-s-network-chicago-reaches-double-daily-frequency-and-charlotte-scales-to-daily-service.html\" target=\"_self\" rel=\"bookmark noopener noreferrer\">Etihad Airways Bolsters U.S. Network: Chicago Reaches Double-Daily Frequency and Charlotte Scales to Daily Service<\/a>\n\t\t\t<\/h4>\n\t\t\t\t\t\t<div class='uagb-post__text uagb-post-grid-byline'>\n\t\t\t\t\t\t\t<\/div>\n\t\t\t\t\t\t<div class=\"uagb-post__text uagb-post__cta wp-block-button\">\n\t\t\t\t<a class=\"wp-block-button__link uagb-text-link\" style=\"\" href=\"https:\/\/aviacionaldia.com\/en\/2026\/04\/etihad-airways-bolsters-u-s-network-chicago-reaches-double-daily-frequency-and-charlotte-scales-to-daily-service.html\" target=\"_self\" rel=\"bookmark noopener noreferrer\">Read More<\/a>\n\t\t\t<\/div>\n\t\t\t\n\t\t\t\t\t\t\t\t\t<\/article>\n\t\t\t\t\t\t\t\t\t\t\t\t\t\t\t\t<article class=\"uagb-post__inner-wrap\">\t\t\t\t\t\t\t\t<div class='uagb-post__image'>\n\t\t\t\t\t\t\t\t\t<a href=\"https:\/\/aviacionaldia.com\/en\/2026\/04\/ntsb-runway-safety-system-failure-preceded-fatal-collision-between-air-canada-express-aircraft-and-fire-truck.html\" target=\"_self\" rel=\"bookmark noopener noreferrer\" class='uagb-image-ratio-inherit'><img decoding=\"async\" width=\"800\" height=\"400\" src=\"https:\/\/aviacionaldia.com\/wp-content\/uploads\/2026\/03\/Accidente-de-avion-de-Air-Canada-Express-en-LaGuardia.webp\" class=\"attachment-large size-large\" alt=\"\" srcset=\"https:\/\/aviacionaldia.com\/wp-content\/uploads\/2026\/03\/Accidente-de-avion-de-Air-Canada-Express-en-LaGuardia.webp 800w, https:\/\/aviacionaldia.com\/wp-content\/uploads\/2026\/03\/Accidente-de-avion-de-Air-Canada-Express-en-LaGuardia-300x150.webp 300w, https:\/\/aviacionaldia.com\/wp-content\/uploads\/2026\/03\/Accidente-de-avion-de-Air-Canada-Express-en-LaGuardia-768x384.webp 768w, https:\/\/aviacionaldia.com\/wp-content\/uploads\/2026\/03\/Accidente-de-avion-de-Air-Canada-Express-en-LaGuardia-380x190.webp 380w\" sizes=\"(max-width: 800px) 100vw, 800px\" \/>\t\t\t\t\t<\/a>\n\t\t\t\t\t\t\t<\/div>\n\t\t\t\t\t\t<h4 class=\"uagb-post__title uagb-post__text\">\n\t\t\t\t<a href=\"https:\/\/aviacionaldia.com\/en\/2026\/04\/ntsb-runway-safety-system-failure-preceded-fatal-collision-between-air-canada-express-aircraft-and-fire-truck.html\" target=\"_self\" rel=\"bookmark noopener noreferrer\">NTSB: Runway Safety System Failure Preceded Fatal Collision Between Air Canada Express Aircraft and Fire Truck<\/a>\n\t\t\t<\/h4>\n\t\t\t\t\t\t<div class='uagb-post__text uagb-post-grid-byline'>\n\t\t\t\t\t\t\t<\/div>\n\t\t\t\t\t\t<div class=\"uagb-post__text uagb-post__cta wp-block-button\">\n\t\t\t\t<a class=\"wp-block-button__link uagb-text-link\" style=\"\" href=\"https:\/\/aviacionaldia.com\/en\/2026\/04\/ntsb-runway-safety-system-failure-preceded-fatal-collision-between-air-canada-express-aircraft-and-fire-truck.html\" target=\"_self\" rel=\"bookmark noopener noreferrer\">Read More<\/a>\n\t\t\t<\/div>\n\t\t\t\n\t\t\t\t\t\t\t\t\t<\/article>\n\t\t\t\t\t\t\t\t\t\t\t\t\t\t\t\t<article class=\"uagb-post__inner-wrap\">\t\t\t\t\t\t\t\t<div class='uagb-post__image'>\n\t\t\t\t\t\t\t\t\t<a href=\"https:\/\/aviacionaldia.com\/en\/2026\/04\/american-and-alaska-airlines-explore-strategic-revenue-sharing-alliance-to-expand-global-reach.html\" target=\"_self\" rel=\"bookmark noopener noreferrer\" class='uagb-image-ratio-inherit'><img decoding=\"async\" width=\"800\" height=\"400\" src=\"https:\/\/aviacionaldia.com\/wp-content\/uploads\/2026\/04\/America-Airlines-Alaska-Airlines.webp\" class=\"attachment-large size-large\" alt=\"\" srcset=\"https:\/\/aviacionaldia.com\/wp-content\/uploads\/2026\/04\/America-Airlines-Alaska-Airlines.webp 800w, https:\/\/aviacionaldia.com\/wp-content\/uploads\/2026\/04\/America-Airlines-Alaska-Airlines-300x150.webp 300w, https:\/\/aviacionaldia.com\/wp-content\/uploads\/2026\/04\/America-Airlines-Alaska-Airlines-768x384.webp 768w, https:\/\/aviacionaldia.com\/wp-content\/uploads\/2026\/04\/America-Airlines-Alaska-Airlines-380x190.webp 380w\" sizes=\"(max-width: 800px) 100vw, 800px\" \/>\t\t\t\t\t<\/a>\n\t\t\t\t\t\t\t<\/div>\n\t\t\t\t\t\t<h4 class=\"uagb-post__title uagb-post__text\">\n\t\t\t\t<a href=\"https:\/\/aviacionaldia.com\/en\/2026\/04\/american-and-alaska-airlines-explore-strategic-revenue-sharing-alliance-to-expand-global-reach.html\" target=\"_self\" rel=\"bookmark noopener noreferrer\">American and Alaska Airlines Explore Strategic Revenue-Sharing Alliance to Expand Global Reach<\/a>\n\t\t\t<\/h4>\n\t\t\t\t\t\t<div class='uagb-post__text uagb-post-grid-byline'>\n\t\t\t\t\t\t\t<\/div>\n\t\t\t\t\t\t<div class=\"uagb-post__text uagb-post__cta wp-block-button\">\n\t\t\t\t<a class=\"wp-block-button__link uagb-text-link\" style=\"\" href=\"https:\/\/aviacionaldia.com\/en\/2026\/04\/american-and-alaska-airlines-explore-strategic-revenue-sharing-alliance-to-expand-global-reach.html\" target=\"_self\" rel=\"bookmark noopener noreferrer\">Read More<\/a>\n\t\t\t<\/div>\n\t\t\t\n\t\t\t\t\t\t\t\t\t<\/article>\n\t\t\t\t\t\t\t\t\t\t\t\t\t\t\t\t<article class=\"uagb-post__inner-wrap\">\t\t\t\t\t\t\t\t<div class='uagb-post__image'>\n\t\t\t\t\t\t\t\t\t<a href=\"https:\/\/aviacionaldia.com\/en\/2026\/04\/american-airlines-unveils-new-passenger-experience-at-new-york-jfk-terminal-8.html\" target=\"_self\" rel=\"bookmark noopener noreferrer\" class='uagb-image-ratio-inherit'><img decoding=\"async\" width=\"800\" height=\"400\" src=\"https:\/\/aviacionaldia.com\/wp-content\/uploads\/2026\/04\/Aeropuerto-JFK-Terminal-8.webp\" class=\"attachment-large size-large\" alt=\"\" srcset=\"https:\/\/aviacionaldia.com\/wp-content\/uploads\/2026\/04\/Aeropuerto-JFK-Terminal-8.webp 800w, https:\/\/aviacionaldia.com\/wp-content\/uploads\/2026\/04\/Aeropuerto-JFK-Terminal-8-300x150.webp 300w, https:\/\/aviacionaldia.com\/wp-content\/uploads\/2026\/04\/Aeropuerto-JFK-Terminal-8-768x384.webp 768w, https:\/\/aviacionaldia.com\/wp-content\/uploads\/2026\/04\/Aeropuerto-JFK-Terminal-8-380x190.webp 380w\" sizes=\"(max-width: 800px) 100vw, 800px\" \/>\t\t\t\t\t<\/a>\n\t\t\t\t\t\t\t<\/div>\n\t\t\t\t\t\t<h4 class=\"uagb-post__title uagb-post__text\">\n\t\t\t\t<a href=\"https:\/\/aviacionaldia.com\/en\/2026\/04\/american-airlines-unveils-new-passenger-experience-at-new-york-jfk-terminal-8.html\" target=\"_self\" rel=\"bookmark noopener noreferrer\">American Airlines Unveils New Passenger Experience at New York-JFK Terminal 8<\/a>\n\t\t\t<\/h4>\n\t\t\t\t\t\t<div class='uagb-post__text uagb-post-grid-byline'>\n\t\t\t\t\t\t\t<\/div>\n\t\t\t\t\t\t<div class=\"uagb-post__text uagb-post__cta wp-block-button\">\n\t\t\t\t<a class=\"wp-block-button__link uagb-text-link\" style=\"\" href=\"https:\/\/aviacionaldia.com\/en\/2026\/04\/american-airlines-unveils-new-passenger-experience-at-new-york-jfk-terminal-8.html\" target=\"_self\" rel=\"bookmark noopener noreferrer\">Read More<\/a>\n\t\t\t<\/div>\n\t\t\t\n\t\t\t\t\t\t\t\t\t<\/article>\n\t\t\t\t\t\t\t\t\t\t\t<\/div>\n\t\t\t","protected":false},"excerpt":{"rendered":"Twenty-four years after the crash of an Austral Airlines plane in Uruguay that caused 74 deaths, an Argentine&hellip;\n","protected":false},"author":4316,"featured_media":120104,"comment_status":"closed","ping_status":"closed","sticky":false,"template":"","format":"standard","meta":{"_uag_custom_page_level_css":"","footnotes":""},"categories":[191],"tags":[230,295,233,198,211],"class_list":{"0":"post-120116","1":"post","2":"type-post","3":"status-publish","4":"format-standard","5":"has-post-thumbnail","7":"category-incidents-and-accidents","8":"tag-airline","9":"tag-argentina-2","10":"tag-australia-2","11":"tag-flights","12":"tag-latin-america"},"uagb_featured_image_src":{"full":["https:\/\/aviacionaldia.com\/wp-content\/uploads\/2021\/12\/Austral-DC-9.jpg",800,400,false],"thumbnail":["https:\/\/aviacionaldia.com\/wp-content\/uploads\/2021\/12\/Austral-DC-9-150x150.jpg",150,150,true],"medium":["https:\/\/aviacionaldia.com\/wp-content\/uploads\/2021\/12\/Austral-DC-9-300x150.jpg",300,150,true],"medium_large":["https:\/\/aviacionaldia.com\/wp-content\/uploads\/2021\/12\/Austral-DC-9-768x384.jpg",768,384,true],"large":["https:\/\/aviacionaldia.com\/wp-content\/uploads\/2021\/12\/Austral-DC-9.jpg",800,400,false],"1536x1536":["https:\/\/aviacionaldia.com\/wp-content\/uploads\/2021\/12\/Austral-DC-9.jpg",800,400,false],"2048x2048":["https:\/\/aviacionaldia.com\/wp-content\/uploads\/2021\/12\/Austral-DC-9.jpg",800,400,false],"pk-small":["https:\/\/aviacionaldia.com\/wp-content\/uploads\/2021\/12\/Austral-DC-9.jpg",80,40,false],"pk-thumbnail":["https:\/\/aviacionaldia.com\/wp-content\/uploads\/2021\/12\/Austral-DC-9.jpg",300,150,false],"csco-small":["https:\/\/aviacionaldia.com\/wp-content\/uploads\/2021\/12\/Austral-DC-9-80x80.jpg",80,80,true],"csco-intermediate":["https:\/\/aviacionaldia.com\/wp-content\/uploads\/2021\/12\/Austral-DC-9-200x140.jpg",200,140,true],"csco-thumbnail":["https:\/\/aviacionaldia.com\/wp-content\/uploads\/2021\/12\/Austral-DC-9-380x220.jpg",380,220,true],"csco-thumbnail-alternative":["https:\/\/aviacionaldia.com\/wp-content\/uploads\/2021\/12\/Austral-DC-9-300x180.jpg",300,180,true],"csco-thumbnail-uncropped":["https:\/\/aviacionaldia.com\/wp-content\/uploads\/2021\/12\/Austral-DC-9-380x190.jpg",380,190,true],"csco-medium":["https:\/\/aviacionaldia.com\/wp-content\/uploads\/2021\/12\/Austral-DC-9.jpg",800,400,false],"csco-medium-alternative":["https:\/\/aviacionaldia.com\/wp-content\/uploads\/2021\/12\/Austral-DC-9-560x336.jpg",560,336,true],"csco-medium-uncropped":["https:\/\/aviacionaldia.com\/wp-content\/uploads\/2021\/12\/Austral-DC-9.jpg",800,400,false],"csco-large":["https:\/\/aviacionaldia.com\/wp-content\/uploads\/2021\/12\/Austral-DC-9.jpg",800,400,false],"csco-large-uncropped":["https:\/\/aviacionaldia.com\/wp-content\/uploads\/2021\/12\/Austral-DC-9.jpg",800,400,false],"csco-extra-large":["https:\/\/aviacionaldia.com\/wp-content\/uploads\/2021\/12\/Austral-DC-9.jpg",800,400,false]},"uagb_author_info":{"display_name":"Redacci\u00f3n - Aviaci\u00f3n al D\u00eda","author_link":"https:\/\/aviacionaldia.com\/en\/author\/aad"},"uagb_comment_info":0,"uagb_excerpt":"Twenty-four years after the crash of an Austral Airlines plane in Uruguay that caused 74 deaths, an Argentine&hellip;","amp_enabled":true,"_links":{"self":[{"href":"https:\/\/aviacionaldia.com\/en\/wp-json\/wp\/v2\/posts\/120116","targetHints":{"allow":["GET"]}}],"collection":[{"href":"https:\/\/aviacionaldia.com\/en\/wp-json\/wp\/v2\/posts"}],"about":[{"href":"https:\/\/aviacionaldia.com\/en\/wp-json\/wp\/v2\/types\/post"}],"author":[{"embeddable":true,"href":"https:\/\/aviacionaldia.com\/en\/wp-json\/wp\/v2\/users\/4316"}],"replies":[{"embeddable":true,"href":"https:\/\/aviacionaldia.com\/en\/wp-json\/wp\/v2\/comments?post=120116"}],"version-history":[{"count":2,"href":"https:\/\/aviacionaldia.com\/en\/wp-json\/wp\/v2\/posts\/120116\/revisions"}],"predecessor-version":[{"id":120125,"href":"https:\/\/aviacionaldia.com\/en\/wp-json\/wp\/v2\/posts\/120116\/revisions\/120125"}],"wp:featuredmedia":[{"embeddable":true,"href":"https:\/\/aviacionaldia.com\/en\/wp-json\/wp\/v2\/media\/120104"}],"wp:attachment":[{"href":"https:\/\/aviacionaldia.com\/en\/wp-json\/wp\/v2\/media?parent=120116"}],"wp:term":[{"taxonomy":"category","embeddable":true,"href":"https:\/\/aviacionaldia.com\/en\/wp-json\/wp\/v2\/categories?post=120116"},{"taxonomy":"post_tag","embeddable":true,"href":"https:\/\/aviacionaldia.com\/en\/wp-json\/wp\/v2\/tags?post=120116"}],"curies":[{"name":"wp","href":"https:\/\/api.w.org\/{rel}","templated":true}]}}