{"id":120783,"date":"2022-01-14T20:35:00","date_gmt":"2022-01-14T20:35:00","guid":{"rendered":"https:\/?p=120783"},"modified":"2022-01-16T20:35:27","modified_gmt":"2022-01-16T20:35:27","slug":"737-max-nears-return-commercial-flights-in-china","status":"publish","type":"post","link":"https:\/\/aviacionaldia.com\/en\/2022\/01\/737-max-nears-return-commercial-flights-in-china.html","title":{"rendered":"Boeing\u2019s 737 Max Nears Return to Commercial flights in China."},"content":{"rendered":"\n<p><strong>Boeing 737 Max <\/strong>is poised to resume commercial flights in<strong> China <\/strong>as soon as this month, according to people familiar with the matter, a significant milestone for the narrow-body workhorse after it was grounded worldwide in 2019.<\/p>\n\n\n\n<p><em><strong>\u2192 <a href=\"https:\/en\/2022\/01\/boeing-working-new-versions-787.html\">Boeing working on new versions of the 787.<\/a><\/strong><\/em><\/p>\n\n\n\n<p>A so-called operational readiness flight conducted by Hainan Airlines on Jan. 9 is a sign the model could return to China\u2019s skies within weeks, according to the people, who asked not to be identified discussing non-public information. The country\u2019s Max operators haven\u2019t given a specific date for the resumption and the move could still be delayed, particularly with Lunar New Year holidays approaching, <a href=\"https:\/\/www.bloomberg.com\/news\/articles\/2022-01-13\/boeing-s-737-max-nears-return-to-commercial-service-in-china\" target=\"_blank\" rel=\"noreferrer noopener nofollow\" class=\"broken_link\">Bloomberg<\/a> reported.<\/p>\n\n\n\n<p>Boeing\u2019s shares climbed 1.8% at 9:40 a.m. in New York after the Bloomberg report, the biggest gain on the Dow Jones Industrial Average. Through Wednesday, the planemaker\u2019s stock had increased 8% year-to-date.<\/p>\n\n\n\n<p>A nearly empty 737 Max 8 belonging to Hainan Air took off from Taiyuan &#8212; a popular storage site in China for the aircraft because of its dry northern climate &#8212; and touched down two hours and 52 minutes later, according to tracking service Flightradar24. Its destination was Haikou in the south, where the carrier is headquartered.<\/p>\n\n\n\n<p><em><strong>\u2192 <a href=\"https:\/en\/2022\/01\/allegiant-air-purchases-50-boeing-737-max.html\">U.S. airline Allegiant Air purchases 50 Boeing 737 MAX.<\/a><\/strong><\/em><\/p>\n\n\n\n<p>The three-year-old jet was the first Max to fly in China since the country\u2019s aviation regulator re-certified the jetliner in early December, Morgan Stanley analyst Kristine Liwag said in a note Wednesday, recapping a news report out of China. Before regulators allow the updated 737s to return to regular airline service in the country, carriers must re-train pilots and perform maintenance on aircraft that have been idle for almost three years.<\/p>\n\n\n\n<p>Restarting flights and deliveries in China &#8212; Boeing\u2019s largest overseas market &#8212; is critical to supporting the Chicago-based planemaker\u2019s plans to speed production of its cash-cow jet this year. The effort could still be undermined by ongoing tensions between Beijing and Washington and by China\u2019s zero-tolerance approach to the virus, which involves almost closed borders and disruptive internal restrictions, including on travel.<\/p>\n\n\n\n<p>China\u2019s aviation regulator was the first to ground the 737 Max in 2019 after it crashed twice in five months, and among the last to sign off on Boeing\u2019s software changes. More than 185 of 195 regulators globally have cleared the jetliners to fly. Russia remains among the last holdouts.<\/p>\n\n\n\n<h2 class=\"wp-block-heading\">Related Topics<\/h2>\n\n\n\n\t\t\t<div class=\"wp-block-uagb-post-grid uagb-post-grid  uagb-post__image-position-top uagb-post__image-enabled uagb-block-0223f330     uagb-post__items uagb-post__columns-2 is-grid uagb-post__columns-tablet-2 uagb-post__columns-mobile-1 uagb-post__equal-height\" data-total=\"200\" style=\"\">\n\n\t\t\t\t\t\t\t\t\t\t\t\t<article class=\"uagb-post__inner-wrap\">\t\t\t\t\t\t\t\t<div class='uagb-post__image'>\n\t\t\t\t\t\t\t\t\t<a href=\"https:\/\/aviacionaldia.com\/en\/2026\/04\/air-canada-receives-its-first-airbus-a321xlr-start-of-a-strategic-transformation-in-long-haul-routes.html\" target=\"_self\" rel=\"bookmark noopener noreferrer\" class='uagb-image-ratio-inherit'><img decoding=\"async\" width=\"800\" height=\"400\" src=\"https:\/\/aviacionaldia.com\/wp-content\/uploads\/2026\/04\/Air-Canada-Airbus-A321XLR.webp\" class=\"attachment-large size-large\" alt=\"\" srcset=\"https:\/\/aviacionaldia.com\/wp-content\/uploads\/2026\/04\/Air-Canada-Airbus-A321XLR.webp 800w, https:\/\/aviacionaldia.com\/wp-content\/uploads\/2026\/04\/Air-Canada-Airbus-A321XLR-300x150.webp 300w, https:\/\/aviacionaldia.com\/wp-content\/uploads\/2026\/04\/Air-Canada-Airbus-A321XLR-768x384.webp 768w, https:\/\/aviacionaldia.com\/wp-content\/uploads\/2026\/04\/Air-Canada-Airbus-A321XLR-380x190.webp 380w\" sizes=\"(max-width: 800px) 100vw, 800px\" \/>\t\t\t\t\t<\/a>\n\t\t\t\t\t\t\t<\/div>\n\t\t\t\t\t\t<h4 class=\"uagb-post__title uagb-post__text\">\n\t\t\t\t<a href=\"https:\/\/aviacionaldia.com\/en\/2026\/04\/air-canada-receives-its-first-airbus-a321xlr-start-of-a-strategic-transformation-in-long-haul-routes.html\" target=\"_self\" rel=\"bookmark noopener noreferrer\">Air Canada Receives Its First Airbus A321XLR: Start of a Strategic Transformation in Long-Haul Routes<\/a>\n\t\t\t<\/h4>\n\t\t\t\t\t\t<div class='uagb-post__text uagb-post-grid-byline'>\n\t\t\t\t\t\t\t<\/div>\n\t\t\t\t\t\t<div class=\"uagb-post__text uagb-post__cta wp-block-button\">\n\t\t\t\t<a class=\"wp-block-button__link uagb-text-link\" style=\"\" href=\"https:\/\/aviacionaldia.com\/en\/2026\/04\/air-canada-receives-its-first-airbus-a321xlr-start-of-a-strategic-transformation-in-long-haul-routes.html\" target=\"_self\" rel=\"bookmark noopener noreferrer\">Read More<\/a>\n\t\t\t<\/div>\n\t\t\t\n\t\t\t\t\t\t\t\t\t<\/article>\n\t\t\t\t\t\t\t\t\t\t\t\t\t\t\t\t<article class=\"uagb-post__inner-wrap\">\t\t\t\t\t\t\t\t<div class='uagb-post__image'>\n\t\t\t\t\t\t\t\t\t<a href=\"https:\/\/aviacionaldia.com\/en\/2026\/04\/airbus-reaches-key-milestone-for-a350f-program-production-of-industrys-largest-main-deck-cargo-door-finalized-in-spain.html\" target=\"_self\" rel=\"bookmark noopener noreferrer\" class='uagb-image-ratio-inherit'><img decoding=\"async\" width=\"800\" height=\"400\" src=\"https:\/\/aviacionaldia.com\/wp-content\/uploads\/2026\/04\/Airbus-Puerta-del-A350F.webp\" class=\"attachment-large size-large\" alt=\"\" srcset=\"https:\/\/aviacionaldia.com\/wp-content\/uploads\/2026\/04\/Airbus-Puerta-del-A350F.webp 800w, https:\/\/aviacionaldia.com\/wp-content\/uploads\/2026\/04\/Airbus-Puerta-del-A350F-300x150.webp 300w, https:\/\/aviacionaldia.com\/wp-content\/uploads\/2026\/04\/Airbus-Puerta-del-A350F-768x384.webp 768w, https:\/\/aviacionaldia.com\/wp-content\/uploads\/2026\/04\/Airbus-Puerta-del-A350F-380x190.webp 380w\" sizes=\"(max-width: 800px) 100vw, 800px\" \/>\t\t\t\t\t<\/a>\n\t\t\t\t\t\t\t<\/div>\n\t\t\t\t\t\t<h4 class=\"uagb-post__title uagb-post__text\">\n\t\t\t\t<a href=\"https:\/\/aviacionaldia.com\/en\/2026\/04\/airbus-reaches-key-milestone-for-a350f-program-production-of-industrys-largest-main-deck-cargo-door-finalized-in-spain.html\" target=\"_self\" rel=\"bookmark noopener noreferrer\">Airbus Reaches Key Milestone for A350F Program: Production of Industry\u2019s Largest Main Deck Cargo Door Finalized in Spain<\/a>\n\t\t\t<\/h4>\n\t\t\t\t\t\t<div class='uagb-post__text uagb-post-grid-byline'>\n\t\t\t\t\t\t\t<\/div>\n\t\t\t\t\t\t<div class=\"uagb-post__text uagb-post__cta wp-block-button\">\n\t\t\t\t<a class=\"wp-block-button__link uagb-text-link\" style=\"\" href=\"https:\/\/aviacionaldia.com\/en\/2026\/04\/airbus-reaches-key-milestone-for-a350f-program-production-of-industrys-largest-main-deck-cargo-door-finalized-in-spain.html\" target=\"_self\" rel=\"bookmark noopener noreferrer\">Read More<\/a>\n\t\t\t<\/div>\n\t\t\t\n\t\t\t\t\t\t\t\t\t<\/article>\n\t\t\t\t\t\t\t\t\t\t\t\t\t\t\t\t<article class=\"uagb-post__inner-wrap\">\t\t\t\t\t\t\t\t<div class='uagb-post__image'>\n\t\t\t\t\t\t\t\t\t<a href=\"https:\/\/aviacionaldia.com\/en\/2026\/04\/airbus-modernizes-jetblues-airbus-a320s-with-next-generation-flight-deck-displays.html\" target=\"_self\" rel=\"bookmark noopener noreferrer\" class='uagb-image-ratio-inherit'><img decoding=\"async\" width=\"800\" height=\"400\" src=\"https:\/\/aviacionaldia.com\/wp-content\/uploads\/2026\/04\/Cockpit-Airbus-A320.webp\" class=\"attachment-large size-large\" alt=\"\" srcset=\"https:\/\/aviacionaldia.com\/wp-content\/uploads\/2026\/04\/Cockpit-Airbus-A320.webp 800w, https:\/\/aviacionaldia.com\/wp-content\/uploads\/2026\/04\/Cockpit-Airbus-A320-300x150.webp 300w, https:\/\/aviacionaldia.com\/wp-content\/uploads\/2026\/04\/Cockpit-Airbus-A320-768x384.webp 768w, https:\/\/aviacionaldia.com\/wp-content\/uploads\/2026\/04\/Cockpit-Airbus-A320-380x190.webp 380w\" sizes=\"(max-width: 800px) 100vw, 800px\" \/>\t\t\t\t\t<\/a>\n\t\t\t\t\t\t\t<\/div>\n\t\t\t\t\t\t<h4 class=\"uagb-post__title uagb-post__text\">\n\t\t\t\t<a href=\"https:\/\/aviacionaldia.com\/en\/2026\/04\/airbus-modernizes-jetblues-airbus-a320s-with-next-generation-flight-deck-displays.html\" target=\"_self\" rel=\"bookmark noopener noreferrer\">Airbus Modernizes JetBlue&#8217;s Airbus A320s with Next-Generation Flight Deck Displays<\/a>\n\t\t\t<\/h4>\n\t\t\t\t\t\t<div class='uagb-post__text uagb-post-grid-byline'>\n\t\t\t\t\t\t\t<\/div>\n\t\t\t\t\t\t<div class=\"uagb-post__text uagb-post__cta wp-block-button\">\n\t\t\t\t<a class=\"wp-block-button__link uagb-text-link\" style=\"\" href=\"https:\/\/aviacionaldia.com\/en\/2026\/04\/airbus-modernizes-jetblues-airbus-a320s-with-next-generation-flight-deck-displays.html\" target=\"_self\" rel=\"bookmark noopener noreferrer\">Read More<\/a>\n\t\t\t<\/div>\n\t\t\t\n\t\t\t\t\t\t\t\t\t<\/article>\n\t\t\t\t\t\t\t\t\t\t\t\t\t\t\t\t<article class=\"uagb-post__inner-wrap\">\t\t\t\t\t\t\t\t<div class='uagb-post__image'>\n\t\t\t\t\t\t\t\t\t<a href=\"https:\/\/aviacionaldia.com\/en\/2026\/04\/pratt-whitney-gtf-advantage-earns-easa-certification-for-airbus-a320neo-family.html\" target=\"_self\" rel=\"bookmark noopener noreferrer\" class='uagb-image-ratio-inherit'><img decoding=\"async\" width=\"800\" height=\"400\" src=\"https:\/\/aviacionaldia.com\/wp-content\/uploads\/2022\/10\/Pratt-Whitney-GTF-Advantage.jpg\" class=\"attachment-large size-large\" alt=\"\" srcset=\"https:\/\/aviacionaldia.com\/wp-content\/uploads\/2022\/10\/Pratt-Whitney-GTF-Advantage.jpg 800w, https:\/\/aviacionaldia.com\/wp-content\/uploads\/2022\/10\/Pratt-Whitney-GTF-Advantage-300x150.jpg 300w, https:\/\/aviacionaldia.com\/wp-content\/uploads\/2022\/10\/Pratt-Whitney-GTF-Advantage-768x384.jpg 768w, https:\/\/aviacionaldia.com\/wp-content\/uploads\/2022\/10\/Pratt-Whitney-GTF-Advantage-380x190.jpg 380w\" sizes=\"(max-width: 800px) 100vw, 800px\" \/>\t\t\t\t\t<\/a>\n\t\t\t\t\t\t\t<\/div>\n\t\t\t\t\t\t<h4 class=\"uagb-post__title uagb-post__text\">\n\t\t\t\t<a href=\"https:\/\/aviacionaldia.com\/en\/2026\/04\/pratt-whitney-gtf-advantage-earns-easa-certification-for-airbus-a320neo-family.html\" target=\"_self\" rel=\"bookmark noopener noreferrer\">Pratt &#038; Whitney GTF Advantage Earns EASA Certification for Airbus A320neo Family<\/a>\n\t\t\t<\/h4>\n\t\t\t\t\t\t<div class='uagb-post__text uagb-post-grid-byline'>\n\t\t\t\t\t\t\t<\/div>\n\t\t\t\t\t\t<div class=\"uagb-post__text uagb-post__cta wp-block-button\">\n\t\t\t\t<a class=\"wp-block-button__link uagb-text-link\" style=\"\" href=\"https:\/\/aviacionaldia.com\/en\/2026\/04\/pratt-whitney-gtf-advantage-earns-easa-certification-for-airbus-a320neo-family.html\" target=\"_self\" rel=\"bookmark noopener noreferrer\">Read More<\/a>\n\t\t\t<\/div>\n\t\t\t\n\t\t\t\t\t\t\t\t\t<\/article>\n\t\t\t\t\t\t\t\t\t\t\t<\/div>\n\t\t\t","protected":false},"excerpt":{"rendered":"Boeing 737 Max is poised to resume commercial flights in China as soon as this month, according to&hellip;\n","protected":false},"author":4316,"featured_media":112129,"comment_status":"closed","ping_status":"closed","sticky":false,"template":"","format":"standard","meta":{"_uag_custom_page_level_css":"","footnotes":""},"categories":[190],"tags":[229,222,465,220,448],"class_list":{"0":"post-120783","1":"post","2":"type-post","3":"status-publish","4":"format-standard","5":"has-post-thumbnail","7":"category-the-industry","8":"tag-737-max-2","9":"tag-aircraft","10":"tag-asia-2","11":"tag-boeing-2","12":"tag-china-2"},"uagb_featured_image_src":{"full":["https:\/\/aviacionaldia.com\/wp-content\/uploads\/2021\/06\/Beoing-737-MAX-10.jpg",800,400,false],"thumbnail":["https:\/\/aviacionaldia.com\/wp-content\/uploads\/2021\/06\/Beoing-737-MAX-10-150x150.jpg",150,150,true],"medium":["https:\/\/aviacionaldia.com\/wp-content\/uploads\/2021\/06\/Beoing-737-MAX-10-300x150.jpg",300,150,true],"medium_large":["https:\/\/aviacionaldia.com\/wp-content\/uploads\/2021\/06\/Beoing-737-MAX-10-768x384.jpg",768,384,true],"large":["https:\/\/aviacionaldia.com\/wp-content\/uploads\/2021\/06\/Beoing-737-MAX-10.jpg",800,400,false],"1536x1536":["https:\/\/aviacionaldia.com\/wp-content\/uploads\/2021\/06\/Beoing-737-MAX-10.jpg",800,400,false],"2048x2048":["https:\/\/aviacionaldia.com\/wp-content\/uploads\/2021\/06\/Beoing-737-MAX-10.jpg",800,400,false],"pk-small":["https:\/\/aviacionaldia.com\/wp-content\/uploads\/2021\/06\/Beoing-737-MAX-10.jpg",80,40,false],"pk-thumbnail":["https:\/\/aviacionaldia.com\/wp-content\/uploads\/2021\/06\/Beoing-737-MAX-10.jpg",300,150,false],"csco-small":["https:\/\/aviacionaldia.com\/wp-content\/uploads\/2021\/06\/Beoing-737-MAX-10-80x80.jpg",80,80,true],"csco-intermediate":["https:\/\/aviacionaldia.com\/wp-content\/uploads\/2021\/06\/Beoing-737-MAX-10-200x140.jpg",200,140,true],"csco-thumbnail":["https:\/\/aviacionaldia.com\/wp-content\/uploads\/2021\/06\/Beoing-737-MAX-10-380x220.jpg",380,220,true],"csco-thumbnail-alternative":["https:\/\/aviacionaldia.com\/wp-content\/uploads\/2021\/06\/Beoing-737-MAX-10-300x180.jpg",300,180,true],"csco-thumbnail-uncropped":["https:\/\/aviacionaldia.com\/wp-content\/uploads\/2021\/06\/Beoing-737-MAX-10-380x190.jpg",380,190,true],"csco-medium":["https:\/\/aviacionaldia.com\/wp-content\/uploads\/2021\/06\/Beoing-737-MAX-10.jpg",800,400,false],"csco-medium-alternative":["https:\/\/aviacionaldia.com\/wp-content\/uploads\/2021\/06\/Beoing-737-MAX-10-560x336.jpg",560,336,true],"csco-medium-uncropped":["https:\/\/aviacionaldia.com\/wp-content\/uploads\/2021\/06\/Beoing-737-MAX-10.jpg",800,400,false],"csco-large":["https:\/\/aviacionaldia.com\/wp-content\/uploads\/2021\/06\/Beoing-737-MAX-10.jpg",800,400,false],"csco-large-uncropped":["https:\/\/aviacionaldia.com\/wp-content\/uploads\/2021\/06\/Beoing-737-MAX-10.jpg",800,400,false],"csco-extra-large":["https:\/\/aviacionaldia.com\/wp-content\/uploads\/2021\/06\/Beoing-737-MAX-10.jpg",800,400,false]},"uagb_author_info":{"display_name":"Redacci\u00f3n - Aviaci\u00f3n al D\u00eda","author_link":"https:\/\/aviacionaldia.com\/en\/author\/aad"},"uagb_comment_info":0,"uagb_excerpt":"Boeing 737 Max is poised to resume commercial flights in China as soon as this month, according to&hellip;","amp_enabled":true,"_links":{"self":[{"href":"https:\/\/aviacionaldia.com\/en\/wp-json\/wp\/v2\/posts\/120783","targetHints":{"allow":["GET"]}}],"collection":[{"href":"https:\/\/aviacionaldia.com\/en\/wp-json\/wp\/v2\/posts"}],"about":[{"href":"https:\/\/aviacionaldia.com\/en\/wp-json\/wp\/v2\/types\/post"}],"author":[{"embeddable":true,"href":"https:\/\/aviacionaldia.com\/en\/wp-json\/wp\/v2\/users\/4316"}],"replies":[{"embeddable":true,"href":"https:\/\/aviacionaldia.com\/en\/wp-json\/wp\/v2\/comments?post=120783"}],"version-history":[{"count":3,"href":"https:\/\/aviacionaldia.com\/en\/wp-json\/wp\/v2\/posts\/120783\/revisions"}],"predecessor-version":[{"id":120787,"href":"https:\/\/aviacionaldia.com\/en\/wp-json\/wp\/v2\/posts\/120783\/revisions\/120787"}],"wp:featuredmedia":[{"embeddable":true,"href":"https:\/\/aviacionaldia.com\/en\/wp-json\/wp\/v2\/media\/112129"}],"wp:attachment":[{"href":"https:\/\/aviacionaldia.com\/en\/wp-json\/wp\/v2\/media?parent=120783"}],"wp:term":[{"taxonomy":"category","embeddable":true,"href":"https:\/\/aviacionaldia.com\/en\/wp-json\/wp\/v2\/categories?post=120783"},{"taxonomy":"post_tag","embeddable":true,"href":"https:\/\/aviacionaldia.com\/en\/wp-json\/wp\/v2\/tags?post=120783"}],"curies":[{"name":"wp","href":"https:\/\/api.w.org\/{rel}","templated":true}]}}