{"id":122634,"date":"2022-02-28T20:30:00","date_gmt":"2022-02-28T20:30:00","guid":{"rendered":"https:\/?p=122634"},"modified":"2022-03-01T00:54:54","modified_gmt":"2022-03-01T00:54:54","slug":"iberia-signs-contract-with-qatar-airways-for-maintenance","status":"publish","type":"post","link":"https:\/\/aviacionaldia.com\/en\/2022\/02\/iberia-signs-contract-with-qatar-airways-for-maintenance.html","title":{"rendered":"Iberia signs contract with Qatar Airways for maintenance of V2500 engines"},"content":{"rendered":"\n<p><strong>Iberia Maintenance <\/strong>has signed a 10-year contract for the maintenance and repair of <strong>Qatar Airways<\/strong>&#8216; V2500 engines.<\/p>\n\n\n\n<p>All services will be carried out in the Engine Shop at Iberia Maintenance&#8217;s facilities (La Mu\u00f1oza), located near Madrid airport. La Mu\u00f1oza has more than 52,000 square meters dedicated to maintenance and engineering services.<\/p>\n\n\n\n<p><em><strong>\u2192 <a href=\"https:\/en\/2022\/02\/iberia-will-fly-to-dallas-washington-san-francisco.html\">Iberia will fly to Dallas, Washington and San Francisco starting in June.<\/a><\/strong><\/em><\/p>\n\n\n\n<p>Iberia&#8217;s engine shop serves a number of airlines and lessors around the world and provides a high quality service with a very differentiated and competitive program for V2500 engines in terms of lead time (TAT) and efficiency.<\/p>\n\n\n\n<p>&#8220;We are delighted that Qatar Airways has entrusted Iberia Maintenance with this strategic contract for the long-term maintenance of the V2500 engines in its fleet. We have invested heavily in the development of this product in recent years and will continue to do so to ensure that we offer a competitive and high-value service to our customers today and in the future,&#8221; said Javier Sanchez-Prieto, Iberia&#8217;s President and CEO.<\/p>\n\n\n\n<p>&#8220;We are pleased to work with our strategic partner, Iberia Maintenance, who will provide long-term maintenance services for the V2500 engines that our large fleet of A320 aircraft is equipped with. Qatar Airways strives to provide its customers with industry-leading standards of safety and reliability. As such, we are confident in the expertise and quality of service that Iberia Maintenance will provide,&#8221; said Qatar Airways Group Chief Executive Officer Al Baker.<\/p>\n\n\n\n<h2 class=\"wp-block-heading\" id=\"related-topics\">Related Topics<\/h2>\n\n\n\n\t\t\t<div class=\"wp-block-uagb-post-grid uagb-post-grid  uagb-post__image-position-top uagb-post__image-enabled uagb-block-df5c97f5     uagb-post__items uagb-post__columns-2 is-grid uagb-post__columns-tablet-2 uagb-post__columns-mobile-1 uagb-post__equal-height\" data-total=\"222\" style=\"\">\n\n\t\t\t\t\t\t\t\t\t\t\t\t<article class=\"uagb-post__inner-wrap\">\t\t\t\t\t\t\t\t<div class='uagb-post__image'>\n\t\t\t\t\t\t\t\t\t<a href=\"https:\/\/aviacionaldia.com\/en\/2026\/08\/global-passenger-demand-rises-0-2-in-july-driven-by-europe-and-latin-america.html\" target=\"_self\" rel=\"bookmark noopener noreferrer\" class='uagb-image-ratio-inherit'><img decoding=\"async\" width=\"800\" height=\"400\" src=\"https:\/\/aviacionaldia.com\/wp-content\/uploads\/2022\/01\/aeropuerto-pasajeros.jpg\" class=\"attachment-large size-large\" alt=\"\" srcset=\"https:\/\/aviacionaldia.com\/wp-content\/uploads\/2022\/01\/aeropuerto-pasajeros.jpg 800w, https:\/\/aviacionaldia.com\/wp-content\/uploads\/2022\/01\/aeropuerto-pasajeros-300x150.jpg 300w, https:\/\/aviacionaldia.com\/wp-content\/uploads\/2022\/01\/aeropuerto-pasajeros-768x384.jpg 768w, https:\/\/aviacionaldia.com\/wp-content\/uploads\/2022\/01\/aeropuerto-pasajeros-380x190.jpg 380w\" sizes=\"(max-width: 800px) 100vw, 800px\" \/>\t\t\t\t\t<\/a>\n\t\t\t\t\t\t\t<\/div>\n\t\t\t\t\t\t<h4 class=\"uagb-post__title uagb-post__text\">\n\t\t\t\t<a href=\"https:\/\/aviacionaldia.com\/en\/2026\/08\/global-passenger-demand-rises-0-2-in-july-driven-by-europe-and-latin-america.html\" target=\"_self\" rel=\"bookmark noopener noreferrer\">Global Passenger Demand Rises 0.2% in July Driven by Europe and Latin America<\/a>\n\t\t\t<\/h4>\n\t\t\t\t\t\t<div class='uagb-post__text uagb-post-grid-byline'>\n\t\t\t\t\t\t\t<\/div>\n\t\t\t\t\t\t<div class=\"uagb-post__text uagb-post__cta wp-block-button\">\n\t\t\t\t<a class=\"wp-block-button__link uagb-text-link\" style=\"\" href=\"https:\/\/aviacionaldia.com\/en\/2026\/08\/global-passenger-demand-rises-0-2-in-july-driven-by-europe-and-latin-america.html\" target=\"_self\" rel=\"bookmark noopener noreferrer\">Read More<\/a>\n\t\t\t<\/div>\n\t\t\t\n\t\t\t\t\t\t\t\t\t<\/article>\n\t\t\t\t\t\t\t\t\t\t\t\t\t\t\t\t<article class=\"uagb-post__inner-wrap\">\t\t\t\t\t\t\t\t<div class='uagb-post__image'>\n\t\t\t\t\t\t\t\t\t<a href=\"https:\/\/aviacionaldia.com\/en\/2026\/08\/investigation-reveals-two-controllers-left-posts-prior-to-air-canada-aircraft-and-fire-truck-collision-at-laguardia.html\" target=\"_self\" rel=\"bookmark noopener noreferrer\" class='uagb-image-ratio-inherit'><img decoding=\"async\" width=\"800\" height=\"400\" src=\"https:\/\/aviacionaldia.com\/wp-content\/uploads\/2026\/03\/Accidente-de-avion-de-Air-Canada-Express-en-LaGuardia.webp\" class=\"attachment-large size-large\" alt=\"\" srcset=\"https:\/\/aviacionaldia.com\/wp-content\/uploads\/2026\/03\/Accidente-de-avion-de-Air-Canada-Express-en-LaGuardia.webp 800w, https:\/\/aviacionaldia.com\/wp-content\/uploads\/2026\/03\/Accidente-de-avion-de-Air-Canada-Express-en-LaGuardia-300x150.webp 300w, https:\/\/aviacionaldia.com\/wp-content\/uploads\/2026\/03\/Accidente-de-avion-de-Air-Canada-Express-en-LaGuardia-768x384.webp 768w, https:\/\/aviacionaldia.com\/wp-content\/uploads\/2026\/03\/Accidente-de-avion-de-Air-Canada-Express-en-LaGuardia-380x190.webp 380w\" sizes=\"(max-width: 800px) 100vw, 800px\" \/>\t\t\t\t\t<\/a>\n\t\t\t\t\t\t\t<\/div>\n\t\t\t\t\t\t<h4 class=\"uagb-post__title uagb-post__text\">\n\t\t\t\t<a href=\"https:\/\/aviacionaldia.com\/en\/2026\/08\/investigation-reveals-two-controllers-left-posts-prior-to-air-canada-aircraft-and-fire-truck-collision-at-laguardia.html\" target=\"_self\" rel=\"bookmark noopener noreferrer\">Investigation Reveals Two Controllers Left Posts Prior to Air Canada Aircraft and Fire Truck Collision at LaGuardia<\/a>\n\t\t\t<\/h4>\n\t\t\t\t\t\t<div class='uagb-post__text uagb-post-grid-byline'>\n\t\t\t\t\t\t\t<\/div>\n\t\t\t\t\t\t<div class=\"uagb-post__text uagb-post__cta wp-block-button\">\n\t\t\t\t<a class=\"wp-block-button__link uagb-text-link\" style=\"\" href=\"https:\/\/aviacionaldia.com\/en\/2026\/08\/investigation-reveals-two-controllers-left-posts-prior-to-air-canada-aircraft-and-fire-truck-collision-at-laguardia.html\" target=\"_self\" rel=\"bookmark noopener noreferrer\">Read More<\/a>\n\t\t\t<\/div>\n\t\t\t\n\t\t\t\t\t\t\t\t\t<\/article>\n\t\t\t\t\t\t\t\t\t\t\t\t\t\t\t\t<article class=\"uagb-post__inner-wrap\">\t\t\t\t\t\t\t\t<div class='uagb-post__image'>\n\t\t\t\t\t\t\t\t\t<a href=\"https:\/\/aviacionaldia.com\/en\/2026\/08\/swiss-to-elevate-premium-experience-at-zurich-airport-with-new-lounges-by-2027.html\" target=\"_self\" rel=\"bookmark noopener noreferrer\" class='uagb-image-ratio-inherit'><img decoding=\"async\" width=\"800\" height=\"400\" src=\"https:\/\/aviacionaldia.com\/wp-content\/uploads\/2026\/08\/Swiss-nuevo-lounge-en-Zurich.webp\" class=\"attachment-large size-large\" alt=\"\" srcset=\"https:\/\/aviacionaldia.com\/wp-content\/uploads\/2026\/08\/Swiss-nuevo-lounge-en-Zurich.webp 800w, https:\/\/aviacionaldia.com\/wp-content\/uploads\/2026\/08\/Swiss-nuevo-lounge-en-Zurich-300x150.webp 300w, https:\/\/aviacionaldia.com\/wp-content\/uploads\/2026\/08\/Swiss-nuevo-lounge-en-Zurich-768x384.webp 768w, https:\/\/aviacionaldia.com\/wp-content\/uploads\/2026\/08\/Swiss-nuevo-lounge-en-Zurich-380x190.webp 380w\" sizes=\"(max-width: 800px) 100vw, 800px\" \/>\t\t\t\t\t<\/a>\n\t\t\t\t\t\t\t<\/div>\n\t\t\t\t\t\t<h4 class=\"uagb-post__title uagb-post__text\">\n\t\t\t\t<a href=\"https:\/\/aviacionaldia.com\/en\/2026\/08\/swiss-to-elevate-premium-experience-at-zurich-airport-with-new-lounges-by-2027.html\" target=\"_self\" rel=\"bookmark noopener noreferrer\">SWISS to Elevate Premium Experience at Zurich Airport with New Lounges by 2027<\/a>\n\t\t\t<\/h4>\n\t\t\t\t\t\t<div class='uagb-post__text uagb-post-grid-byline'>\n\t\t\t\t\t\t\t<\/div>\n\t\t\t\t\t\t<div class=\"uagb-post__text uagb-post__cta wp-block-button\">\n\t\t\t\t<a class=\"wp-block-button__link uagb-text-link\" style=\"\" href=\"https:\/\/aviacionaldia.com\/en\/2026\/08\/swiss-to-elevate-premium-experience-at-zurich-airport-with-new-lounges-by-2027.html\" target=\"_self\" rel=\"bookmark noopener noreferrer\">Read More<\/a>\n\t\t\t<\/div>\n\t\t\t\n\t\t\t\t\t\t\t\t\t<\/article>\n\t\t\t\t\t\t\t\t\t\t\t\t\t\t\t\t<article class=\"uagb-post__inner-wrap\">\t\t\t\t\t\t\t\t<div class='uagb-post__image'>\n\t\t\t\t\t\t\t\t\t<a href=\"https:\/\/aviacionaldia.com\/en\/2026\/08\/massive-cyberattack-hits-manchester-airports-group-compromising-data-of-8-7-million-users-across-three-uk-airports.html\" target=\"_self\" rel=\"bookmark noopener noreferrer\" class='uagb-image-ratio-inherit'><img decoding=\"async\" width=\"800\" height=\"400\" src=\"https:\/\/aviacionaldia.com\/wp-content\/uploads\/2024\/06\/Aeropuerto-de-Manchester.jpg\" class=\"attachment-large size-large\" alt=\"\" srcset=\"https:\/\/aviacionaldia.com\/wp-content\/uploads\/2024\/06\/Aeropuerto-de-Manchester.jpg 800w, https:\/\/aviacionaldia.com\/wp-content\/uploads\/2024\/06\/Aeropuerto-de-Manchester-300x150.jpg 300w, https:\/\/aviacionaldia.com\/wp-content\/uploads\/2024\/06\/Aeropuerto-de-Manchester-768x384.jpg 768w, https:\/\/aviacionaldia.com\/wp-content\/uploads\/2024\/06\/Aeropuerto-de-Manchester-380x190.jpg 380w\" sizes=\"(max-width: 800px) 100vw, 800px\" \/>\t\t\t\t\t<\/a>\n\t\t\t\t\t\t\t<\/div>\n\t\t\t\t\t\t<h4 class=\"uagb-post__title uagb-post__text\">\n\t\t\t\t<a href=\"https:\/\/aviacionaldia.com\/en\/2026\/08\/massive-cyberattack-hits-manchester-airports-group-compromising-data-of-8-7-million-users-across-three-uk-airports.html\" target=\"_self\" rel=\"bookmark noopener noreferrer\">Massive Cyberattack Hits Manchester Airports Group, Compromising Data of 8.7 Million Users Across Three UK Airports<\/a>\n\t\t\t<\/h4>\n\t\t\t\t\t\t<div class='uagb-post__text uagb-post-grid-byline'>\n\t\t\t\t\t\t\t<\/div>\n\t\t\t\t\t\t<div class=\"uagb-post__text uagb-post__cta wp-block-button\">\n\t\t\t\t<a class=\"wp-block-button__link uagb-text-link\" style=\"\" href=\"https:\/\/aviacionaldia.com\/en\/2026\/08\/massive-cyberattack-hits-manchester-airports-group-compromising-data-of-8-7-million-users-across-three-uk-airports.html\" target=\"_self\" rel=\"bookmark noopener noreferrer\">Read More<\/a>\n\t\t\t<\/div>\n\t\t\t\n\t\t\t\t\t\t\t\t\t<\/article>\n\t\t\t\t\t\t\t\t\t\t\t<\/div>\n\t\t\t","protected":false},"excerpt":{"rendered":"Iberia Maintenance has signed a 10-year contract for the maintenance and repair of Qatar Airways&#8216; V2500 engines. All&hellip;\n","protected":false},"author":4316,"featured_media":122600,"comment_status":"closed","ping_status":"closed","sticky":false,"template":"","format":"standard","meta":{"_uag_custom_page_level_css":"","footnotes":""},"categories":[1],"tags":[230,197,268,234],"class_list":{"0":"post-122634","1":"post","2":"type-post","3":"status-publish","4":"format-standard","5":"has-post-thumbnail","7":"category-airlines","8":"tag-airline","9":"tag-airlines","10":"tag-iberia","11":"tag-qatar-airways-2"},"uagb_featured_image_src":{"full":["https:\/\/aviacionaldia.com\/wp-content\/uploads\/2022\/02\/Iberia-Mantenimiento.jpg",800,400,false],"thumbnail":["https:\/\/aviacionaldia.com\/wp-content\/uploads\/2022\/02\/Iberia-Mantenimiento-150x150.jpg",150,150,true],"medium":["https:\/\/aviacionaldia.com\/wp-content\/uploads\/2022\/02\/Iberia-Mantenimiento-300x150.jpg",300,150,true],"medium_large":["https:\/\/aviacionaldia.com\/wp-content\/uploads\/2022\/02\/Iberia-Mantenimiento-768x384.jpg",768,384,true],"large":["https:\/\/aviacionaldia.com\/wp-content\/uploads\/2022\/02\/Iberia-Mantenimiento.jpg",800,400,false],"1536x1536":["https:\/\/aviacionaldia.com\/wp-content\/uploads\/2022\/02\/Iberia-Mantenimiento.jpg",800,400,false],"2048x2048":["https:\/\/aviacionaldia.com\/wp-content\/uploads\/2022\/02\/Iberia-Mantenimiento.jpg",800,400,false],"pk-small":["https:\/\/aviacionaldia.com\/wp-content\/uploads\/2022\/02\/Iberia-Mantenimiento.jpg",80,40,false],"pk-thumbnail":["https:\/\/aviacionaldia.com\/wp-content\/uploads\/2022\/02\/Iberia-Mantenimiento.jpg",300,150,false],"csco-small":["https:\/\/aviacionaldia.com\/wp-content\/uploads\/2022\/02\/Iberia-Mantenimiento-80x80.jpg",80,80,true],"csco-intermediate":["https:\/\/aviacionaldia.com\/wp-content\/uploads\/2022\/02\/Iberia-Mantenimiento-200x140.jpg",200,140,true],"csco-thumbnail":["https:\/\/aviacionaldia.com\/wp-content\/uploads\/2022\/02\/Iberia-Mantenimiento-380x220.jpg",380,220,true],"csco-thumbnail-alternative":["https:\/\/aviacionaldia.com\/wp-content\/uploads\/2022\/02\/Iberia-Mantenimiento-300x180.jpg",300,180,true],"csco-thumbnail-uncropped":["https:\/\/aviacionaldia.com\/wp-content\/uploads\/2022\/02\/Iberia-Mantenimiento-380x190.jpg",380,190,true],"csco-medium":["https:\/\/aviacionaldia.com\/wp-content\/uploads\/2022\/02\/Iberia-Mantenimiento.jpg",800,400,false],"csco-medium-alternative":["https:\/\/aviacionaldia.com\/wp-content\/uploads\/2022\/02\/Iberia-Mantenimiento-560x336.jpg",560,336,true],"csco-medium-uncropped":["https:\/\/aviacionaldia.com\/wp-content\/uploads\/2022\/02\/Iberia-Mantenimiento.jpg",800,400,false],"csco-large":["https:\/\/aviacionaldia.com\/wp-content\/uploads\/2022\/02\/Iberia-Mantenimiento.jpg",800,400,false],"csco-large-uncropped":["https:\/\/aviacionaldia.com\/wp-content\/uploads\/2022\/02\/Iberia-Mantenimiento.jpg",800,400,false],"csco-extra-large":["https:\/\/aviacionaldia.com\/wp-content\/uploads\/2022\/02\/Iberia-Mantenimiento.jpg",800,400,false]},"uagb_author_info":{"display_name":"Redacci\u00f3n - Aviaci\u00f3n al D\u00eda","author_link":"https:\/\/aviacionaldia.com\/en\/author\/aad"},"uagb_comment_info":0,"uagb_excerpt":"Iberia Maintenance has signed a 10-year contract for the maintenance and repair of Qatar Airways&#8216; V2500 engines. All&hellip;","amp_enabled":true,"_links":{"self":[{"href":"https:\/\/aviacionaldia.com\/en\/wp-json\/wp\/v2\/posts\/122634","targetHints":{"allow":["GET"]}}],"collection":[{"href":"https:\/\/aviacionaldia.com\/en\/wp-json\/wp\/v2\/posts"}],"about":[{"href":"https:\/\/aviacionaldia.com\/en\/wp-json\/wp\/v2\/types\/post"}],"author":[{"embeddable":true,"href":"https:\/\/aviacionaldia.com\/en\/wp-json\/wp\/v2\/users\/4316"}],"replies":[{"embeddable":true,"href":"https:\/\/aviacionaldia.com\/en\/wp-json\/wp\/v2\/comments?post=122634"}],"version-history":[{"count":1,"href":"https:\/\/aviacionaldia.com\/en\/wp-json\/wp\/v2\/posts\/122634\/revisions"}],"predecessor-version":[{"id":122635,"href":"https:\/\/aviacionaldia.com\/en\/wp-json\/wp\/v2\/posts\/122634\/revisions\/122635"}],"wp:featuredmedia":[{"embeddable":true,"href":"https:\/\/aviacionaldia.com\/en\/wp-json\/wp\/v2\/media\/122600"}],"wp:attachment":[{"href":"https:\/\/aviacionaldia.com\/en\/wp-json\/wp\/v2\/media?parent=122634"}],"wp:term":[{"taxonomy":"category","embeddable":true,"href":"https:\/\/aviacionaldia.com\/en\/wp-json\/wp\/v2\/categories?post=122634"},{"taxonomy":"post_tag","embeddable":true,"href":"https:\/\/aviacionaldia.com\/en\/wp-json\/wp\/v2\/tags?post=122634"}],"curies":[{"name":"wp","href":"https:\/\/api.w.org\/{rel}","templated":true}]}}