{"id":123215,"date":"2022-03-14T18:00:00","date_gmt":"2022-03-14T18:00:00","guid":{"rendered":"https:\/?p=123215"},"modified":"2022-03-14T23:11:12","modified_gmt":"2022-03-14T23:11:12","slug":"first-direct-commercial-flight-takes-off-morocco-israel","status":"publish","type":"post","link":"https:\/\/aviacionaldia.com\/en\/2022\/03\/first-direct-commercial-flight-takes-off-morocco-israel.html","title":{"rendered":"First direct commercial flight takes off between Morocco and Israel"},"content":{"rendered":"\n<p>A <strong>Royal Air Maroc<\/strong> flight took off Sunday from Casablanca to Tel Aviv, the first direct commercial link fifteen months after the normalization of bilateral relations.<\/p>\n\n\n\n<p>Three months late due to the health crisis, the Moroccan national airline flight left at 09:00 from Casablanca&#8217;s Mohammed-V airport, an airport source said.<\/p>\n\n\n\n<p><em><strong>\u2192 <a href=\"https:\/en\/2022\/03\/ryanair-announces-5-new-routes-in-spain.html\">Ryanair announces 5 new routes in Spain for summer.<\/a><\/strong><\/em><\/p>\n\n\n\n<p>&#8220;The company will operate four weekly flights on this new air route, which will result in more tourists and closer relations,&#8221; Israel&#8217;s office in Morocco noted on Twitter.<\/p>\n\n\n\n<p>Tel-Aviv and Rabat restored their relations in December 2020 in the framework of the &#8220;Abraham Accords&#8221;, a normalization process between Israel and several Arab countries, supported by the Trump administration. AFP<\/p>\n\n\n\n<p>Photo: Anna Zvereva\/<a href=\"https:\/\/commons.wikimedia.org\/wiki\/File:Royal_Air_Maroc,_CN-RGY,_Boeing_787-9_Dreamliner_(49592510633).jpg\" target=\"_blank\" rel=\"noreferrer noopener\">Wikimedia<\/a><\/p>\n\n\n\n<h2 class=\"wp-block-heading\" id=\"related-topics\">Related Topics<\/h2>\n\n\n\n\t\t\t<div class=\"wp-block-uagb-post-grid uagb-post-grid  uagb-post__image-position-top uagb-post__image-enabled uagb-block-259f3ec2     uagb-post__items uagb-post__columns-2 is-grid uagb-post__columns-tablet-2 uagb-post__columns-mobile-1 uagb-post__equal-height\" data-total=\"554\" style=\"\">\n\n\t\t\t\t\t\t\t\t\t\t\t\t<article class=\"uagb-post__inner-wrap\">\t\t\t\t\t\t\t\t<div class='uagb-post__image'>\n\t\t\t\t\t\t\t\t\t<a href=\"https:\/\/aviacionaldia.com\/en\/2026\/08\/discover-airlines-expands-short-haul-network-with-three-new-great-britain-destinations-for-summer-2027.html\" target=\"_self\" rel=\"bookmark noopener noreferrer\" class='uagb-image-ratio-inherit'><img decoding=\"async\" width=\"800\" height=\"400\" src=\"https:\/\/aviacionaldia.com\/wp-content\/uploads\/2026\/08\/Discover-Airlines-Airbus-A320.webp\" class=\"attachment-large size-large\" alt=\"\" srcset=\"https:\/\/aviacionaldia.com\/wp-content\/uploads\/2026\/08\/Discover-Airlines-Airbus-A320.webp 800w, https:\/\/aviacionaldia.com\/wp-content\/uploads\/2026\/08\/Discover-Airlines-Airbus-A320-300x150.webp 300w, https:\/\/aviacionaldia.com\/wp-content\/uploads\/2026\/08\/Discover-Airlines-Airbus-A320-768x384.webp 768w, https:\/\/aviacionaldia.com\/wp-content\/uploads\/2026\/08\/Discover-Airlines-Airbus-A320-380x190.webp 380w\" sizes=\"(max-width: 800px) 100vw, 800px\" \/>\t\t\t\t\t<\/a>\n\t\t\t\t\t\t\t<\/div>\n\t\t\t\t\t\t<h4 class=\"uagb-post__title uagb-post__text\">\n\t\t\t\t<a href=\"https:\/\/aviacionaldia.com\/en\/2026\/08\/discover-airlines-expands-short-haul-network-with-three-new-great-britain-destinations-for-summer-2027.html\" target=\"_self\" rel=\"bookmark noopener noreferrer\">Discover Airlines Expands Short-Haul Network with Three New Great Britain Destinations for Summer 2027<\/a>\n\t\t\t<\/h4>\n\t\t\t\t\t\t<div class='uagb-post__text uagb-post-grid-byline'>\n\t\t\t\t\t\t\t<\/div>\n\t\t\t\t\t\t<div class=\"uagb-post__text uagb-post__cta wp-block-button\">\n\t\t\t\t<a class=\"wp-block-button__link uagb-text-link\" style=\"\" href=\"https:\/\/aviacionaldia.com\/en\/2026\/08\/discover-airlines-expands-short-haul-network-with-three-new-great-britain-destinations-for-summer-2027.html\" target=\"_self\" rel=\"bookmark noopener noreferrer\">Read More<\/a>\n\t\t\t<\/div>\n\t\t\t\n\t\t\t\t\t\t\t\t\t<\/article>\n\t\t\t\t\t\t\t\t\t\t\t\t\t\t\t\t<article class=\"uagb-post__inner-wrap\">\t\t\t\t\t\t\t\t<div class='uagb-post__image'>\n\t\t\t\t\t\t\t\t\t<a href=\"https:\/\/aviacionaldia.com\/en\/2026\/08\/swiss-to-elevate-premium-experience-at-zurich-airport-with-new-lounges-by-2027.html\" target=\"_self\" rel=\"bookmark noopener noreferrer\" class='uagb-image-ratio-inherit'><img decoding=\"async\" width=\"800\" height=\"400\" src=\"https:\/\/aviacionaldia.com\/wp-content\/uploads\/2026\/08\/Swiss-nuevo-lounge-en-Zurich.webp\" class=\"attachment-large size-large\" alt=\"\" srcset=\"https:\/\/aviacionaldia.com\/wp-content\/uploads\/2026\/08\/Swiss-nuevo-lounge-en-Zurich.webp 800w, https:\/\/aviacionaldia.com\/wp-content\/uploads\/2026\/08\/Swiss-nuevo-lounge-en-Zurich-300x150.webp 300w, https:\/\/aviacionaldia.com\/wp-content\/uploads\/2026\/08\/Swiss-nuevo-lounge-en-Zurich-768x384.webp 768w, https:\/\/aviacionaldia.com\/wp-content\/uploads\/2026\/08\/Swiss-nuevo-lounge-en-Zurich-380x190.webp 380w\" sizes=\"(max-width: 800px) 100vw, 800px\" \/>\t\t\t\t\t<\/a>\n\t\t\t\t\t\t\t<\/div>\n\t\t\t\t\t\t<h4 class=\"uagb-post__title uagb-post__text\">\n\t\t\t\t<a href=\"https:\/\/aviacionaldia.com\/en\/2026\/08\/swiss-to-elevate-premium-experience-at-zurich-airport-with-new-lounges-by-2027.html\" target=\"_self\" rel=\"bookmark noopener noreferrer\">SWISS to Elevate Premium Experience at Zurich Airport with New Lounges by 2027<\/a>\n\t\t\t<\/h4>\n\t\t\t\t\t\t<div class='uagb-post__text uagb-post-grid-byline'>\n\t\t\t\t\t\t\t<\/div>\n\t\t\t\t\t\t<div class=\"uagb-post__text uagb-post__cta wp-block-button\">\n\t\t\t\t<a class=\"wp-block-button__link uagb-text-link\" style=\"\" href=\"https:\/\/aviacionaldia.com\/en\/2026\/08\/swiss-to-elevate-premium-experience-at-zurich-airport-with-new-lounges-by-2027.html\" target=\"_self\" rel=\"bookmark noopener noreferrer\">Read More<\/a>\n\t\t\t<\/div>\n\t\t\t\n\t\t\t\t\t\t\t\t\t<\/article>\n\t\t\t\t\t\t\t\t\t\t\t\t\t\t\t\t<article class=\"uagb-post__inner-wrap\">\t\t\t\t\t\t\t\t<div class='uagb-post__image'>\n\t\t\t\t\t\t\t\t\t<a href=\"https:\/\/aviacionaldia.com\/en\/2026\/08\/massive-cyberattack-hits-manchester-airports-group-compromising-data-of-8-7-million-users-across-three-uk-airports.html\" target=\"_self\" rel=\"bookmark noopener noreferrer\" class='uagb-image-ratio-inherit'><img decoding=\"async\" width=\"800\" height=\"400\" src=\"https:\/\/aviacionaldia.com\/wp-content\/uploads\/2024\/06\/Aeropuerto-de-Manchester.jpg\" class=\"attachment-large size-large\" alt=\"\" srcset=\"https:\/\/aviacionaldia.com\/wp-content\/uploads\/2024\/06\/Aeropuerto-de-Manchester.jpg 800w, https:\/\/aviacionaldia.com\/wp-content\/uploads\/2024\/06\/Aeropuerto-de-Manchester-300x150.jpg 300w, https:\/\/aviacionaldia.com\/wp-content\/uploads\/2024\/06\/Aeropuerto-de-Manchester-768x384.jpg 768w, https:\/\/aviacionaldia.com\/wp-content\/uploads\/2024\/06\/Aeropuerto-de-Manchester-380x190.jpg 380w\" sizes=\"(max-width: 800px) 100vw, 800px\" \/>\t\t\t\t\t<\/a>\n\t\t\t\t\t\t\t<\/div>\n\t\t\t\t\t\t<h4 class=\"uagb-post__title uagb-post__text\">\n\t\t\t\t<a href=\"https:\/\/aviacionaldia.com\/en\/2026\/08\/massive-cyberattack-hits-manchester-airports-group-compromising-data-of-8-7-million-users-across-three-uk-airports.html\" target=\"_self\" rel=\"bookmark noopener noreferrer\">Massive Cyberattack Hits Manchester Airports Group, Compromising Data of 8.7 Million Users Across Three UK Airports<\/a>\n\t\t\t<\/h4>\n\t\t\t\t\t\t<div class='uagb-post__text uagb-post-grid-byline'>\n\t\t\t\t\t\t\t<\/div>\n\t\t\t\t\t\t<div class=\"uagb-post__text uagb-post__cta wp-block-button\">\n\t\t\t\t<a class=\"wp-block-button__link uagb-text-link\" style=\"\" href=\"https:\/\/aviacionaldia.com\/en\/2026\/08\/massive-cyberattack-hits-manchester-airports-group-compromising-data-of-8-7-million-users-across-three-uk-airports.html\" target=\"_self\" rel=\"bookmark noopener noreferrer\">Read More<\/a>\n\t\t\t<\/div>\n\t\t\t\n\t\t\t\t\t\t\t\t\t<\/article>\n\t\t\t\t\t\t\t\t\t\t\t\t\t\t\t\t<article class=\"uagb-post__inner-wrap\">\t\t\t\t\t\t\t\t<div class='uagb-post__image'>\n\t\t\t\t\t\t\t\t\t<a href=\"https:\/\/aviacionaldia.com\/en\/2026\/08\/air-europa-enhances-long-haul-experience-with-major-updates-under-air-europa-on-program.html\" target=\"_self\" rel=\"bookmark noopener noreferrer\" class='uagb-image-ratio-inherit'><img decoding=\"async\" width=\"800\" height=\"400\" src=\"https:\/\/aviacionaldia.com\/wp-content\/uploads\/2026\/08\/Air-Europa-ON-en-vuelos-de-larga-distancia.webp\" class=\"attachment-large size-large\" alt=\"\" srcset=\"https:\/\/aviacionaldia.com\/wp-content\/uploads\/2026\/08\/Air-Europa-ON-en-vuelos-de-larga-distancia.webp 800w, https:\/\/aviacionaldia.com\/wp-content\/uploads\/2026\/08\/Air-Europa-ON-en-vuelos-de-larga-distancia-300x150.webp 300w, https:\/\/aviacionaldia.com\/wp-content\/uploads\/2026\/08\/Air-Europa-ON-en-vuelos-de-larga-distancia-768x384.webp 768w, https:\/\/aviacionaldia.com\/wp-content\/uploads\/2026\/08\/Air-Europa-ON-en-vuelos-de-larga-distancia-380x190.webp 380w\" sizes=\"(max-width: 800px) 100vw, 800px\" \/>\t\t\t\t\t<\/a>\n\t\t\t\t\t\t\t<\/div>\n\t\t\t\t\t\t<h4 class=\"uagb-post__title uagb-post__text\">\n\t\t\t\t<a href=\"https:\/\/aviacionaldia.com\/en\/2026\/08\/air-europa-enhances-long-haul-experience-with-major-updates-under-air-europa-on-program.html\" target=\"_self\" rel=\"bookmark noopener noreferrer\">Air Europa Enhances Long-Haul Experience with Major Updates Under &#8220;Air Europa ON&#8221; Program<\/a>\n\t\t\t<\/h4>\n\t\t\t\t\t\t<div class='uagb-post__text uagb-post-grid-byline'>\n\t\t\t\t\t\t\t<\/div>\n\t\t\t\t\t\t<div class=\"uagb-post__text uagb-post__cta wp-block-button\">\n\t\t\t\t<a class=\"wp-block-button__link uagb-text-link\" style=\"\" href=\"https:\/\/aviacionaldia.com\/en\/2026\/08\/air-europa-enhances-long-haul-experience-with-major-updates-under-air-europa-on-program.html\" target=\"_self\" rel=\"bookmark noopener noreferrer\">Read More<\/a>\n\t\t\t<\/div>\n\t\t\t\n\t\t\t\t\t\t\t\t\t<\/article>\n\t\t\t\t\t\t\t\t\t\t\t<\/div>\n\t\t\t","protected":false},"excerpt":{"rendered":"A Royal Air Maroc flight took off Sunday from Casablanca to Tel Aviv, the first direct commercial link&hellip;\n","protected":false},"author":4316,"featured_media":123170,"comment_status":"closed","ping_status":"closed","sticky":false,"template":"","format":"standard","meta":{"_uag_custom_page_level_css":"","footnotes":""},"categories":[1],"tags":[230,198,876],"class_list":{"0":"post-123215","1":"post","2":"type-post","3":"status-publish","4":"format-standard","5":"has-post-thumbnail","7":"category-airlines","8":"tag-airline","9":"tag-flights","10":"tag-royal-air-maroc-2"},"uagb_featured_image_src":{"full":["https:\/\/aviacionaldia.com\/wp-content\/uploads\/2022\/03\/Royal-Air-Maroc-Boeing-787.jpg",800,400,false],"thumbnail":["https:\/\/aviacionaldia.com\/wp-content\/uploads\/2022\/03\/Royal-Air-Maroc-Boeing-787-150x150.jpg",150,150,true],"medium":["https:\/\/aviacionaldia.com\/wp-content\/uploads\/2022\/03\/Royal-Air-Maroc-Boeing-787-300x150.jpg",300,150,true],"medium_large":["https:\/\/aviacionaldia.com\/wp-content\/uploads\/2022\/03\/Royal-Air-Maroc-Boeing-787-768x384.jpg",768,384,true],"large":["https:\/\/aviacionaldia.com\/wp-content\/uploads\/2022\/03\/Royal-Air-Maroc-Boeing-787.jpg",800,400,false],"1536x1536":["https:\/\/aviacionaldia.com\/wp-content\/uploads\/2022\/03\/Royal-Air-Maroc-Boeing-787.jpg",800,400,false],"2048x2048":["https:\/\/aviacionaldia.com\/wp-content\/uploads\/2022\/03\/Royal-Air-Maroc-Boeing-787.jpg",800,400,false],"pk-small":["https:\/\/aviacionaldia.com\/wp-content\/uploads\/2022\/03\/Royal-Air-Maroc-Boeing-787.jpg",80,40,false],"pk-thumbnail":["https:\/\/aviacionaldia.com\/wp-content\/uploads\/2022\/03\/Royal-Air-Maroc-Boeing-787.jpg",300,150,false],"csco-small":["https:\/\/aviacionaldia.com\/wp-content\/uploads\/2022\/03\/Royal-Air-Maroc-Boeing-787-80x80.jpg",80,80,true],"csco-intermediate":["https:\/\/aviacionaldia.com\/wp-content\/uploads\/2022\/03\/Royal-Air-Maroc-Boeing-787-200x140.jpg",200,140,true],"csco-thumbnail":["https:\/\/aviacionaldia.com\/wp-content\/uploads\/2022\/03\/Royal-Air-Maroc-Boeing-787-380x220.jpg",380,220,true],"csco-thumbnail-alternative":["https:\/\/aviacionaldia.com\/wp-content\/uploads\/2022\/03\/Royal-Air-Maroc-Boeing-787-300x180.jpg",300,180,true],"csco-thumbnail-uncropped":["https:\/\/aviacionaldia.com\/wp-content\/uploads\/2022\/03\/Royal-Air-Maroc-Boeing-787-380x190.jpg",380,190,true],"csco-medium":["https:\/\/aviacionaldia.com\/wp-content\/uploads\/2022\/03\/Royal-Air-Maroc-Boeing-787.jpg",800,400,false],"csco-medium-alternative":["https:\/\/aviacionaldia.com\/wp-content\/uploads\/2022\/03\/Royal-Air-Maroc-Boeing-787-560x336.jpg",560,336,true],"csco-medium-uncropped":["https:\/\/aviacionaldia.com\/wp-content\/uploads\/2022\/03\/Royal-Air-Maroc-Boeing-787.jpg",800,400,false],"csco-large":["https:\/\/aviacionaldia.com\/wp-content\/uploads\/2022\/03\/Royal-Air-Maroc-Boeing-787.jpg",800,400,false],"csco-large-uncropped":["https:\/\/aviacionaldia.com\/wp-content\/uploads\/2022\/03\/Royal-Air-Maroc-Boeing-787.jpg",800,400,false],"csco-extra-large":["https:\/\/aviacionaldia.com\/wp-content\/uploads\/2022\/03\/Royal-Air-Maroc-Boeing-787.jpg",800,400,false]},"uagb_author_info":{"display_name":"Redacci\u00f3n - Aviaci\u00f3n al D\u00eda","author_link":"https:\/\/aviacionaldia.com\/en\/author\/aad"},"uagb_comment_info":0,"uagb_excerpt":"A Royal Air Maroc flight took off Sunday from Casablanca to Tel Aviv, the first direct commercial link&hellip;","amp_enabled":true,"_links":{"self":[{"href":"https:\/\/aviacionaldia.com\/en\/wp-json\/wp\/v2\/posts\/123215","targetHints":{"allow":["GET"]}}],"collection":[{"href":"https:\/\/aviacionaldia.com\/en\/wp-json\/wp\/v2\/posts"}],"about":[{"href":"https:\/\/aviacionaldia.com\/en\/wp-json\/wp\/v2\/types\/post"}],"author":[{"embeddable":true,"href":"https:\/\/aviacionaldia.com\/en\/wp-json\/wp\/v2\/users\/4316"}],"replies":[{"embeddable":true,"href":"https:\/\/aviacionaldia.com\/en\/wp-json\/wp\/v2\/comments?post=123215"}],"version-history":[{"count":1,"href":"https:\/\/aviacionaldia.com\/en\/wp-json\/wp\/v2\/posts\/123215\/revisions"}],"predecessor-version":[{"id":123217,"href":"https:\/\/aviacionaldia.com\/en\/wp-json\/wp\/v2\/posts\/123215\/revisions\/123217"}],"wp:featuredmedia":[{"embeddable":true,"href":"https:\/\/aviacionaldia.com\/en\/wp-json\/wp\/v2\/media\/123170"}],"wp:attachment":[{"href":"https:\/\/aviacionaldia.com\/en\/wp-json\/wp\/v2\/media?parent=123215"}],"wp:term":[{"taxonomy":"category","embeddable":true,"href":"https:\/\/aviacionaldia.com\/en\/wp-json\/wp\/v2\/categories?post=123215"},{"taxonomy":"post_tag","embeddable":true,"href":"https:\/\/aviacionaldia.com\/en\/wp-json\/wp\/v2\/tags?post=123215"}],"curies":[{"name":"wp","href":"https:\/\/api.w.org\/{rel}","templated":true}]}}