{"id":131150,"date":"2022-09-13T18:30:00","date_gmt":"2022-09-13T18:30:00","guid":{"rendered":"https:\/?p=131150"},"modified":"2022-09-13T21:08:22","modified_gmt":"2022-09-13T21:08:22","slug":"conviasa-will-fly-to-colombia-from-september-26","status":"publish","type":"post","link":"https:\/\/aviacionaldia.com\/en\/2022\/09\/conviasa-will-fly-to-colombia-from-september-26.html","title":{"rendered":"Venezuela: Conviasa will fly to Colombia from September 26"},"content":{"rendered":"\n<p>This Monday, in the &#8220;360\u00ba&#8221; program broadcast by VTV, the Minister for Transportation, Ram\u00f3n Vel\u00e1squez Araguay\u00e1n, reported that the Venezuelan state company <strong>Conviasa<\/strong> will be one of the airlines that will reopen the air connection with Colombia on September 26.<\/p>\n\n\n\n<p><strong><em>\u2192 <a href=\"https:\/en\/2022\/09\/wingo-to-resume-flights-to-venezuela.html\">Wingo to resume flights to Venezuela with three routes.<\/a><\/em><\/strong><\/p>\n\n\n\n<p>&#8220;Conviasa is going to be one of the airlines that is going to take to the skies to unite these two destinations Caracas-Bogot\u00e1, Valencia-Bogot\u00e1,&#8221; said Vel\u00e1squez Araguay\u00e1n.<\/p>\n\n\n\n<p>Last Friday, the presidents of Colombia and Venezuela, Gustavo Petro and Nicol\u00e1s Maduro, respectively, confirmed that on September 26 the borders will be opened and flights between the two countries will be reactivated, for economic revitalization.<\/p>\n\n\n\n<p>Photo: Flybyeigenheer\/<a href=\"https:\/\/es.wikipedia.org\/wiki\/Archivo:YV3016_Embraer_ERJ190_Linaege_1000_-_VCV_%2830516261290%29.jpg\" target=\"_blank\" rel=\"noreferrer noopener nofollow\">Wikipedia<\/a><\/p>\n\n\n\n<h2 class=\"wp-block-heading\" id=\"related-topics\">Related Topics<\/h2>\n\n\n\n\t\t\t<div class=\"wp-block-uagb-post-grid uagb-post-grid  uagb-post__image-position-top uagb-post__image-enabled uagb-block-60708b52     uagb-post__items uagb-post__columns-2 is-grid uagb-post__columns-tablet-2 uagb-post__columns-mobile-1 uagb-post__equal-height\" data-total=\"417\" style=\"\">\n\n\t\t\t\t\t\t\t\t\t\t\t\t<article class=\"uagb-post__inner-wrap\">\t\t\t\t\t\t\t\t<div class='uagb-post__image'>\n\t\t\t\t\t\t\t\t\t<a href=\"https:\/\/aviacionaldia.com\/en\/2026\/04\/alta-maps-out-roadmap-to-net-zero-challenges-and-opportunities-for-aviation-in-latin-america-and-the-caribbean.html\" target=\"_self\" rel=\"bookmark noopener noreferrer\" class='uagb-image-ratio-inherit'><img decoding=\"async\" width=\"800\" height=\"400\" src=\"https:\/\/aviacionaldia.com\/wp-content\/uploads\/2026\/04\/Avion-Emisiones.webp\" class=\"attachment-large size-large\" alt=\"\" srcset=\"https:\/\/aviacionaldia.com\/wp-content\/uploads\/2026\/04\/Avion-Emisiones.webp 800w, https:\/\/aviacionaldia.com\/wp-content\/uploads\/2026\/04\/Avion-Emisiones-300x150.webp 300w, https:\/\/aviacionaldia.com\/wp-content\/uploads\/2026\/04\/Avion-Emisiones-768x384.webp 768w, https:\/\/aviacionaldia.com\/wp-content\/uploads\/2026\/04\/Avion-Emisiones-380x190.webp 380w\" sizes=\"(max-width: 800px) 100vw, 800px\" \/>\t\t\t\t\t<\/a>\n\t\t\t\t\t\t\t<\/div>\n\t\t\t\t\t\t<h4 class=\"uagb-post__title uagb-post__text\">\n\t\t\t\t<a href=\"https:\/\/aviacionaldia.com\/en\/2026\/04\/alta-maps-out-roadmap-to-net-zero-challenges-and-opportunities-for-aviation-in-latin-america-and-the-caribbean.html\" target=\"_self\" rel=\"bookmark noopener noreferrer\">ALTA Maps Out Roadmap to Net Zero: Challenges and Opportunities for Aviation in Latin America and the Caribbean<\/a>\n\t\t\t<\/h4>\n\t\t\t\t\t\t<div class='uagb-post__text uagb-post-grid-byline'>\n\t\t\t\t\t\t\t<\/div>\n\t\t\t\t\t\t<div class=\"uagb-post__text uagb-post__cta wp-block-button\">\n\t\t\t\t<a class=\"wp-block-button__link uagb-text-link\" style=\"\" href=\"https:\/\/aviacionaldia.com\/en\/2026\/04\/alta-maps-out-roadmap-to-net-zero-challenges-and-opportunities-for-aviation-in-latin-america-and-the-caribbean.html\" target=\"_self\" rel=\"bookmark noopener noreferrer\">Read More<\/a>\n\t\t\t<\/div>\n\t\t\t\n\t\t\t\t\t\t\t\t\t<\/article>\n\t\t\t\t\t\t\t\t\t\t\t\t\t\t\t\t<article class=\"uagb-post__inner-wrap\">\t\t\t\t\t\t\t\t<div class='uagb-post__image'>\n\t\t\t\t\t\t\t\t\t<a href=\"https:\/\/aviacionaldia.com\/en\/2026\/04\/air-traffic-in-latin-america-and-the-caribbean-grows-6-6-in-february.html\" target=\"_self\" rel=\"bookmark noopener noreferrer\" class='uagb-image-ratio-inherit'><img decoding=\"async\" width=\"800\" height=\"400\" src=\"https:\/\/aviacionaldia.com\/wp-content\/uploads\/2021\/11\/Pasajeros-de-avion.jpg\" class=\"attachment-large size-large\" alt=\"\" srcset=\"https:\/\/aviacionaldia.com\/wp-content\/uploads\/2021\/11\/Pasajeros-de-avion.jpg 800w, https:\/\/aviacionaldia.com\/wp-content\/uploads\/2021\/11\/Pasajeros-de-avion-300x150.jpg 300w, https:\/\/aviacionaldia.com\/wp-content\/uploads\/2021\/11\/Pasajeros-de-avion-768x384.jpg 768w, https:\/\/aviacionaldia.com\/wp-content\/uploads\/2021\/11\/Pasajeros-de-avion-380x190.jpg 380w\" sizes=\"(max-width: 800px) 100vw, 800px\" \/>\t\t\t\t\t<\/a>\n\t\t\t\t\t\t\t<\/div>\n\t\t\t\t\t\t<h4 class=\"uagb-post__title uagb-post__text\">\n\t\t\t\t<a href=\"https:\/\/aviacionaldia.com\/en\/2026\/04\/air-traffic-in-latin-america-and-the-caribbean-grows-6-6-in-february.html\" target=\"_self\" rel=\"bookmark noopener noreferrer\">Air Traffic in Latin America and the Caribbean Grows 6.6% in February<\/a>\n\t\t\t<\/h4>\n\t\t\t\t\t\t<div class='uagb-post__text uagb-post-grid-byline'>\n\t\t\t\t\t\t\t<\/div>\n\t\t\t\t\t\t<div class=\"uagb-post__text uagb-post__cta wp-block-button\">\n\t\t\t\t<a class=\"wp-block-button__link uagb-text-link\" style=\"\" href=\"https:\/\/aviacionaldia.com\/en\/2026\/04\/air-traffic-in-latin-america-and-the-caribbean-grows-6-6-in-february.html\" target=\"_self\" rel=\"bookmark noopener noreferrer\">Read More<\/a>\n\t\t\t<\/div>\n\t\t\t\n\t\t\t\t\t\t\t\t\t<\/article>\n\t\t\t\t\t\t\t\t\t\t\t\t\t\t\t\t<article class=\"uagb-post__inner-wrap\">\t\t\t\t\t\t\t\t<div class='uagb-post__image'>\n\t\t\t\t\t\t\t\t\t<a href=\"https:\/\/aviacionaldia.com\/en\/2026\/04\/latam-airlines-to-become-south-americas-first-to-offer-lie-flat-seats-on-airbus-a321xlr.html\" target=\"_self\" rel=\"bookmark noopener noreferrer\" class='uagb-image-ratio-inherit'><img decoding=\"async\" width=\"800\" height=\"400\" src=\"https:\/\/aviacionaldia.com\/wp-content\/uploads\/2026\/04\/Latam-Asientos-_Lie-Flat_-en-el-Airbus-A321XLR.webp\" class=\"attachment-large size-large\" alt=\"\" srcset=\"https:\/\/aviacionaldia.com\/wp-content\/uploads\/2026\/04\/Latam-Asientos-_Lie-Flat_-en-el-Airbus-A321XLR.webp 800w, https:\/\/aviacionaldia.com\/wp-content\/uploads\/2026\/04\/Latam-Asientos-_Lie-Flat_-en-el-Airbus-A321XLR-300x150.webp 300w, https:\/\/aviacionaldia.com\/wp-content\/uploads\/2026\/04\/Latam-Asientos-_Lie-Flat_-en-el-Airbus-A321XLR-768x384.webp 768w, https:\/\/aviacionaldia.com\/wp-content\/uploads\/2026\/04\/Latam-Asientos-_Lie-Flat_-en-el-Airbus-A321XLR-380x190.webp 380w\" sizes=\"(max-width: 800px) 100vw, 800px\" \/>\t\t\t\t\t<\/a>\n\t\t\t\t\t\t\t<\/div>\n\t\t\t\t\t\t<h4 class=\"uagb-post__title uagb-post__text\">\n\t\t\t\t<a href=\"https:\/\/aviacionaldia.com\/en\/2026\/04\/latam-airlines-to-become-south-americas-first-to-offer-lie-flat-seats-on-airbus-a321xlr.html\" target=\"_self\" rel=\"bookmark noopener noreferrer\">LATAM Airlines to Become South America&#8217;s First to Offer &#8220;Lie-Flat&#8221; Seats on Airbus A321XLR<\/a>\n\t\t\t<\/h4>\n\t\t\t\t\t\t<div class='uagb-post__text uagb-post-grid-byline'>\n\t\t\t\t\t\t\t<\/div>\n\t\t\t\t\t\t<div class=\"uagb-post__text uagb-post__cta wp-block-button\">\n\t\t\t\t<a class=\"wp-block-button__link uagb-text-link\" style=\"\" href=\"https:\/\/aviacionaldia.com\/en\/2026\/04\/latam-airlines-to-become-south-americas-first-to-offer-lie-flat-seats-on-airbus-a321xlr.html\" target=\"_self\" rel=\"bookmark noopener noreferrer\">Read More<\/a>\n\t\t\t<\/div>\n\t\t\t\n\t\t\t\t\t\t\t\t\t<\/article>\n\t\t\t\t\t\t\t\t\t\t\t\t\t\t\t\t<article class=\"uagb-post__inner-wrap\">\t\t\t\t\t\t\t\t<div class='uagb-post__image'>\n\t\t\t\t\t\t\t\t\t<a href=\"https:\/\/aviacionaldia.com\/en\/2026\/04\/jetsmart-launches-all-you-can-fly-annual-membership-for-unlimited-flights-across-south-america.html\" target=\"_self\" rel=\"bookmark noopener noreferrer\" class='uagb-image-ratio-inherit'><img decoding=\"async\" width=\"800\" height=\"400\" src=\"https:\/\/aviacionaldia.com\/wp-content\/uploads\/2026\/04\/JetSmart-All-You-Can-Fly.webp\" class=\"attachment-large size-large\" alt=\"\" srcset=\"https:\/\/aviacionaldia.com\/wp-content\/uploads\/2026\/04\/JetSmart-All-You-Can-Fly.webp 800w, https:\/\/aviacionaldia.com\/wp-content\/uploads\/2026\/04\/JetSmart-All-You-Can-Fly-300x150.webp 300w, https:\/\/aviacionaldia.com\/wp-content\/uploads\/2026\/04\/JetSmart-All-You-Can-Fly-768x384.webp 768w, https:\/\/aviacionaldia.com\/wp-content\/uploads\/2026\/04\/JetSmart-All-You-Can-Fly-380x190.webp 380w\" sizes=\"(max-width: 800px) 100vw, 800px\" \/>\t\t\t\t\t<\/a>\n\t\t\t\t\t\t\t<\/div>\n\t\t\t\t\t\t<h4 class=\"uagb-post__title uagb-post__text\">\n\t\t\t\t<a href=\"https:\/\/aviacionaldia.com\/en\/2026\/04\/jetsmart-launches-all-you-can-fly-annual-membership-for-unlimited-flights-across-south-america.html\" target=\"_self\" rel=\"bookmark noopener noreferrer\">JetSmart Launches &#8220;All You Can Fly&#8221;: Annual Membership for Unlimited Flights Across South America<\/a>\n\t\t\t<\/h4>\n\t\t\t\t\t\t<div class='uagb-post__text uagb-post-grid-byline'>\n\t\t\t\t\t\t\t<\/div>\n\t\t\t\t\t\t<div class=\"uagb-post__text uagb-post__cta wp-block-button\">\n\t\t\t\t<a class=\"wp-block-button__link uagb-text-link\" style=\"\" href=\"https:\/\/aviacionaldia.com\/en\/2026\/04\/jetsmart-launches-all-you-can-fly-annual-membership-for-unlimited-flights-across-south-america.html\" target=\"_self\" rel=\"bookmark noopener noreferrer\">Read More<\/a>\n\t\t\t<\/div>\n\t\t\t\n\t\t\t\t\t\t\t\t\t<\/article>\n\t\t\t\t\t\t\t\t\t\t\t<\/div>\n\t\t\t\n\n\n<p><\/p>\n","protected":false},"excerpt":{"rendered":"This Monday, in the &#8220;360\u00ba&#8221; program broadcast by VTV, the Minister for Transportation, Ram\u00f3n Vel\u00e1squez Araguay\u00e1n, reported that&hellip;\n","protected":false},"author":4316,"featured_media":131133,"comment_status":"open","ping_status":"closed","sticky":false,"template":"","format":"standard","meta":{"_uag_custom_page_level_css":"","footnotes":""},"categories":[1],"tags":[230,196,540,198,278],"class_list":{"0":"post-131150","1":"post","2":"type-post","3":"status-publish","4":"format-standard","5":"has-post-thumbnail","7":"category-airlines","8":"tag-airline","9":"tag-colombia-2","10":"tag-conviasa-2","11":"tag-flights","12":"tag-venezuela-2"},"uagb_featured_image_src":{"full":["https:\/\/aviacionaldia.com\/wp-content\/uploads\/2022\/09\/Conviasa-Embraer-190.jpg",800,400,false],"thumbnail":["https:\/\/aviacionaldia.com\/wp-content\/uploads\/2022\/09\/Conviasa-Embraer-190-150x150.jpg",150,150,true],"medium":["https:\/\/aviacionaldia.com\/wp-content\/uploads\/2022\/09\/Conviasa-Embraer-190-300x150.jpg",300,150,true],"medium_large":["https:\/\/aviacionaldia.com\/wp-content\/uploads\/2022\/09\/Conviasa-Embraer-190-768x384.jpg",768,384,true],"large":["https:\/\/aviacionaldia.com\/wp-content\/uploads\/2022\/09\/Conviasa-Embraer-190.jpg",800,400,false],"1536x1536":["https:\/\/aviacionaldia.com\/wp-content\/uploads\/2022\/09\/Conviasa-Embraer-190.jpg",800,400,false],"2048x2048":["https:\/\/aviacionaldia.com\/wp-content\/uploads\/2022\/09\/Conviasa-Embraer-190.jpg",800,400,false],"pk-small":["https:\/\/aviacionaldia.com\/wp-content\/uploads\/2022\/09\/Conviasa-Embraer-190.jpg",80,40,false],"pk-thumbnail":["https:\/\/aviacionaldia.com\/wp-content\/uploads\/2022\/09\/Conviasa-Embraer-190.jpg",300,150,false],"csco-small":["https:\/\/aviacionaldia.com\/wp-content\/uploads\/2022\/09\/Conviasa-Embraer-190-80x80.jpg",80,80,true],"csco-intermediate":["https:\/\/aviacionaldia.com\/wp-content\/uploads\/2022\/09\/Conviasa-Embraer-190-200x140.jpg",200,140,true],"csco-thumbnail":["https:\/\/aviacionaldia.com\/wp-content\/uploads\/2022\/09\/Conviasa-Embraer-190-380x220.jpg",380,220,true],"csco-thumbnail-alternative":["https:\/\/aviacionaldia.com\/wp-content\/uploads\/2022\/09\/Conviasa-Embraer-190-300x180.jpg",300,180,true],"csco-thumbnail-uncropped":["https:\/\/aviacionaldia.com\/wp-content\/uploads\/2022\/09\/Conviasa-Embraer-190-380x190.jpg",380,190,true],"csco-medium":["https:\/\/aviacionaldia.com\/wp-content\/uploads\/2022\/09\/Conviasa-Embraer-190.jpg",800,400,false],"csco-medium-alternative":["https:\/\/aviacionaldia.com\/wp-content\/uploads\/2022\/09\/Conviasa-Embraer-190-560x336.jpg",560,336,true],"csco-medium-uncropped":["https:\/\/aviacionaldia.com\/wp-content\/uploads\/2022\/09\/Conviasa-Embraer-190.jpg",800,400,false],"csco-large":["https:\/\/aviacionaldia.com\/wp-content\/uploads\/2022\/09\/Conviasa-Embraer-190.jpg",800,400,false],"csco-large-uncropped":["https:\/\/aviacionaldia.com\/wp-content\/uploads\/2022\/09\/Conviasa-Embraer-190.jpg",800,400,false],"csco-extra-large":["https:\/\/aviacionaldia.com\/wp-content\/uploads\/2022\/09\/Conviasa-Embraer-190.jpg",800,400,false]},"uagb_author_info":{"display_name":"Redacci\u00f3n - Aviaci\u00f3n al D\u00eda","author_link":"https:\/\/aviacionaldia.com\/en\/author\/aad"},"uagb_comment_info":0,"uagb_excerpt":"This Monday, in the &#8220;360\u00ba&#8221; program broadcast by VTV, the Minister for Transportation, Ram\u00f3n Vel\u00e1squez Araguay\u00e1n, reported that&hellip;","amp_enabled":true,"_links":{"self":[{"href":"https:\/\/aviacionaldia.com\/en\/wp-json\/wp\/v2\/posts\/131150","targetHints":{"allow":["GET"]}}],"collection":[{"href":"https:\/\/aviacionaldia.com\/en\/wp-json\/wp\/v2\/posts"}],"about":[{"href":"https:\/\/aviacionaldia.com\/en\/wp-json\/wp\/v2\/types\/post"}],"author":[{"embeddable":true,"href":"https:\/\/aviacionaldia.com\/en\/wp-json\/wp\/v2\/users\/4316"}],"replies":[{"embeddable":true,"href":"https:\/\/aviacionaldia.com\/en\/wp-json\/wp\/v2\/comments?post=131150"}],"version-history":[{"count":1,"href":"https:\/\/aviacionaldia.com\/en\/wp-json\/wp\/v2\/posts\/131150\/revisions"}],"predecessor-version":[{"id":131151,"href":"https:\/\/aviacionaldia.com\/en\/wp-json\/wp\/v2\/posts\/131150\/revisions\/131151"}],"wp:featuredmedia":[{"embeddable":true,"href":"https:\/\/aviacionaldia.com\/en\/wp-json\/wp\/v2\/media\/131133"}],"wp:attachment":[{"href":"https:\/\/aviacionaldia.com\/en\/wp-json\/wp\/v2\/media?parent=131150"}],"wp:term":[{"taxonomy":"category","embeddable":true,"href":"https:\/\/aviacionaldia.com\/en\/wp-json\/wp\/v2\/categories?post=131150"},{"taxonomy":"post_tag","embeddable":true,"href":"https:\/\/aviacionaldia.com\/en\/wp-json\/wp\/v2\/tags?post=131150"}],"curies":[{"name":"wp","href":"https:\/\/api.w.org\/{rel}","templated":true}]}}