{"id":132411,"date":"2022-10-15T19:30:00","date_gmt":"2022-10-15T19:30:00","guid":{"rendered":"https:\/?p=132411"},"modified":"2022-10-15T20:30:36","modified_gmt":"2022-10-15T20:30:36","slug":"emirates-makes-first-commercial-flight-to-bangalore-of-airbus-a380","status":"publish","type":"post","link":"https:\/\/aviacionaldia.com\/en\/2022\/10\/emirates-makes-first-commercial-flight-to-bangalore-of-airbus-a380.html","title":{"rendered":"Emirates makes first commercial flight to Bangalore (India) of Airbus A380"},"content":{"rendered":"\n<p>An <strong>Emirates Airbus A380<\/strong> made a historic landing at Bangalore&#8217;s Kempegowda International Airport, marking the first commercial flight to the South Indian city\u2019s airport of the world\u2019s largest passenger aircraft.<\/p>\n\n\n\n<p>This special flight between Dubai and Bangalore landed ahead of the launch of scheduled daily services with the A380 beginning October 30.<\/p>\n\n\n\n<p><strong><em>\u2192 <a href=\"https:\/en\/2022\/10\/emirates-to-deploy-airbus-a380-on-its-tokyo-narita-flights.html\">Emirates to deploy Airbus A380 on its Tokyo-Narita flights.<\/a><\/em><\/strong><\/p>\n\n\n\n<p>Following the symbolic welcome ceremony, Emirates cabin crew showcased the interiors of its latest four-class A380 aircraft, featuring Premium Economy, to government officials and guests.<\/p>\n\n\n\n<p>Adnan Kazim, Chief Commercial Officer, Emirates, said: \u201cThe special relationship that we share with Bengaluru and the State of Karnataka is one of mutual growth and prosperity and we are delighted to introduce A380 services to this vital gateway for travellers in South India&#8221;.<\/p>\n\n\n\n<p>Currently, Emirates operates the A380 to over 30 destinations across the globe and plans to deploy the popular aircraft to over 40 destinations by March 2023.<\/p>\n\n\n\n<h2 class=\"wp-block-heading\" id=\"related-topics\">Related Topics<\/h2>\n\n\n\n\t\t\t<div class=\"wp-block-uagb-post-grid uagb-post-grid  uagb-post__image-position-top uagb-post__image-enabled uagb-block-9c7eb00d     uagb-post__items uagb-post__columns-2 is-grid uagb-post__columns-tablet-2 uagb-post__columns-mobile-1 uagb-post__equal-height\" data-total=\"467\" style=\"\">\n\n\t\t\t\t\t\t\t\t\t\t\t\t<article class=\"uagb-post__inner-wrap\">\t\t\t\t\t\t\t\t<div class='uagb-post__image'>\n\t\t\t\t\t\t\t\t\t<a href=\"https:\/\/aviacionaldia.com\/en\/2026\/04\/etihad-airways-bolsters-u-s-network-chicago-reaches-double-daily-frequency-and-charlotte-scales-to-daily-service.html\" target=\"_self\" rel=\"bookmark noopener noreferrer\" class='uagb-image-ratio-inherit'><img decoding=\"async\" width=\"800\" height=\"400\" src=\"https:\/\/aviacionaldia.com\/wp-content\/uploads\/2020\/12\/Etihad-Airways-B787.jpg\" class=\"attachment-large size-large\" alt=\"\" srcset=\"https:\/\/aviacionaldia.com\/wp-content\/uploads\/2020\/12\/Etihad-Airways-B787.jpg 800w, https:\/\/aviacionaldia.com\/wp-content\/uploads\/2020\/12\/Etihad-Airways-B787-300x150.jpg 300w, https:\/\/aviacionaldia.com\/wp-content\/uploads\/2020\/12\/Etihad-Airways-B787-768x384.jpg 768w, https:\/\/aviacionaldia.com\/wp-content\/uploads\/2020\/12\/Etihad-Airways-B787-380x190.jpg 380w\" sizes=\"(max-width: 800px) 100vw, 800px\" \/>\t\t\t\t\t<\/a>\n\t\t\t\t\t\t\t<\/div>\n\t\t\t\t\t\t<h4 class=\"uagb-post__title uagb-post__text\">\n\t\t\t\t<a href=\"https:\/\/aviacionaldia.com\/en\/2026\/04\/etihad-airways-bolsters-u-s-network-chicago-reaches-double-daily-frequency-and-charlotte-scales-to-daily-service.html\" target=\"_self\" rel=\"bookmark noopener noreferrer\">Etihad Airways Bolsters U.S. Network: Chicago Reaches Double-Daily Frequency and Charlotte Scales to Daily Service<\/a>\n\t\t\t<\/h4>\n\t\t\t\t\t\t<div class='uagb-post__text uagb-post-grid-byline'>\n\t\t\t\t\t\t\t<\/div>\n\t\t\t\t\t\t<div class=\"uagb-post__text uagb-post__cta wp-block-button\">\n\t\t\t\t<a class=\"wp-block-button__link uagb-text-link\" style=\"\" href=\"https:\/\/aviacionaldia.com\/en\/2026\/04\/etihad-airways-bolsters-u-s-network-chicago-reaches-double-daily-frequency-and-charlotte-scales-to-daily-service.html\" target=\"_self\" rel=\"bookmark noopener noreferrer\">Read More<\/a>\n\t\t\t<\/div>\n\t\t\t\n\t\t\t\t\t\t\t\t\t<\/article>\n\t\t\t\t\t\t\t\t\t\t\t\t\t\t\t\t<article class=\"uagb-post__inner-wrap\">\t\t\t\t\t\t\t\t<div class='uagb-post__image'>\n\t\t\t\t\t\t\t\t\t<a href=\"https:\/\/aviacionaldia.com\/en\/2026\/04\/ntsb-runway-safety-system-failure-preceded-fatal-collision-between-air-canada-express-aircraft-and-fire-truck.html\" target=\"_self\" rel=\"bookmark noopener noreferrer\" class='uagb-image-ratio-inherit'><img decoding=\"async\" width=\"800\" height=\"400\" src=\"https:\/\/aviacionaldia.com\/wp-content\/uploads\/2026\/03\/Accidente-de-avion-de-Air-Canada-Express-en-LaGuardia.webp\" class=\"attachment-large size-large\" alt=\"\" srcset=\"https:\/\/aviacionaldia.com\/wp-content\/uploads\/2026\/03\/Accidente-de-avion-de-Air-Canada-Express-en-LaGuardia.webp 800w, https:\/\/aviacionaldia.com\/wp-content\/uploads\/2026\/03\/Accidente-de-avion-de-Air-Canada-Express-en-LaGuardia-300x150.webp 300w, https:\/\/aviacionaldia.com\/wp-content\/uploads\/2026\/03\/Accidente-de-avion-de-Air-Canada-Express-en-LaGuardia-768x384.webp 768w, https:\/\/aviacionaldia.com\/wp-content\/uploads\/2026\/03\/Accidente-de-avion-de-Air-Canada-Express-en-LaGuardia-380x190.webp 380w\" sizes=\"(max-width: 800px) 100vw, 800px\" \/>\t\t\t\t\t<\/a>\n\t\t\t\t\t\t\t<\/div>\n\t\t\t\t\t\t<h4 class=\"uagb-post__title uagb-post__text\">\n\t\t\t\t<a href=\"https:\/\/aviacionaldia.com\/en\/2026\/04\/ntsb-runway-safety-system-failure-preceded-fatal-collision-between-air-canada-express-aircraft-and-fire-truck.html\" target=\"_self\" rel=\"bookmark noopener noreferrer\">NTSB: Runway Safety System Failure Preceded Fatal Collision Between Air Canada Express Aircraft and Fire Truck<\/a>\n\t\t\t<\/h4>\n\t\t\t\t\t\t<div class='uagb-post__text uagb-post-grid-byline'>\n\t\t\t\t\t\t\t<\/div>\n\t\t\t\t\t\t<div class=\"uagb-post__text uagb-post__cta wp-block-button\">\n\t\t\t\t<a class=\"wp-block-button__link uagb-text-link\" style=\"\" href=\"https:\/\/aviacionaldia.com\/en\/2026\/04\/ntsb-runway-safety-system-failure-preceded-fatal-collision-between-air-canada-express-aircraft-and-fire-truck.html\" target=\"_self\" rel=\"bookmark noopener noreferrer\">Read More<\/a>\n\t\t\t<\/div>\n\t\t\t\n\t\t\t\t\t\t\t\t\t<\/article>\n\t\t\t\t\t\t\t\t\t\t\t\t\t\t\t\t<article class=\"uagb-post__inner-wrap\">\t\t\t\t\t\t\t\t<div class='uagb-post__image'>\n\t\t\t\t\t\t\t\t\t<a href=\"https:\/\/aviacionaldia.com\/en\/2026\/04\/american-and-alaska-airlines-explore-strategic-revenue-sharing-alliance-to-expand-global-reach.html\" target=\"_self\" rel=\"bookmark noopener noreferrer\" class='uagb-image-ratio-inherit'><img decoding=\"async\" width=\"800\" height=\"400\" src=\"https:\/\/aviacionaldia.com\/wp-content\/uploads\/2026\/04\/America-Airlines-Alaska-Airlines.webp\" class=\"attachment-large size-large\" alt=\"\" srcset=\"https:\/\/aviacionaldia.com\/wp-content\/uploads\/2026\/04\/America-Airlines-Alaska-Airlines.webp 800w, https:\/\/aviacionaldia.com\/wp-content\/uploads\/2026\/04\/America-Airlines-Alaska-Airlines-300x150.webp 300w, https:\/\/aviacionaldia.com\/wp-content\/uploads\/2026\/04\/America-Airlines-Alaska-Airlines-768x384.webp 768w, https:\/\/aviacionaldia.com\/wp-content\/uploads\/2026\/04\/America-Airlines-Alaska-Airlines-380x190.webp 380w\" sizes=\"(max-width: 800px) 100vw, 800px\" \/>\t\t\t\t\t<\/a>\n\t\t\t\t\t\t\t<\/div>\n\t\t\t\t\t\t<h4 class=\"uagb-post__title uagb-post__text\">\n\t\t\t\t<a href=\"https:\/\/aviacionaldia.com\/en\/2026\/04\/american-and-alaska-airlines-explore-strategic-revenue-sharing-alliance-to-expand-global-reach.html\" target=\"_self\" rel=\"bookmark noopener noreferrer\">American and Alaska Airlines Explore Strategic Revenue-Sharing Alliance to Expand Global Reach<\/a>\n\t\t\t<\/h4>\n\t\t\t\t\t\t<div class='uagb-post__text uagb-post-grid-byline'>\n\t\t\t\t\t\t\t<\/div>\n\t\t\t\t\t\t<div class=\"uagb-post__text uagb-post__cta wp-block-button\">\n\t\t\t\t<a class=\"wp-block-button__link uagb-text-link\" style=\"\" href=\"https:\/\/aviacionaldia.com\/en\/2026\/04\/american-and-alaska-airlines-explore-strategic-revenue-sharing-alliance-to-expand-global-reach.html\" target=\"_self\" rel=\"bookmark noopener noreferrer\">Read More<\/a>\n\t\t\t<\/div>\n\t\t\t\n\t\t\t\t\t\t\t\t\t<\/article>\n\t\t\t\t\t\t\t\t\t\t\t\t\t\t\t\t<article class=\"uagb-post__inner-wrap\">\t\t\t\t\t\t\t\t<div class='uagb-post__image'>\n\t\t\t\t\t\t\t\t\t<a href=\"https:\/\/aviacionaldia.com\/en\/2026\/04\/american-airlines-unveils-new-passenger-experience-at-new-york-jfk-terminal-8.html\" target=\"_self\" rel=\"bookmark noopener noreferrer\" class='uagb-image-ratio-inherit'><img decoding=\"async\" width=\"800\" height=\"400\" src=\"https:\/\/aviacionaldia.com\/wp-content\/uploads\/2026\/04\/Aeropuerto-JFK-Terminal-8.webp\" class=\"attachment-large size-large\" alt=\"\" srcset=\"https:\/\/aviacionaldia.com\/wp-content\/uploads\/2026\/04\/Aeropuerto-JFK-Terminal-8.webp 800w, https:\/\/aviacionaldia.com\/wp-content\/uploads\/2026\/04\/Aeropuerto-JFK-Terminal-8-300x150.webp 300w, https:\/\/aviacionaldia.com\/wp-content\/uploads\/2026\/04\/Aeropuerto-JFK-Terminal-8-768x384.webp 768w, https:\/\/aviacionaldia.com\/wp-content\/uploads\/2026\/04\/Aeropuerto-JFK-Terminal-8-380x190.webp 380w\" sizes=\"(max-width: 800px) 100vw, 800px\" \/>\t\t\t\t\t<\/a>\n\t\t\t\t\t\t\t<\/div>\n\t\t\t\t\t\t<h4 class=\"uagb-post__title uagb-post__text\">\n\t\t\t\t<a href=\"https:\/\/aviacionaldia.com\/en\/2026\/04\/american-airlines-unveils-new-passenger-experience-at-new-york-jfk-terminal-8.html\" target=\"_self\" rel=\"bookmark noopener noreferrer\">American Airlines Unveils New Passenger Experience at New York-JFK Terminal 8<\/a>\n\t\t\t<\/h4>\n\t\t\t\t\t\t<div class='uagb-post__text uagb-post-grid-byline'>\n\t\t\t\t\t\t\t<\/div>\n\t\t\t\t\t\t<div class=\"uagb-post__text uagb-post__cta wp-block-button\">\n\t\t\t\t<a class=\"wp-block-button__link uagb-text-link\" style=\"\" href=\"https:\/\/aviacionaldia.com\/en\/2026\/04\/american-airlines-unveils-new-passenger-experience-at-new-york-jfk-terminal-8.html\" target=\"_self\" rel=\"bookmark noopener noreferrer\">Read More<\/a>\n\t\t\t<\/div>\n\t\t\t\n\t\t\t\t\t\t\t\t\t<\/article>\n\t\t\t\t\t\t\t\t\t\t\t<\/div>\n\t\t\t","protected":false},"excerpt":{"rendered":"An Emirates Airbus A380 made a historic landing at Bangalore&#8217;s Kempegowda International Airport, marking the first commercial flight&hellip;\n","protected":false},"author":4316,"featured_media":132398,"comment_status":"open","ping_status":"closed","sticky":false,"template":"","format":"standard","meta":{"_uag_custom_page_level_css":"","footnotes":""},"categories":[1],"tags":[217,222,230,197,465,335,339],"class_list":{"0":"post-132411","1":"post","2":"type-post","3":"status-publish","4":"format-standard","5":"has-post-thumbnail","7":"category-airlines","8":"tag-airbus-2","9":"tag-aircraft","10":"tag-airline","11":"tag-airlines","12":"tag-asia-2","13":"tag-emirates-2","14":"tag-india-2"},"uagb_featured_image_src":{"full":["https:\/\/aviacionaldia.com\/wp-content\/uploads\/2022\/10\/El-Airbus-A380-de-Emirates-aterriza-en-Bangalore.jpg",800,400,false],"thumbnail":["https:\/\/aviacionaldia.com\/wp-content\/uploads\/2022\/10\/El-Airbus-A380-de-Emirates-aterriza-en-Bangalore-150x150.jpg",150,150,true],"medium":["https:\/\/aviacionaldia.com\/wp-content\/uploads\/2022\/10\/El-Airbus-A380-de-Emirates-aterriza-en-Bangalore-300x150.jpg",300,150,true],"medium_large":["https:\/\/aviacionaldia.com\/wp-content\/uploads\/2022\/10\/El-Airbus-A380-de-Emirates-aterriza-en-Bangalore-768x384.jpg",768,384,true],"large":["https:\/\/aviacionaldia.com\/wp-content\/uploads\/2022\/10\/El-Airbus-A380-de-Emirates-aterriza-en-Bangalore.jpg",800,400,false],"1536x1536":["https:\/\/aviacionaldia.com\/wp-content\/uploads\/2022\/10\/El-Airbus-A380-de-Emirates-aterriza-en-Bangalore.jpg",800,400,false],"2048x2048":["https:\/\/aviacionaldia.com\/wp-content\/uploads\/2022\/10\/El-Airbus-A380-de-Emirates-aterriza-en-Bangalore.jpg",800,400,false],"pk-small":["https:\/\/aviacionaldia.com\/wp-content\/uploads\/2022\/10\/El-Airbus-A380-de-Emirates-aterriza-en-Bangalore.jpg",80,40,false],"pk-thumbnail":["https:\/\/aviacionaldia.com\/wp-content\/uploads\/2022\/10\/El-Airbus-A380-de-Emirates-aterriza-en-Bangalore.jpg",300,150,false],"csco-small":["https:\/\/aviacionaldia.com\/wp-content\/uploads\/2022\/10\/El-Airbus-A380-de-Emirates-aterriza-en-Bangalore-80x80.jpg",80,80,true],"csco-intermediate":["https:\/\/aviacionaldia.com\/wp-content\/uploads\/2022\/10\/El-Airbus-A380-de-Emirates-aterriza-en-Bangalore-200x140.jpg",200,140,true],"csco-thumbnail":["https:\/\/aviacionaldia.com\/wp-content\/uploads\/2022\/10\/El-Airbus-A380-de-Emirates-aterriza-en-Bangalore-380x220.jpg",380,220,true],"csco-thumbnail-alternative":["https:\/\/aviacionaldia.com\/wp-content\/uploads\/2022\/10\/El-Airbus-A380-de-Emirates-aterriza-en-Bangalore-300x180.jpg",300,180,true],"csco-thumbnail-uncropped":["https:\/\/aviacionaldia.com\/wp-content\/uploads\/2022\/10\/El-Airbus-A380-de-Emirates-aterriza-en-Bangalore-380x190.jpg",380,190,true],"csco-medium":["https:\/\/aviacionaldia.com\/wp-content\/uploads\/2022\/10\/El-Airbus-A380-de-Emirates-aterriza-en-Bangalore.jpg",800,400,false],"csco-medium-alternative":["https:\/\/aviacionaldia.com\/wp-content\/uploads\/2022\/10\/El-Airbus-A380-de-Emirates-aterriza-en-Bangalore-560x336.jpg",560,336,true],"csco-medium-uncropped":["https:\/\/aviacionaldia.com\/wp-content\/uploads\/2022\/10\/El-Airbus-A380-de-Emirates-aterriza-en-Bangalore.jpg",800,400,false],"csco-large":["https:\/\/aviacionaldia.com\/wp-content\/uploads\/2022\/10\/El-Airbus-A380-de-Emirates-aterriza-en-Bangalore.jpg",800,400,false],"csco-large-uncropped":["https:\/\/aviacionaldia.com\/wp-content\/uploads\/2022\/10\/El-Airbus-A380-de-Emirates-aterriza-en-Bangalore.jpg",800,400,false],"csco-extra-large":["https:\/\/aviacionaldia.com\/wp-content\/uploads\/2022\/10\/El-Airbus-A380-de-Emirates-aterriza-en-Bangalore.jpg",800,400,false]},"uagb_author_info":{"display_name":"Redacci\u00f3n - Aviaci\u00f3n al D\u00eda","author_link":"https:\/\/aviacionaldia.com\/en\/author\/aad"},"uagb_comment_info":0,"uagb_excerpt":"An Emirates Airbus A380 made a historic landing at Bangalore&#8217;s Kempegowda International Airport, marking the first commercial flight&hellip;","amp_enabled":true,"_links":{"self":[{"href":"https:\/\/aviacionaldia.com\/en\/wp-json\/wp\/v2\/posts\/132411","targetHints":{"allow":["GET"]}}],"collection":[{"href":"https:\/\/aviacionaldia.com\/en\/wp-json\/wp\/v2\/posts"}],"about":[{"href":"https:\/\/aviacionaldia.com\/en\/wp-json\/wp\/v2\/types\/post"}],"author":[{"embeddable":true,"href":"https:\/\/aviacionaldia.com\/en\/wp-json\/wp\/v2\/users\/4316"}],"replies":[{"embeddable":true,"href":"https:\/\/aviacionaldia.com\/en\/wp-json\/wp\/v2\/comments?post=132411"}],"version-history":[{"count":1,"href":"https:\/\/aviacionaldia.com\/en\/wp-json\/wp\/v2\/posts\/132411\/revisions"}],"predecessor-version":[{"id":132412,"href":"https:\/\/aviacionaldia.com\/en\/wp-json\/wp\/v2\/posts\/132411\/revisions\/132412"}],"wp:featuredmedia":[{"embeddable":true,"href":"https:\/\/aviacionaldia.com\/en\/wp-json\/wp\/v2\/media\/132398"}],"wp:attachment":[{"href":"https:\/\/aviacionaldia.com\/en\/wp-json\/wp\/v2\/media?parent=132411"}],"wp:term":[{"taxonomy":"category","embeddable":true,"href":"https:\/\/aviacionaldia.com\/en\/wp-json\/wp\/v2\/categories?post=132411"},{"taxonomy":"post_tag","embeddable":true,"href":"https:\/\/aviacionaldia.com\/en\/wp-json\/wp\/v2\/tags?post=132411"}],"curies":[{"name":"wp","href":"https:\/\/api.w.org\/{rel}","templated":true}]}}