{"id":135734,"date":"2023-01-17T20:30:00","date_gmt":"2023-01-17T20:30:00","guid":{"rendered":"https:\/?p=135734"},"modified":"2023-01-17T22:14:56","modified_gmt":"2023-01-17T22:14:56","slug":"boeing-airbus-hit-back-over-criticism-of-delivery-delays","status":"publish","type":"post","link":"https:\/\/aviacionaldia.com\/en\/2023\/01\/boeing-airbus-hit-back-over-criticism-of-delivery-delays.html","title":{"rendered":"Boeing, Airbus hit back over criticism of delivery delays"},"content":{"rendered":"\n<p>The world\u2019s two largest planemakers defended themselves on Tuesday following criticism over delivery delays, with a Boeing executive saying increasing production after COVID-19 lockdowns was \u201cnot as easy as an on\/off switch.\u201d<\/p>\n\n\n\n<p>Aircraft leasing firms have used a major industry conference to hammer manufacturers over delays. Air Lease executive chairman Steven Udvar-Hazy said they had \u201cgrossly misjudged\u201d output, while one of Airbus\u2019 largest customers, AerCap, called the European firm\u2019s production targets \u201cvery ambitious\u201d.<\/p>\n\n\n\n<p>Mark Pearman-Wright, head of leasing and investor marketing at Airbus, said ramping up production had been more difficult than expected but that a range of unpredictable issues had not changed its route to producing 65 narrow-body jets a month in 2024 and 75 aircraft in 2025, reported <a href=\"https:\/\/www.reuters.com\/article\/aviation-finance-planemakers\/update-1-boeing-airbus-hit-back-over-criticism-of-delivery-delays-idUSL1N3421G4\" target=\"_blank\" rel=\"noreferrer noopener nofollow\">Reuters<\/a>.<\/p>\n\n\n\n<p><em><strong>\u2192 <a href=\"https:\/en\/2023\/01\/airbus-tests-new-automatic-piloting-technologies-in-flight-and-on-ground.html\">Airbus tests new automatic piloting technologies in flight and on ground<\/a><\/strong><\/em><\/p>\n\n\n\n<p>\u201cWe\u2019ve just come out of an unprecedented recession and it\u2019s followed by an unprecedented recovery, followed by a war, in addition to a lockdown of China, which has also had an impact on the supply chain,\u201d Pearman-Wright told the Airline Economics conference in Dublin.<\/p>\n\n\n\n<p>\u201cTo keep it simple, c\u2019est compliqu\u00e9 (it\u2019s complicated).\u201d<\/p>\n\n\n\n<p>To help remove the bottlenecks, Airbus has placed over 100 procurement specialists into its indirect suppliers to help them achieve the rates in the supply chain that the jetmaker requires to ramp up production, Pearman-Wright added.<\/p>\n\n\n\n<p>Boeing has also sent some of its own employees to work with suppliers to help stabilise the supply chain, Vice president for commercial marketing Darren Hulst said, adding this was the key to ultimately ramping up production and hitting its targets.<\/p>\n\n\n\n<p>\u201cThink about mid 2020, nobody in this room wanted an airplane. Nobody. And we had to try to figure out how to not deliver, in addition to our own challenges from our side,\u201d Hulst said.<\/p>\n\n\n\n<p>\u201cThen all of a sudden the switch turns back on and you\u2019re expected to deliver perfectly on time, all the time. I\u2019m not asking for sympathy, but I do think you need to realise that it\u2019s not as easy as an on\/off switch.<\/p>\n\n\n\n<p>\u201cYou add that complexity to the fact that the supply chains in many cases had their own bets on the market which were not accurate, despite the kind of guidance from our side on when we thought the market was going to recover.\u201d<\/p>\n\n\n\n<h2 class=\"wp-block-heading\" id=\"related-topics\">Related Topics<\/h2>\n\n\n\n\t\t\t<div class=\"wp-block-uagb-post-grid uagb-post-grid  uagb-post__image-position-top uagb-post__image-enabled uagb-block-5e1e6c40     uagb-post__items uagb-post__columns-2 is-grid uagb-post__columns-tablet-2 uagb-post__columns-mobile-1 uagb-post__equal-height\" data-total=\"37\" style=\"\">\n\n\t\t\t\t\t\t\t\t\t\t\t\t<article class=\"uagb-post__inner-wrap\">\t\t\t\t\t\t\t\t<div class='uagb-post__image'>\n\t\t\t\t\t\t\t\t\t<a href=\"https:\/\/aviacionaldia.com\/en\/2026\/04\/embraer-accelerates-delivery-pace-47-increase-during-first-quarter-of-2026.html\" target=\"_self\" rel=\"bookmark noopener noreferrer\" class='uagb-image-ratio-inherit'><img decoding=\"async\" width=\"800\" height=\"400\" src=\"https:\/\/aviacionaldia.com\/wp-content\/uploads\/2019\/08\/Embraer.jpg\" class=\"attachment-large size-large\" alt=\"\" srcset=\"https:\/\/aviacionaldia.com\/wp-content\/uploads\/2019\/08\/Embraer.jpg 800w, https:\/\/aviacionaldia.com\/wp-content\/uploads\/2019\/08\/Embraer-300x150.jpg 300w, https:\/\/aviacionaldia.com\/wp-content\/uploads\/2019\/08\/Embraer-768x384.jpg 768w, https:\/\/aviacionaldia.com\/wp-content\/uploads\/2019\/08\/Embraer-380x190.jpg 380w\" sizes=\"(max-width: 800px) 100vw, 800px\" \/>\t\t\t\t\t<\/a>\n\t\t\t\t\t\t\t<\/div>\n\t\t\t\t\t\t<h4 class=\"uagb-post__title uagb-post__text\">\n\t\t\t\t<a href=\"https:\/\/aviacionaldia.com\/en\/2026\/04\/embraer-accelerates-delivery-pace-47-increase-during-first-quarter-of-2026.html\" target=\"_self\" rel=\"bookmark noopener noreferrer\">Embraer Accelerates Delivery Pace: 47% Increase During First Quarter of 2026<\/a>\n\t\t\t<\/h4>\n\t\t\t\t\t\t<div class='uagb-post__text uagb-post-grid-byline'>\n\t\t\t\t\t\t\t<\/div>\n\t\t\t\t\t\t<div class=\"uagb-post__text uagb-post__cta wp-block-button\">\n\t\t\t\t<a class=\"wp-block-button__link uagb-text-link\" style=\"\" href=\"https:\/\/aviacionaldia.com\/en\/2026\/04\/embraer-accelerates-delivery-pace-47-increase-during-first-quarter-of-2026.html\" target=\"_self\" rel=\"bookmark noopener noreferrer\">Read More<\/a>\n\t\t\t<\/div>\n\t\t\t\n\t\t\t\t\t\t\t\t\t<\/article>\n\t\t\t\t\t\t\t\t\t\t\t\t\t\t\t\t<article class=\"uagb-post__inner-wrap\">\t\t\t\t\t\t\t\t<div class='uagb-post__image'>\n\t\t\t\t\t\t\t\t\t<a href=\"https:\/\/aviacionaldia.com\/en\/2026\/03\/finnair-renews-regional-fleet-orders-up-to-46-embraer-e195-e2-aircraft.html\" target=\"_self\" rel=\"bookmark noopener noreferrer\" class='uagb-image-ratio-inherit'><img decoding=\"async\" width=\"800\" height=\"400\" src=\"https:\/\/aviacionaldia.com\/wp-content\/uploads\/2026\/03\/Finnair-Embraer-E195-E2.webp\" class=\"attachment-large size-large\" alt=\"\" srcset=\"https:\/\/aviacionaldia.com\/wp-content\/uploads\/2026\/03\/Finnair-Embraer-E195-E2.webp 800w, https:\/\/aviacionaldia.com\/wp-content\/uploads\/2026\/03\/Finnair-Embraer-E195-E2-300x150.webp 300w, https:\/\/aviacionaldia.com\/wp-content\/uploads\/2026\/03\/Finnair-Embraer-E195-E2-768x384.webp 768w, https:\/\/aviacionaldia.com\/wp-content\/uploads\/2026\/03\/Finnair-Embraer-E195-E2-380x190.webp 380w\" sizes=\"(max-width: 800px) 100vw, 800px\" \/>\t\t\t\t\t<\/a>\n\t\t\t\t\t\t\t<\/div>\n\t\t\t\t\t\t<h4 class=\"uagb-post__title uagb-post__text\">\n\t\t\t\t<a href=\"https:\/\/aviacionaldia.com\/en\/2026\/03\/finnair-renews-regional-fleet-orders-up-to-46-embraer-e195-e2-aircraft.html\" target=\"_self\" rel=\"bookmark noopener noreferrer\">Finnair Renews Regional Fleet: Orders Up to 46 Embraer E195-E2 Aircraft<\/a>\n\t\t\t<\/h4>\n\t\t\t\t\t\t<div class='uagb-post__text uagb-post-grid-byline'>\n\t\t\t\t\t\t\t<\/div>\n\t\t\t\t\t\t<div class=\"uagb-post__text uagb-post__cta wp-block-button\">\n\t\t\t\t<a class=\"wp-block-button__link uagb-text-link\" style=\"\" href=\"https:\/\/aviacionaldia.com\/en\/2026\/03\/finnair-renews-regional-fleet-orders-up-to-46-embraer-e195-e2-aircraft.html\" target=\"_self\" rel=\"bookmark noopener noreferrer\">Read More<\/a>\n\t\t\t<\/div>\n\t\t\t\n\t\t\t\t\t\t\t\t\t<\/article>\n\t\t\t\t\t\t\t\t\t\t\t\t\t\t\t\t<article class=\"uagb-post__inner-wrap\">\t\t\t\t\t\t\t\t<div class='uagb-post__image'>\n\t\t\t\t\t\t\t\t\t<a href=\"https:\/\/aviacionaldia.com\/en\/2026\/02\/u-s-tariff-shift-exemption-for-aircraft-and-engines-boosts-embraer-u-s-airlines-and-aerospace-sector.html\" target=\"_self\" rel=\"bookmark noopener noreferrer\" class='uagb-image-ratio-inherit'><img decoding=\"async\" width=\"800\" height=\"400\" src=\"https:\/\/aviacionaldia.com\/wp-content\/uploads\/2022\/12\/Embraer-E195-E2-y-E190-E2.jpg\" class=\"attachment-large size-large\" alt=\"\" srcset=\"https:\/\/aviacionaldia.com\/wp-content\/uploads\/2022\/12\/Embraer-E195-E2-y-E190-E2.jpg 800w, https:\/\/aviacionaldia.com\/wp-content\/uploads\/2022\/12\/Embraer-E195-E2-y-E190-E2-300x150.jpg 300w, https:\/\/aviacionaldia.com\/wp-content\/uploads\/2022\/12\/Embraer-E195-E2-y-E190-E2-768x384.jpg 768w, https:\/\/aviacionaldia.com\/wp-content\/uploads\/2022\/12\/Embraer-E195-E2-y-E190-E2-380x190.jpg 380w\" sizes=\"(max-width: 800px) 100vw, 800px\" \/>\t\t\t\t\t<\/a>\n\t\t\t\t\t\t\t<\/div>\n\t\t\t\t\t\t<h4 class=\"uagb-post__title uagb-post__text\">\n\t\t\t\t<a href=\"https:\/\/aviacionaldia.com\/en\/2026\/02\/u-s-tariff-shift-exemption-for-aircraft-and-engines-boosts-embraer-u-s-airlines-and-aerospace-sector.html\" target=\"_self\" rel=\"bookmark noopener noreferrer\">U.S. Tariff Shift: Exemption for Aircraft and Engines Boosts Embraer, U.S. Airlines, and Aerospace Sector<\/a>\n\t\t\t<\/h4>\n\t\t\t\t\t\t<div class='uagb-post__text uagb-post-grid-byline'>\n\t\t\t\t\t\t\t<\/div>\n\t\t\t\t\t\t<div class=\"uagb-post__text uagb-post__cta wp-block-button\">\n\t\t\t\t<a class=\"wp-block-button__link uagb-text-link\" style=\"\" href=\"https:\/\/aviacionaldia.com\/en\/2026\/02\/u-s-tariff-shift-exemption-for-aircraft-and-engines-boosts-embraer-u-s-airlines-and-aerospace-sector.html\" target=\"_self\" rel=\"bookmark noopener noreferrer\">Read More<\/a>\n\t\t\t<\/div>\n\t\t\t\n\t\t\t\t\t\t\t\t\t<\/article>\n\t\t\t\t\t\t\t\t\t\t\t\t\t\t\t\t<article class=\"uagb-post__inner-wrap\">\t\t\t\t\t\t\t\t<div class='uagb-post__image'>\n\t\t\t\t\t\t\t\t\t<a href=\"https:\/\/aviacionaldia.com\/en\/2026\/02\/embraer-and-adani-defence-aerospace-elevate-alliance-agreement-for-an-e175-final-assembly-line-in-india.html\" target=\"_self\" rel=\"bookmark noopener noreferrer\" class='uagb-image-ratio-inherit'><img decoding=\"async\" width=\"800\" height=\"400\" src=\"https:\/\/aviacionaldia.com\/wp-content\/uploads\/2026\/02\/Embraer-E175.webp\" class=\"attachment-large size-large\" alt=\"\" srcset=\"https:\/\/aviacionaldia.com\/wp-content\/uploads\/2026\/02\/Embraer-E175.webp 800w, https:\/\/aviacionaldia.com\/wp-content\/uploads\/2026\/02\/Embraer-E175-300x150.webp 300w, https:\/\/aviacionaldia.com\/wp-content\/uploads\/2026\/02\/Embraer-E175-768x384.webp 768w, https:\/\/aviacionaldia.com\/wp-content\/uploads\/2026\/02\/Embraer-E175-380x190.webp 380w\" sizes=\"(max-width: 800px) 100vw, 800px\" \/>\t\t\t\t\t<\/a>\n\t\t\t\t\t\t\t<\/div>\n\t\t\t\t\t\t<h4 class=\"uagb-post__title uagb-post__text\">\n\t\t\t\t<a href=\"https:\/\/aviacionaldia.com\/en\/2026\/02\/embraer-and-adani-defence-aerospace-elevate-alliance-agreement-for-an-e175-final-assembly-line-in-india.html\" target=\"_self\" rel=\"bookmark noopener noreferrer\">Embraer and Adani Defence &#038; Aerospace Elevate Alliance: Agreement for an E175 Final Assembly Line in India<\/a>\n\t\t\t<\/h4>\n\t\t\t\t\t\t<div class='uagb-post__text uagb-post-grid-byline'>\n\t\t\t\t\t\t\t<\/div>\n\t\t\t\t\t\t<div class=\"uagb-post__text uagb-post__cta wp-block-button\">\n\t\t\t\t<a class=\"wp-block-button__link uagb-text-link\" style=\"\" href=\"https:\/\/aviacionaldia.com\/en\/2026\/02\/embraer-and-adani-defence-aerospace-elevate-alliance-agreement-for-an-e175-final-assembly-line-in-india.html\" target=\"_self\" rel=\"bookmark noopener noreferrer\">Read More<\/a>\n\t\t\t<\/div>\n\t\t\t\n\t\t\t\t\t\t\t\t\t<\/article>\n\t\t\t\t\t\t\t\t\t\t\t<\/div>\n\t\t\t","protected":false},"excerpt":{"rendered":"The world\u2019s two largest planemakers defended themselves on Tuesday following criticism over delivery delays, with a Boeing executive&hellip;\n","protected":false},"author":4316,"featured_media":101316,"comment_status":"open","ping_status":"closed","sticky":false,"template":"","format":"standard","meta":{"_uag_custom_page_level_css":"","footnotes":""},"categories":[190],"tags":[217,222,220],"class_list":{"0":"post-135734","1":"post","2":"type-post","3":"status-publish","4":"format-standard","5":"has-post-thumbnail","7":"category-the-industry","8":"tag-airbus-2","9":"tag-aircraft","10":"tag-boeing-2"},"uagb_featured_image_src":{"full":["https:\/\/aviacionaldia.com\/wp-content\/uploads\/2019\/01\/Airbus-factory.jpg",800,400,false],"thumbnail":["https:\/\/aviacionaldia.com\/wp-content\/uploads\/2019\/01\/Airbus-factory-150x150.jpg",150,150,true],"medium":["https:\/\/aviacionaldia.com\/wp-content\/uploads\/2019\/01\/Airbus-factory-300x150.jpg",300,150,true],"medium_large":["https:\/\/aviacionaldia.com\/wp-content\/uploads\/2019\/01\/Airbus-factory-768x384.jpg",768,384,true],"large":["https:\/\/aviacionaldia.com\/wp-content\/uploads\/2019\/01\/Airbus-factory.jpg",800,400,false],"1536x1536":["https:\/\/aviacionaldia.com\/wp-content\/uploads\/2019\/01\/Airbus-factory.jpg",800,400,false],"2048x2048":["https:\/\/aviacionaldia.com\/wp-content\/uploads\/2019\/01\/Airbus-factory.jpg",800,400,false],"pk-small":["https:\/\/aviacionaldia.com\/wp-content\/uploads\/2019\/01\/Airbus-factory-80x80.jpg",80,80,true],"pk-thumbnail":["https:\/\/aviacionaldia.com\/wp-content\/uploads\/2019\/01\/Airbus-factory-300x225.jpg",300,225,true],"csco-small":["https:\/\/aviacionaldia.com\/wp-content\/uploads\/2019\/01\/Airbus-factory-80x80.jpg",80,80,true],"csco-intermediate":["https:\/\/aviacionaldia.com\/wp-content\/uploads\/2019\/01\/Airbus-factory-200x140.jpg",200,140,true],"csco-thumbnail":["https:\/\/aviacionaldia.com\/wp-content\/uploads\/2019\/01\/Airbus-factory-380x220.jpg",380,220,true],"csco-thumbnail-alternative":["https:\/\/aviacionaldia.com\/wp-content\/uploads\/2019\/01\/Airbus-factory-300x180.jpg",300,180,true],"csco-thumbnail-uncropped":["https:\/\/aviacionaldia.com\/wp-content\/uploads\/2019\/01\/Airbus-factory-380x190.jpg",380,190,true],"csco-medium":["https:\/\/aviacionaldia.com\/wp-content\/uploads\/2019\/01\/Airbus-factory.jpg",800,400,false],"csco-medium-alternative":["https:\/\/aviacionaldia.com\/wp-content\/uploads\/2019\/01\/Airbus-factory-560x336.jpg",560,336,true],"csco-medium-uncropped":["https:\/\/aviacionaldia.com\/wp-content\/uploads\/2019\/01\/Airbus-factory.jpg",800,400,false],"csco-large":["https:\/\/aviacionaldia.com\/wp-content\/uploads\/2019\/01\/Airbus-factory.jpg",800,400,false],"csco-large-uncropped":["https:\/\/aviacionaldia.com\/wp-content\/uploads\/2019\/01\/Airbus-factory.jpg",800,400,false],"csco-extra-large":["https:\/\/aviacionaldia.com\/wp-content\/uploads\/2019\/01\/Airbus-factory.jpg",800,400,false]},"uagb_author_info":{"display_name":"Redacci\u00f3n - Aviaci\u00f3n al D\u00eda","author_link":"https:\/\/aviacionaldia.com\/en\/author\/aad"},"uagb_comment_info":0,"uagb_excerpt":"The world\u2019s two largest planemakers defended themselves on Tuesday following criticism over delivery delays, with a Boeing executive&hellip;","amp_enabled":true,"_links":{"self":[{"href":"https:\/\/aviacionaldia.com\/en\/wp-json\/wp\/v2\/posts\/135734","targetHints":{"allow":["GET"]}}],"collection":[{"href":"https:\/\/aviacionaldia.com\/en\/wp-json\/wp\/v2\/posts"}],"about":[{"href":"https:\/\/aviacionaldia.com\/en\/wp-json\/wp\/v2\/types\/post"}],"author":[{"embeddable":true,"href":"https:\/\/aviacionaldia.com\/en\/wp-json\/wp\/v2\/users\/4316"}],"replies":[{"embeddable":true,"href":"https:\/\/aviacionaldia.com\/en\/wp-json\/wp\/v2\/comments?post=135734"}],"version-history":[{"count":1,"href":"https:\/\/aviacionaldia.com\/en\/wp-json\/wp\/v2\/posts\/135734\/revisions"}],"predecessor-version":[{"id":135735,"href":"https:\/\/aviacionaldia.com\/en\/wp-json\/wp\/v2\/posts\/135734\/revisions\/135735"}],"wp:featuredmedia":[{"embeddable":true,"href":"https:\/\/aviacionaldia.com\/en\/wp-json\/wp\/v2\/media\/101316"}],"wp:attachment":[{"href":"https:\/\/aviacionaldia.com\/en\/wp-json\/wp\/v2\/media?parent=135734"}],"wp:term":[{"taxonomy":"category","embeddable":true,"href":"https:\/\/aviacionaldia.com\/en\/wp-json\/wp\/v2\/categories?post=135734"},{"taxonomy":"post_tag","embeddable":true,"href":"https:\/\/aviacionaldia.com\/en\/wp-json\/wp\/v2\/tags?post=135734"}],"curies":[{"name":"wp","href":"https:\/\/api.w.org\/{rel}","templated":true}]}}