{"id":136543,"date":"2023-02-10T20:00:00","date_gmt":"2023-02-10T20:00:00","guid":{"rendered":"https:\/?p=136543"},"modified":"2023-02-10T22:18:24","modified_gmt":"2023-02-10T22:18:24","slug":"embraer-bandeirante-celebrates-50-years-of-operations","status":"publish","type":"post","link":"https:\/\/aviacionaldia.com\/en\/2023\/02\/embraer-bandeirante-celebrates-50-years-of-operations.html","title":{"rendered":"Embraer Bandeirante celebrates 50 years of operations"},"content":{"rendered":"\n<p>An icon of regional aviation and precursor of the modern Brazilian aeronautical industry, the <strong>EMB 110 Bandeirante<\/strong> aircraft celebrated 50 years of operation on Thursday. The model entry into service took place on February 9th, 1973, when the first aircraft was delivered to the Brazilian Air Force (FAB), in a ceremony held at the Embraer factory in S\u00e3o Jos\u00e9 dos Campos, in S\u00e3o Paulo\u2019s countryside. The first delivery symbolized the realization of a strategic vision of transforming science and technology into a high-value industrial activity in Brazil.<\/p>\n\n\n\n<p>\u201cEmbraer and FAB are long-standing strategic partners, and the Bandeirante depicts the beginning of an important industrial cooperation. The aircraft was a milestone for the development of regional aviation worldwide and the first commercial success of the Brazilian aeronautical industry abroad. Robust and versatile, the result of an innovative project for the time, the Bandeirante was produced in versions for civil and military use, and it fills us with pride to know that many units are still in operation today,\u201d said Francisco Gomes Neto, President and CEO of Embraer.<\/p>\n\n\n\n<p><strong>Pioneer<\/strong><\/p>\n\n\n\n<p>The IPD\/PAR 6504 aeronautical project was conceived at the Aeronautics Technical Center (CTA) in Sao Jose dos Campos, Sao Paulo\u2019s countryside, and authorized by the Ministry of Aeronautics in 1965. The first flight took place on October 22nd, 1968, and the aircraft was named Bandeirante. The development had the collaboration of 170 national companies and a high degree of quality so that the components reached the precision requested for the development of the aircraft. The creation of Embraer in 1969 aimed to develop an industrial structure for the scale production of the Bandeirante, as well as to improve the initial project.<\/p>\n\n\n\n<p><strong><em>\u2192 <a href=\"https:\/en\/2023\/02\/porter-airlines-starts-flights-with-embraer-e195-e2.html\">Porter Airlines starts flights with Embraer E195-E2<\/a><\/em><\/strong><\/p>\n\n\n\n<p>Due to Brazil\u2019s vast size, the Bandeirante was conceived to provide services and connect the most diverse points of the national territory, such as the Amazon, Northeast, or Midwest of the country. The model was developed as a multiplatform and used for different missions and purposes to meet not only the needs of the FAB, but also the Brazilian airlines, such as Transbrasil and VASP, which ordered the civil version of the aircraft.<\/p>\n\n\n\n<p>Due to its well-sized project for the segment, the Bandeirante quickly conquered the international market. Thus in 1975, the first military version was exported to Uruguay, and two years later, the French airline Air Littoral became the first international customer of the civil version. In the following years, the Bandeirante would also become a reference in the North American regional market.<\/p>\n\n\n\n<p>In the FAB, the Bandeirante performed several missions, such as transporting people, cargo, and paratroopers, and was also used for flight instruction and testing. One of the highlights was the search, rescue, and reconnaissance version, which became known as Banderulha, responsible for patrolling the Brazilian maritime territory.<\/p>\n\n\n\n<p>Currently, the FAB&#8217;s Bandeirante fleet fulfills different missions in the national territory, including a relevant role in pilot training. The aircraft also stands out for its robustness and can be used in remote and difficult-to-access regions, such as the Amazon, for logistical missions and humanitarian support.<\/p>\n\n\n\n<p>The versatility made the production of the Bandeirante last for almost two decades, with 498 aircraft being delivered in 36 countries. The Bandeirante has established itself as one of the best-selling aircraft in its category and marked a new era in regional air transport in Brazil and worldwide.<\/p>\n\n\n\n<h2 class=\"wp-block-heading\" id=\"related-topics\">Related Topics<\/h2>\n\n\n\n\t\t\t<div class=\"wp-block-uagb-post-grid uagb-post-grid  uagb-post__image-position-top uagb-post__image-enabled uagb-block-8acf02d7     uagb-post__items uagb-post__columns-2 is-grid uagb-post__columns-tablet-2 uagb-post__columns-mobile-1 uagb-post__equal-height\" data-total=\"201\" style=\"\">\n\n\t\t\t\t\t\t\t\t\t\t\t\t<article class=\"uagb-post__inner-wrap\">\t\t\t\t\t\t\t\t<div class='uagb-post__image'>\n\t\t\t\t\t\t\t\t\t<a href=\"https:\/\/aviacionaldia.com\/en\/2026\/04\/biman-bangladesh-airlines-drives-growth-with-historic-order-for-14-boeing-jets.html\" target=\"_self\" rel=\"bookmark noopener noreferrer\" class='uagb-image-ratio-inherit'><img decoding=\"async\" width=\"800\" height=\"400\" src=\"https:\/\/aviacionaldia.com\/wp-content\/uploads\/2026\/04\/Biman-Bangladesh-Airlines-Pedido-de-aviones-Boeing.webp\" class=\"attachment-large size-large\" alt=\"\" srcset=\"https:\/\/aviacionaldia.com\/wp-content\/uploads\/2026\/04\/Biman-Bangladesh-Airlines-Pedido-de-aviones-Boeing.webp 800w, https:\/\/aviacionaldia.com\/wp-content\/uploads\/2026\/04\/Biman-Bangladesh-Airlines-Pedido-de-aviones-Boeing-300x150.webp 300w, https:\/\/aviacionaldia.com\/wp-content\/uploads\/2026\/04\/Biman-Bangladesh-Airlines-Pedido-de-aviones-Boeing-768x384.webp 768w, https:\/\/aviacionaldia.com\/wp-content\/uploads\/2026\/04\/Biman-Bangladesh-Airlines-Pedido-de-aviones-Boeing-380x190.webp 380w\" sizes=\"(max-width: 800px) 100vw, 800px\" \/>\t\t\t\t\t<\/a>\n\t\t\t\t\t\t\t<\/div>\n\t\t\t\t\t\t<h4 class=\"uagb-post__title uagb-post__text\">\n\t\t\t\t<a href=\"https:\/\/aviacionaldia.com\/en\/2026\/04\/biman-bangladesh-airlines-drives-growth-with-historic-order-for-14-boeing-jets.html\" target=\"_self\" rel=\"bookmark noopener noreferrer\">Biman Bangladesh Airlines Drives Growth with Historic Order for 14 Boeing Jets<\/a>\n\t\t\t<\/h4>\n\t\t\t\t\t\t<div class='uagb-post__text uagb-post-grid-byline'>\n\t\t\t\t\t\t\t<\/div>\n\t\t\t\t\t\t<div class=\"uagb-post__text uagb-post__cta wp-block-button\">\n\t\t\t\t<a class=\"wp-block-button__link uagb-text-link\" style=\"\" href=\"https:\/\/aviacionaldia.com\/en\/2026\/04\/biman-bangladesh-airlines-drives-growth-with-historic-order-for-14-boeing-jets.html\" target=\"_self\" rel=\"bookmark noopener noreferrer\">Read More<\/a>\n\t\t\t<\/div>\n\t\t\t\n\t\t\t\t\t\t\t\t\t<\/article>\n\t\t\t\t\t\t\t\t\t\t\t\t\t\t\t\t<article class=\"uagb-post__inner-wrap\">\t\t\t\t\t\t\t\t<div class='uagb-post__image'>\n\t\t\t\t\t\t\t\t\t<a href=\"https:\/\/aviacionaldia.com\/en\/2026\/04\/scat-airlines-boosts-expansion-with-new-boeing-737-max-order.html\" target=\"_self\" rel=\"bookmark noopener noreferrer\" class='uagb-image-ratio-inherit'><img decoding=\"async\" width=\"800\" height=\"400\" src=\"https:\/\/aviacionaldia.com\/wp-content\/uploads\/2026\/04\/SCAT-Airlines-Boeing-737-MAX.webp\" class=\"attachment-large size-large\" alt=\"\" srcset=\"https:\/\/aviacionaldia.com\/wp-content\/uploads\/2026\/04\/SCAT-Airlines-Boeing-737-MAX.webp 800w, https:\/\/aviacionaldia.com\/wp-content\/uploads\/2026\/04\/SCAT-Airlines-Boeing-737-MAX-300x150.webp 300w, https:\/\/aviacionaldia.com\/wp-content\/uploads\/2026\/04\/SCAT-Airlines-Boeing-737-MAX-768x384.webp 768w, https:\/\/aviacionaldia.com\/wp-content\/uploads\/2026\/04\/SCAT-Airlines-Boeing-737-MAX-380x190.webp 380w\" sizes=\"(max-width: 800px) 100vw, 800px\" \/>\t\t\t\t\t<\/a>\n\t\t\t\t\t\t\t<\/div>\n\t\t\t\t\t\t<h4 class=\"uagb-post__title uagb-post__text\">\n\t\t\t\t<a href=\"https:\/\/aviacionaldia.com\/en\/2026\/04\/scat-airlines-boosts-expansion-with-new-boeing-737-max-order.html\" target=\"_self\" rel=\"bookmark noopener noreferrer\">SCAT Airlines Boosts Expansion with New Boeing 737 MAX Order<\/a>\n\t\t\t<\/h4>\n\t\t\t\t\t\t<div class='uagb-post__text uagb-post-grid-byline'>\n\t\t\t\t\t\t\t<\/div>\n\t\t\t\t\t\t<div class=\"uagb-post__text uagb-post__cta wp-block-button\">\n\t\t\t\t<a class=\"wp-block-button__link uagb-text-link\" style=\"\" href=\"https:\/\/aviacionaldia.com\/en\/2026\/04\/scat-airlines-boosts-expansion-with-new-boeing-737-max-order.html\" target=\"_self\" rel=\"bookmark noopener noreferrer\">Read More<\/a>\n\t\t\t<\/div>\n\t\t\t\n\t\t\t\t\t\t\t\t\t<\/article>\n\t\t\t\t\t\t\t\t\t\t\t\t\t\t\t\t<article class=\"uagb-post__inner-wrap\">\t\t\t\t\t\t\t\t<div class='uagb-post__image'>\n\t\t\t\t\t\t\t\t\t<a href=\"https:\/\/aviacionaldia.com\/en\/2026\/04\/copa-airlines-orders-60-additional-boeing-737-max-jets-projects-a-fleet-of-200-by-2034.html\" target=\"_self\" rel=\"bookmark noopener noreferrer\" class='uagb-image-ratio-inherit'><img decoding=\"async\" width=\"800\" height=\"400\" src=\"https:\/\/aviacionaldia.com\/wp-content\/uploads\/2019\/02\/Copa-Airlines-Boeing-737-MAX-9.jpg\" class=\"attachment-large size-large\" alt=\"\" srcset=\"https:\/\/aviacionaldia.com\/wp-content\/uploads\/2019\/02\/Copa-Airlines-Boeing-737-MAX-9.jpg 800w, https:\/\/aviacionaldia.com\/wp-content\/uploads\/2019\/02\/Copa-Airlines-Boeing-737-MAX-9-300x150.jpg 300w, https:\/\/aviacionaldia.com\/wp-content\/uploads\/2019\/02\/Copa-Airlines-Boeing-737-MAX-9-768x384.jpg 768w, https:\/\/aviacionaldia.com\/wp-content\/uploads\/2019\/02\/Copa-Airlines-Boeing-737-MAX-9-380x190.jpg 380w\" sizes=\"(max-width: 800px) 100vw, 800px\" \/>\t\t\t\t\t<\/a>\n\t\t\t\t\t\t\t<\/div>\n\t\t\t\t\t\t<h4 class=\"uagb-post__title uagb-post__text\">\n\t\t\t\t<a href=\"https:\/\/aviacionaldia.com\/en\/2026\/04\/copa-airlines-orders-60-additional-boeing-737-max-jets-projects-a-fleet-of-200-by-2034.html\" target=\"_self\" rel=\"bookmark noopener noreferrer\">Copa Airlines Orders 60 Additional Boeing 737 MAX Jets: Projects a Fleet of 200 by 2034<\/a>\n\t\t\t<\/h4>\n\t\t\t\t\t\t<div class='uagb-post__text uagb-post-grid-byline'>\n\t\t\t\t\t\t\t<\/div>\n\t\t\t\t\t\t<div class=\"uagb-post__text uagb-post__cta wp-block-button\">\n\t\t\t\t<a class=\"wp-block-button__link uagb-text-link\" style=\"\" href=\"https:\/\/aviacionaldia.com\/en\/2026\/04\/copa-airlines-orders-60-additional-boeing-737-max-jets-projects-a-fleet-of-200-by-2034.html\" target=\"_self\" rel=\"bookmark noopener noreferrer\">Read More<\/a>\n\t\t\t<\/div>\n\t\t\t\n\t\t\t\t\t\t\t\t\t<\/article>\n\t\t\t\t\t\t\t\t\t\t\t\t\t\t\t\t<article class=\"uagb-post__inner-wrap\">\t\t\t\t\t\t\t\t<div class='uagb-post__image'>\n\t\t\t\t\t\t\t\t\t<a href=\"https:\/\/aviacionaldia.com\/en\/2026\/04\/boeing-narrows-first-quarter-losses-signals-operational-recovery.html\" target=\"_self\" rel=\"bookmark noopener noreferrer\" class='uagb-image-ratio-inherit'><img decoding=\"async\" width=\"800\" height=\"400\" src=\"https:\/\/aviacionaldia.com\/wp-content\/uploads\/2018\/10\/Boeing.jpg\" class=\"attachment-large size-large\" alt=\"\" srcset=\"https:\/\/aviacionaldia.com\/wp-content\/uploads\/2018\/10\/Boeing.jpg 800w, https:\/\/aviacionaldia.com\/wp-content\/uploads\/2018\/10\/Boeing-300x150.jpg 300w, https:\/\/aviacionaldia.com\/wp-content\/uploads\/2018\/10\/Boeing-768x384.jpg 768w, https:\/\/aviacionaldia.com\/wp-content\/uploads\/2018\/10\/Boeing-380x190.jpg 380w\" sizes=\"(max-width: 800px) 100vw, 800px\" \/>\t\t\t\t\t<\/a>\n\t\t\t\t\t\t\t<\/div>\n\t\t\t\t\t\t<h4 class=\"uagb-post__title uagb-post__text\">\n\t\t\t\t<a href=\"https:\/\/aviacionaldia.com\/en\/2026\/04\/boeing-narrows-first-quarter-losses-signals-operational-recovery.html\" target=\"_self\" rel=\"bookmark noopener noreferrer\">Boeing Narrows First-Quarter Losses, Signals Operational Recovery<\/a>\n\t\t\t<\/h4>\n\t\t\t\t\t\t<div class='uagb-post__text uagb-post-grid-byline'>\n\t\t\t\t\t\t\t<\/div>\n\t\t\t\t\t\t<div class=\"uagb-post__text uagb-post__cta wp-block-button\">\n\t\t\t\t<a class=\"wp-block-button__link uagb-text-link\" style=\"\" href=\"https:\/\/aviacionaldia.com\/en\/2026\/04\/boeing-narrows-first-quarter-losses-signals-operational-recovery.html\" target=\"_self\" rel=\"bookmark noopener noreferrer\">Read More<\/a>\n\t\t\t<\/div>\n\t\t\t\n\t\t\t\t\t\t\t\t\t<\/article>\n\t\t\t\t\t\t\t\t\t\t\t<\/div>\n\t\t\t","protected":false},"excerpt":{"rendered":"An icon of regional aviation and precursor of the modern Brazilian aeronautical industry, the EMB 110 Bandeirante aircraft&hellip;\n","protected":false},"author":4316,"featured_media":136532,"comment_status":"open","ping_status":"closed","sticky":false,"template":"","format":"standard","meta":{"_uag_custom_page_level_css":"","footnotes":""},"categories":[190],"tags":[222,306,378],"class_list":{"0":"post-136543","1":"post","2":"type-post","3":"status-publish","4":"format-standard","5":"has-post-thumbnail","7":"category-the-industry","8":"tag-aircraft","9":"tag-brazil","10":"tag-embraer-2"},"uagb_featured_image_src":{"full":["https:\/\/aviacionaldia.com\/wp-content\/uploads\/2023\/02\/Rio-Sul-Embraer-Bandeirante.jpg",800,400,false],"thumbnail":["https:\/\/aviacionaldia.com\/wp-content\/uploads\/2023\/02\/Rio-Sul-Embraer-Bandeirante-150x150.jpg",150,150,true],"medium":["https:\/\/aviacionaldia.com\/wp-content\/uploads\/2023\/02\/Rio-Sul-Embraer-Bandeirante-300x150.jpg",300,150,true],"medium_large":["https:\/\/aviacionaldia.com\/wp-content\/uploads\/2023\/02\/Rio-Sul-Embraer-Bandeirante-768x384.jpg",768,384,true],"large":["https:\/\/aviacionaldia.com\/wp-content\/uploads\/2023\/02\/Rio-Sul-Embraer-Bandeirante.jpg",800,400,false],"1536x1536":["https:\/\/aviacionaldia.com\/wp-content\/uploads\/2023\/02\/Rio-Sul-Embraer-Bandeirante.jpg",800,400,false],"2048x2048":["https:\/\/aviacionaldia.com\/wp-content\/uploads\/2023\/02\/Rio-Sul-Embraer-Bandeirante.jpg",800,400,false],"pk-small":["https:\/\/aviacionaldia.com\/wp-content\/uploads\/2023\/02\/Rio-Sul-Embraer-Bandeirante.jpg",80,40,false],"pk-thumbnail":["https:\/\/aviacionaldia.com\/wp-content\/uploads\/2023\/02\/Rio-Sul-Embraer-Bandeirante.jpg",300,150,false],"csco-small":["https:\/\/aviacionaldia.com\/wp-content\/uploads\/2023\/02\/Rio-Sul-Embraer-Bandeirante-80x80.jpg",80,80,true],"csco-intermediate":["https:\/\/aviacionaldia.com\/wp-content\/uploads\/2023\/02\/Rio-Sul-Embraer-Bandeirante-200x140.jpg",200,140,true],"csco-thumbnail":["https:\/\/aviacionaldia.com\/wp-content\/uploads\/2023\/02\/Rio-Sul-Embraer-Bandeirante-380x220.jpg",380,220,true],"csco-thumbnail-alternative":["https:\/\/aviacionaldia.com\/wp-content\/uploads\/2023\/02\/Rio-Sul-Embraer-Bandeirante-300x180.jpg",300,180,true],"csco-thumbnail-uncropped":["https:\/\/aviacionaldia.com\/wp-content\/uploads\/2023\/02\/Rio-Sul-Embraer-Bandeirante-380x190.jpg",380,190,true],"csco-medium":["https:\/\/aviacionaldia.com\/wp-content\/uploads\/2023\/02\/Rio-Sul-Embraer-Bandeirante.jpg",800,400,false],"csco-medium-alternative":["https:\/\/aviacionaldia.com\/wp-content\/uploads\/2023\/02\/Rio-Sul-Embraer-Bandeirante-560x336.jpg",560,336,true],"csco-medium-uncropped":["https:\/\/aviacionaldia.com\/wp-content\/uploads\/2023\/02\/Rio-Sul-Embraer-Bandeirante.jpg",800,400,false],"csco-large":["https:\/\/aviacionaldia.com\/wp-content\/uploads\/2023\/02\/Rio-Sul-Embraer-Bandeirante.jpg",800,400,false],"csco-large-uncropped":["https:\/\/aviacionaldia.com\/wp-content\/uploads\/2023\/02\/Rio-Sul-Embraer-Bandeirante.jpg",800,400,false],"csco-extra-large":["https:\/\/aviacionaldia.com\/wp-content\/uploads\/2023\/02\/Rio-Sul-Embraer-Bandeirante.jpg",800,400,false]},"uagb_author_info":{"display_name":"Redacci\u00f3n - Aviaci\u00f3n al D\u00eda","author_link":"https:\/\/aviacionaldia.com\/en\/author\/aad"},"uagb_comment_info":0,"uagb_excerpt":"An icon of regional aviation and precursor of the modern Brazilian aeronautical industry, the EMB 110 Bandeirante aircraft&hellip;","amp_enabled":true,"_links":{"self":[{"href":"https:\/\/aviacionaldia.com\/en\/wp-json\/wp\/v2\/posts\/136543","targetHints":{"allow":["GET"]}}],"collection":[{"href":"https:\/\/aviacionaldia.com\/en\/wp-json\/wp\/v2\/posts"}],"about":[{"href":"https:\/\/aviacionaldia.com\/en\/wp-json\/wp\/v2\/types\/post"}],"author":[{"embeddable":true,"href":"https:\/\/aviacionaldia.com\/en\/wp-json\/wp\/v2\/users\/4316"}],"replies":[{"embeddable":true,"href":"https:\/\/aviacionaldia.com\/en\/wp-json\/wp\/v2\/comments?post=136543"}],"version-history":[{"count":1,"href":"https:\/\/aviacionaldia.com\/en\/wp-json\/wp\/v2\/posts\/136543\/revisions"}],"predecessor-version":[{"id":136544,"href":"https:\/\/aviacionaldia.com\/en\/wp-json\/wp\/v2\/posts\/136543\/revisions\/136544"}],"wp:featuredmedia":[{"embeddable":true,"href":"https:\/\/aviacionaldia.com\/en\/wp-json\/wp\/v2\/media\/136532"}],"wp:attachment":[{"href":"https:\/\/aviacionaldia.com\/en\/wp-json\/wp\/v2\/media?parent=136543"}],"wp:term":[{"taxonomy":"category","embeddable":true,"href":"https:\/\/aviacionaldia.com\/en\/wp-json\/wp\/v2\/categories?post=136543"},{"taxonomy":"post_tag","embeddable":true,"href":"https:\/\/aviacionaldia.com\/en\/wp-json\/wp\/v2\/tags?post=136543"}],"curies":[{"name":"wp","href":"https:\/\/api.w.org\/{rel}","templated":true}]}}