{"id":138756,"date":"2023-04-20T08:00:00","date_gmt":"2023-04-20T08:00:00","guid":{"rendered":"https:\/?p=138756"},"modified":"2023-04-20T22:10:44","modified_gmt":"2023-04-20T22:10:44","slug":"avianca-will-temporarily-operate-the-bogota-los-angeles-and-san-salvador-madrid-routes-through-wet-lease-with-wamos-air","status":"publish","type":"post","link":"https:\/\/aviacionaldia.com\/en\/2023\/04\/avianca-will-temporarily-operate-the-bogota-los-angeles-and-san-salvador-madrid-routes-through-wet-lease-with-wamos-air.html","title":{"rendered":"Avianca will temporarily operate the Bogot\u00e1-Los Angeles and San Salvador-Madrid routes through Wet Lease with Wamos Air"},"content":{"rendered":"\n<p>Seeking to have a greater capacity and offer in its route network, <strong>Avianca<\/strong> contracted the airline<strong> Wamos Air <\/strong>to operate its Bogota &#8211; Los Angeles &#8211; Bogota flights and the new seasonal route San Salvador &#8211; Madrid &#8211; San Salvador.<\/p>\n\n\n\n<p>This airline has already provided its services to Avianca, allowing it to maintain its commitment to travelers and reliably comply with scheduled itineraries. The wet lease modality (aircraft leasing) is a common practice in the airline industry that seeks to support commercial airline operations, when necessary, such as additional flights for high season or to maintain route network capacity.<\/p>\n\n\n\n<p><strong><em>\u2192 <a href=\"https:\/en\/2023\/04\/avianca-to-fly-between-san-salvador-and-las-vegas.html\">Avianca to fly between San Salvador and Las Vegas starting in July<\/a><\/em><\/strong><\/p>\n\n\n\n<p><strong>About the Bogota &#8211; Los Angeles &#8211; Bogota route:<\/strong><\/p>\n\n\n\n<p>In preparation for the incorporation of more Boeing 787 aircraft to its fleet, Avianca will operate in wet lease with Wamos Air the Bogota &#8211; Los Angeles &#8211; Bogota flights between April 20 and October 28, such operation will be in an Airbus A330-200 aircraft with capacity for 241 passengers.<\/p>\n\n\n\n<p><strong>About the San Salvador &#8211; Madrid &#8211; San Salvador route:<\/strong><\/p>\n\n\n\n<p>The new route will be available to fly between June 20 and September 20, 2023, with 3 weekly flights on Wamos Air&#8217;s Airbus A330 aircraft.<\/p>\n\n\n\n<p>Photo: Russell Lee\/<a href=\"https:\/\/commons.wikimedia.org\/wiki\/File:Wamos_Air_Airbus_A330_G-EOMA_%2825351740830%29.jpg\" target=\"_blank\" rel=\"noreferrer noopener nofollow\">Wikimedia<\/a><\/p>\n\n\n\n<h2 class=\"wp-block-heading\" id=\"related-topics\">Related Topics<\/h2>\n\n\n\n\t\t\t<div class=\"wp-block-uagb-post-grid uagb-post-grid  uagb-post__image-position-top uagb-post__image-enabled uagb-block-44e0f452     uagb-post__items uagb-post__columns-2 is-grid uagb-post__columns-tablet-2 uagb-post__columns-mobile-1 uagb-post__equal-height\" data-total=\"468\" style=\"\">\n\n\t\t\t\t\t\t\t\t\t\t\t\t<article class=\"uagb-post__inner-wrap\">\t\t\t\t\t\t\t\t<div class='uagb-post__image'>\n\t\t\t\t\t\t\t\t\t<a href=\"https:\/\/aviacionaldia.com\/en\/2026\/04\/air-premia-launches-new-route-between-seoul-and-washington-d-c.html\" target=\"_self\" rel=\"bookmark noopener noreferrer\" class='uagb-image-ratio-inherit'><img decoding=\"async\" width=\"800\" height=\"400\" src=\"https:\/\/aviacionaldia.com\/wp-content\/uploads\/2026\/04\/Air-Premia-Vuelos-a-Washington-D.C.webp\" class=\"attachment-large size-large\" alt=\"\" srcset=\"https:\/\/aviacionaldia.com\/wp-content\/uploads\/2026\/04\/Air-Premia-Vuelos-a-Washington-D.C.webp 800w, https:\/\/aviacionaldia.com\/wp-content\/uploads\/2026\/04\/Air-Premia-Vuelos-a-Washington-D.C-300x150.webp 300w, https:\/\/aviacionaldia.com\/wp-content\/uploads\/2026\/04\/Air-Premia-Vuelos-a-Washington-D.C-768x384.webp 768w, https:\/\/aviacionaldia.com\/wp-content\/uploads\/2026\/04\/Air-Premia-Vuelos-a-Washington-D.C-380x190.webp 380w\" sizes=\"(max-width: 800px) 100vw, 800px\" \/>\t\t\t\t\t<\/a>\n\t\t\t\t\t\t\t<\/div>\n\t\t\t\t\t\t<h4 class=\"uagb-post__title uagb-post__text\">\n\t\t\t\t<a href=\"https:\/\/aviacionaldia.com\/en\/2026\/04\/air-premia-launches-new-route-between-seoul-and-washington-d-c.html\" target=\"_self\" rel=\"bookmark noopener noreferrer\">Air Premia Launches New Route Between Seoul and Washington D.C.<\/a>\n\t\t\t<\/h4>\n\t\t\t\t\t\t<div class='uagb-post__text uagb-post-grid-byline'>\n\t\t\t\t\t\t\t<\/div>\n\t\t\t\t\t\t<div class=\"uagb-post__text uagb-post__cta wp-block-button\">\n\t\t\t\t<a class=\"wp-block-button__link uagb-text-link\" style=\"\" href=\"https:\/\/aviacionaldia.com\/en\/2026\/04\/air-premia-launches-new-route-between-seoul-and-washington-d-c.html\" target=\"_self\" rel=\"bookmark noopener noreferrer\">Read More<\/a>\n\t\t\t<\/div>\n\t\t\t\n\t\t\t\t\t\t\t\t\t<\/article>\n\t\t\t\t\t\t\t\t\t\t\t\t\t\t\t\t<article class=\"uagb-post__inner-wrap\">\t\t\t\t\t\t\t\t<div class='uagb-post__image'>\n\t\t\t\t\t\t\t\t\t<a href=\"https:\/\/aviacionaldia.com\/en\/2026\/04\/united-reveals-details-of-failed-merger-proposal-with-american-airlines-global-giant-that-never-took-flight.html\" target=\"_self\" rel=\"bookmark noopener noreferrer\" class='uagb-image-ratio-inherit'><img decoding=\"async\" width=\"800\" height=\"400\" src=\"https:\/\/aviacionaldia.com\/wp-content\/uploads\/2026\/01\/United-Airlines-American-Airlines.webp\" class=\"attachment-large size-large\" alt=\"\" srcset=\"https:\/\/aviacionaldia.com\/wp-content\/uploads\/2026\/01\/United-Airlines-American-Airlines.webp 800w, https:\/\/aviacionaldia.com\/wp-content\/uploads\/2026\/01\/United-Airlines-American-Airlines-300x150.webp 300w, https:\/\/aviacionaldia.com\/wp-content\/uploads\/2026\/01\/United-Airlines-American-Airlines-768x384.webp 768w, https:\/\/aviacionaldia.com\/wp-content\/uploads\/2026\/01\/United-Airlines-American-Airlines-380x190.webp 380w\" sizes=\"(max-width: 800px) 100vw, 800px\" \/>\t\t\t\t\t<\/a>\n\t\t\t\t\t\t\t<\/div>\n\t\t\t\t\t\t<h4 class=\"uagb-post__title uagb-post__text\">\n\t\t\t\t<a href=\"https:\/\/aviacionaldia.com\/en\/2026\/04\/united-reveals-details-of-failed-merger-proposal-with-american-airlines-global-giant-that-never-took-flight.html\" target=\"_self\" rel=\"bookmark noopener noreferrer\">United Reveals Details of Failed Merger Proposal with American Airlines: Global Giant That Never Took Flight<\/a>\n\t\t\t<\/h4>\n\t\t\t\t\t\t<div class='uagb-post__text uagb-post-grid-byline'>\n\t\t\t\t\t\t\t<\/div>\n\t\t\t\t\t\t<div class=\"uagb-post__text uagb-post__cta wp-block-button\">\n\t\t\t\t<a class=\"wp-block-button__link uagb-text-link\" style=\"\" href=\"https:\/\/aviacionaldia.com\/en\/2026\/04\/united-reveals-details-of-failed-merger-proposal-with-american-airlines-global-giant-that-never-took-flight.html\" target=\"_self\" rel=\"bookmark noopener noreferrer\">Read More<\/a>\n\t\t\t<\/div>\n\t\t\t\n\t\t\t\t\t\t\t\t\t<\/article>\n\t\t\t\t\t\t\t\t\t\t\t\t\t\t\t\t<article class=\"uagb-post__inner-wrap\">\t\t\t\t\t\t\t\t<div class='uagb-post__image'>\n\t\t\t\t\t\t\t\t\t<a href=\"https:\/\/aviacionaldia.com\/en\/2026\/04\/copa-airlines-consolidates-leadership-in-venezuela-connecting-17-u-s-destinations-from-5-domestic-cities.html\" target=\"_self\" rel=\"bookmark noopener noreferrer\" class='uagb-image-ratio-inherit'><img decoding=\"async\" width=\"800\" height=\"400\" src=\"https:\/\/aviacionaldia.com\/wp-content\/uploads\/2023\/06\/Copa-Airlines-Boeing-737.jpg\" class=\"attachment-large size-large\" alt=\"\" srcset=\"https:\/\/aviacionaldia.com\/wp-content\/uploads\/2023\/06\/Copa-Airlines-Boeing-737.jpg 800w, https:\/\/aviacionaldia.com\/wp-content\/uploads\/2023\/06\/Copa-Airlines-Boeing-737-300x150.jpg 300w, https:\/\/aviacionaldia.com\/wp-content\/uploads\/2023\/06\/Copa-Airlines-Boeing-737-768x384.jpg 768w, https:\/\/aviacionaldia.com\/wp-content\/uploads\/2023\/06\/Copa-Airlines-Boeing-737-380x190.jpg 380w\" sizes=\"(max-width: 800px) 100vw, 800px\" \/>\t\t\t\t\t<\/a>\n\t\t\t\t\t\t\t<\/div>\n\t\t\t\t\t\t<h4 class=\"uagb-post__title uagb-post__text\">\n\t\t\t\t<a href=\"https:\/\/aviacionaldia.com\/en\/2026\/04\/copa-airlines-consolidates-leadership-in-venezuela-connecting-17-u-s-destinations-from-5-domestic-cities.html\" target=\"_self\" rel=\"bookmark noopener noreferrer\">Copa Airlines Consolidates Leadership in Venezuela: Connecting 17 U.S. Destinations from 5 Domestic Cities<\/a>\n\t\t\t<\/h4>\n\t\t\t\t\t\t<div class='uagb-post__text uagb-post-grid-byline'>\n\t\t\t\t\t\t\t<\/div>\n\t\t\t\t\t\t<div class=\"uagb-post__text uagb-post__cta wp-block-button\">\n\t\t\t\t<a class=\"wp-block-button__link uagb-text-link\" style=\"\" href=\"https:\/\/aviacionaldia.com\/en\/2026\/04\/copa-airlines-consolidates-leadership-in-venezuela-connecting-17-u-s-destinations-from-5-domestic-cities.html\" target=\"_self\" rel=\"bookmark noopener noreferrer\">Read More<\/a>\n\t\t\t<\/div>\n\t\t\t\n\t\t\t\t\t\t\t\t\t<\/article>\n\t\t\t\t\t\t\t\t\t\t\t\t\t\t\t\t<article class=\"uagb-post__inner-wrap\">\t\t\t\t\t\t\t\t<div class='uagb-post__image'>\n\t\t\t\t\t\t\t\t\t<a href=\"https:\/\/aviacionaldia.com\/en\/2026\/04\/us-low-cost-carriers-request-2-5-billion-relief-plan-from-white-house.html\" target=\"_self\" rel=\"bookmark noopener noreferrer\" class='uagb-image-ratio-inherit'><img decoding=\"async\" width=\"800\" height=\"400\" src=\"https:\/\/aviacionaldia.com\/wp-content\/uploads\/2022\/05\/aviones.jpg\" class=\"attachment-large size-large\" alt=\"\" srcset=\"https:\/\/aviacionaldia.com\/wp-content\/uploads\/2022\/05\/aviones.jpg 800w, https:\/\/aviacionaldia.com\/wp-content\/uploads\/2022\/05\/aviones-300x150.jpg 300w, https:\/\/aviacionaldia.com\/wp-content\/uploads\/2022\/05\/aviones-768x384.jpg 768w, https:\/\/aviacionaldia.com\/wp-content\/uploads\/2022\/05\/aviones-380x190.jpg 380w\" sizes=\"(max-width: 800px) 100vw, 800px\" \/>\t\t\t\t\t<\/a>\n\t\t\t\t\t\t\t<\/div>\n\t\t\t\t\t\t<h4 class=\"uagb-post__title uagb-post__text\">\n\t\t\t\t<a href=\"https:\/\/aviacionaldia.com\/en\/2026\/04\/us-low-cost-carriers-request-2-5-billion-relief-plan-from-white-house.html\" target=\"_self\" rel=\"bookmark noopener noreferrer\">US Low-Cost Carriers Request $2.5 Billion Relief Plan from White House<\/a>\n\t\t\t<\/h4>\n\t\t\t\t\t\t<div class='uagb-post__text uagb-post-grid-byline'>\n\t\t\t\t\t\t\t<\/div>\n\t\t\t\t\t\t<div class=\"uagb-post__text uagb-post__cta wp-block-button\">\n\t\t\t\t<a class=\"wp-block-button__link uagb-text-link\" style=\"\" href=\"https:\/\/aviacionaldia.com\/en\/2026\/04\/us-low-cost-carriers-request-2-5-billion-relief-plan-from-white-house.html\" target=\"_self\" rel=\"bookmark noopener noreferrer\">Read More<\/a>\n\t\t\t<\/div>\n\t\t\t\n\t\t\t\t\t\t\t\t\t<\/article>\n\t\t\t\t\t\t\t\t\t\t\t<\/div>\n\t\t\t","protected":false},"excerpt":{"rendered":"Seeking to have a greater capacity and offer in its route network, Avianca contracted the airline Wamos Air&hellip;\n","protected":false},"author":4316,"featured_media":138726,"comment_status":"open","ping_status":"closed","sticky":false,"template":"","format":"standard","meta":{"_uag_custom_page_level_css":"","footnotes":""},"categories":[1],"tags":[230,197,207,198,998],"class_list":{"0":"post-138756","1":"post","2":"type-post","3":"status-publish","4":"format-standard","5":"has-post-thumbnail","7":"category-airlines","8":"tag-airline","9":"tag-airlines","10":"tag-avianca-2","11":"tag-flights","12":"tag-wamos-air-2"},"uagb_featured_image_src":{"full":["https:\/\/aviacionaldia.com\/wp-content\/uploads\/2023\/04\/Vamos-Air-Airbus-A330.jpg",800,400,false],"thumbnail":["https:\/\/aviacionaldia.com\/wp-content\/uploads\/2023\/04\/Vamos-Air-Airbus-A330-150x150.jpg",150,150,true],"medium":["https:\/\/aviacionaldia.com\/wp-content\/uploads\/2023\/04\/Vamos-Air-Airbus-A330-300x150.jpg",300,150,true],"medium_large":["https:\/\/aviacionaldia.com\/wp-content\/uploads\/2023\/04\/Vamos-Air-Airbus-A330-768x384.jpg",768,384,true],"large":["https:\/\/aviacionaldia.com\/wp-content\/uploads\/2023\/04\/Vamos-Air-Airbus-A330.jpg",800,400,false],"1536x1536":["https:\/\/aviacionaldia.com\/wp-content\/uploads\/2023\/04\/Vamos-Air-Airbus-A330.jpg",800,400,false],"2048x2048":["https:\/\/aviacionaldia.com\/wp-content\/uploads\/2023\/04\/Vamos-Air-Airbus-A330.jpg",800,400,false],"pk-small":["https:\/\/aviacionaldia.com\/wp-content\/uploads\/2023\/04\/Vamos-Air-Airbus-A330.jpg",80,40,false],"pk-thumbnail":["https:\/\/aviacionaldia.com\/wp-content\/uploads\/2023\/04\/Vamos-Air-Airbus-A330.jpg",300,150,false],"csco-small":["https:\/\/aviacionaldia.com\/wp-content\/uploads\/2023\/04\/Vamos-Air-Airbus-A330-80x80.jpg",80,80,true],"csco-intermediate":["https:\/\/aviacionaldia.com\/wp-content\/uploads\/2023\/04\/Vamos-Air-Airbus-A330-200x140.jpg",200,140,true],"csco-thumbnail":["https:\/\/aviacionaldia.com\/wp-content\/uploads\/2023\/04\/Vamos-Air-Airbus-A330-380x220.jpg",380,220,true],"csco-thumbnail-alternative":["https:\/\/aviacionaldia.com\/wp-content\/uploads\/2023\/04\/Vamos-Air-Airbus-A330-300x180.jpg",300,180,true],"csco-thumbnail-uncropped":["https:\/\/aviacionaldia.com\/wp-content\/uploads\/2023\/04\/Vamos-Air-Airbus-A330-380x190.jpg",380,190,true],"csco-medium":["https:\/\/aviacionaldia.com\/wp-content\/uploads\/2023\/04\/Vamos-Air-Airbus-A330.jpg",800,400,false],"csco-medium-alternative":["https:\/\/aviacionaldia.com\/wp-content\/uploads\/2023\/04\/Vamos-Air-Airbus-A330-560x336.jpg",560,336,true],"csco-medium-uncropped":["https:\/\/aviacionaldia.com\/wp-content\/uploads\/2023\/04\/Vamos-Air-Airbus-A330.jpg",800,400,false],"csco-large":["https:\/\/aviacionaldia.com\/wp-content\/uploads\/2023\/04\/Vamos-Air-Airbus-A330.jpg",800,400,false],"csco-large-uncropped":["https:\/\/aviacionaldia.com\/wp-content\/uploads\/2023\/04\/Vamos-Air-Airbus-A330.jpg",800,400,false],"csco-extra-large":["https:\/\/aviacionaldia.com\/wp-content\/uploads\/2023\/04\/Vamos-Air-Airbus-A330.jpg",800,400,false]},"uagb_author_info":{"display_name":"Redacci\u00f3n - Aviaci\u00f3n al D\u00eda","author_link":"https:\/\/aviacionaldia.com\/en\/author\/aad"},"uagb_comment_info":0,"uagb_excerpt":"Seeking to have a greater capacity and offer in its route network, Avianca contracted the airline Wamos Air&hellip;","amp_enabled":true,"_links":{"self":[{"href":"https:\/\/aviacionaldia.com\/en\/wp-json\/wp\/v2\/posts\/138756","targetHints":{"allow":["GET"]}}],"collection":[{"href":"https:\/\/aviacionaldia.com\/en\/wp-json\/wp\/v2\/posts"}],"about":[{"href":"https:\/\/aviacionaldia.com\/en\/wp-json\/wp\/v2\/types\/post"}],"author":[{"embeddable":true,"href":"https:\/\/aviacionaldia.com\/en\/wp-json\/wp\/v2\/users\/4316"}],"replies":[{"embeddable":true,"href":"https:\/\/aviacionaldia.com\/en\/wp-json\/wp\/v2\/comments?post=138756"}],"version-history":[{"count":1,"href":"https:\/\/aviacionaldia.com\/en\/wp-json\/wp\/v2\/posts\/138756\/revisions"}],"predecessor-version":[{"id":138758,"href":"https:\/\/aviacionaldia.com\/en\/wp-json\/wp\/v2\/posts\/138756\/revisions\/138758"}],"wp:featuredmedia":[{"embeddable":true,"href":"https:\/\/aviacionaldia.com\/en\/wp-json\/wp\/v2\/media\/138726"}],"wp:attachment":[{"href":"https:\/\/aviacionaldia.com\/en\/wp-json\/wp\/v2\/media?parent=138756"}],"wp:term":[{"taxonomy":"category","embeddable":true,"href":"https:\/\/aviacionaldia.com\/en\/wp-json\/wp\/v2\/categories?post=138756"},{"taxonomy":"post_tag","embeddable":true,"href":"https:\/\/aviacionaldia.com\/en\/wp-json\/wp\/v2\/tags?post=138756"}],"curies":[{"name":"wp","href":"https:\/\/api.w.org\/{rel}","templated":true}]}}