{"id":140116,"date":"2023-06-03T14:58:56","date_gmt":"2023-06-03T14:58:56","guid":{"rendered":"https:\/?p=140116"},"modified":"2023-06-03T14:59:00","modified_gmt":"2023-06-03T14:59:00","slug":"lufthansa-resumed-flights-with-airbus-a380","status":"publish","type":"post","link":"https:\/\/aviacionaldia.com\/en\/2023\/06\/lufthansa-resumed-flights-with-airbus-a380.html","title":{"rendered":"Lufthansa resumed flights with Airbus A380"},"content":{"rendered":"\n<p>After more than three years, German airline<strong> Lufthansa <\/strong>resumed scheduled operations with the <strong>Airbus A380<\/strong>, the world&#8217;s largest passenger aircraft, on June 1.<\/p>\n\n\n\n<p>The aircraft, registered D-AIMK and 9.6 years old, took off for Boston from Munich.<\/p>\n\n\n\n<figure class=\"wp-block-embed is-type-rich is-provider-twitter wp-block-embed-twitter\"><div class=\"wp-block-embed__wrapper\">\n<blockquote class=\"twitter-tweet\" data-width=\"550\" data-dnt=\"true\"><p lang=\"en\" dir=\"ltr\">The time has come. After a three-year break and many months of reactivation, the largest passenger aircraft is once again ready for service. In a few minutes, the first A380 D-AIMK with flight number LH424 takes off for its maiden flight from <a href=\"https:\/\/twitter.com\/MUC_Airport?ref_src=twsrc%5Etfw\">@MUC_Airport<\/a> to Boston.\ud83c\uddfa\ud83c\uddf8 <a href=\"https:\/\/t.co\/BO3QI0ooMK\">pic.twitter.com\/BO3QI0ooMK<\/a><\/p>&mdash; Lufthansa News (@lufthansaNews) <a href=\"https:\/\/twitter.com\/lufthansaNews\/status\/1664264082650980355?ref_src=twsrc%5Etfw\">June 1, 2023<\/a><\/blockquote><script async src=\"https:\/\/platform.twitter.com\/widgets.js\" charset=\"utf-8\"><\/script>\n<\/div><\/figure>\n\n\n\n<p>On the same day, another of the airline&#8217;s A380s, registration D-AIML, took off from Frankfurt for Manila, Philippines, on an apparent training flight.<\/p>\n\n\n\n<p>Recall that at the beginning of the pandemic, Lufthansa management concluded that the aircraft would not be used again due to high operating costs. However, in June 2022 the airline announced that it would reactivate the A380s in response to a sharp increase in demand and a delay in the delivery of new aircraft.<\/p>\n\n\n\n<p>Of the 14 A380s that Lufthansa took delivery of, it currently has eight, as six were sold to Airbus.<\/p>\n\n\n\n<h2 class=\"wp-block-heading\" id=\"related-topics\">Related Topics<\/h2>\n\n\n\n\t\t\t<div class=\"wp-block-uagb-post-grid uagb-post-grid  uagb-post__image-position-top uagb-post__image-enabled uagb-block-a10fd369     uagb-post__items uagb-post__columns-2 is-grid uagb-post__columns-tablet-2 uagb-post__columns-mobile-1 uagb-post__equal-height\" data-total=\"432\" style=\"\">\n\n\t\t\t\t\t\t\t\t\t\t\t\t<article class=\"uagb-post__inner-wrap\">\t\t\t\t\t\t\t\t<div class='uagb-post__image'>\n\t\t\t\t\t\t\t\t\t<a href=\"https:\/\/aviacionaldia.com\/en\/2026\/08\/avianca-strengthens-cross-border-network-launches-daily-flights-between-bogota-and-maracaibo-venezuela.html\" target=\"_self\" rel=\"bookmark noopener noreferrer\" class='uagb-image-ratio-inherit'><img decoding=\"async\" width=\"800\" height=\"400\" src=\"https:\/\/aviacionaldia.com\/wp-content\/uploads\/2021\/04\/Avianca-A320.jpg\" class=\"attachment-large size-large\" alt=\"\" srcset=\"https:\/\/aviacionaldia.com\/wp-content\/uploads\/2021\/04\/Avianca-A320.jpg 800w, https:\/\/aviacionaldia.com\/wp-content\/uploads\/2021\/04\/Avianca-A320-300x150.jpg 300w, https:\/\/aviacionaldia.com\/wp-content\/uploads\/2021\/04\/Avianca-A320-768x384.jpg 768w, https:\/\/aviacionaldia.com\/wp-content\/uploads\/2021\/04\/Avianca-A320-380x190.jpg 380w\" sizes=\"(max-width: 800px) 100vw, 800px\" \/>\t\t\t\t\t<\/a>\n\t\t\t\t\t\t\t<\/div>\n\t\t\t\t\t\t<h4 class=\"uagb-post__title uagb-post__text\">\n\t\t\t\t<a href=\"https:\/\/aviacionaldia.com\/en\/2026\/08\/avianca-strengthens-cross-border-network-launches-daily-flights-between-bogota-and-maracaibo-venezuela.html\" target=\"_self\" rel=\"bookmark noopener noreferrer\">Avianca Strengthens Cross-Border Network: Launches Daily Flights Between Bogot\u00e1 and Maracaibo, Venezuela<\/a>\n\t\t\t<\/h4>\n\t\t\t\t\t\t<div class='uagb-post__text uagb-post-grid-byline'>\n\t\t\t\t\t\t\t<\/div>\n\t\t\t\t\t\t<div class=\"uagb-post__text uagb-post__cta wp-block-button\">\n\t\t\t\t<a class=\"wp-block-button__link uagb-text-link\" style=\"\" href=\"https:\/\/aviacionaldia.com\/en\/2026\/08\/avianca-strengthens-cross-border-network-launches-daily-flights-between-bogota-and-maracaibo-venezuela.html\" target=\"_self\" rel=\"bookmark noopener noreferrer\">Read More<\/a>\n\t\t\t<\/div>\n\t\t\t\n\t\t\t\t\t\t\t\t\t<\/article>\n\t\t\t\t\t\t\t\t\t\t\t\t\t\t\t\t<article class=\"uagb-post__inner-wrap\">\t\t\t\t\t\t\t\t<div class='uagb-post__image'>\n\t\t\t\t\t\t\t\t\t<a href=\"https:\/\/aviacionaldia.com\/en\/2026\/08\/latam-to-expand-international-connectivity-with-new-direct-route-between-santiago-de-chile-and-salvador-de-bahia.html\" target=\"_self\" rel=\"bookmark noopener noreferrer\" class='uagb-image-ratio-inherit'><img decoding=\"async\" width=\"800\" height=\"400\" src=\"https:\/\/aviacionaldia.com\/wp-content\/uploads\/2024\/12\/LATAM-Airlines-Airbus-A320.jpg\" class=\"attachment-large size-large\" alt=\"\" srcset=\"https:\/\/aviacionaldia.com\/wp-content\/uploads\/2024\/12\/LATAM-Airlines-Airbus-A320.jpg 800w, https:\/\/aviacionaldia.com\/wp-content\/uploads\/2024\/12\/LATAM-Airlines-Airbus-A320-300x150.jpg 300w, https:\/\/aviacionaldia.com\/wp-content\/uploads\/2024\/12\/LATAM-Airlines-Airbus-A320-768x384.jpg 768w, https:\/\/aviacionaldia.com\/wp-content\/uploads\/2024\/12\/LATAM-Airlines-Airbus-A320-380x190.jpg 380w\" sizes=\"(max-width: 800px) 100vw, 800px\" \/>\t\t\t\t\t<\/a>\n\t\t\t\t\t\t\t<\/div>\n\t\t\t\t\t\t<h4 class=\"uagb-post__title uagb-post__text\">\n\t\t\t\t<a href=\"https:\/\/aviacionaldia.com\/en\/2026\/08\/latam-to-expand-international-connectivity-with-new-direct-route-between-santiago-de-chile-and-salvador-de-bahia.html\" target=\"_self\" rel=\"bookmark noopener noreferrer\">LATAM to Expand International Connectivity With New Direct Route Between Santiago de Chile and Salvador de Bahia<\/a>\n\t\t\t<\/h4>\n\t\t\t\t\t\t<div class='uagb-post__text uagb-post-grid-byline'>\n\t\t\t\t\t\t\t<\/div>\n\t\t\t\t\t\t<div class=\"uagb-post__text uagb-post__cta wp-block-button\">\n\t\t\t\t<a class=\"wp-block-button__link uagb-text-link\" style=\"\" href=\"https:\/\/aviacionaldia.com\/en\/2026\/08\/latam-to-expand-international-connectivity-with-new-direct-route-between-santiago-de-chile-and-salvador-de-bahia.html\" target=\"_self\" rel=\"bookmark noopener noreferrer\">Read More<\/a>\n\t\t\t<\/div>\n\t\t\t\n\t\t\t\t\t\t\t\t\t<\/article>\n\t\t\t\t\t\t\t\t\t\t\t\t\t\t\t\t<article class=\"uagb-post__inner-wrap\">\t\t\t\t\t\t\t\t<div class='uagb-post__image'>\n\t\t\t\t\t\t\t\t\t<a href=\"https:\/\/aviacionaldia.com\/en\/2026\/08\/copa-airlines-resumes-caracas-flights-in-september-following-earthquakes.html\" target=\"_self\" rel=\"bookmark noopener noreferrer\" class='uagb-image-ratio-inherit'><img decoding=\"async\" width=\"800\" height=\"400\" src=\"https:\/\/aviacionaldia.com\/wp-content\/uploads\/2023\/09\/Copa-Airlines-737-MAX.jpg\" class=\"attachment-large size-large\" alt=\"\" srcset=\"https:\/\/aviacionaldia.com\/wp-content\/uploads\/2023\/09\/Copa-Airlines-737-MAX.jpg 800w, https:\/\/aviacionaldia.com\/wp-content\/uploads\/2023\/09\/Copa-Airlines-737-MAX-300x150.jpg 300w, https:\/\/aviacionaldia.com\/wp-content\/uploads\/2023\/09\/Copa-Airlines-737-MAX-768x384.jpg 768w, https:\/\/aviacionaldia.com\/wp-content\/uploads\/2023\/09\/Copa-Airlines-737-MAX-380x190.jpg 380w\" sizes=\"(max-width: 800px) 100vw, 800px\" \/>\t\t\t\t\t<\/a>\n\t\t\t\t\t\t\t<\/div>\n\t\t\t\t\t\t<h4 class=\"uagb-post__title uagb-post__text\">\n\t\t\t\t<a href=\"https:\/\/aviacionaldia.com\/en\/2026\/08\/copa-airlines-resumes-caracas-flights-in-september-following-earthquakes.html\" target=\"_self\" rel=\"bookmark noopener noreferrer\">Copa Airlines Resumes Caracas Flights in September Following Earthquakes<\/a>\n\t\t\t<\/h4>\n\t\t\t\t\t\t<div class='uagb-post__text uagb-post-grid-byline'>\n\t\t\t\t\t\t\t<\/div>\n\t\t\t\t\t\t<div class=\"uagb-post__text uagb-post__cta wp-block-button\">\n\t\t\t\t<a class=\"wp-block-button__link uagb-text-link\" style=\"\" href=\"https:\/\/aviacionaldia.com\/en\/2026\/08\/copa-airlines-resumes-caracas-flights-in-september-following-earthquakes.html\" target=\"_self\" rel=\"bookmark noopener noreferrer\">Read More<\/a>\n\t\t\t<\/div>\n\t\t\t\n\t\t\t\t\t\t\t\t\t<\/article>\n\t\t\t\t\t\t\t\t\t\t\t\t\t\t\t\t<article class=\"uagb-post__inner-wrap\">\t\t\t\t\t\t\t\t<div class='uagb-post__image'>\n\t\t\t\t\t\t\t\t\t<a href=\"https:\/\/aviacionaldia.com\/en\/2026\/08\/aerolineas-argentinas-boosts-international-network-with-two-new-southern-summer-destinations-curacao-and-cartagena.html\" target=\"_self\" rel=\"bookmark noopener noreferrer\" class='uagb-image-ratio-inherit'><img decoding=\"async\" width=\"800\" height=\"400\" src=\"https:\/\/aviacionaldia.com\/wp-content\/uploads\/2026\/01\/Aerolineas-Argentinas-Boeing-737.webp\" class=\"attachment-large size-large\" alt=\"\" srcset=\"https:\/\/aviacionaldia.com\/wp-content\/uploads\/2026\/01\/Aerolineas-Argentinas-Boeing-737.webp 800w, https:\/\/aviacionaldia.com\/wp-content\/uploads\/2026\/01\/Aerolineas-Argentinas-Boeing-737-300x150.webp 300w, https:\/\/aviacionaldia.com\/wp-content\/uploads\/2026\/01\/Aerolineas-Argentinas-Boeing-737-768x384.webp 768w, https:\/\/aviacionaldia.com\/wp-content\/uploads\/2026\/01\/Aerolineas-Argentinas-Boeing-737-380x190.webp 380w\" sizes=\"(max-width: 800px) 100vw, 800px\" \/>\t\t\t\t\t<\/a>\n\t\t\t\t\t\t\t<\/div>\n\t\t\t\t\t\t<h4 class=\"uagb-post__title uagb-post__text\">\n\t\t\t\t<a href=\"https:\/\/aviacionaldia.com\/en\/2026\/08\/aerolineas-argentinas-boosts-international-network-with-two-new-southern-summer-destinations-curacao-and-cartagena.html\" target=\"_self\" rel=\"bookmark noopener noreferrer\">Aerol\u00edneas Argentinas Boosts International Network With Two New Southern Summer Destinations: Cura\u00e7ao and Cartagena<\/a>\n\t\t\t<\/h4>\n\t\t\t\t\t\t<div class='uagb-post__text uagb-post-grid-byline'>\n\t\t\t\t\t\t\t<\/div>\n\t\t\t\t\t\t<div class=\"uagb-post__text uagb-post__cta wp-block-button\">\n\t\t\t\t<a class=\"wp-block-button__link uagb-text-link\" style=\"\" href=\"https:\/\/aviacionaldia.com\/en\/2026\/08\/aerolineas-argentinas-boosts-international-network-with-two-new-southern-summer-destinations-curacao-and-cartagena.html\" target=\"_self\" rel=\"bookmark noopener noreferrer\">Read More<\/a>\n\t\t\t<\/div>\n\t\t\t\n\t\t\t\t\t\t\t\t\t<\/article>\n\t\t\t\t\t\t\t\t\t\t\t<\/div>\n\t\t\t","protected":false},"excerpt":{"rendered":"After more than three years, German airline Lufthansa resumed scheduled operations with the Airbus A380, the world&#8217;s largest&hellip;\n","protected":false},"author":4316,"featured_media":137837,"comment_status":"open","ping_status":"closed","sticky":false,"template":"","format":"standard","meta":{"_uag_custom_page_level_css":"","footnotes":""},"categories":[1],"tags":[217,222,230,269,203],"class_list":{"0":"post-140116","1":"post","2":"type-post","3":"status-publish","4":"format-standard","5":"has-post-thumbnail","7":"category-airlines","8":"tag-airbus-2","9":"tag-aircraft","10":"tag-airline","11":"tag-europe","12":"tag-lufthansa-2"},"uagb_featured_image_src":{"full":["https:\/\/aviacionaldia.com\/wp-content\/uploads\/2023\/03\/Lufthansa-Airbus-A380.jpg",800,400,false],"thumbnail":["https:\/\/aviacionaldia.com\/wp-content\/uploads\/2023\/03\/Lufthansa-Airbus-A380-150x150.jpg",150,150,true],"medium":["https:\/\/aviacionaldia.com\/wp-content\/uploads\/2023\/03\/Lufthansa-Airbus-A380-300x150.jpg",300,150,true],"medium_large":["https:\/\/aviacionaldia.com\/wp-content\/uploads\/2023\/03\/Lufthansa-Airbus-A380-768x384.jpg",768,384,true],"large":["https:\/\/aviacionaldia.com\/wp-content\/uploads\/2023\/03\/Lufthansa-Airbus-A380.jpg",800,400,false],"1536x1536":["https:\/\/aviacionaldia.com\/wp-content\/uploads\/2023\/03\/Lufthansa-Airbus-A380.jpg",800,400,false],"2048x2048":["https:\/\/aviacionaldia.com\/wp-content\/uploads\/2023\/03\/Lufthansa-Airbus-A380.jpg",800,400,false],"pk-small":["https:\/\/aviacionaldia.com\/wp-content\/uploads\/2023\/03\/Lufthansa-Airbus-A380.jpg",80,40,false],"pk-thumbnail":["https:\/\/aviacionaldia.com\/wp-content\/uploads\/2023\/03\/Lufthansa-Airbus-A380.jpg",300,150,false],"csco-small":["https:\/\/aviacionaldia.com\/wp-content\/uploads\/2023\/03\/Lufthansa-Airbus-A380-80x80.jpg",80,80,true],"csco-intermediate":["https:\/\/aviacionaldia.com\/wp-content\/uploads\/2023\/03\/Lufthansa-Airbus-A380-200x140.jpg",200,140,true],"csco-thumbnail":["https:\/\/aviacionaldia.com\/wp-content\/uploads\/2023\/03\/Lufthansa-Airbus-A380-380x220.jpg",380,220,true],"csco-thumbnail-alternative":["https:\/\/aviacionaldia.com\/wp-content\/uploads\/2023\/03\/Lufthansa-Airbus-A380-300x180.jpg",300,180,true],"csco-thumbnail-uncropped":["https:\/\/aviacionaldia.com\/wp-content\/uploads\/2023\/03\/Lufthansa-Airbus-A380-380x190.jpg",380,190,true],"csco-medium":["https:\/\/aviacionaldia.com\/wp-content\/uploads\/2023\/03\/Lufthansa-Airbus-A380.jpg",800,400,false],"csco-medium-alternative":["https:\/\/aviacionaldia.com\/wp-content\/uploads\/2023\/03\/Lufthansa-Airbus-A380-560x336.jpg",560,336,true],"csco-medium-uncropped":["https:\/\/aviacionaldia.com\/wp-content\/uploads\/2023\/03\/Lufthansa-Airbus-A380.jpg",800,400,false],"csco-large":["https:\/\/aviacionaldia.com\/wp-content\/uploads\/2023\/03\/Lufthansa-Airbus-A380.jpg",800,400,false],"csco-large-uncropped":["https:\/\/aviacionaldia.com\/wp-content\/uploads\/2023\/03\/Lufthansa-Airbus-A380.jpg",800,400,false],"csco-extra-large":["https:\/\/aviacionaldia.com\/wp-content\/uploads\/2023\/03\/Lufthansa-Airbus-A380.jpg",800,400,false]},"uagb_author_info":{"display_name":"Redacci\u00f3n - Aviaci\u00f3n al D\u00eda","author_link":"https:\/\/aviacionaldia.com\/en\/author\/aad"},"uagb_comment_info":0,"uagb_excerpt":"After more than three years, German airline Lufthansa resumed scheduled operations with the Airbus A380, the world&#8217;s largest&hellip;","amp_enabled":true,"_links":{"self":[{"href":"https:\/\/aviacionaldia.com\/en\/wp-json\/wp\/v2\/posts\/140116","targetHints":{"allow":["GET"]}}],"collection":[{"href":"https:\/\/aviacionaldia.com\/en\/wp-json\/wp\/v2\/posts"}],"about":[{"href":"https:\/\/aviacionaldia.com\/en\/wp-json\/wp\/v2\/types\/post"}],"author":[{"embeddable":true,"href":"https:\/\/aviacionaldia.com\/en\/wp-json\/wp\/v2\/users\/4316"}],"replies":[{"embeddable":true,"href":"https:\/\/aviacionaldia.com\/en\/wp-json\/wp\/v2\/comments?post=140116"}],"version-history":[{"count":1,"href":"https:\/\/aviacionaldia.com\/en\/wp-json\/wp\/v2\/posts\/140116\/revisions"}],"predecessor-version":[{"id":140118,"href":"https:\/\/aviacionaldia.com\/en\/wp-json\/wp\/v2\/posts\/140116\/revisions\/140118"}],"wp:featuredmedia":[{"embeddable":true,"href":"https:\/\/aviacionaldia.com\/en\/wp-json\/wp\/v2\/media\/137837"}],"wp:attachment":[{"href":"https:\/\/aviacionaldia.com\/en\/wp-json\/wp\/v2\/media?parent=140116"}],"wp:term":[{"taxonomy":"category","embeddable":true,"href":"https:\/\/aviacionaldia.com\/en\/wp-json\/wp\/v2\/categories?post=140116"},{"taxonomy":"post_tag","embeddable":true,"href":"https:\/\/aviacionaldia.com\/en\/wp-json\/wp\/v2\/tags?post=140116"}],"curies":[{"name":"wp","href":"https:\/\/api.w.org\/{rel}","templated":true}]}}