{"id":140219,"date":"2023-06-06T12:30:00","date_gmt":"2023-06-06T12:30:00","guid":{"rendered":"https:\/?p=140219"},"modified":"2023-06-06T23:57:41","modified_gmt":"2023-06-06T23:57:41","slug":"air-niugini-orders-two-boeing-787-8-jets","status":"publish","type":"post","link":"https:\/\/aviacionaldia.com\/en\/2023\/06\/air-niugini-orders-two-boeing-787-8-jets.html","title":{"rendered":"Air Niugini orders two Boeing 787-8 jets"},"content":{"rendered":"\n<p><strong>Boeing and Air Niugini <\/strong>announced Monday an order for two 787-8 Dreamliners to support the Papua New Guinea flag carrier&#8217;s long-haul fleet growth.<\/p>\n\n\n\n<p>&#8220;Signing this contract with Boeing for the purchase of two modern, widebody 787 Dreamliners will enable Air Niugini to grow its network across Asia, Australia, and New Zealand and fulfill its mission as the premier airline in Papua New Guinea, providing the best air service in the region,&#8221; said Gary Seddon, acting CEO of Air Niugini.<\/p>\n\n\n\n<p><strong><em>\u2192 <a href=\"https:\/en\/2023\/05\/qantas-prepares-to-farewell-boeing-717.html\">Qantas prepares to farewell Boeing 717<\/a><\/em><\/strong><\/p>\n\n\n\n<p>&#8220;The excellent capability of the 787 allows Air Niugini to open Port Moresby to more destinations, increasing tourism and economic growth in the South Pacific region,&#8221; said Erika Pearson, Boeing vice president, Commercial Sales and Marketing, Southeast Asia and Oceania.<\/p>\n\n\n\n<p>Boeing has worked with Air Niugini for more than 45 years. The airline operates a domestic network from Port Moresby across Papua New Guinea, as well as international flights across the Asia-Pacific region, including to Australia, Singapore, Solomon Islands and Fiji. The airline&#8217;s fleet includes Boeing 737s and 767s.<\/p>\n\n\n\n<p>More than 85 customers around the world have placed orders for more than 1,600 Dreamliners, making the 787 Dreamliner the fastest-selling widebody airplane in history.<\/p>\n\n\n\n<h2 class=\"wp-block-heading\" id=\"related-topics\">Related Topics<\/h2>\n\n\n\n\t\t\t<div class=\"wp-block-uagb-post-grid uagb-post-grid  uagb-post__image-position-top uagb-post__image-enabled uagb-block-5e9e5313     uagb-post__items uagb-post__columns-2 is-grid uagb-post__columns-tablet-2 uagb-post__columns-mobile-1 uagb-post__equal-height\" data-total=\"200\" style=\"\">\n\n\t\t\t\t\t\t\t\t\t\t\t\t<article class=\"uagb-post__inner-wrap\">\t\t\t\t\t\t\t\t<div class='uagb-post__image'>\n\t\t\t\t\t\t\t\t\t<a href=\"https:\/\/aviacionaldia.com\/en\/2026\/04\/air-canada-receives-its-first-airbus-a321xlr-start-of-a-strategic-transformation-in-long-haul-routes.html\" target=\"_self\" rel=\"bookmark noopener noreferrer\" class='uagb-image-ratio-inherit'><img decoding=\"async\" width=\"800\" height=\"400\" src=\"https:\/\/aviacionaldia.com\/wp-content\/uploads\/2026\/04\/Air-Canada-Airbus-A321XLR.webp\" class=\"attachment-large size-large\" alt=\"\" srcset=\"https:\/\/aviacionaldia.com\/wp-content\/uploads\/2026\/04\/Air-Canada-Airbus-A321XLR.webp 800w, https:\/\/aviacionaldia.com\/wp-content\/uploads\/2026\/04\/Air-Canada-Airbus-A321XLR-300x150.webp 300w, https:\/\/aviacionaldia.com\/wp-content\/uploads\/2026\/04\/Air-Canada-Airbus-A321XLR-768x384.webp 768w, https:\/\/aviacionaldia.com\/wp-content\/uploads\/2026\/04\/Air-Canada-Airbus-A321XLR-380x190.webp 380w\" sizes=\"(max-width: 800px) 100vw, 800px\" \/>\t\t\t\t\t<\/a>\n\t\t\t\t\t\t\t<\/div>\n\t\t\t\t\t\t<h4 class=\"uagb-post__title uagb-post__text\">\n\t\t\t\t<a href=\"https:\/\/aviacionaldia.com\/en\/2026\/04\/air-canada-receives-its-first-airbus-a321xlr-start-of-a-strategic-transformation-in-long-haul-routes.html\" target=\"_self\" rel=\"bookmark noopener noreferrer\">Air Canada Receives Its First Airbus A321XLR: Start of a Strategic Transformation in Long-Haul Routes<\/a>\n\t\t\t<\/h4>\n\t\t\t\t\t\t<div class='uagb-post__text uagb-post-grid-byline'>\n\t\t\t\t\t\t\t<\/div>\n\t\t\t\t\t\t<div class=\"uagb-post__text uagb-post__cta wp-block-button\">\n\t\t\t\t<a class=\"wp-block-button__link uagb-text-link\" style=\"\" href=\"https:\/\/aviacionaldia.com\/en\/2026\/04\/air-canada-receives-its-first-airbus-a321xlr-start-of-a-strategic-transformation-in-long-haul-routes.html\" target=\"_self\" rel=\"bookmark noopener noreferrer\">Read More<\/a>\n\t\t\t<\/div>\n\t\t\t\n\t\t\t\t\t\t\t\t\t<\/article>\n\t\t\t\t\t\t\t\t\t\t\t\t\t\t\t\t<article class=\"uagb-post__inner-wrap\">\t\t\t\t\t\t\t\t<div class='uagb-post__image'>\n\t\t\t\t\t\t\t\t\t<a href=\"https:\/\/aviacionaldia.com\/en\/2026\/04\/airbus-reaches-key-milestone-for-a350f-program-production-of-industrys-largest-main-deck-cargo-door-finalized-in-spain.html\" target=\"_self\" rel=\"bookmark noopener noreferrer\" class='uagb-image-ratio-inherit'><img decoding=\"async\" width=\"800\" height=\"400\" src=\"https:\/\/aviacionaldia.com\/wp-content\/uploads\/2026\/04\/Airbus-Puerta-del-A350F.webp\" class=\"attachment-large size-large\" alt=\"\" srcset=\"https:\/\/aviacionaldia.com\/wp-content\/uploads\/2026\/04\/Airbus-Puerta-del-A350F.webp 800w, https:\/\/aviacionaldia.com\/wp-content\/uploads\/2026\/04\/Airbus-Puerta-del-A350F-300x150.webp 300w, https:\/\/aviacionaldia.com\/wp-content\/uploads\/2026\/04\/Airbus-Puerta-del-A350F-768x384.webp 768w, https:\/\/aviacionaldia.com\/wp-content\/uploads\/2026\/04\/Airbus-Puerta-del-A350F-380x190.webp 380w\" sizes=\"(max-width: 800px) 100vw, 800px\" \/>\t\t\t\t\t<\/a>\n\t\t\t\t\t\t\t<\/div>\n\t\t\t\t\t\t<h4 class=\"uagb-post__title uagb-post__text\">\n\t\t\t\t<a href=\"https:\/\/aviacionaldia.com\/en\/2026\/04\/airbus-reaches-key-milestone-for-a350f-program-production-of-industrys-largest-main-deck-cargo-door-finalized-in-spain.html\" target=\"_self\" rel=\"bookmark noopener noreferrer\">Airbus Reaches Key Milestone for A350F Program: Production of Industry\u2019s Largest Main Deck Cargo Door Finalized in Spain<\/a>\n\t\t\t<\/h4>\n\t\t\t\t\t\t<div class='uagb-post__text uagb-post-grid-byline'>\n\t\t\t\t\t\t\t<\/div>\n\t\t\t\t\t\t<div class=\"uagb-post__text uagb-post__cta wp-block-button\">\n\t\t\t\t<a class=\"wp-block-button__link uagb-text-link\" style=\"\" href=\"https:\/\/aviacionaldia.com\/en\/2026\/04\/airbus-reaches-key-milestone-for-a350f-program-production-of-industrys-largest-main-deck-cargo-door-finalized-in-spain.html\" target=\"_self\" rel=\"bookmark noopener noreferrer\">Read More<\/a>\n\t\t\t<\/div>\n\t\t\t\n\t\t\t\t\t\t\t\t\t<\/article>\n\t\t\t\t\t\t\t\t\t\t\t\t\t\t\t\t<article class=\"uagb-post__inner-wrap\">\t\t\t\t\t\t\t\t<div class='uagb-post__image'>\n\t\t\t\t\t\t\t\t\t<a href=\"https:\/\/aviacionaldia.com\/en\/2026\/04\/airbus-modernizes-jetblues-airbus-a320s-with-next-generation-flight-deck-displays.html\" target=\"_self\" rel=\"bookmark noopener noreferrer\" class='uagb-image-ratio-inherit'><img decoding=\"async\" width=\"800\" height=\"400\" src=\"https:\/\/aviacionaldia.com\/wp-content\/uploads\/2026\/04\/Cockpit-Airbus-A320.webp\" class=\"attachment-large size-large\" alt=\"\" srcset=\"https:\/\/aviacionaldia.com\/wp-content\/uploads\/2026\/04\/Cockpit-Airbus-A320.webp 800w, https:\/\/aviacionaldia.com\/wp-content\/uploads\/2026\/04\/Cockpit-Airbus-A320-300x150.webp 300w, https:\/\/aviacionaldia.com\/wp-content\/uploads\/2026\/04\/Cockpit-Airbus-A320-768x384.webp 768w, https:\/\/aviacionaldia.com\/wp-content\/uploads\/2026\/04\/Cockpit-Airbus-A320-380x190.webp 380w\" sizes=\"(max-width: 800px) 100vw, 800px\" \/>\t\t\t\t\t<\/a>\n\t\t\t\t\t\t\t<\/div>\n\t\t\t\t\t\t<h4 class=\"uagb-post__title uagb-post__text\">\n\t\t\t\t<a href=\"https:\/\/aviacionaldia.com\/en\/2026\/04\/airbus-modernizes-jetblues-airbus-a320s-with-next-generation-flight-deck-displays.html\" target=\"_self\" rel=\"bookmark noopener noreferrer\">Airbus Modernizes JetBlue&#8217;s Airbus A320s with Next-Generation Flight Deck Displays<\/a>\n\t\t\t<\/h4>\n\t\t\t\t\t\t<div class='uagb-post__text uagb-post-grid-byline'>\n\t\t\t\t\t\t\t<\/div>\n\t\t\t\t\t\t<div class=\"uagb-post__text uagb-post__cta wp-block-button\">\n\t\t\t\t<a class=\"wp-block-button__link uagb-text-link\" style=\"\" href=\"https:\/\/aviacionaldia.com\/en\/2026\/04\/airbus-modernizes-jetblues-airbus-a320s-with-next-generation-flight-deck-displays.html\" target=\"_self\" rel=\"bookmark noopener noreferrer\">Read More<\/a>\n\t\t\t<\/div>\n\t\t\t\n\t\t\t\t\t\t\t\t\t<\/article>\n\t\t\t\t\t\t\t\t\t\t\t\t\t\t\t\t<article class=\"uagb-post__inner-wrap\">\t\t\t\t\t\t\t\t<div class='uagb-post__image'>\n\t\t\t\t\t\t\t\t\t<a href=\"https:\/\/aviacionaldia.com\/en\/2026\/04\/pratt-whitney-gtf-advantage-earns-easa-certification-for-airbus-a320neo-family.html\" target=\"_self\" rel=\"bookmark noopener noreferrer\" class='uagb-image-ratio-inherit'><img decoding=\"async\" width=\"800\" height=\"400\" src=\"https:\/\/aviacionaldia.com\/wp-content\/uploads\/2022\/10\/Pratt-Whitney-GTF-Advantage.jpg\" class=\"attachment-large size-large\" alt=\"\" srcset=\"https:\/\/aviacionaldia.com\/wp-content\/uploads\/2022\/10\/Pratt-Whitney-GTF-Advantage.jpg 800w, https:\/\/aviacionaldia.com\/wp-content\/uploads\/2022\/10\/Pratt-Whitney-GTF-Advantage-300x150.jpg 300w, https:\/\/aviacionaldia.com\/wp-content\/uploads\/2022\/10\/Pratt-Whitney-GTF-Advantage-768x384.jpg 768w, https:\/\/aviacionaldia.com\/wp-content\/uploads\/2022\/10\/Pratt-Whitney-GTF-Advantage-380x190.jpg 380w\" sizes=\"(max-width: 800px) 100vw, 800px\" \/>\t\t\t\t\t<\/a>\n\t\t\t\t\t\t\t<\/div>\n\t\t\t\t\t\t<h4 class=\"uagb-post__title uagb-post__text\">\n\t\t\t\t<a href=\"https:\/\/aviacionaldia.com\/en\/2026\/04\/pratt-whitney-gtf-advantage-earns-easa-certification-for-airbus-a320neo-family.html\" target=\"_self\" rel=\"bookmark noopener noreferrer\">Pratt &#038; Whitney GTF Advantage Earns EASA Certification for Airbus A320neo Family<\/a>\n\t\t\t<\/h4>\n\t\t\t\t\t\t<div class='uagb-post__text uagb-post-grid-byline'>\n\t\t\t\t\t\t\t<\/div>\n\t\t\t\t\t\t<div class=\"uagb-post__text uagb-post__cta wp-block-button\">\n\t\t\t\t<a class=\"wp-block-button__link uagb-text-link\" style=\"\" href=\"https:\/\/aviacionaldia.com\/en\/2026\/04\/pratt-whitney-gtf-advantage-earns-easa-certification-for-airbus-a320neo-family.html\" target=\"_self\" rel=\"bookmark noopener noreferrer\">Read More<\/a>\n\t\t\t<\/div>\n\t\t\t\n\t\t\t\t\t\t\t\t\t<\/article>\n\t\t\t\t\t\t\t\t\t\t\t<\/div>\n\t\t\t","protected":false},"excerpt":{"rendered":"Boeing and Air Niugini announced Monday an order for two 787-8 Dreamliners to support the Papua New Guinea&hellip;\n","protected":false},"author":4316,"featured_media":140191,"comment_status":"open","ping_status":"closed","sticky":false,"template":"","format":"standard","meta":{"_uag_custom_page_level_css":"","footnotes":""},"categories":[1],"tags":[1010,222,230,220],"class_list":{"0":"post-140219","1":"post","2":"type-post","3":"status-publish","4":"format-standard","5":"has-post-thumbnail","7":"category-airlines","8":"tag-air-niugini-2","9":"tag-aircraft","10":"tag-airline","11":"tag-boeing-2"},"uagb_featured_image_src":{"full":["https:\/\/aviacionaldia.com\/wp-content\/uploads\/2023\/06\/Air-Niugini-Boeing-787-8.jpg",800,400,false],"thumbnail":["https:\/\/aviacionaldia.com\/wp-content\/uploads\/2023\/06\/Air-Niugini-Boeing-787-8-150x150.jpg",150,150,true],"medium":["https:\/\/aviacionaldia.com\/wp-content\/uploads\/2023\/06\/Air-Niugini-Boeing-787-8-300x150.jpg",300,150,true],"medium_large":["https:\/\/aviacionaldia.com\/wp-content\/uploads\/2023\/06\/Air-Niugini-Boeing-787-8-768x384.jpg",768,384,true],"large":["https:\/\/aviacionaldia.com\/wp-content\/uploads\/2023\/06\/Air-Niugini-Boeing-787-8.jpg",800,400,false],"1536x1536":["https:\/\/aviacionaldia.com\/wp-content\/uploads\/2023\/06\/Air-Niugini-Boeing-787-8.jpg",800,400,false],"2048x2048":["https:\/\/aviacionaldia.com\/wp-content\/uploads\/2023\/06\/Air-Niugini-Boeing-787-8.jpg",800,400,false],"pk-small":["https:\/\/aviacionaldia.com\/wp-content\/uploads\/2023\/06\/Air-Niugini-Boeing-787-8.jpg",80,40,false],"pk-thumbnail":["https:\/\/aviacionaldia.com\/wp-content\/uploads\/2023\/06\/Air-Niugini-Boeing-787-8.jpg",300,150,false],"csco-small":["https:\/\/aviacionaldia.com\/wp-content\/uploads\/2023\/06\/Air-Niugini-Boeing-787-8-80x80.jpg",80,80,true],"csco-intermediate":["https:\/\/aviacionaldia.com\/wp-content\/uploads\/2023\/06\/Air-Niugini-Boeing-787-8-200x140.jpg",200,140,true],"csco-thumbnail":["https:\/\/aviacionaldia.com\/wp-content\/uploads\/2023\/06\/Air-Niugini-Boeing-787-8-380x220.jpg",380,220,true],"csco-thumbnail-alternative":["https:\/\/aviacionaldia.com\/wp-content\/uploads\/2023\/06\/Air-Niugini-Boeing-787-8-300x180.jpg",300,180,true],"csco-thumbnail-uncropped":["https:\/\/aviacionaldia.com\/wp-content\/uploads\/2023\/06\/Air-Niugini-Boeing-787-8-380x190.jpg",380,190,true],"csco-medium":["https:\/\/aviacionaldia.com\/wp-content\/uploads\/2023\/06\/Air-Niugini-Boeing-787-8.jpg",800,400,false],"csco-medium-alternative":["https:\/\/aviacionaldia.com\/wp-content\/uploads\/2023\/06\/Air-Niugini-Boeing-787-8-560x336.jpg",560,336,true],"csco-medium-uncropped":["https:\/\/aviacionaldia.com\/wp-content\/uploads\/2023\/06\/Air-Niugini-Boeing-787-8.jpg",800,400,false],"csco-large":["https:\/\/aviacionaldia.com\/wp-content\/uploads\/2023\/06\/Air-Niugini-Boeing-787-8.jpg",800,400,false],"csco-large-uncropped":["https:\/\/aviacionaldia.com\/wp-content\/uploads\/2023\/06\/Air-Niugini-Boeing-787-8.jpg",800,400,false],"csco-extra-large":["https:\/\/aviacionaldia.com\/wp-content\/uploads\/2023\/06\/Air-Niugini-Boeing-787-8.jpg",800,400,false]},"uagb_author_info":{"display_name":"Redacci\u00f3n - Aviaci\u00f3n al D\u00eda","author_link":"https:\/\/aviacionaldia.com\/en\/author\/aad"},"uagb_comment_info":0,"uagb_excerpt":"Boeing and Air Niugini announced Monday an order for two 787-8 Dreamliners to support the Papua New Guinea&hellip;","amp_enabled":true,"_links":{"self":[{"href":"https:\/\/aviacionaldia.com\/en\/wp-json\/wp\/v2\/posts\/140219","targetHints":{"allow":["GET"]}}],"collection":[{"href":"https:\/\/aviacionaldia.com\/en\/wp-json\/wp\/v2\/posts"}],"about":[{"href":"https:\/\/aviacionaldia.com\/en\/wp-json\/wp\/v2\/types\/post"}],"author":[{"embeddable":true,"href":"https:\/\/aviacionaldia.com\/en\/wp-json\/wp\/v2\/users\/4316"}],"replies":[{"embeddable":true,"href":"https:\/\/aviacionaldia.com\/en\/wp-json\/wp\/v2\/comments?post=140219"}],"version-history":[{"count":1,"href":"https:\/\/aviacionaldia.com\/en\/wp-json\/wp\/v2\/posts\/140219\/revisions"}],"predecessor-version":[{"id":140220,"href":"https:\/\/aviacionaldia.com\/en\/wp-json\/wp\/v2\/posts\/140219\/revisions\/140220"}],"wp:featuredmedia":[{"embeddable":true,"href":"https:\/\/aviacionaldia.com\/en\/wp-json\/wp\/v2\/media\/140191"}],"wp:attachment":[{"href":"https:\/\/aviacionaldia.com\/en\/wp-json\/wp\/v2\/media?parent=140219"}],"wp:term":[{"taxonomy":"category","embeddable":true,"href":"https:\/\/aviacionaldia.com\/en\/wp-json\/wp\/v2\/categories?post=140219"},{"taxonomy":"post_tag","embeddable":true,"href":"https:\/\/aviacionaldia.com\/en\/wp-json\/wp\/v2\/tags?post=140219"}],"curies":[{"name":"wp","href":"https:\/\/api.w.org\/{rel}","templated":true}]}}