{"id":141312,"date":"2023-07-06T15:30:00","date_gmt":"2023-07-06T15:30:00","guid":{"rendered":"https:\/?p=141312"},"modified":"2023-07-06T22:30:51","modified_gmt":"2023-07-06T22:30:51","slug":"latam-colombia-inaugurated-its-new-route-between-bogota-and-orlando","status":"publish","type":"post","link":"https:\/\/aviacionaldia.com\/en\/2023\/07\/latam-colombia-inaugurated-its-new-route-between-bogota-and-orlando.html","title":{"rendered":"LATAM Colombia inaugurated its new route between Bogota and Orlando"},"content":{"rendered":"\n<p>As of July 1, <strong>LATAM Airlines Colombia<\/strong> began daily non-stop service between Bogota and Orlando, Florida, as part of a commercial agreement with <strong>Delta Air Lines<\/strong>. The service will connect the Colombian capital daily with a vibrant city known worldwide for its family entertainment offer. It will also serve as a new gateway to Delta&#8217;s network of domestic destinations in the United States.<\/p>\n\n\n\n<p><strong><em>\u2192 <a href=\"https:\/en\/2023\/06\/venezuela-inac-authorizes-latam-flights-between-bogota-and-caracas.html\">Venezuela: INAC authorizes LATAM flights between Bogota and Caracas<\/a><\/em><\/strong><\/p>\n\n\n\n<p>&#8220;The United States is one of the most relevant international destinations for Colombian passengers, and as such, this new service is aligned with the strategy of delivering more direct connectivity for our customers, with safety and award-winning service in the region,&#8221; said Camilo Prieto, Commercial Manager of LATAM Airlines Colombia.<\/p>\n\n\n\n<p>Delta already offers daily flights between Bogota and Atlanta, and Bogota and New York, and recently announced a second flight from Bogota to Atlanta starting October 29, and another from Cartagena to Atlanta starting December 22. LATAM also currently operates service between Bogota and New York-JFK.<\/p>\n\n\n\n<h2 class=\"wp-block-heading\" id=\"related-topics\">Related Topics<\/h2>\n\n\n\n\t\t\t<div class=\"wp-block-uagb-post-grid uagb-post-grid  uagb-post__image-position-top uagb-post__image-enabled uagb-block-21b27219     uagb-post__items uagb-post__columns-2 is-grid uagb-post__columns-tablet-2 uagb-post__columns-mobile-1 uagb-post__equal-height\" data-total=\"223\" style=\"\">\n\n\t\t\t\t\t\t\t\t\t\t\t\t<article class=\"uagb-post__inner-wrap\">\t\t\t\t\t\t\t\t<div class='uagb-post__image'>\n\t\t\t\t\t\t\t\t\t<a href=\"https:\/\/aviacionaldia.com\/en\/2026\/09\/panama-to-boost-tocumen-international-airport-capacity-with-306-75-million-investment.html\" target=\"_self\" rel=\"bookmark noopener noreferrer\" class='uagb-image-ratio-inherit'><img decoding=\"async\" width=\"800\" height=\"400\" src=\"https:\/\/aviacionaldia.com\/wp-content\/uploads\/2020\/01\/Aeropuerto-tocumen-Terminal-2.jpg\" class=\"attachment-large size-large\" alt=\"\" srcset=\"https:\/\/aviacionaldia.com\/wp-content\/uploads\/2020\/01\/Aeropuerto-tocumen-Terminal-2.jpg 800w, https:\/\/aviacionaldia.com\/wp-content\/uploads\/2020\/01\/Aeropuerto-tocumen-Terminal-2-300x150.jpg 300w, https:\/\/aviacionaldia.com\/wp-content\/uploads\/2020\/01\/Aeropuerto-tocumen-Terminal-2-768x384.jpg 768w, https:\/\/aviacionaldia.com\/wp-content\/uploads\/2020\/01\/Aeropuerto-tocumen-Terminal-2-380x190.jpg 380w\" sizes=\"(max-width: 800px) 100vw, 800px\" \/>\t\t\t\t\t<\/a>\n\t\t\t\t\t\t\t<\/div>\n\t\t\t\t\t\t<h4 class=\"uagb-post__title uagb-post__text\">\n\t\t\t\t<a href=\"https:\/\/aviacionaldia.com\/en\/2026\/09\/panama-to-boost-tocumen-international-airport-capacity-with-306-75-million-investment.html\" target=\"_self\" rel=\"bookmark noopener noreferrer\">Panama to Boost Tocumen International Airport Capacity with $306.75 Million Investment<\/a>\n\t\t\t<\/h4>\n\t\t\t\t\t\t<div class='uagb-post__text uagb-post-grid-byline'>\n\t\t\t\t\t\t\t<\/div>\n\t\t\t\t\t\t<div class=\"uagb-post__text uagb-post__cta wp-block-button\">\n\t\t\t\t<a class=\"wp-block-button__link uagb-text-link\" style=\"\" href=\"https:\/\/aviacionaldia.com\/en\/2026\/09\/panama-to-boost-tocumen-international-airport-capacity-with-306-75-million-investment.html\" target=\"_self\" rel=\"bookmark noopener noreferrer\">Read More<\/a>\n\t\t\t<\/div>\n\t\t\t\n\t\t\t\t\t\t\t\t\t<\/article>\n\t\t\t\t\t\t\t\t\t\t\t\t\t\t\t\t<article class=\"uagb-post__inner-wrap\">\t\t\t\t\t\t\t\t<div class='uagb-post__image'>\n\t\t\t\t\t\t\t\t\t<a href=\"https:\/\/aviacionaldia.com\/en\/2026\/09\/air-traffic-controllers-at-high-fatigue-risk-involved-in-serious-sydney-airport-near-miss.html\" target=\"_self\" rel=\"bookmark noopener noreferrer\" class='uagb-image-ratio-inherit'><img decoding=\"async\" width=\"800\" height=\"400\" src=\"https:\/\/aviacionaldia.com\/wp-content\/uploads\/2026\/08\/Aeropuerto-de-Sydney.webp\" class=\"attachment-large size-large\" alt=\"\" srcset=\"https:\/\/aviacionaldia.com\/wp-content\/uploads\/2026\/08\/Aeropuerto-de-Sydney.webp 800w, https:\/\/aviacionaldia.com\/wp-content\/uploads\/2026\/08\/Aeropuerto-de-Sydney-300x150.webp 300w, https:\/\/aviacionaldia.com\/wp-content\/uploads\/2026\/08\/Aeropuerto-de-Sydney-768x384.webp 768w, https:\/\/aviacionaldia.com\/wp-content\/uploads\/2026\/08\/Aeropuerto-de-Sydney-380x190.webp 380w\" sizes=\"(max-width: 800px) 100vw, 800px\" \/>\t\t\t\t\t<\/a>\n\t\t\t\t\t\t\t<\/div>\n\t\t\t\t\t\t<h4 class=\"uagb-post__title uagb-post__text\">\n\t\t\t\t<a href=\"https:\/\/aviacionaldia.com\/en\/2026\/09\/air-traffic-controllers-at-high-fatigue-risk-involved-in-serious-sydney-airport-near-miss.html\" target=\"_self\" rel=\"bookmark noopener noreferrer\">Air Traffic Controllers at High Fatigue Risk Involved in Serious Sydney Airport Near-Miss<\/a>\n\t\t\t<\/h4>\n\t\t\t\t\t\t<div class='uagb-post__text uagb-post-grid-byline'>\n\t\t\t\t\t\t\t<\/div>\n\t\t\t\t\t\t<div class=\"uagb-post__text uagb-post__cta wp-block-button\">\n\t\t\t\t<a class=\"wp-block-button__link uagb-text-link\" style=\"\" href=\"https:\/\/aviacionaldia.com\/en\/2026\/09\/air-traffic-controllers-at-high-fatigue-risk-involved-in-serious-sydney-airport-near-miss.html\" target=\"_self\" rel=\"bookmark noopener noreferrer\">Read More<\/a>\n\t\t\t<\/div>\n\t\t\t\n\t\t\t\t\t\t\t\t\t<\/article>\n\t\t\t\t\t\t\t\t\t\t\t\t\t\t\t\t<article class=\"uagb-post__inner-wrap\">\t\t\t\t\t\t\t\t<div class='uagb-post__image'>\n\t\t\t\t\t\t\t\t\t<a href=\"https:\/\/aviacionaldia.com\/en\/2026\/09\/united-begins-gate-delivery-testing-for-food-and-essential-items-at-newark-airport.html\" target=\"_self\" rel=\"bookmark noopener noreferrer\" class='uagb-image-ratio-inherit'><img decoding=\"async\" width=\"800\" height=\"400\" src=\"https:\/\/aviacionaldia.com\/wp-content\/uploads\/2026\/09\/United-Airlines-Entregas-en-Puerta-de-Embarque.webp\" class=\"attachment-large size-large\" alt=\"\" srcset=\"https:\/\/aviacionaldia.com\/wp-content\/uploads\/2026\/09\/United-Airlines-Entregas-en-Puerta-de-Embarque.webp 800w, https:\/\/aviacionaldia.com\/wp-content\/uploads\/2026\/09\/United-Airlines-Entregas-en-Puerta-de-Embarque-300x150.webp 300w, https:\/\/aviacionaldia.com\/wp-content\/uploads\/2026\/09\/United-Airlines-Entregas-en-Puerta-de-Embarque-768x384.webp 768w, https:\/\/aviacionaldia.com\/wp-content\/uploads\/2026\/09\/United-Airlines-Entregas-en-Puerta-de-Embarque-380x190.webp 380w\" sizes=\"(max-width: 800px) 100vw, 800px\" \/>\t\t\t\t\t<\/a>\n\t\t\t\t\t\t\t<\/div>\n\t\t\t\t\t\t<h4 class=\"uagb-post__title uagb-post__text\">\n\t\t\t\t<a href=\"https:\/\/aviacionaldia.com\/en\/2026\/09\/united-begins-gate-delivery-testing-for-food-and-essential-items-at-newark-airport.html\" target=\"_self\" rel=\"bookmark noopener noreferrer\">United Begins Gate Delivery Testing for Food and Essential Items at Newark Airport<\/a>\n\t\t\t<\/h4>\n\t\t\t\t\t\t<div class='uagb-post__text uagb-post-grid-byline'>\n\t\t\t\t\t\t\t<\/div>\n\t\t\t\t\t\t<div class=\"uagb-post__text uagb-post__cta wp-block-button\">\n\t\t\t\t<a class=\"wp-block-button__link uagb-text-link\" style=\"\" href=\"https:\/\/aviacionaldia.com\/en\/2026\/09\/united-begins-gate-delivery-testing-for-food-and-essential-items-at-newark-airport.html\" target=\"_self\" rel=\"bookmark noopener noreferrer\">Read More<\/a>\n\t\t\t<\/div>\n\t\t\t\n\t\t\t\t\t\t\t\t\t<\/article>\n\t\t\t\t\t\t\t\t\t\t\t\t\t\t\t\t<article class=\"uagb-post__inner-wrap\">\t\t\t\t\t\t\t\t<div class='uagb-post__image'>\n\t\t\t\t\t\t\t\t\t<a href=\"https:\/\/aviacionaldia.com\/en\/2026\/09\/venezuela-maiquetia-airport-resumes-commercial-operations-via-temporary-terminals.html\" target=\"_self\" rel=\"bookmark noopener noreferrer\" class='uagb-image-ratio-inherit'><img decoding=\"async\" width=\"800\" height=\"400\" src=\"https:\/\/aviacionaldia.com\/wp-content\/uploads\/2026\/09\/Aeropuerto-de-Maiquetia-Terminales-temporales.webp\" class=\"attachment-large size-large\" alt=\"\" srcset=\"https:\/\/aviacionaldia.com\/wp-content\/uploads\/2026\/09\/Aeropuerto-de-Maiquetia-Terminales-temporales.webp 800w, https:\/\/aviacionaldia.com\/wp-content\/uploads\/2026\/09\/Aeropuerto-de-Maiquetia-Terminales-temporales-300x150.webp 300w, https:\/\/aviacionaldia.com\/wp-content\/uploads\/2026\/09\/Aeropuerto-de-Maiquetia-Terminales-temporales-768x384.webp 768w, https:\/\/aviacionaldia.com\/wp-content\/uploads\/2026\/09\/Aeropuerto-de-Maiquetia-Terminales-temporales-380x190.webp 380w\" sizes=\"(max-width: 800px) 100vw, 800px\" \/>\t\t\t\t\t<\/a>\n\t\t\t\t\t\t\t<\/div>\n\t\t\t\t\t\t<h4 class=\"uagb-post__title uagb-post__text\">\n\t\t\t\t<a href=\"https:\/\/aviacionaldia.com\/en\/2026\/09\/venezuela-maiquetia-airport-resumes-commercial-operations-via-temporary-terminals.html\" target=\"_self\" rel=\"bookmark noopener noreferrer\">Venezuela: Maiquet\u00eda Airport Resumes Commercial Operations via Temporary Terminals<\/a>\n\t\t\t<\/h4>\n\t\t\t\t\t\t<div class='uagb-post__text uagb-post-grid-byline'>\n\t\t\t\t\t\t\t<\/div>\n\t\t\t\t\t\t<div class=\"uagb-post__text uagb-post__cta wp-block-button\">\n\t\t\t\t<a class=\"wp-block-button__link uagb-text-link\" style=\"\" href=\"https:\/\/aviacionaldia.com\/en\/2026\/09\/venezuela-maiquetia-airport-resumes-commercial-operations-via-temporary-terminals.html\" target=\"_self\" rel=\"bookmark noopener noreferrer\">Read More<\/a>\n\t\t\t<\/div>\n\t\t\t\n\t\t\t\t\t\t\t\t\t<\/article>\n\t\t\t\t\t\t\t\t\t\t\t<\/div>\n\t\t\t","protected":false},"excerpt":{"rendered":"As of July 1, LATAM Airlines Colombia began daily non-stop service between Bogota and Orlando, Florida, as part&hellip;\n","protected":false},"author":4316,"featured_media":141295,"comment_status":"open","ping_status":"closed","sticky":false,"template":"","format":"standard","meta":{"_uag_custom_page_level_css":"","footnotes":""},"categories":[193],"tags":[230,196,198,199,211,221],"class_list":{"0":"post-141312","1":"post","2":"type-post","3":"status-publish","4":"format-standard","5":"has-post-thumbnail","7":"category-releases-and-promotions","8":"tag-airline","9":"tag-colombia-2","10":"tag-flights","11":"tag-latam-airlines-2","12":"tag-latin-america","13":"tag-usa"},"uagb_featured_image_src":{"full":["https:\/\/aviacionaldia.com\/wp-content\/uploads\/2023\/07\/Latam-Airlines-Vuelo-Bogota-Orlando.jpg",800,400,false],"thumbnail":["https:\/\/aviacionaldia.com\/wp-content\/uploads\/2023\/07\/Latam-Airlines-Vuelo-Bogota-Orlando-150x150.jpg",150,150,true],"medium":["https:\/\/aviacionaldia.com\/wp-content\/uploads\/2023\/07\/Latam-Airlines-Vuelo-Bogota-Orlando-300x150.jpg",300,150,true],"medium_large":["https:\/\/aviacionaldia.com\/wp-content\/uploads\/2023\/07\/Latam-Airlines-Vuelo-Bogota-Orlando-768x384.jpg",768,384,true],"large":["https:\/\/aviacionaldia.com\/wp-content\/uploads\/2023\/07\/Latam-Airlines-Vuelo-Bogota-Orlando.jpg",800,400,false],"1536x1536":["https:\/\/aviacionaldia.com\/wp-content\/uploads\/2023\/07\/Latam-Airlines-Vuelo-Bogota-Orlando.jpg",800,400,false],"2048x2048":["https:\/\/aviacionaldia.com\/wp-content\/uploads\/2023\/07\/Latam-Airlines-Vuelo-Bogota-Orlando.jpg",800,400,false],"pk-small":["https:\/\/aviacionaldia.com\/wp-content\/uploads\/2023\/07\/Latam-Airlines-Vuelo-Bogota-Orlando.jpg",80,40,false],"pk-thumbnail":["https:\/\/aviacionaldia.com\/wp-content\/uploads\/2023\/07\/Latam-Airlines-Vuelo-Bogota-Orlando.jpg",300,150,false],"csco-small":["https:\/\/aviacionaldia.com\/wp-content\/uploads\/2023\/07\/Latam-Airlines-Vuelo-Bogota-Orlando-80x80.jpg",80,80,true],"csco-intermediate":["https:\/\/aviacionaldia.com\/wp-content\/uploads\/2023\/07\/Latam-Airlines-Vuelo-Bogota-Orlando-200x140.jpg",200,140,true],"csco-thumbnail":["https:\/\/aviacionaldia.com\/wp-content\/uploads\/2023\/07\/Latam-Airlines-Vuelo-Bogota-Orlando-380x220.jpg",380,220,true],"csco-thumbnail-alternative":["https:\/\/aviacionaldia.com\/wp-content\/uploads\/2023\/07\/Latam-Airlines-Vuelo-Bogota-Orlando-300x180.jpg",300,180,true],"csco-thumbnail-uncropped":["https:\/\/aviacionaldia.com\/wp-content\/uploads\/2023\/07\/Latam-Airlines-Vuelo-Bogota-Orlando-380x190.jpg",380,190,true],"csco-medium":["https:\/\/aviacionaldia.com\/wp-content\/uploads\/2023\/07\/Latam-Airlines-Vuelo-Bogota-Orlando.jpg",800,400,false],"csco-medium-alternative":["https:\/\/aviacionaldia.com\/wp-content\/uploads\/2023\/07\/Latam-Airlines-Vuelo-Bogota-Orlando-560x336.jpg",560,336,true],"csco-medium-uncropped":["https:\/\/aviacionaldia.com\/wp-content\/uploads\/2023\/07\/Latam-Airlines-Vuelo-Bogota-Orlando.jpg",800,400,false],"csco-large":["https:\/\/aviacionaldia.com\/wp-content\/uploads\/2023\/07\/Latam-Airlines-Vuelo-Bogota-Orlando.jpg",800,400,false],"csco-large-uncropped":["https:\/\/aviacionaldia.com\/wp-content\/uploads\/2023\/07\/Latam-Airlines-Vuelo-Bogota-Orlando.jpg",800,400,false],"csco-extra-large":["https:\/\/aviacionaldia.com\/wp-content\/uploads\/2023\/07\/Latam-Airlines-Vuelo-Bogota-Orlando.jpg",800,400,false]},"uagb_author_info":{"display_name":"Redacci\u00f3n - Aviaci\u00f3n al D\u00eda","author_link":"https:\/\/aviacionaldia.com\/en\/author\/aad"},"uagb_comment_info":0,"uagb_excerpt":"As of July 1, LATAM Airlines Colombia began daily non-stop service between Bogota and Orlando, Florida, as part&hellip;","amp_enabled":true,"_links":{"self":[{"href":"https:\/\/aviacionaldia.com\/en\/wp-json\/wp\/v2\/posts\/141312","targetHints":{"allow":["GET"]}}],"collection":[{"href":"https:\/\/aviacionaldia.com\/en\/wp-json\/wp\/v2\/posts"}],"about":[{"href":"https:\/\/aviacionaldia.com\/en\/wp-json\/wp\/v2\/types\/post"}],"author":[{"embeddable":true,"href":"https:\/\/aviacionaldia.com\/en\/wp-json\/wp\/v2\/users\/4316"}],"replies":[{"embeddable":true,"href":"https:\/\/aviacionaldia.com\/en\/wp-json\/wp\/v2\/comments?post=141312"}],"version-history":[{"count":2,"href":"https:\/\/aviacionaldia.com\/en\/wp-json\/wp\/v2\/posts\/141312\/revisions"}],"predecessor-version":[{"id":141330,"href":"https:\/\/aviacionaldia.com\/en\/wp-json\/wp\/v2\/posts\/141312\/revisions\/141330"}],"wp:featuredmedia":[{"embeddable":true,"href":"https:\/\/aviacionaldia.com\/en\/wp-json\/wp\/v2\/media\/141295"}],"wp:attachment":[{"href":"https:\/\/aviacionaldia.com\/en\/wp-json\/wp\/v2\/media?parent=141312"}],"wp:term":[{"taxonomy":"category","embeddable":true,"href":"https:\/\/aviacionaldia.com\/en\/wp-json\/wp\/v2\/categories?post=141312"},{"taxonomy":"post_tag","embeddable":true,"href":"https:\/\/aviacionaldia.com\/en\/wp-json\/wp\/v2\/tags?post=141312"}],"curies":[{"name":"wp","href":"https:\/\/api.w.org\/{rel}","templated":true}]}}