{"id":142288,"date":"2023-08-02T14:00:00","date_gmt":"2023-08-02T14:00:00","guid":{"rendered":"https:\/?p=142288"},"modified":"2023-08-02T22:28:38","modified_gmt":"2023-08-02T22:28:38","slug":"etihad-airways-to-fly-to-boston-in-2024","status":"publish","type":"post","link":"https:\/\/aviacionaldia.com\/en\/2023\/08\/etihad-airways-to-fly-to-boston-in-2024.html","title":{"rendered":"Etihad Airways to fly to Boston in 2024"},"content":{"rendered":"\n<p><strong>Etihad Airways<\/strong> announced Wednesday its new route between Abu Dhabi and Boston (United States), which will begin operations on March 31, 2024. This addition connects one of the most vibrant and dynamic cities in the United States to the airline&#8217;s global network.<\/p>\n\n\n\n<p>The route will operate four weekly frequencies on Boeing 787-9 jets.<\/p>\n\n\n\n<p><strong><em>\u2192 <a href=\"https:\/en\/2023\/07\/etihad-airways-resumed-airbus-a380-flights.html\">Etihad Airways resumed Airbus A380 flights<\/a><\/em><\/strong><\/p>\n\n\n\n<p>&#8220;We are delighted to introduce flights to Boston, opening up Abu Dhabi to visitors from the American Northeast and across the United States,&#8221; said Antonoaldo Neves, CEO of Etihad Airways.<\/p>\n\n\n\n<p>Boston will be the airline&#8217;s fourth U.S. destination, following Chicago, New York and Washington.<\/p>\n\n\n\n<p>In addition to providing nonstop access to Boston, Etihad will offer convenient connections to cities throughout North America through its partnership with jetBlue, allowing travelers to enjoy a seamless and hassle-free travel experience, opening up numerous travel possibilities across the continent.<\/p>\n\n\n\n<h2 class=\"wp-block-heading\" id=\"related-topics\">Related Topics<\/h2>\n\n\n\n\t\t\t<div class=\"wp-block-uagb-post-grid uagb-post-grid  uagb-post__image-position-top uagb-post__image-enabled uagb-block-addf6006     uagb-post__items uagb-post__columns-2 is-grid uagb-post__columns-tablet-2 uagb-post__columns-mobile-1 uagb-post__equal-height\" data-total=\"514\" style=\"\">\n\n\t\t\t\t\t\t\t\t\t\t\t\t<article class=\"uagb-post__inner-wrap\">\t\t\t\t\t\t\t\t<div class='uagb-post__image'>\n\t\t\t\t\t\t\t\t\t<a href=\"https:\/\/aviacionaldia.com\/en\/2026\/04\/easyjet-expands-uk-network-with-nine-strategic-new-routes-for-winter.html\" target=\"_self\" rel=\"bookmark noopener noreferrer\" class='uagb-image-ratio-inherit'><img decoding=\"async\" width=\"800\" height=\"400\" src=\"https:\/\/aviacionaldia.com\/wp-content\/uploads\/2022\/09\/Easyjet-Airbus-A320.jpg\" class=\"attachment-large size-large\" alt=\"\" srcset=\"https:\/\/aviacionaldia.com\/wp-content\/uploads\/2022\/09\/Easyjet-Airbus-A320.jpg 800w, https:\/\/aviacionaldia.com\/wp-content\/uploads\/2022\/09\/Easyjet-Airbus-A320-300x150.jpg 300w, https:\/\/aviacionaldia.com\/wp-content\/uploads\/2022\/09\/Easyjet-Airbus-A320-768x384.jpg 768w, https:\/\/aviacionaldia.com\/wp-content\/uploads\/2022\/09\/Easyjet-Airbus-A320-380x190.jpg 380w\" sizes=\"(max-width: 800px) 100vw, 800px\" \/>\t\t\t\t\t<\/a>\n\t\t\t\t\t\t\t<\/div>\n\t\t\t\t\t\t<h4 class=\"uagb-post__title uagb-post__text\">\n\t\t\t\t<a href=\"https:\/\/aviacionaldia.com\/en\/2026\/04\/easyjet-expands-uk-network-with-nine-strategic-new-routes-for-winter.html\" target=\"_self\" rel=\"bookmark noopener noreferrer\">easyJet Expands UK Network with Nine Strategic New Routes for Winter<\/a>\n\t\t\t<\/h4>\n\t\t\t\t\t\t<div class='uagb-post__text uagb-post-grid-byline'>\n\t\t\t\t\t\t\t<\/div>\n\t\t\t\t\t\t<div class=\"uagb-post__text uagb-post__cta wp-block-button\">\n\t\t\t\t<a class=\"wp-block-button__link uagb-text-link\" style=\"\" href=\"https:\/\/aviacionaldia.com\/en\/2026\/04\/easyjet-expands-uk-network-with-nine-strategic-new-routes-for-winter.html\" target=\"_self\" rel=\"bookmark noopener noreferrer\">Read More<\/a>\n\t\t\t<\/div>\n\t\t\t\n\t\t\t\t\t\t\t\t\t<\/article>\n\t\t\t\t\t\t\t\t\t\t\t\t\t\t\t\t<article class=\"uagb-post__inner-wrap\">\t\t\t\t\t\t\t\t<div class='uagb-post__image'>\n\t\t\t\t\t\t\t\t\t<a href=\"https:\/\/aviacionaldia.com\/en\/2026\/04\/lufthansa-redefines-its-visual-identity-boss-designs-new-generation-of-uniforms-for-centenary.html\" target=\"_self\" rel=\"bookmark noopener noreferrer\" class='uagb-image-ratio-inherit'><img decoding=\"async\" width=\"800\" height=\"400\" src=\"https:\/\/aviacionaldia.com\/wp-content\/uploads\/2026\/04\/Lufthansa-nuevos-uniformes.webp\" class=\"attachment-large size-large\" alt=\"\" srcset=\"https:\/\/aviacionaldia.com\/wp-content\/uploads\/2026\/04\/Lufthansa-nuevos-uniformes.webp 800w, https:\/\/aviacionaldia.com\/wp-content\/uploads\/2026\/04\/Lufthansa-nuevos-uniformes-300x150.webp 300w, https:\/\/aviacionaldia.com\/wp-content\/uploads\/2026\/04\/Lufthansa-nuevos-uniformes-768x384.webp 768w, https:\/\/aviacionaldia.com\/wp-content\/uploads\/2026\/04\/Lufthansa-nuevos-uniformes-380x190.webp 380w\" sizes=\"(max-width: 800px) 100vw, 800px\" \/>\t\t\t\t\t<\/a>\n\t\t\t\t\t\t\t<\/div>\n\t\t\t\t\t\t<h4 class=\"uagb-post__title uagb-post__text\">\n\t\t\t\t<a href=\"https:\/\/aviacionaldia.com\/en\/2026\/04\/lufthansa-redefines-its-visual-identity-boss-designs-new-generation-of-uniforms-for-centenary.html\" target=\"_self\" rel=\"bookmark noopener noreferrer\">Lufthansa Redefines Its Visual Identity: BOSS Designs New Generation of Uniforms for Centenary<\/a>\n\t\t\t<\/h4>\n\t\t\t\t\t\t<div class='uagb-post__text uagb-post-grid-byline'>\n\t\t\t\t\t\t\t<\/div>\n\t\t\t\t\t\t<div class=\"uagb-post__text uagb-post__cta wp-block-button\">\n\t\t\t\t<a class=\"wp-block-button__link uagb-text-link\" style=\"\" href=\"https:\/\/aviacionaldia.com\/en\/2026\/04\/lufthansa-redefines-its-visual-identity-boss-designs-new-generation-of-uniforms-for-centenary.html\" target=\"_self\" rel=\"bookmark noopener noreferrer\">Read More<\/a>\n\t\t\t<\/div>\n\t\t\t\n\t\t\t\t\t\t\t\t\t<\/article>\n\t\t\t\t\t\t\t\t\t\t\t\t\t\t\t\t<article class=\"uagb-post__inner-wrap\">\t\t\t\t\t\t\t\t<div class='uagb-post__image'>\n\t\t\t\t\t\t\t\t\t<a href=\"https:\/\/aviacionaldia.com\/en\/2026\/04\/ryanair-to-close-berlin-base-amid-rising-airport-fees-and-declining-competitiveness-in-germany.html\" target=\"_self\" rel=\"bookmark noopener noreferrer\" class='uagb-image-ratio-inherit'><img decoding=\"async\" width=\"800\" height=\"400\" src=\"https:\/\/aviacionaldia.com\/wp-content\/uploads\/2021\/07\/Ryanair-B737-800.jpg\" class=\"attachment-large size-large\" alt=\"\" srcset=\"https:\/\/aviacionaldia.com\/wp-content\/uploads\/2021\/07\/Ryanair-B737-800.jpg 800w, https:\/\/aviacionaldia.com\/wp-content\/uploads\/2021\/07\/Ryanair-B737-800-300x150.jpg 300w, https:\/\/aviacionaldia.com\/wp-content\/uploads\/2021\/07\/Ryanair-B737-800-768x384.jpg 768w, https:\/\/aviacionaldia.com\/wp-content\/uploads\/2021\/07\/Ryanair-B737-800-380x190.jpg 380w\" sizes=\"(max-width: 800px) 100vw, 800px\" \/>\t\t\t\t\t<\/a>\n\t\t\t\t\t\t\t<\/div>\n\t\t\t\t\t\t<h4 class=\"uagb-post__title uagb-post__text\">\n\t\t\t\t<a href=\"https:\/\/aviacionaldia.com\/en\/2026\/04\/ryanair-to-close-berlin-base-amid-rising-airport-fees-and-declining-competitiveness-in-germany.html\" target=\"_self\" rel=\"bookmark noopener noreferrer\">Ryanair to Close Berlin Base Amid Rising Airport Fees and Declining Competitiveness in Germany<\/a>\n\t\t\t<\/h4>\n\t\t\t\t\t\t<div class='uagb-post__text uagb-post-grid-byline'>\n\t\t\t\t\t\t\t<\/div>\n\t\t\t\t\t\t<div class=\"uagb-post__text uagb-post__cta wp-block-button\">\n\t\t\t\t<a class=\"wp-block-button__link uagb-text-link\" style=\"\" href=\"https:\/\/aviacionaldia.com\/en\/2026\/04\/ryanair-to-close-berlin-base-amid-rising-airport-fees-and-declining-competitiveness-in-germany.html\" target=\"_self\" rel=\"bookmark noopener noreferrer\">Read More<\/a>\n\t\t\t<\/div>\n\t\t\t\n\t\t\t\t\t\t\t\t\t<\/article>\n\t\t\t\t\t\t\t\t\t\t\t\t\t\t\t\t<article class=\"uagb-post__inner-wrap\">\t\t\t\t\t\t\t\t<div class='uagb-post__image'>\n\t\t\t\t\t\t\t\t\t<a href=\"https:\/\/aviacionaldia.com\/en\/2026\/04\/final-blow-for-lufthansa-eu-court-of-justice-upholds-illegality-of-e6-billion-state-aid-package.html\" target=\"_self\" rel=\"bookmark noopener noreferrer\" class='uagb-image-ratio-inherit'><img decoding=\"async\" width=\"800\" height=\"400\" src=\"https:\/\/aviacionaldia.com\/wp-content\/uploads\/2020\/05\/Lufthansa-aviones.jpg\" class=\"attachment-large size-large\" alt=\"\" srcset=\"https:\/\/aviacionaldia.com\/wp-content\/uploads\/2020\/05\/Lufthansa-aviones.jpg 800w, https:\/\/aviacionaldia.com\/wp-content\/uploads\/2020\/05\/Lufthansa-aviones-300x150.jpg 300w, https:\/\/aviacionaldia.com\/wp-content\/uploads\/2020\/05\/Lufthansa-aviones-768x384.jpg 768w, https:\/\/aviacionaldia.com\/wp-content\/uploads\/2020\/05\/Lufthansa-aviones-380x190.jpg 380w\" sizes=\"(max-width: 800px) 100vw, 800px\" \/>\t\t\t\t\t<\/a>\n\t\t\t\t\t\t\t<\/div>\n\t\t\t\t\t\t<h4 class=\"uagb-post__title uagb-post__text\">\n\t\t\t\t<a href=\"https:\/\/aviacionaldia.com\/en\/2026\/04\/final-blow-for-lufthansa-eu-court-of-justice-upholds-illegality-of-e6-billion-state-aid-package.html\" target=\"_self\" rel=\"bookmark noopener noreferrer\">Final Blow for Lufthansa: EU Court of Justice Upholds Illegality of \u20ac6 Billion State Aid Package<\/a>\n\t\t\t<\/h4>\n\t\t\t\t\t\t<div class='uagb-post__text uagb-post-grid-byline'>\n\t\t\t\t\t\t\t<\/div>\n\t\t\t\t\t\t<div class=\"uagb-post__text uagb-post__cta wp-block-button\">\n\t\t\t\t<a class=\"wp-block-button__link uagb-text-link\" style=\"\" href=\"https:\/\/aviacionaldia.com\/en\/2026\/04\/final-blow-for-lufthansa-eu-court-of-justice-upholds-illegality-of-e6-billion-state-aid-package.html\" target=\"_self\" rel=\"bookmark noopener noreferrer\">Read More<\/a>\n\t\t\t<\/div>\n\t\t\t\n\t\t\t\t\t\t\t\t\t<\/article>\n\t\t\t\t\t\t\t\t\t\t\t<\/div>\n\t\t\t","protected":false},"excerpt":{"rendered":"Etihad Airways announced Wednesday its new route between Abu Dhabi and Boston (United States), which will begin operations&hellip;\n","protected":false},"author":4316,"featured_media":104590,"comment_status":"open","ping_status":"closed","sticky":false,"template":"","format":"standard","meta":{"_uag_custom_page_level_css":"","footnotes":""},"categories":[1],"tags":[230,315,198,221],"class_list":{"0":"post-142288","1":"post","2":"type-post","3":"status-publish","4":"format-standard","5":"has-post-thumbnail","7":"category-airlines","8":"tag-airline","9":"tag-etihad-airways-2","10":"tag-flights","11":"tag-usa"},"uagb_featured_image_src":{"full":["https:\/\/aviacionaldia.com\/wp-content\/uploads\/2020\/12\/Etihad-Airways-B787.jpg",800,400,false],"thumbnail":["https:\/\/aviacionaldia.com\/wp-content\/uploads\/2020\/12\/Etihad-Airways-B787-150x150.jpg",150,150,true],"medium":["https:\/\/aviacionaldia.com\/wp-content\/uploads\/2020\/12\/Etihad-Airways-B787-300x150.jpg",300,150,true],"medium_large":["https:\/\/aviacionaldia.com\/wp-content\/uploads\/2020\/12\/Etihad-Airways-B787-768x384.jpg",768,384,true],"large":["https:\/\/aviacionaldia.com\/wp-content\/uploads\/2020\/12\/Etihad-Airways-B787.jpg",800,400,false],"1536x1536":["https:\/\/aviacionaldia.com\/wp-content\/uploads\/2020\/12\/Etihad-Airways-B787.jpg",800,400,false],"2048x2048":["https:\/\/aviacionaldia.com\/wp-content\/uploads\/2020\/12\/Etihad-Airways-B787.jpg",800,400,false],"pk-small":["https:\/\/aviacionaldia.com\/wp-content\/uploads\/2020\/12\/Etihad-Airways-B787.jpg",80,40,false],"pk-thumbnail":["https:\/\/aviacionaldia.com\/wp-content\/uploads\/2020\/12\/Etihad-Airways-B787.jpg",300,150,false],"csco-small":["https:\/\/aviacionaldia.com\/wp-content\/uploads\/2020\/12\/Etihad-Airways-B787-80x80.jpg",80,80,true],"csco-intermediate":["https:\/\/aviacionaldia.com\/wp-content\/uploads\/2020\/12\/Etihad-Airways-B787-200x140.jpg",200,140,true],"csco-thumbnail":["https:\/\/aviacionaldia.com\/wp-content\/uploads\/2020\/12\/Etihad-Airways-B787-380x220.jpg",380,220,true],"csco-thumbnail-alternative":["https:\/\/aviacionaldia.com\/wp-content\/uploads\/2020\/12\/Etihad-Airways-B787-300x180.jpg",300,180,true],"csco-thumbnail-uncropped":["https:\/\/aviacionaldia.com\/wp-content\/uploads\/2020\/12\/Etihad-Airways-B787-380x190.jpg",380,190,true],"csco-medium":["https:\/\/aviacionaldia.com\/wp-content\/uploads\/2020\/12\/Etihad-Airways-B787.jpg",800,400,false],"csco-medium-alternative":["https:\/\/aviacionaldia.com\/wp-content\/uploads\/2020\/12\/Etihad-Airways-B787-560x336.jpg",560,336,true],"csco-medium-uncropped":["https:\/\/aviacionaldia.com\/wp-content\/uploads\/2020\/12\/Etihad-Airways-B787.jpg",800,400,false],"csco-large":["https:\/\/aviacionaldia.com\/wp-content\/uploads\/2020\/12\/Etihad-Airways-B787.jpg",800,400,false],"csco-large-uncropped":["https:\/\/aviacionaldia.com\/wp-content\/uploads\/2020\/12\/Etihad-Airways-B787.jpg",800,400,false],"csco-extra-large":["https:\/\/aviacionaldia.com\/wp-content\/uploads\/2020\/12\/Etihad-Airways-B787.jpg",800,400,false]},"uagb_author_info":{"display_name":"Redacci\u00f3n - Aviaci\u00f3n al D\u00eda","author_link":"https:\/\/aviacionaldia.com\/en\/author\/aad"},"uagb_comment_info":0,"uagb_excerpt":"Etihad Airways announced Wednesday its new route between Abu Dhabi and Boston (United States), which will begin operations&hellip;","amp_enabled":true,"_links":{"self":[{"href":"https:\/\/aviacionaldia.com\/en\/wp-json\/wp\/v2\/posts\/142288","targetHints":{"allow":["GET"]}}],"collection":[{"href":"https:\/\/aviacionaldia.com\/en\/wp-json\/wp\/v2\/posts"}],"about":[{"href":"https:\/\/aviacionaldia.com\/en\/wp-json\/wp\/v2\/types\/post"}],"author":[{"embeddable":true,"href":"https:\/\/aviacionaldia.com\/en\/wp-json\/wp\/v2\/users\/4316"}],"replies":[{"embeddable":true,"href":"https:\/\/aviacionaldia.com\/en\/wp-json\/wp\/v2\/comments?post=142288"}],"version-history":[{"count":1,"href":"https:\/\/aviacionaldia.com\/en\/wp-json\/wp\/v2\/posts\/142288\/revisions"}],"predecessor-version":[{"id":142289,"href":"https:\/\/aviacionaldia.com\/en\/wp-json\/wp\/v2\/posts\/142288\/revisions\/142289"}],"wp:featuredmedia":[{"embeddable":true,"href":"https:\/\/aviacionaldia.com\/en\/wp-json\/wp\/v2\/media\/104590"}],"wp:attachment":[{"href":"https:\/\/aviacionaldia.com\/en\/wp-json\/wp\/v2\/media?parent=142288"}],"wp:term":[{"taxonomy":"category","embeddable":true,"href":"https:\/\/aviacionaldia.com\/en\/wp-json\/wp\/v2\/categories?post=142288"},{"taxonomy":"post_tag","embeddable":true,"href":"https:\/\/aviacionaldia.com\/en\/wp-json\/wp\/v2\/tags?post=142288"}],"curies":[{"name":"wp","href":"https:\/\/api.w.org\/{rel}","templated":true}]}}