{"id":143800,"date":"2023-09-15T13:30:00","date_gmt":"2023-09-15T13:30:00","guid":{"rendered":"https:\/?p=143800"},"modified":"2023-09-15T22:23:46","modified_gmt":"2023-09-15T22:23:46","slug":"aerolineas-argentinas-made-its-first-flight-with-sustainable-fuel","status":"publish","type":"post","link":"https:\/\/aviacionaldia.com\/en\/2023\/09\/aerolineas-argentinas-made-its-first-flight-with-sustainable-fuel.html","title":{"rendered":"Aerolineas Argentinas made its first flight with sustainable fuel"},"content":{"rendered":"\n<p><strong>Aerol\u00edneas Argentinas<\/strong> made its first flight with sustainable aviation fuel (SAF) covering the Madrid &#8211; Buenos Aires route, which arrived at Ezeiza International Airport early this Friday morning.<\/p>\n\n\n\n<p>This flight is the company&#8217;s initial test with this type of fuel, as part of its Sustainability Plan. The aircraft loaded 2% of SAF fuel for performance analysis tests, which were positive.<\/p>\n\n\n\n<p><strong><em>\u2192 <a href=\"https:\/en\/2023\/09\/aerolineas-argentinas-announces-new-route-between-montevideo-and-mar-del-plata.html\">Aerolineas Argentinas announces new route between Montevideo and Mar del Plata<\/a><\/em><\/strong><\/p>\n\n\n\n<p>According to the projections, as of 2027, this type of fuel will be used in all Aerol\u00edneas Argentinas flights with the aim of reaching neutrality by 2050, in accordance with the international agreements signed by the companies that are members of IATA (International Air Transport Association).<\/p>\n\n\n\n<p>&#8220;It is a flight that has a very special value because it means the effective implementation of an important part of our Sustainability Plan. All the measurement, analysis and follow-up work we have been doing to comply with the goals and international agreements signed, together with our commitment to sustainable aviation, traveled on this flight as well. There is still a lot of work to be done, but we are going to achieve a completely clean industry by 2050&#8221;, explained Pablo Ceriani, President of Aerol\u00edneas Argentinas.<\/p>\n\n\n\n<h2 class=\"wp-block-heading\" id=\"related-topics\">Related Topics<\/h2>\n\n\n\n\t\t\t<div class=\"wp-block-uagb-post-grid uagb-post-grid  uagb-post__image-position-top uagb-post__image-enabled uagb-block-c3a1abee     uagb-post__items uagb-post__columns-2 is-grid uagb-post__columns-tablet-2 uagb-post__columns-mobile-1 uagb-post__equal-height\" data-total=\"470\" style=\"\">\n\n\t\t\t\t\t\t\t\t\t\t\t\t<article class=\"uagb-post__inner-wrap\">\t\t\t\t\t\t\t\t<div class='uagb-post__image'>\n\t\t\t\t\t\t\t\t\t<a href=\"https:\/\/aviacionaldia.com\/en\/2026\/04\/american-airlines-resumes-direct-flights-between-miami-and-caracas-after-seven-year-hiatus.html\" target=\"_self\" rel=\"bookmark noopener noreferrer\" class='uagb-image-ratio-inherit'><img decoding=\"async\" width=\"800\" height=\"400\" src=\"https:\/\/aviacionaldia.com\/wp-content\/uploads\/2026\/04\/American-Airlines-Embraer-175.webp\" class=\"attachment-large size-large\" alt=\"\" srcset=\"https:\/\/aviacionaldia.com\/wp-content\/uploads\/2026\/04\/American-Airlines-Embraer-175.webp 800w, https:\/\/aviacionaldia.com\/wp-content\/uploads\/2026\/04\/American-Airlines-Embraer-175-300x150.webp 300w, https:\/\/aviacionaldia.com\/wp-content\/uploads\/2026\/04\/American-Airlines-Embraer-175-768x384.webp 768w, https:\/\/aviacionaldia.com\/wp-content\/uploads\/2026\/04\/American-Airlines-Embraer-175-380x190.webp 380w\" sizes=\"(max-width: 800px) 100vw, 800px\" \/>\t\t\t\t\t<\/a>\n\t\t\t\t\t\t\t<\/div>\n\t\t\t\t\t\t<h4 class=\"uagb-post__title uagb-post__text\">\n\t\t\t\t<a href=\"https:\/\/aviacionaldia.com\/en\/2026\/04\/american-airlines-resumes-direct-flights-between-miami-and-caracas-after-seven-year-hiatus.html\" target=\"_self\" rel=\"bookmark noopener noreferrer\">American Airlines Resumes Direct Flights Between Miami and Caracas After Seven-Year Hiatus<\/a>\n\t\t\t<\/h4>\n\t\t\t\t\t\t<div class='uagb-post__text uagb-post-grid-byline'>\n\t\t\t\t\t\t\t<\/div>\n\t\t\t\t\t\t<div class=\"uagb-post__text uagb-post__cta wp-block-button\">\n\t\t\t\t<a class=\"wp-block-button__link uagb-text-link\" style=\"\" href=\"https:\/\/aviacionaldia.com\/en\/2026\/04\/american-airlines-resumes-direct-flights-between-miami-and-caracas-after-seven-year-hiatus.html\" target=\"_self\" rel=\"bookmark noopener noreferrer\">Read More<\/a>\n\t\t\t<\/div>\n\t\t\t\n\t\t\t\t\t\t\t\t\t<\/article>\n\t\t\t\t\t\t\t\t\t\t\t\t\t\t\t\t<article class=\"uagb-post__inner-wrap\">\t\t\t\t\t\t\t\t<div class='uagb-post__image'>\n\t\t\t\t\t\t\t\t\t<a href=\"https:\/\/aviacionaldia.com\/en\/2026\/04\/united-airlines-and-lyft-launch-pay-with-miles.html\" target=\"_self\" rel=\"bookmark noopener noreferrer\" class='uagb-image-ratio-inherit'><img decoding=\"async\" width=\"800\" height=\"400\" src=\"https:\/\/aviacionaldia.com\/wp-content\/uploads\/2026\/04\/United-Airlines-Lyft.webp\" class=\"attachment-large size-large\" alt=\"\" srcset=\"https:\/\/aviacionaldia.com\/wp-content\/uploads\/2026\/04\/United-Airlines-Lyft.webp 800w, https:\/\/aviacionaldia.com\/wp-content\/uploads\/2026\/04\/United-Airlines-Lyft-300x150.webp 300w, https:\/\/aviacionaldia.com\/wp-content\/uploads\/2026\/04\/United-Airlines-Lyft-768x384.webp 768w, https:\/\/aviacionaldia.com\/wp-content\/uploads\/2026\/04\/United-Airlines-Lyft-380x190.webp 380w\" sizes=\"(max-width: 800px) 100vw, 800px\" \/>\t\t\t\t\t<\/a>\n\t\t\t\t\t\t\t<\/div>\n\t\t\t\t\t\t<h4 class=\"uagb-post__title uagb-post__text\">\n\t\t\t\t<a href=\"https:\/\/aviacionaldia.com\/en\/2026\/04\/united-airlines-and-lyft-launch-pay-with-miles.html\" target=\"_self\" rel=\"bookmark noopener noreferrer\">United Airlines and Lyft Launch &#8220;Pay with Miles&#8221;<\/a>\n\t\t\t<\/h4>\n\t\t\t\t\t\t<div class='uagb-post__text uagb-post-grid-byline'>\n\t\t\t\t\t\t\t<\/div>\n\t\t\t\t\t\t<div class=\"uagb-post__text uagb-post__cta wp-block-button\">\n\t\t\t\t<a class=\"wp-block-button__link uagb-text-link\" style=\"\" href=\"https:\/\/aviacionaldia.com\/en\/2026\/04\/united-airlines-and-lyft-launch-pay-with-miles.html\" target=\"_self\" rel=\"bookmark noopener noreferrer\">Read More<\/a>\n\t\t\t<\/div>\n\t\t\t\n\t\t\t\t\t\t\t\t\t<\/article>\n\t\t\t\t\t\t\t\t\t\t\t\t\t\t\t\t<article class=\"uagb-post__inner-wrap\">\t\t\t\t\t\t\t\t<div class='uagb-post__image'>\n\t\t\t\t\t\t\t\t\t<a href=\"https:\/\/aviacionaldia.com\/en\/2026\/04\/avelo-airlines-celebrates-its-fifth-anniversary-consolidating-growth-and-operational-reliability.html\" target=\"_self\" rel=\"bookmark noopener noreferrer\" class='uagb-image-ratio-inherit'><img decoding=\"async\" width=\"800\" height=\"400\" src=\"https:\/\/aviacionaldia.com\/wp-content\/uploads\/2025\/02\/Avelo-Airlines-Boeing-737-800.webp\" class=\"attachment-large size-large\" alt=\"\" srcset=\"https:\/\/aviacionaldia.com\/wp-content\/uploads\/2025\/02\/Avelo-Airlines-Boeing-737-800.webp 800w, https:\/\/aviacionaldia.com\/wp-content\/uploads\/2025\/02\/Avelo-Airlines-Boeing-737-800-300x150.webp 300w, https:\/\/aviacionaldia.com\/wp-content\/uploads\/2025\/02\/Avelo-Airlines-Boeing-737-800-768x384.webp 768w, https:\/\/aviacionaldia.com\/wp-content\/uploads\/2025\/02\/Avelo-Airlines-Boeing-737-800-380x190.webp 380w\" sizes=\"(max-width: 800px) 100vw, 800px\" \/>\t\t\t\t\t<\/a>\n\t\t\t\t\t\t\t<\/div>\n\t\t\t\t\t\t<h4 class=\"uagb-post__title uagb-post__text\">\n\t\t\t\t<a href=\"https:\/\/aviacionaldia.com\/en\/2026\/04\/avelo-airlines-celebrates-its-fifth-anniversary-consolidating-growth-and-operational-reliability.html\" target=\"_self\" rel=\"bookmark noopener noreferrer\">Avelo Airlines Celebrates Its Fifth Anniversary, Consolidating Growth and Operational Reliability<\/a>\n\t\t\t<\/h4>\n\t\t\t\t\t\t<div class='uagb-post__text uagb-post-grid-byline'>\n\t\t\t\t\t\t\t<\/div>\n\t\t\t\t\t\t<div class=\"uagb-post__text uagb-post__cta wp-block-button\">\n\t\t\t\t<a class=\"wp-block-button__link uagb-text-link\" style=\"\" href=\"https:\/\/aviacionaldia.com\/en\/2026\/04\/avelo-airlines-celebrates-its-fifth-anniversary-consolidating-growth-and-operational-reliability.html\" target=\"_self\" rel=\"bookmark noopener noreferrer\">Read More<\/a>\n\t\t\t<\/div>\n\t\t\t\n\t\t\t\t\t\t\t\t\t<\/article>\n\t\t\t\t\t\t\t\t\t\t\t\t\t\t\t\t<article class=\"uagb-post__inner-wrap\">\t\t\t\t\t\t\t\t<div class='uagb-post__image'>\n\t\t\t\t\t\t\t\t\t<a href=\"https:\/\/aviacionaldia.com\/en\/2026\/04\/alaska-airlines-crosses-the-atlantic-direct-flights-launched-between-seattle-and-rome.html\" target=\"_self\" rel=\"bookmark noopener noreferrer\" class='uagb-image-ratio-inherit'><img decoding=\"async\" width=\"800\" height=\"400\" src=\"https:\/\/aviacionaldia.com\/wp-content\/uploads\/2026\/04\/Alaska-Airlines-Boeing-787.webp\" class=\"attachment-large size-large\" alt=\"\" srcset=\"https:\/\/aviacionaldia.com\/wp-content\/uploads\/2026\/04\/Alaska-Airlines-Boeing-787.webp 800w, https:\/\/aviacionaldia.com\/wp-content\/uploads\/2026\/04\/Alaska-Airlines-Boeing-787-300x150.webp 300w, https:\/\/aviacionaldia.com\/wp-content\/uploads\/2026\/04\/Alaska-Airlines-Boeing-787-768x384.webp 768w, https:\/\/aviacionaldia.com\/wp-content\/uploads\/2026\/04\/Alaska-Airlines-Boeing-787-380x190.webp 380w\" sizes=\"(max-width: 800px) 100vw, 800px\" \/>\t\t\t\t\t<\/a>\n\t\t\t\t\t\t\t<\/div>\n\t\t\t\t\t\t<h4 class=\"uagb-post__title uagb-post__text\">\n\t\t\t\t<a href=\"https:\/\/aviacionaldia.com\/en\/2026\/04\/alaska-airlines-crosses-the-atlantic-direct-flights-launched-between-seattle-and-rome.html\" target=\"_self\" rel=\"bookmark noopener noreferrer\">Alaska Airlines Crosses the Atlantic: Direct Flights Launched Between Seattle and Rome<\/a>\n\t\t\t<\/h4>\n\t\t\t\t\t\t<div class='uagb-post__text uagb-post-grid-byline'>\n\t\t\t\t\t\t\t<\/div>\n\t\t\t\t\t\t<div class=\"uagb-post__text uagb-post__cta wp-block-button\">\n\t\t\t\t<a class=\"wp-block-button__link uagb-text-link\" style=\"\" href=\"https:\/\/aviacionaldia.com\/en\/2026\/04\/alaska-airlines-crosses-the-atlantic-direct-flights-launched-between-seattle-and-rome.html\" target=\"_self\" rel=\"bookmark noopener noreferrer\">Read More<\/a>\n\t\t\t<\/div>\n\t\t\t\n\t\t\t\t\t\t\t\t\t<\/article>\n\t\t\t\t\t\t\t\t\t\t\t<\/div>\n\t\t\t","protected":false},"excerpt":{"rendered":"Aerol\u00edneas Argentinas made its first flight with sustainable aviation fuel (SAF) covering the Madrid &#8211; Buenos Aires route,&hellip;\n","protected":false},"author":4316,"featured_media":103037,"comment_status":"open","ping_status":"closed","sticky":false,"template":"","format":"standard","meta":{"_uag_custom_page_level_css":"","footnotes":""},"categories":[1],"tags":[251,230,295,198,211],"class_list":{"0":"post-143800","1":"post","2":"type-post","3":"status-publish","4":"format-standard","5":"has-post-thumbnail","7":"category-airlines","8":"tag-aerolineas-argentinas-2","9":"tag-airline","10":"tag-argentina-2","11":"tag-flights","12":"tag-latin-america"},"uagb_featured_image_src":{"full":["https:\/\/aviacionaldia.com\/wp-content\/uploads\/2020\/11\/Aerolineas-Argentinas-A330.jpg",800,400,false],"thumbnail":["https:\/\/aviacionaldia.com\/wp-content\/uploads\/2020\/11\/Aerolineas-Argentinas-A330-150x150.jpg",150,150,true],"medium":["https:\/\/aviacionaldia.com\/wp-content\/uploads\/2020\/11\/Aerolineas-Argentinas-A330-300x150.jpg",300,150,true],"medium_large":["https:\/\/aviacionaldia.com\/wp-content\/uploads\/2020\/11\/Aerolineas-Argentinas-A330-768x384.jpg",768,384,true],"large":["https:\/\/aviacionaldia.com\/wp-content\/uploads\/2020\/11\/Aerolineas-Argentinas-A330.jpg",800,400,false],"1536x1536":["https:\/\/aviacionaldia.com\/wp-content\/uploads\/2020\/11\/Aerolineas-Argentinas-A330.jpg",800,400,false],"2048x2048":["https:\/\/aviacionaldia.com\/wp-content\/uploads\/2020\/11\/Aerolineas-Argentinas-A330.jpg",800,400,false],"pk-small":["https:\/\/aviacionaldia.com\/wp-content\/uploads\/2020\/11\/Aerolineas-Argentinas-A330.jpg",80,40,false],"pk-thumbnail":["https:\/\/aviacionaldia.com\/wp-content\/uploads\/2020\/11\/Aerolineas-Argentinas-A330.jpg",300,150,false],"csco-small":["https:\/\/aviacionaldia.com\/wp-content\/uploads\/2020\/11\/Aerolineas-Argentinas-A330-80x80.jpg",80,80,true],"csco-intermediate":["https:\/\/aviacionaldia.com\/wp-content\/uploads\/2020\/11\/Aerolineas-Argentinas-A330-200x140.jpg",200,140,true],"csco-thumbnail":["https:\/\/aviacionaldia.com\/wp-content\/uploads\/2020\/11\/Aerolineas-Argentinas-A330-380x220.jpg",380,220,true],"csco-thumbnail-alternative":["https:\/\/aviacionaldia.com\/wp-content\/uploads\/2020\/11\/Aerolineas-Argentinas-A330-300x180.jpg",300,180,true],"csco-thumbnail-uncropped":["https:\/\/aviacionaldia.com\/wp-content\/uploads\/2020\/11\/Aerolineas-Argentinas-A330-380x190.jpg",380,190,true],"csco-medium":["https:\/\/aviacionaldia.com\/wp-content\/uploads\/2020\/11\/Aerolineas-Argentinas-A330.jpg",800,400,false],"csco-medium-alternative":["https:\/\/aviacionaldia.com\/wp-content\/uploads\/2020\/11\/Aerolineas-Argentinas-A330-560x336.jpg",560,336,true],"csco-medium-uncropped":["https:\/\/aviacionaldia.com\/wp-content\/uploads\/2020\/11\/Aerolineas-Argentinas-A330.jpg",800,400,false],"csco-large":["https:\/\/aviacionaldia.com\/wp-content\/uploads\/2020\/11\/Aerolineas-Argentinas-A330.jpg",800,400,false],"csco-large-uncropped":["https:\/\/aviacionaldia.com\/wp-content\/uploads\/2020\/11\/Aerolineas-Argentinas-A330.jpg",800,400,false],"csco-extra-large":["https:\/\/aviacionaldia.com\/wp-content\/uploads\/2020\/11\/Aerolineas-Argentinas-A330.jpg",800,400,false]},"uagb_author_info":{"display_name":"Redacci\u00f3n - Aviaci\u00f3n al D\u00eda","author_link":"https:\/\/aviacionaldia.com\/en\/author\/aad"},"uagb_comment_info":0,"uagb_excerpt":"Aerol\u00edneas Argentinas made its first flight with sustainable aviation fuel (SAF) covering the Madrid &#8211; Buenos Aires route,&hellip;","amp_enabled":true,"_links":{"self":[{"href":"https:\/\/aviacionaldia.com\/en\/wp-json\/wp\/v2\/posts\/143800","targetHints":{"allow":["GET"]}}],"collection":[{"href":"https:\/\/aviacionaldia.com\/en\/wp-json\/wp\/v2\/posts"}],"about":[{"href":"https:\/\/aviacionaldia.com\/en\/wp-json\/wp\/v2\/types\/post"}],"author":[{"embeddable":true,"href":"https:\/\/aviacionaldia.com\/en\/wp-json\/wp\/v2\/users\/4316"}],"replies":[{"embeddable":true,"href":"https:\/\/aviacionaldia.com\/en\/wp-json\/wp\/v2\/comments?post=143800"}],"version-history":[{"count":1,"href":"https:\/\/aviacionaldia.com\/en\/wp-json\/wp\/v2\/posts\/143800\/revisions"}],"predecessor-version":[{"id":143801,"href":"https:\/\/aviacionaldia.com\/en\/wp-json\/wp\/v2\/posts\/143800\/revisions\/143801"}],"wp:featuredmedia":[{"embeddable":true,"href":"https:\/\/aviacionaldia.com\/en\/wp-json\/wp\/v2\/media\/103037"}],"wp:attachment":[{"href":"https:\/\/aviacionaldia.com\/en\/wp-json\/wp\/v2\/media?parent=143800"}],"wp:term":[{"taxonomy":"category","embeddable":true,"href":"https:\/\/aviacionaldia.com\/en\/wp-json\/wp\/v2\/categories?post=143800"},{"taxonomy":"post_tag","embeddable":true,"href":"https:\/\/aviacionaldia.com\/en\/wp-json\/wp\/v2\/tags?post=143800"}],"curies":[{"name":"wp","href":"https:\/\/api.w.org\/{rel}","templated":true}]}}