{"id":145062,"date":"2023-11-01T14:00:26","date_gmt":"2023-11-01T14:00:26","guid":{"rendered":"https:\/?p=145062"},"modified":"2023-11-02T11:58:55","modified_gmt":"2023-11-02T11:58:55","slug":"latam-is-the-first-airline-authorized-to-take-off-from-santos-dumont-airport-in-low-visibility-conditions","status":"publish","type":"post","link":"https:\/\/aviacionaldia.com\/en\/2023\/11\/latam-is-the-first-airline-authorized-to-take-off-from-santos-dumont-airport-in-low-visibility-conditions.html","title":{"rendered":"LATAM is the first airline authorized to take off from Santos Dumont Airport in low visibility conditions"},"content":{"rendered":"<p><strong>LATAM Airlines<\/strong> has just become the first airline authorized by the Brazilian National Civil Aviation Agency (ANAC) to perform special take-off procedures at Santos Dumont Airport (Rio de Janeiro).<\/p>\n<p>This is the RNP AR DP type takeoff, which allows aircraft to take off in weather conditions with reduced visibility.<\/p>\n<p><em><strong>\u2192 <a href=\"https:\/en\/2023\/10\/brazil-latam-adds-six-new-codeshare-routes-with-voepass.html\">LATAM adds six new codeshare routes with VOEPASS<\/a><\/strong><\/em><\/p>\n<p>According to ANAC, this is an &#8220;innovative authorization, without regulatory precedent in the world, which brings great benefit to Rio de Janeiro airport users, who face frequent flight disruptions and delays due to weather&#8221;.<\/p>\n<p>With an average of 90 flights per day at Santos Dumont, LATAM is currently the company that cancels the fewest flights in Brazil, with a 98.73% regularity rate in the last 12 months.<\/p>\n","protected":false},"excerpt":{"rendered":"LATAM Airlines has just become the first airline authorized by the Brazilian National Civil Aviation Agency (ANAC) to&hellip;\n","protected":false},"author":4316,"featured_media":114810,"comment_status":"open","ping_status":"closed","sticky":false,"template":"","format":"standard","meta":{"_uag_custom_page_level_css":"","footnotes":""},"categories":[1],"tags":[603,230,306,198,1063],"class_list":{"0":"post-145062","1":"post","2":"type-post","3":"status-publish","4":"format-standard","5":"has-post-thumbnail","7":"category-airlines","8":"tag-aerolinea-en-2","9":"tag-airline","10":"tag-brazil","11":"tag-flights","12":"tag-latam"},"uagb_featured_image_src":{"full":["https:\/\/aviacionaldia.com\/wp-content\/uploads\/2021\/08\/LATAM-A320neo.jpg",800,400,false],"thumbnail":["https:\/\/aviacionaldia.com\/wp-content\/uploads\/2021\/08\/LATAM-A320neo-150x150.jpg",150,150,true],"medium":["https:\/\/aviacionaldia.com\/wp-content\/uploads\/2021\/08\/LATAM-A320neo-300x150.jpg",300,150,true],"medium_large":["https:\/\/aviacionaldia.com\/wp-content\/uploads\/2021\/08\/LATAM-A320neo-768x384.jpg",768,384,true],"large":["https:\/\/aviacionaldia.com\/wp-content\/uploads\/2021\/08\/LATAM-A320neo.jpg",800,400,false],"1536x1536":["https:\/\/aviacionaldia.com\/wp-content\/uploads\/2021\/08\/LATAM-A320neo.jpg",800,400,false],"2048x2048":["https:\/\/aviacionaldia.com\/wp-content\/uploads\/2021\/08\/LATAM-A320neo.jpg",800,400,false],"pk-small":["https:\/\/aviacionaldia.com\/wp-content\/uploads\/2021\/08\/LATAM-A320neo.jpg",80,40,false],"pk-thumbnail":["https:\/\/aviacionaldia.com\/wp-content\/uploads\/2021\/08\/LATAM-A320neo.jpg",300,150,false],"csco-small":["https:\/\/aviacionaldia.com\/wp-content\/uploads\/2021\/08\/LATAM-A320neo-80x80.jpg",80,80,true],"csco-intermediate":["https:\/\/aviacionaldia.com\/wp-content\/uploads\/2021\/08\/LATAM-A320neo-200x140.jpg",200,140,true],"csco-thumbnail":["https:\/\/aviacionaldia.com\/wp-content\/uploads\/2021\/08\/LATAM-A320neo-380x220.jpg",380,220,true],"csco-thumbnail-alternative":["https:\/\/aviacionaldia.com\/wp-content\/uploads\/2021\/08\/LATAM-A320neo-300x180.jpg",300,180,true],"csco-thumbnail-uncropped":["https:\/\/aviacionaldia.com\/wp-content\/uploads\/2021\/08\/LATAM-A320neo-380x190.jpg",380,190,true],"csco-medium":["https:\/\/aviacionaldia.com\/wp-content\/uploads\/2021\/08\/LATAM-A320neo.jpg",800,400,false],"csco-medium-alternative":["https:\/\/aviacionaldia.com\/wp-content\/uploads\/2021\/08\/LATAM-A320neo-560x336.jpg",560,336,true],"csco-medium-uncropped":["https:\/\/aviacionaldia.com\/wp-content\/uploads\/2021\/08\/LATAM-A320neo.jpg",800,400,false],"csco-large":["https:\/\/aviacionaldia.com\/wp-content\/uploads\/2021\/08\/LATAM-A320neo.jpg",800,400,false],"csco-large-uncropped":["https:\/\/aviacionaldia.com\/wp-content\/uploads\/2021\/08\/LATAM-A320neo.jpg",800,400,false],"csco-extra-large":["https:\/\/aviacionaldia.com\/wp-content\/uploads\/2021\/08\/LATAM-A320neo.jpg",800,400,false]},"uagb_author_info":{"display_name":"Redacci\u00f3n - Aviaci\u00f3n al D\u00eda","author_link":"https:\/\/aviacionaldia.com\/en\/author\/aad"},"uagb_comment_info":0,"uagb_excerpt":"LATAM Airlines has just become the first airline authorized by the Brazilian National Civil Aviation Agency (ANAC) to&hellip;","amp_enabled":true,"_links":{"self":[{"href":"https:\/\/aviacionaldia.com\/en\/wp-json\/wp\/v2\/posts\/145062","targetHints":{"allow":["GET"]}}],"collection":[{"href":"https:\/\/aviacionaldia.com\/en\/wp-json\/wp\/v2\/posts"}],"about":[{"href":"https:\/\/aviacionaldia.com\/en\/wp-json\/wp\/v2\/types\/post"}],"author":[{"embeddable":true,"href":"https:\/\/aviacionaldia.com\/en\/wp-json\/wp\/v2\/users\/4316"}],"replies":[{"embeddable":true,"href":"https:\/\/aviacionaldia.com\/en\/wp-json\/wp\/v2\/comments?post=145062"}],"version-history":[{"count":1,"href":"https:\/\/aviacionaldia.com\/en\/wp-json\/wp\/v2\/posts\/145062\/revisions"}],"predecessor-version":[{"id":145063,"href":"https:\/\/aviacionaldia.com\/en\/wp-json\/wp\/v2\/posts\/145062\/revisions\/145063"}],"wp:featuredmedia":[{"embeddable":true,"href":"https:\/\/aviacionaldia.com\/en\/wp-json\/wp\/v2\/media\/114810"}],"wp:attachment":[{"href":"https:\/\/aviacionaldia.com\/en\/wp-json\/wp\/v2\/media?parent=145062"}],"wp:term":[{"taxonomy":"category","embeddable":true,"href":"https:\/\/aviacionaldia.com\/en\/wp-json\/wp\/v2\/categories?post=145062"},{"taxonomy":"post_tag","embeddable":true,"href":"https:\/\/aviacionaldia.com\/en\/wp-json\/wp\/v2\/tags?post=145062"}],"curies":[{"name":"wp","href":"https:\/\/api.w.org\/{rel}","templated":true}]}}