{"id":145954,"date":"2023-12-01T12:00:13","date_gmt":"2023-12-01T12:00:13","guid":{"rendered":"https:\/?p=145954"},"modified":"2023-12-01T20:08:12","modified_gmt":"2023-12-01T20:08:12","slug":"flybondi-extends-its-flights-between-buenos-aires-and-florianopolis-until-june-2024","status":"publish","type":"post","link":"https:\/\/aviacionaldia.com\/en\/2023\/12\/flybondi-extends-its-flights-between-buenos-aires-and-florianopolis-until-june-2024.html","title":{"rendered":"Flybondi extends its flights between Buenos Aires and Florian\u00f3polis until June 2024"},"content":{"rendered":"<p><strong>Flybondi<\/strong> announced the extension of its Buenos Aires-Florian\u00f3polis route until June 2024.<\/p>\n<p>During January and February the route will operate 3 daily flights on Mondays, Tuesdays, Thursdays, Saturdays and Sundays; and 2 daily flights on Wednesdays and Fridays. During the month of March, there will be a frequency of 2 daily flights, and from April to June it will fly 3 times a week on Wednesdays, Fridays and Sundays.<\/p>\n<p><em><strong>\u2192 <a href=\"https:\/en\/2023\/11\/flybondi-announces-flights-between-buenos-aires-and-mar-del-plata-starting-in-january.html\">Flybondi announces flights between Buenos Aires and Mar del Plata starting in January<\/a><\/strong><\/em><\/p>\n<p>&#8220;This year we were only two months without operating the route, which shows that it is a destination that works very well beyond the summer. We were the first low cost to connect Buenos Aires with Floripa, since 2019 we saw the potential it had&#8221;, said Federico Pastori, Commercial Director of Flybondi and added: &#8220;Florian\u00f3polis is one of the star destinations, it is highly requested by our passengers and has been working very well for this season&#8221;.<\/p>\n<p>Flybondi also offers services to Rio de Janeiro with three daily flights and to Sao Paulo with one daily flight.<\/p>\n<p>Photo: Mauricio V. Genta\/Wikimedia<\/p>\n","protected":false},"excerpt":{"rendered":"Flybondi announced the extension of its Buenos Aires-Florian\u00f3polis route until June 2024. During January and February the route&hellip;\n","protected":false},"author":4316,"featured_media":145941,"comment_status":"open","ping_status":"closed","sticky":false,"template":"","format":"standard","meta":{"_uag_custom_page_level_css":"","footnotes":""},"categories":[1],"tags":[603,230,295,306,198,802,211],"class_list":{"0":"post-145954","1":"post","2":"type-post","3":"status-publish","4":"format-standard","5":"has-post-thumbnail","7":"category-airlines","8":"tag-aerolinea-en-2","9":"tag-airline","10":"tag-argentina-2","11":"tag-brazil","12":"tag-flights","13":"tag-flybondi-2","14":"tag-latin-america"},"uagb_featured_image_src":{"full":["https:\/\/aviacionaldia.com\/wp-content\/uploads\/2023\/12\/Flybondi-Boeing-737-800.jpg",800,400,false],"thumbnail":["https:\/\/aviacionaldia.com\/wp-content\/uploads\/2023\/12\/Flybondi-Boeing-737-800-150x150.jpg",150,150,true],"medium":["https:\/\/aviacionaldia.com\/wp-content\/uploads\/2023\/12\/Flybondi-Boeing-737-800-300x150.jpg",300,150,true],"medium_large":["https:\/\/aviacionaldia.com\/wp-content\/uploads\/2023\/12\/Flybondi-Boeing-737-800-768x384.jpg",768,384,true],"large":["https:\/\/aviacionaldia.com\/wp-content\/uploads\/2023\/12\/Flybondi-Boeing-737-800.jpg",800,400,false],"1536x1536":["https:\/\/aviacionaldia.com\/wp-content\/uploads\/2023\/12\/Flybondi-Boeing-737-800.jpg",800,400,false],"2048x2048":["https:\/\/aviacionaldia.com\/wp-content\/uploads\/2023\/12\/Flybondi-Boeing-737-800.jpg",800,400,false],"pk-small":["https:\/\/aviacionaldia.com\/wp-content\/uploads\/2023\/12\/Flybondi-Boeing-737-800.jpg",80,40,false],"pk-thumbnail":["https:\/\/aviacionaldia.com\/wp-content\/uploads\/2023\/12\/Flybondi-Boeing-737-800.jpg",300,150,false],"csco-small":["https:\/\/aviacionaldia.com\/wp-content\/uploads\/2023\/12\/Flybondi-Boeing-737-800-80x80.jpg",80,80,true],"csco-intermediate":["https:\/\/aviacionaldia.com\/wp-content\/uploads\/2023\/12\/Flybondi-Boeing-737-800-200x140.jpg",200,140,true],"csco-thumbnail":["https:\/\/aviacionaldia.com\/wp-content\/uploads\/2023\/12\/Flybondi-Boeing-737-800-380x220.jpg",380,220,true],"csco-thumbnail-alternative":["https:\/\/aviacionaldia.com\/wp-content\/uploads\/2023\/12\/Flybondi-Boeing-737-800-300x180.jpg",300,180,true],"csco-thumbnail-uncropped":["https:\/\/aviacionaldia.com\/wp-content\/uploads\/2023\/12\/Flybondi-Boeing-737-800-380x190.jpg",380,190,true],"csco-medium":["https:\/\/aviacionaldia.com\/wp-content\/uploads\/2023\/12\/Flybondi-Boeing-737-800.jpg",800,400,false],"csco-medium-alternative":["https:\/\/aviacionaldia.com\/wp-content\/uploads\/2023\/12\/Flybondi-Boeing-737-800-560x336.jpg",560,336,true],"csco-medium-uncropped":["https:\/\/aviacionaldia.com\/wp-content\/uploads\/2023\/12\/Flybondi-Boeing-737-800.jpg",800,400,false],"csco-large":["https:\/\/aviacionaldia.com\/wp-content\/uploads\/2023\/12\/Flybondi-Boeing-737-800.jpg",800,400,false],"csco-large-uncropped":["https:\/\/aviacionaldia.com\/wp-content\/uploads\/2023\/12\/Flybondi-Boeing-737-800.jpg",800,400,false],"csco-extra-large":["https:\/\/aviacionaldia.com\/wp-content\/uploads\/2023\/12\/Flybondi-Boeing-737-800.jpg",800,400,false]},"uagb_author_info":{"display_name":"Redacci\u00f3n - Aviaci\u00f3n al D\u00eda","author_link":"https:\/\/aviacionaldia.com\/en\/author\/aad"},"uagb_comment_info":0,"uagb_excerpt":"Flybondi announced the extension of its Buenos Aires-Florian\u00f3polis route until June 2024. During January and February the route&hellip;","amp_enabled":true,"_links":{"self":[{"href":"https:\/\/aviacionaldia.com\/en\/wp-json\/wp\/v2\/posts\/145954","targetHints":{"allow":["GET"]}}],"collection":[{"href":"https:\/\/aviacionaldia.com\/en\/wp-json\/wp\/v2\/posts"}],"about":[{"href":"https:\/\/aviacionaldia.com\/en\/wp-json\/wp\/v2\/types\/post"}],"author":[{"embeddable":true,"href":"https:\/\/aviacionaldia.com\/en\/wp-json\/wp\/v2\/users\/4316"}],"replies":[{"embeddable":true,"href":"https:\/\/aviacionaldia.com\/en\/wp-json\/wp\/v2\/comments?post=145954"}],"version-history":[{"count":1,"href":"https:\/\/aviacionaldia.com\/en\/wp-json\/wp\/v2\/posts\/145954\/revisions"}],"predecessor-version":[{"id":145955,"href":"https:\/\/aviacionaldia.com\/en\/wp-json\/wp\/v2\/posts\/145954\/revisions\/145955"}],"wp:featuredmedia":[{"embeddable":true,"href":"https:\/\/aviacionaldia.com\/en\/wp-json\/wp\/v2\/media\/145941"}],"wp:attachment":[{"href":"https:\/\/aviacionaldia.com\/en\/wp-json\/wp\/v2\/media?parent=145954"}],"wp:term":[{"taxonomy":"category","embeddable":true,"href":"https:\/\/aviacionaldia.com\/en\/wp-json\/wp\/v2\/categories?post=145954"},{"taxonomy":"post_tag","embeddable":true,"href":"https:\/\/aviacionaldia.com\/en\/wp-json\/wp\/v2\/tags?post=145954"}],"curies":[{"name":"wp","href":"https:\/\/api.w.org\/{rel}","templated":true}]}}