{"id":146252,"date":"2023-12-13T12:18:57","date_gmt":"2023-12-13T12:18:57","guid":{"rendered":"https:\/?p=146252"},"modified":"2023-12-14T12:19:25","modified_gmt":"2023-12-14T12:19:25","slug":"avianca-offers-more-than-six-million-seats-for-the-year-end-season","status":"publish","type":"post","link":"https:\/\/aviacionaldia.com\/en\/2023\/12\/avianca-offers-more-than-six-million-seats-for-the-year-end-season.html","title":{"rendered":"Avianca offers more than six million seats for the year-end season"},"content":{"rendered":"<p>During the year-end season, <strong>Avianca<\/strong> will offer more than 6.6 million seats, representing a 39% increase over the same period last year. This increase is a record number and demonstrates the airline&#8217;s clear commitment to connect Colombia with the world.<\/p>\n<p>Since the beginning of the 2023 winter season, Avianca has even increased its frequencies to and from regions such as Ipiales (82%), San Andr\u00e9s (80%), Leticia (78%), Santa Marta (73%), Monter\u00eda (70%), C\u00facuta (70%) and Pasto (66%) to connect them more and better.<\/p>\n<p><em><strong>\u2192 <a href=\"https:\/en\/2023\/11\/avianca-to-fly-between-san-jose-costa-rica-and-caracas-starting-in-december.html\">Avianca to fly between San Jose, Costa Rica and Caracas starting in December<\/a><\/strong><\/em><\/p>\n<p>In the last six months, the airline has been preparing to serve this year-end season and its travelers. With an investment of close to USD$500 million, 16 aircraft have been added; 1,200 additional employees have been hired and, so far this year, more than 25 routes have been inaugurated. Avianca expects to close 2023 with 32.5 million passengers across its network.<\/p>\n<p>To serve and protect users during this high season, the airline designed a comprehensive plan to protect against the risk of possible disruptions, which includes voluntary flight changes without penalty, flexibility at the airport and reinforcement of communication channels with customers.<\/p>\n<p>Avianca recommends that customers update their reservation contact information to ensure timely delivery of information in the event of any new developments; check in as far in advance as possible and check the status of their flight through avianca.com and the airline&#8217;s app.<\/p>\n","protected":false},"excerpt":{"rendered":"During the year-end season, Avianca will offer more than 6.6 million seats, representing a 39% increase over the&hellip;\n","protected":false},"author":4316,"featured_media":144633,"comment_status":"open","ping_status":"closed","sticky":false,"template":"","format":"standard","meta":{"_uag_custom_page_level_css":"","footnotes":""},"categories":[1],"tags":[603,230,207,196,198,211],"class_list":{"0":"post-146252","1":"post","2":"type-post","3":"status-publish","4":"format-standard","5":"has-post-thumbnail","7":"category-airlines","8":"tag-aerolinea-en-2","9":"tag-airline","10":"tag-avianca-2","11":"tag-colombia-2","12":"tag-flights","13":"tag-latin-america"},"uagb_featured_image_src":{"full":["https:\/\/aviacionaldia.com\/wp-content\/uploads\/2023\/10\/Avianca-Nueva-Imagen.jpg",800,400,false],"thumbnail":["https:\/\/aviacionaldia.com\/wp-content\/uploads\/2023\/10\/Avianca-Nueva-Imagen-150x150.jpg",150,150,true],"medium":["https:\/\/aviacionaldia.com\/wp-content\/uploads\/2023\/10\/Avianca-Nueva-Imagen-300x150.jpg",300,150,true],"medium_large":["https:\/\/aviacionaldia.com\/wp-content\/uploads\/2023\/10\/Avianca-Nueva-Imagen-768x384.jpg",768,384,true],"large":["https:\/\/aviacionaldia.com\/wp-content\/uploads\/2023\/10\/Avianca-Nueva-Imagen.jpg",800,400,false],"1536x1536":["https:\/\/aviacionaldia.com\/wp-content\/uploads\/2023\/10\/Avianca-Nueva-Imagen.jpg",800,400,false],"2048x2048":["https:\/\/aviacionaldia.com\/wp-content\/uploads\/2023\/10\/Avianca-Nueva-Imagen.jpg",800,400,false],"pk-small":["https:\/\/aviacionaldia.com\/wp-content\/uploads\/2023\/10\/Avianca-Nueva-Imagen.jpg",80,40,false],"pk-thumbnail":["https:\/\/aviacionaldia.com\/wp-content\/uploads\/2023\/10\/Avianca-Nueva-Imagen.jpg",300,150,false],"csco-small":["https:\/\/aviacionaldia.com\/wp-content\/uploads\/2023\/10\/Avianca-Nueva-Imagen-80x80.jpg",80,80,true],"csco-intermediate":["https:\/\/aviacionaldia.com\/wp-content\/uploads\/2023\/10\/Avianca-Nueva-Imagen-200x140.jpg",200,140,true],"csco-thumbnail":["https:\/\/aviacionaldia.com\/wp-content\/uploads\/2023\/10\/Avianca-Nueva-Imagen-380x220.jpg",380,220,true],"csco-thumbnail-alternative":["https:\/\/aviacionaldia.com\/wp-content\/uploads\/2023\/10\/Avianca-Nueva-Imagen-300x180.jpg",300,180,true],"csco-thumbnail-uncropped":["https:\/\/aviacionaldia.com\/wp-content\/uploads\/2023\/10\/Avianca-Nueva-Imagen-380x190.jpg",380,190,true],"csco-medium":["https:\/\/aviacionaldia.com\/wp-content\/uploads\/2023\/10\/Avianca-Nueva-Imagen.jpg",800,400,false],"csco-medium-alternative":["https:\/\/aviacionaldia.com\/wp-content\/uploads\/2023\/10\/Avianca-Nueva-Imagen-560x336.jpg",560,336,true],"csco-medium-uncropped":["https:\/\/aviacionaldia.com\/wp-content\/uploads\/2023\/10\/Avianca-Nueva-Imagen.jpg",800,400,false],"csco-large":["https:\/\/aviacionaldia.com\/wp-content\/uploads\/2023\/10\/Avianca-Nueva-Imagen.jpg",800,400,false],"csco-large-uncropped":["https:\/\/aviacionaldia.com\/wp-content\/uploads\/2023\/10\/Avianca-Nueva-Imagen.jpg",800,400,false],"csco-extra-large":["https:\/\/aviacionaldia.com\/wp-content\/uploads\/2023\/10\/Avianca-Nueva-Imagen.jpg",800,400,false]},"uagb_author_info":{"display_name":"Redacci\u00f3n - Aviaci\u00f3n al D\u00eda","author_link":"https:\/\/aviacionaldia.com\/en\/author\/aad"},"uagb_comment_info":0,"uagb_excerpt":"During the year-end season, Avianca will offer more than 6.6 million seats, representing a 39% increase over the&hellip;","amp_enabled":true,"_links":{"self":[{"href":"https:\/\/aviacionaldia.com\/en\/wp-json\/wp\/v2\/posts\/146252","targetHints":{"allow":["GET"]}}],"collection":[{"href":"https:\/\/aviacionaldia.com\/en\/wp-json\/wp\/v2\/posts"}],"about":[{"href":"https:\/\/aviacionaldia.com\/en\/wp-json\/wp\/v2\/types\/post"}],"author":[{"embeddable":true,"href":"https:\/\/aviacionaldia.com\/en\/wp-json\/wp\/v2\/users\/4316"}],"replies":[{"embeddable":true,"href":"https:\/\/aviacionaldia.com\/en\/wp-json\/wp\/v2\/comments?post=146252"}],"version-history":[{"count":1,"href":"https:\/\/aviacionaldia.com\/en\/wp-json\/wp\/v2\/posts\/146252\/revisions"}],"predecessor-version":[{"id":146253,"href":"https:\/\/aviacionaldia.com\/en\/wp-json\/wp\/v2\/posts\/146252\/revisions\/146253"}],"wp:featuredmedia":[{"embeddable":true,"href":"https:\/\/aviacionaldia.com\/en\/wp-json\/wp\/v2\/media\/144633"}],"wp:attachment":[{"href":"https:\/\/aviacionaldia.com\/en\/wp-json\/wp\/v2\/media?parent=146252"}],"wp:term":[{"taxonomy":"category","embeddable":true,"href":"https:\/\/aviacionaldia.com\/en\/wp-json\/wp\/v2\/categories?post=146252"},{"taxonomy":"post_tag","embeddable":true,"href":"https:\/\/aviacionaldia.com\/en\/wp-json\/wp\/v2\/tags?post=146252"}],"curies":[{"name":"wp","href":"https:\/\/api.w.org\/{rel}","templated":true}]}}