{"id":146454,"date":"2023-12-20T12:18:03","date_gmt":"2023-12-20T12:18:03","guid":{"rendered":"https:\/?p=146454"},"modified":"2023-12-21T12:18:21","modified_gmt":"2023-12-21T12:18:21","slug":"court-annuls-approval-for-air-france-covid-19-state-aid","status":"publish","type":"post","link":"https:\/\/aviacionaldia.com\/en\/2023\/12\/court-annuls-approval-for-air-france-covid-19-state-aid.html","title":{"rendered":"Court annuls approval for Air France COVID-19 state aid"},"content":{"rendered":"<p>The EU&#8217;s General Court on Wednesday annulled the European Commission&#8217;s 2020 decision to approve French state aid for <strong>Air France<\/strong> worth 7 billion euros ($7.67 billion) meant to soften the economic shock of the coronavirus pandemic.<\/p>\n<p><em><strong>\u2192 <a href=\"https:\/en\/2023\/11\/air-france-klm-and-etihad-airways-announce-frequent-flyer-partnership.html\">Air France-KLM and Etihad Airways announce frequent flyer partnership<\/a><\/strong><\/em><\/p>\n<p>The case is one of many brought by Ryanair (RYA.I), Europe&#8217;s largest budget airline, against state aid granted to airlines throughout Europe to help them survive the pandemic.<\/p>\n<p>In a statement, Ryanair welcomed the ruling: &#8220;The Court\u2019s intervention is a triumph for fair competition and consumers across the EU.&#8221;<\/p>\n","protected":false},"excerpt":{"rendered":"The EU&#8217;s General Court on Wednesday annulled the European Commission&#8217;s 2020 decision to approve French state aid for&hellip;\n","protected":false},"author":4316,"featured_media":100615,"comment_status":"open","ping_status":"closed","sticky":false,"template":"","format":"standard","meta":{"_uag_custom_page_level_css":"","footnotes":""},"categories":[1],"tags":[603,415,230,269],"class_list":{"0":"post-146454","1":"post","2":"type-post","3":"status-publish","4":"format-standard","5":"has-post-thumbnail","7":"category-airlines","8":"tag-aerolinea-en-2","9":"tag-air-france-2","10":"tag-airline","11":"tag-europe"},"uagb_featured_image_src":{"full":["https:\/\/aviacionaldia.com\/wp-content\/uploads\/2020\/09\/Air-France-A330.jpg",800,400,false],"thumbnail":["https:\/\/aviacionaldia.com\/wp-content\/uploads\/2020\/09\/Air-France-A330-150x150.jpg",150,150,true],"medium":["https:\/\/aviacionaldia.com\/wp-content\/uploads\/2020\/09\/Air-France-A330-300x150.jpg",300,150,true],"medium_large":["https:\/\/aviacionaldia.com\/wp-content\/uploads\/2020\/09\/Air-France-A330-768x384.jpg",768,384,true],"large":["https:\/\/aviacionaldia.com\/wp-content\/uploads\/2020\/09\/Air-France-A330.jpg",800,400,false],"1536x1536":["https:\/\/aviacionaldia.com\/wp-content\/uploads\/2020\/09\/Air-France-A330.jpg",800,400,false],"2048x2048":["https:\/\/aviacionaldia.com\/wp-content\/uploads\/2020\/09\/Air-France-A330.jpg",800,400,false],"pk-small":["https:\/\/aviacionaldia.com\/wp-content\/uploads\/2020\/09\/Air-France-A330-80x80.jpg",80,80,true],"pk-thumbnail":["https:\/\/aviacionaldia.com\/wp-content\/uploads\/2020\/09\/Air-France-A330-300x225.jpg",300,225,true],"csco-small":["https:\/\/aviacionaldia.com\/wp-content\/uploads\/2020\/09\/Air-France-A330-80x80.jpg",80,80,true],"csco-intermediate":["https:\/\/aviacionaldia.com\/wp-content\/uploads\/2020\/09\/Air-France-A330-200x140.jpg",200,140,true],"csco-thumbnail":["https:\/\/aviacionaldia.com\/wp-content\/uploads\/2020\/09\/Air-France-A330-380x220.jpg",380,220,true],"csco-thumbnail-alternative":["https:\/\/aviacionaldia.com\/wp-content\/uploads\/2020\/09\/Air-France-A330-300x180.jpg",300,180,true],"csco-thumbnail-uncropped":["https:\/\/aviacionaldia.com\/wp-content\/uploads\/2020\/09\/Air-France-A330-380x190.jpg",380,190,true],"csco-medium":["https:\/\/aviacionaldia.com\/wp-content\/uploads\/2020\/09\/Air-France-A330.jpg",800,400,false],"csco-medium-alternative":["https:\/\/aviacionaldia.com\/wp-content\/uploads\/2020\/09\/Air-France-A330-560x336.jpg",560,336,true],"csco-medium-uncropped":["https:\/\/aviacionaldia.com\/wp-content\/uploads\/2020\/09\/Air-France-A330.jpg",800,400,false],"csco-large":["https:\/\/aviacionaldia.com\/wp-content\/uploads\/2020\/09\/Air-France-A330.jpg",800,400,false],"csco-large-uncropped":["https:\/\/aviacionaldia.com\/wp-content\/uploads\/2020\/09\/Air-France-A330.jpg",800,400,false],"csco-extra-large":["https:\/\/aviacionaldia.com\/wp-content\/uploads\/2020\/09\/Air-France-A330.jpg",800,400,false]},"uagb_author_info":{"display_name":"Redacci\u00f3n - Aviaci\u00f3n al D\u00eda","author_link":"https:\/\/aviacionaldia.com\/en\/author\/aad"},"uagb_comment_info":0,"uagb_excerpt":"The EU&#8217;s General Court on Wednesday annulled the European Commission&#8217;s 2020 decision to approve French state aid for&hellip;","amp_enabled":true,"_links":{"self":[{"href":"https:\/\/aviacionaldia.com\/en\/wp-json\/wp\/v2\/posts\/146454","targetHints":{"allow":["GET"]}}],"collection":[{"href":"https:\/\/aviacionaldia.com\/en\/wp-json\/wp\/v2\/posts"}],"about":[{"href":"https:\/\/aviacionaldia.com\/en\/wp-json\/wp\/v2\/types\/post"}],"author":[{"embeddable":true,"href":"https:\/\/aviacionaldia.com\/en\/wp-json\/wp\/v2\/users\/4316"}],"replies":[{"embeddable":true,"href":"https:\/\/aviacionaldia.com\/en\/wp-json\/wp\/v2\/comments?post=146454"}],"version-history":[{"count":1,"href":"https:\/\/aviacionaldia.com\/en\/wp-json\/wp\/v2\/posts\/146454\/revisions"}],"predecessor-version":[{"id":146455,"href":"https:\/\/aviacionaldia.com\/en\/wp-json\/wp\/v2\/posts\/146454\/revisions\/146455"}],"wp:featuredmedia":[{"embeddable":true,"href":"https:\/\/aviacionaldia.com\/en\/wp-json\/wp\/v2\/media\/100615"}],"wp:attachment":[{"href":"https:\/\/aviacionaldia.com\/en\/wp-json\/wp\/v2\/media?parent=146454"}],"wp:term":[{"taxonomy":"category","embeddable":true,"href":"https:\/\/aviacionaldia.com\/en\/wp-json\/wp\/v2\/categories?post=146454"},{"taxonomy":"post_tag","embeddable":true,"href":"https:\/\/aviacionaldia.com\/en\/wp-json\/wp\/v2\/tags?post=146454"}],"curies":[{"name":"wp","href":"https:\/\/api.w.org\/{rel}","templated":true}]}}