{"id":164410,"date":"2024-04-09T14:00:10","date_gmt":"2024-04-09T14:00:10","guid":{"rendered":"https:\/?p=164410"},"modified":"2024-04-09T16:43:37","modified_gmt":"2024-04-09T16:43:37","slug":"ethiopian-airlines-to-offer-regular-cargo-service-to-and-from-colombia","status":"publish","type":"post","link":"https:\/\/aviacionaldia.com\/en\/2024\/04\/ethiopian-airlines-to-offer-regular-cargo-service-to-and-from-colombia.html","title":{"rendered":"Ethiopian Airlines to offer regular cargo service to and from Colombia"},"content":{"rendered":"\n<p>The Civil Aeronautics informed on Tuesday that <strong>Ethiopian Airlines<\/strong> obtained authorization to operate international air cargo services to and from Colombia at Bogota&#8217;s El Dorado Airport.<\/p>\n\n\n\n<p><strong><em>\u2192 <a href=\"https:\/en\/2024\/03\/ethiopian-airlines-orders-up-to-20-boeing-777x-jets.html\">Ethiopian Airlines orders up to 20 Boeing 777X jets<\/a><\/em><\/strong><\/p>\n\n\n\n<h2 class=\"wp-block-heading\">The routes to be operated are:<\/h2>\n\n\n\n<p>&#8211; Addis Ababa &#8211; Liege &#8211; Zaragoza &#8211; Mexico &#8211; Bogota &#8211; Miami &#8211; Liege &#8211; Addis Ababa with one (1) weekly frequency and traffic rights of up to fifth freedom of the air.<br>&#8211; Addis Ababa &#8211; Liege &#8211; Zaragoza &#8211; Miami &#8211; Bogota &#8211; Quito &#8211; Miami &#8211; Liege Addis Ababa with one (1) weekly frequency and traffic rights up to fifth freedom of the air.<br>(This authorization does not include the exercise of commercial traffic rights between Bogot\u00e1 and Miami).<br>&#8211; Addis Ababa &#8211; Zaragoza &#8211; Miami &#8211; Bogota &#8211; Miami &#8211; Liege &#8211; Addis Ababa, with one (1) weekly frequency and traffic rights of up to fifth freedom of the air.<\/p>\n\n\n\n<p>&#8220;This important news ratifies Colombia as one of the countries that, with preparation and openness, is seen in the world as a destination that boosts the economy, as well as the expansion of the network coverage in cargo volume with the arrival of Ethiopian Airlines,&#8221; Aerocivil said.<\/p>\n\n\n\n<h2 class=\"wp-block-heading\" id=\"related-topics\">Related Topics<\/h2>\n\n\n\n\t\t\t<div class=\"wp-block-uagb-post-grid uagb-post-grid  uagb-post__image-position-top uagb-post__image-enabled uagb-block-d40f09ce     uagb-post__items uagb-post__columns-2 is-grid uagb-post__columns-tablet-2 uagb-post__columns-mobile-1 uagb-post__equal-height\" data-total=\"206\" style=\"\">\n\n\t\t\t\t\t\t\t\t\t\t\t\t<article class=\"uagb-post__inner-wrap\">\t\t\t\t\t\t\t\t<div class='uagb-post__image'>\n\t\t\t\t\t\t\t\t\t<a href=\"https:\/\/aviacionaldia.com\/en\/2026\/04\/colombia-solidifies-aviation-growth-15-million-passengers-transported-in-q1-2026.html\" target=\"_self\" rel=\"bookmark noopener noreferrer\" class='uagb-image-ratio-inherit'><img decoding=\"async\" width=\"800\" height=\"400\" src=\"https:\/\/aviacionaldia.com\/wp-content\/uploads\/2020\/08\/aeropuerto-el-dorado-Bogota.jpg\" class=\"attachment-large size-large\" alt=\"\" srcset=\"https:\/\/aviacionaldia.com\/wp-content\/uploads\/2020\/08\/aeropuerto-el-dorado-Bogota.jpg 800w, https:\/\/aviacionaldia.com\/wp-content\/uploads\/2020\/08\/aeropuerto-el-dorado-Bogota-300x150.jpg 300w, https:\/\/aviacionaldia.com\/wp-content\/uploads\/2020\/08\/aeropuerto-el-dorado-Bogota-768x384.jpg 768w, https:\/\/aviacionaldia.com\/wp-content\/uploads\/2020\/08\/aeropuerto-el-dorado-Bogota-380x190.jpg 380w\" sizes=\"(max-width: 800px) 100vw, 800px\" \/>\t\t\t\t\t<\/a>\n\t\t\t\t\t\t\t<\/div>\n\t\t\t\t\t\t<h4 class=\"uagb-post__title uagb-post__text\">\n\t\t\t\t<a href=\"https:\/\/aviacionaldia.com\/en\/2026\/04\/colombia-solidifies-aviation-growth-15-million-passengers-transported-in-q1-2026.html\" target=\"_self\" rel=\"bookmark noopener noreferrer\">Colombia Solidifies Aviation Growth: 15 Million Passengers Transported in Q1 2026<\/a>\n\t\t\t<\/h4>\n\t\t\t\t\t\t<div class='uagb-post__text uagb-post-grid-byline'>\n\t\t\t\t\t\t\t<\/div>\n\t\t\t\t\t\t<div class=\"uagb-post__text uagb-post__cta wp-block-button\">\n\t\t\t\t<a class=\"wp-block-button__link uagb-text-link\" style=\"\" href=\"https:\/\/aviacionaldia.com\/en\/2026\/04\/colombia-solidifies-aviation-growth-15-million-passengers-transported-in-q1-2026.html\" target=\"_self\" rel=\"bookmark noopener noreferrer\">Read More<\/a>\n\t\t\t<\/div>\n\t\t\t\n\t\t\t\t\t\t\t\t\t<\/article>\n\t\t\t\t\t\t\t\t\t\t\t\t\t\t\t\t<article class=\"uagb-post__inner-wrap\">\t\t\t\t\t\t\t\t<div class='uagb-post__image'>\n\t\t\t\t\t\t\t\t\t<a href=\"https:\/\/aviacionaldia.com\/en\/2026\/04\/ntsb-runway-safety-system-failure-preceded-fatal-collision-between-air-canada-express-aircraft-and-fire-truck.html\" target=\"_self\" rel=\"bookmark noopener noreferrer\" class='uagb-image-ratio-inherit'><img decoding=\"async\" width=\"800\" height=\"400\" src=\"https:\/\/aviacionaldia.com\/wp-content\/uploads\/2026\/03\/Accidente-de-avion-de-Air-Canada-Express-en-LaGuardia.webp\" class=\"attachment-large size-large\" alt=\"\" srcset=\"https:\/\/aviacionaldia.com\/wp-content\/uploads\/2026\/03\/Accidente-de-avion-de-Air-Canada-Express-en-LaGuardia.webp 800w, https:\/\/aviacionaldia.com\/wp-content\/uploads\/2026\/03\/Accidente-de-avion-de-Air-Canada-Express-en-LaGuardia-300x150.webp 300w, https:\/\/aviacionaldia.com\/wp-content\/uploads\/2026\/03\/Accidente-de-avion-de-Air-Canada-Express-en-LaGuardia-768x384.webp 768w, https:\/\/aviacionaldia.com\/wp-content\/uploads\/2026\/03\/Accidente-de-avion-de-Air-Canada-Express-en-LaGuardia-380x190.webp 380w\" sizes=\"(max-width: 800px) 100vw, 800px\" \/>\t\t\t\t\t<\/a>\n\t\t\t\t\t\t\t<\/div>\n\t\t\t\t\t\t<h4 class=\"uagb-post__title uagb-post__text\">\n\t\t\t\t<a href=\"https:\/\/aviacionaldia.com\/en\/2026\/04\/ntsb-runway-safety-system-failure-preceded-fatal-collision-between-air-canada-express-aircraft-and-fire-truck.html\" target=\"_self\" rel=\"bookmark noopener noreferrer\">NTSB: Runway Safety System Failure Preceded Fatal Collision Between Air Canada Express Aircraft and Fire Truck<\/a>\n\t\t\t<\/h4>\n\t\t\t\t\t\t<div class='uagb-post__text uagb-post-grid-byline'>\n\t\t\t\t\t\t\t<\/div>\n\t\t\t\t\t\t<div class=\"uagb-post__text uagb-post__cta wp-block-button\">\n\t\t\t\t<a class=\"wp-block-button__link uagb-text-link\" style=\"\" href=\"https:\/\/aviacionaldia.com\/en\/2026\/04\/ntsb-runway-safety-system-failure-preceded-fatal-collision-between-air-canada-express-aircraft-and-fire-truck.html\" target=\"_self\" rel=\"bookmark noopener noreferrer\">Read More<\/a>\n\t\t\t<\/div>\n\t\t\t\n\t\t\t\t\t\t\t\t\t<\/article>\n\t\t\t\t\t\t\t\t\t\t\t\t\t\t\t\t<article class=\"uagb-post__inner-wrap\">\t\t\t\t\t\t\t\t<div class='uagb-post__image'>\n\t\t\t\t\t\t\t\t\t<a href=\"https:\/\/aviacionaldia.com\/en\/2026\/04\/ryanair-to-close-berlin-base-amid-rising-airport-fees-and-declining-competitiveness-in-germany.html\" target=\"_self\" rel=\"bookmark noopener noreferrer\" class='uagb-image-ratio-inherit'><img decoding=\"async\" width=\"800\" height=\"400\" src=\"https:\/\/aviacionaldia.com\/wp-content\/uploads\/2021\/07\/Ryanair-B737-800.jpg\" class=\"attachment-large size-large\" alt=\"\" srcset=\"https:\/\/aviacionaldia.com\/wp-content\/uploads\/2021\/07\/Ryanair-B737-800.jpg 800w, https:\/\/aviacionaldia.com\/wp-content\/uploads\/2021\/07\/Ryanair-B737-800-300x150.jpg 300w, https:\/\/aviacionaldia.com\/wp-content\/uploads\/2021\/07\/Ryanair-B737-800-768x384.jpg 768w, https:\/\/aviacionaldia.com\/wp-content\/uploads\/2021\/07\/Ryanair-B737-800-380x190.jpg 380w\" sizes=\"(max-width: 800px) 100vw, 800px\" \/>\t\t\t\t\t<\/a>\n\t\t\t\t\t\t\t<\/div>\n\t\t\t\t\t\t<h4 class=\"uagb-post__title uagb-post__text\">\n\t\t\t\t<a href=\"https:\/\/aviacionaldia.com\/en\/2026\/04\/ryanair-to-close-berlin-base-amid-rising-airport-fees-and-declining-competitiveness-in-germany.html\" target=\"_self\" rel=\"bookmark noopener noreferrer\">Ryanair to Close Berlin Base Amid Rising Airport Fees and Declining Competitiveness in Germany<\/a>\n\t\t\t<\/h4>\n\t\t\t\t\t\t<div class='uagb-post__text uagb-post-grid-byline'>\n\t\t\t\t\t\t\t<\/div>\n\t\t\t\t\t\t<div class=\"uagb-post__text uagb-post__cta wp-block-button\">\n\t\t\t\t<a class=\"wp-block-button__link uagb-text-link\" style=\"\" href=\"https:\/\/aviacionaldia.com\/en\/2026\/04\/ryanair-to-close-berlin-base-amid-rising-airport-fees-and-declining-competitiveness-in-germany.html\" target=\"_self\" rel=\"bookmark noopener noreferrer\">Read More<\/a>\n\t\t\t<\/div>\n\t\t\t\n\t\t\t\t\t\t\t\t\t<\/article>\n\t\t\t\t\t\t\t\t\t\t\t\t\t\t\t\t<article class=\"uagb-post__inner-wrap\">\t\t\t\t\t\t\t\t<div class='uagb-post__image'>\n\t\t\t\t\t\t\t\t\t<a href=\"https:\/\/aviacionaldia.com\/en\/2026\/04\/amsterdam-schiphol-to-reduce-airport-fees-by-10-for-airlines-to-mitigate-financial-impact-of-middle-east-conflict.html\" target=\"_self\" rel=\"bookmark noopener noreferrer\" class='uagb-image-ratio-inherit'><img decoding=\"async\" width=\"800\" height=\"400\" src=\"https:\/\/aviacionaldia.com\/wp-content\/uploads\/2024\/12\/Aeropuerto-Schiphol-de-Amsterdam.jpg\" class=\"attachment-large size-large\" alt=\"\" srcset=\"https:\/\/aviacionaldia.com\/wp-content\/uploads\/2024\/12\/Aeropuerto-Schiphol-de-Amsterdam.jpg 800w, https:\/\/aviacionaldia.com\/wp-content\/uploads\/2024\/12\/Aeropuerto-Schiphol-de-Amsterdam-300x150.jpg 300w, https:\/\/aviacionaldia.com\/wp-content\/uploads\/2024\/12\/Aeropuerto-Schiphol-de-Amsterdam-768x384.jpg 768w, https:\/\/aviacionaldia.com\/wp-content\/uploads\/2024\/12\/Aeropuerto-Schiphol-de-Amsterdam-380x190.jpg 380w\" sizes=\"(max-width: 800px) 100vw, 800px\" \/>\t\t\t\t\t<\/a>\n\t\t\t\t\t\t\t<\/div>\n\t\t\t\t\t\t<h4 class=\"uagb-post__title uagb-post__text\">\n\t\t\t\t<a href=\"https:\/\/aviacionaldia.com\/en\/2026\/04\/amsterdam-schiphol-to-reduce-airport-fees-by-10-for-airlines-to-mitigate-financial-impact-of-middle-east-conflict.html\" target=\"_self\" rel=\"bookmark noopener noreferrer\">Amsterdam Schiphol to Reduce Airport Fees by 10% for Airlines to Mitigate Financial Impact of Middle East Conflict<\/a>\n\t\t\t<\/h4>\n\t\t\t\t\t\t<div class='uagb-post__text uagb-post-grid-byline'>\n\t\t\t\t\t\t\t<\/div>\n\t\t\t\t\t\t<div class=\"uagb-post__text uagb-post__cta wp-block-button\">\n\t\t\t\t<a class=\"wp-block-button__link uagb-text-link\" style=\"\" href=\"https:\/\/aviacionaldia.com\/en\/2026\/04\/amsterdam-schiphol-to-reduce-airport-fees-by-10-for-airlines-to-mitigate-financial-impact-of-middle-east-conflict.html\" target=\"_self\" rel=\"bookmark noopener noreferrer\">Read More<\/a>\n\t\t\t<\/div>\n\t\t\t\n\t\t\t\t\t\t\t\t\t<\/article>\n\t\t\t\t\t\t\t\t\t\t\t<\/div>\n\t\t\t","protected":false},"excerpt":{"rendered":"The Civil Aeronautics informed on Tuesday that Ethiopian Airlines obtained authorization to operate international air cargo services to&hellip;\n","protected":false},"author":4316,"featured_media":164406,"comment_status":"closed","ping_status":"closed","sticky":false,"template":"","format":"standard","meta":{"_uag_custom_page_level_css":"","footnotes":""},"categories":[1],"tags":[230,196,659,198],"class_list":{"0":"post-164410","1":"post","2":"type-post","3":"status-publish","4":"format-standard","5":"has-post-thumbnail","7":"category-airlines","8":"tag-airline","9":"tag-colombia-2","10":"tag-ethiopian-airlines-2","11":"tag-flights"},"uagb_featured_image_src":{"full":["https:\/\/aviacionaldia.com\/wp-content\/uploads\/2024\/04\/Ethiopian-Cargo-Boeing-777F.jpg",800,400,false],"thumbnail":["https:\/\/aviacionaldia.com\/wp-content\/uploads\/2024\/04\/Ethiopian-Cargo-Boeing-777F-150x150.jpg",150,150,true],"medium":["https:\/\/aviacionaldia.com\/wp-content\/uploads\/2024\/04\/Ethiopian-Cargo-Boeing-777F-300x150.jpg",300,150,true],"medium_large":["https:\/\/aviacionaldia.com\/wp-content\/uploads\/2024\/04\/Ethiopian-Cargo-Boeing-777F-768x384.jpg",768,384,true],"large":["https:\/\/aviacionaldia.com\/wp-content\/uploads\/2024\/04\/Ethiopian-Cargo-Boeing-777F.jpg",800,400,false],"1536x1536":["https:\/\/aviacionaldia.com\/wp-content\/uploads\/2024\/04\/Ethiopian-Cargo-Boeing-777F.jpg",800,400,false],"2048x2048":["https:\/\/aviacionaldia.com\/wp-content\/uploads\/2024\/04\/Ethiopian-Cargo-Boeing-777F.jpg",800,400,false],"pk-small":["https:\/\/aviacionaldia.com\/wp-content\/uploads\/2024\/04\/Ethiopian-Cargo-Boeing-777F.jpg",80,40,false],"pk-thumbnail":["https:\/\/aviacionaldia.com\/wp-content\/uploads\/2024\/04\/Ethiopian-Cargo-Boeing-777F.jpg",300,150,false],"csco-small":["https:\/\/aviacionaldia.com\/wp-content\/uploads\/2024\/04\/Ethiopian-Cargo-Boeing-777F-80x80.jpg",80,80,true],"csco-intermediate":["https:\/\/aviacionaldia.com\/wp-content\/uploads\/2024\/04\/Ethiopian-Cargo-Boeing-777F-200x140.jpg",200,140,true],"csco-thumbnail":["https:\/\/aviacionaldia.com\/wp-content\/uploads\/2024\/04\/Ethiopian-Cargo-Boeing-777F-380x220.jpg",380,220,true],"csco-thumbnail-alternative":["https:\/\/aviacionaldia.com\/wp-content\/uploads\/2024\/04\/Ethiopian-Cargo-Boeing-777F-300x180.jpg",300,180,true],"csco-thumbnail-uncropped":["https:\/\/aviacionaldia.com\/wp-content\/uploads\/2024\/04\/Ethiopian-Cargo-Boeing-777F-380x190.jpg",380,190,true],"csco-medium":["https:\/\/aviacionaldia.com\/wp-content\/uploads\/2024\/04\/Ethiopian-Cargo-Boeing-777F.jpg",800,400,false],"csco-medium-alternative":["https:\/\/aviacionaldia.com\/wp-content\/uploads\/2024\/04\/Ethiopian-Cargo-Boeing-777F-560x336.jpg",560,336,true],"csco-medium-uncropped":["https:\/\/aviacionaldia.com\/wp-content\/uploads\/2024\/04\/Ethiopian-Cargo-Boeing-777F.jpg",800,400,false],"csco-large":["https:\/\/aviacionaldia.com\/wp-content\/uploads\/2024\/04\/Ethiopian-Cargo-Boeing-777F.jpg",800,400,false],"csco-large-uncropped":["https:\/\/aviacionaldia.com\/wp-content\/uploads\/2024\/04\/Ethiopian-Cargo-Boeing-777F.jpg",800,400,false],"csco-extra-large":["https:\/\/aviacionaldia.com\/wp-content\/uploads\/2024\/04\/Ethiopian-Cargo-Boeing-777F.jpg",800,400,false]},"uagb_author_info":{"display_name":"Redacci\u00f3n - Aviaci\u00f3n al D\u00eda","author_link":"https:\/\/aviacionaldia.com\/en\/author\/aad"},"uagb_comment_info":0,"uagb_excerpt":"The Civil Aeronautics informed on Tuesday that Ethiopian Airlines obtained authorization to operate international air cargo services to&hellip;","amp_enabled":true,"_links":{"self":[{"href":"https:\/\/aviacionaldia.com\/en\/wp-json\/wp\/v2\/posts\/164410","targetHints":{"allow":["GET"]}}],"collection":[{"href":"https:\/\/aviacionaldia.com\/en\/wp-json\/wp\/v2\/posts"}],"about":[{"href":"https:\/\/aviacionaldia.com\/en\/wp-json\/wp\/v2\/types\/post"}],"author":[{"embeddable":true,"href":"https:\/\/aviacionaldia.com\/en\/wp-json\/wp\/v2\/users\/4316"}],"replies":[{"embeddable":true,"href":"https:\/\/aviacionaldia.com\/en\/wp-json\/wp\/v2\/comments?post=164410"}],"version-history":[{"count":2,"href":"https:\/\/aviacionaldia.com\/en\/wp-json\/wp\/v2\/posts\/164410\/revisions"}],"predecessor-version":[{"id":164422,"href":"https:\/\/aviacionaldia.com\/en\/wp-json\/wp\/v2\/posts\/164410\/revisions\/164422"}],"wp:featuredmedia":[{"embeddable":true,"href":"https:\/\/aviacionaldia.com\/en\/wp-json\/wp\/v2\/media\/164406"}],"wp:attachment":[{"href":"https:\/\/aviacionaldia.com\/en\/wp-json\/wp\/v2\/media?parent=164410"}],"wp:term":[{"taxonomy":"category","embeddable":true,"href":"https:\/\/aviacionaldia.com\/en\/wp-json\/wp\/v2\/categories?post=164410"},{"taxonomy":"post_tag","embeddable":true,"href":"https:\/\/aviacionaldia.com\/en\/wp-json\/wp\/v2\/tags?post=164410"}],"curies":[{"name":"wp","href":"https:\/\/api.w.org\/{rel}","templated":true}]}}