{"id":164427,"date":"2024-04-09T15:30:34","date_gmt":"2024-04-09T15:30:34","guid":{"rendered":"https:\/?p=164427"},"modified":"2024-04-09T21:41:18","modified_gmt":"2024-04-09T21:41:18","slug":"eu-to-send-warning-to-iag-over-air-europa-deal","status":"publish","type":"post","link":"https:\/\/aviacionaldia.com\/en\/2024\/04\/eu-to-send-warning-to-iag-over-air-europa-deal.html","title":{"rendered":"EU to send warning to IAG over Air Europa deal"},"content":{"rendered":"\n<p>British Airways, iberia owner<strong> IAG<\/strong> is set to get an EU antitrust warning about its bid to secure full control of <strong>Air Europa <\/strong>after its remedies failed to address EU antitrust concerns, people with direct knowledge of the matter said, <a href=\"https:\/\/www.reuters.com\/business\/aerospace-defense\/eu-regulators-have-not-sought-feedback-iags-air-europa-deal-sources-say-2024-04-09\/\" target=\"_blank\" rel=\"noreferrer noopener nofollow\">Reuters<\/a> exclusive reported.<\/p>\n\n\n\n<p>EU antitrust regulators have not sought feedback from rivals and customers on remedies submitted by IAG in late February, indicating that these are insufficient to address their concerns, the people said.<\/p>\n\n\n\n<p><strong><em>\u2192 <a href=\"https:\/en\/2024\/04\/tromso-and-salzburg-new-iberia-destinations-for-the-winter-season.html\">Tromso and Salzburg, new Iberia destinations for the winter season<\/a><\/em><\/strong><\/p>\n\n\n\n<p>The European Commission, which acts as the EU&#8217;s competition enforcer, is due to issue a statement of objections to IAG around the end of April, setting out specific concerns that could lead to a veto of the deal if not addressed, the sources said.<\/p>\n\n\n\n<p>Neither IAG nor the Commission has provided details of the remedies. However, other sources said they include ceding airport slots and routes, as well as offering access to planes to enable rivals to start operating these almost immediately.<\/p>\n\n\n\n<p>IAG wants to buy the 80% of Air Europa it does not already own from Spain&#8217;s Globalia. The two carriers abandoned a previous deal in 2021 after EU regulators indicated their remedies were insufficient to alleviate competition concerns.<\/p>\n\n\n\n<h2 class=\"wp-block-heading\" id=\"related-topics\">Related Topics<\/h2>\n\n\n\n\t\t\t<div class=\"wp-block-uagb-post-grid uagb-post-grid  uagb-post__image-position-top uagb-post__image-enabled uagb-block-d40f09ce     uagb-post__items uagb-post__columns-2 is-grid uagb-post__columns-tablet-2 uagb-post__columns-mobile-1 uagb-post__equal-height\" data-total=\"432\" style=\"\">\n\n\t\t\t\t\t\t\t\t\t\t\t\t<article class=\"uagb-post__inner-wrap\">\t\t\t\t\t\t\t\t<div class='uagb-post__image'>\n\t\t\t\t\t\t\t\t\t<a href=\"https:\/\/aviacionaldia.com\/en\/2026\/08\/avianca-strengthens-cross-border-network-launches-daily-flights-between-bogota-and-maracaibo-venezuela.html\" target=\"_self\" rel=\"bookmark noopener noreferrer\" class='uagb-image-ratio-inherit'><img decoding=\"async\" width=\"800\" height=\"400\" src=\"https:\/\/aviacionaldia.com\/wp-content\/uploads\/2021\/04\/Avianca-A320.jpg\" class=\"attachment-large size-large\" alt=\"\" srcset=\"https:\/\/aviacionaldia.com\/wp-content\/uploads\/2021\/04\/Avianca-A320.jpg 800w, https:\/\/aviacionaldia.com\/wp-content\/uploads\/2021\/04\/Avianca-A320-300x150.jpg 300w, https:\/\/aviacionaldia.com\/wp-content\/uploads\/2021\/04\/Avianca-A320-768x384.jpg 768w, https:\/\/aviacionaldia.com\/wp-content\/uploads\/2021\/04\/Avianca-A320-380x190.jpg 380w\" sizes=\"(max-width: 800px) 100vw, 800px\" \/>\t\t\t\t\t<\/a>\n\t\t\t\t\t\t\t<\/div>\n\t\t\t\t\t\t<h4 class=\"uagb-post__title uagb-post__text\">\n\t\t\t\t<a href=\"https:\/\/aviacionaldia.com\/en\/2026\/08\/avianca-strengthens-cross-border-network-launches-daily-flights-between-bogota-and-maracaibo-venezuela.html\" target=\"_self\" rel=\"bookmark noopener noreferrer\">Avianca Strengthens Cross-Border Network: Launches Daily Flights Between Bogot\u00e1 and Maracaibo, Venezuela<\/a>\n\t\t\t<\/h4>\n\t\t\t\t\t\t<div class='uagb-post__text uagb-post-grid-byline'>\n\t\t\t\t\t\t\t<\/div>\n\t\t\t\t\t\t<div class=\"uagb-post__text uagb-post__cta wp-block-button\">\n\t\t\t\t<a class=\"wp-block-button__link uagb-text-link\" style=\"\" href=\"https:\/\/aviacionaldia.com\/en\/2026\/08\/avianca-strengthens-cross-border-network-launches-daily-flights-between-bogota-and-maracaibo-venezuela.html\" target=\"_self\" rel=\"bookmark noopener noreferrer\">Read More<\/a>\n\t\t\t<\/div>\n\t\t\t\n\t\t\t\t\t\t\t\t\t<\/article>\n\t\t\t\t\t\t\t\t\t\t\t\t\t\t\t\t<article class=\"uagb-post__inner-wrap\">\t\t\t\t\t\t\t\t<div class='uagb-post__image'>\n\t\t\t\t\t\t\t\t\t<a href=\"https:\/\/aviacionaldia.com\/en\/2026\/08\/latam-to-expand-international-connectivity-with-new-direct-route-between-santiago-de-chile-and-salvador-de-bahia.html\" target=\"_self\" rel=\"bookmark noopener noreferrer\" class='uagb-image-ratio-inherit'><img decoding=\"async\" width=\"800\" height=\"400\" src=\"https:\/\/aviacionaldia.com\/wp-content\/uploads\/2024\/12\/LATAM-Airlines-Airbus-A320.jpg\" class=\"attachment-large size-large\" alt=\"\" srcset=\"https:\/\/aviacionaldia.com\/wp-content\/uploads\/2024\/12\/LATAM-Airlines-Airbus-A320.jpg 800w, https:\/\/aviacionaldia.com\/wp-content\/uploads\/2024\/12\/LATAM-Airlines-Airbus-A320-300x150.jpg 300w, https:\/\/aviacionaldia.com\/wp-content\/uploads\/2024\/12\/LATAM-Airlines-Airbus-A320-768x384.jpg 768w, https:\/\/aviacionaldia.com\/wp-content\/uploads\/2024\/12\/LATAM-Airlines-Airbus-A320-380x190.jpg 380w\" sizes=\"(max-width: 800px) 100vw, 800px\" \/>\t\t\t\t\t<\/a>\n\t\t\t\t\t\t\t<\/div>\n\t\t\t\t\t\t<h4 class=\"uagb-post__title uagb-post__text\">\n\t\t\t\t<a href=\"https:\/\/aviacionaldia.com\/en\/2026\/08\/latam-to-expand-international-connectivity-with-new-direct-route-between-santiago-de-chile-and-salvador-de-bahia.html\" target=\"_self\" rel=\"bookmark noopener noreferrer\">LATAM to Expand International Connectivity With New Direct Route Between Santiago de Chile and Salvador de Bahia<\/a>\n\t\t\t<\/h4>\n\t\t\t\t\t\t<div class='uagb-post__text uagb-post-grid-byline'>\n\t\t\t\t\t\t\t<\/div>\n\t\t\t\t\t\t<div class=\"uagb-post__text uagb-post__cta wp-block-button\">\n\t\t\t\t<a class=\"wp-block-button__link uagb-text-link\" style=\"\" href=\"https:\/\/aviacionaldia.com\/en\/2026\/08\/latam-to-expand-international-connectivity-with-new-direct-route-between-santiago-de-chile-and-salvador-de-bahia.html\" target=\"_self\" rel=\"bookmark noopener noreferrer\">Read More<\/a>\n\t\t\t<\/div>\n\t\t\t\n\t\t\t\t\t\t\t\t\t<\/article>\n\t\t\t\t\t\t\t\t\t\t\t\t\t\t\t\t<article class=\"uagb-post__inner-wrap\">\t\t\t\t\t\t\t\t<div class='uagb-post__image'>\n\t\t\t\t\t\t\t\t\t<a href=\"https:\/\/aviacionaldia.com\/en\/2026\/08\/copa-airlines-resumes-caracas-flights-in-september-following-earthquakes.html\" target=\"_self\" rel=\"bookmark noopener noreferrer\" class='uagb-image-ratio-inherit'><img decoding=\"async\" width=\"800\" height=\"400\" src=\"https:\/\/aviacionaldia.com\/wp-content\/uploads\/2023\/09\/Copa-Airlines-737-MAX.jpg\" class=\"attachment-large size-large\" alt=\"\" srcset=\"https:\/\/aviacionaldia.com\/wp-content\/uploads\/2023\/09\/Copa-Airlines-737-MAX.jpg 800w, https:\/\/aviacionaldia.com\/wp-content\/uploads\/2023\/09\/Copa-Airlines-737-MAX-300x150.jpg 300w, https:\/\/aviacionaldia.com\/wp-content\/uploads\/2023\/09\/Copa-Airlines-737-MAX-768x384.jpg 768w, https:\/\/aviacionaldia.com\/wp-content\/uploads\/2023\/09\/Copa-Airlines-737-MAX-380x190.jpg 380w\" sizes=\"(max-width: 800px) 100vw, 800px\" \/>\t\t\t\t\t<\/a>\n\t\t\t\t\t\t\t<\/div>\n\t\t\t\t\t\t<h4 class=\"uagb-post__title uagb-post__text\">\n\t\t\t\t<a href=\"https:\/\/aviacionaldia.com\/en\/2026\/08\/copa-airlines-resumes-caracas-flights-in-september-following-earthquakes.html\" target=\"_self\" rel=\"bookmark noopener noreferrer\">Copa Airlines Resumes Caracas Flights in September Following Earthquakes<\/a>\n\t\t\t<\/h4>\n\t\t\t\t\t\t<div class='uagb-post__text uagb-post-grid-byline'>\n\t\t\t\t\t\t\t<\/div>\n\t\t\t\t\t\t<div class=\"uagb-post__text uagb-post__cta wp-block-button\">\n\t\t\t\t<a class=\"wp-block-button__link uagb-text-link\" style=\"\" href=\"https:\/\/aviacionaldia.com\/en\/2026\/08\/copa-airlines-resumes-caracas-flights-in-september-following-earthquakes.html\" target=\"_self\" rel=\"bookmark noopener noreferrer\">Read More<\/a>\n\t\t\t<\/div>\n\t\t\t\n\t\t\t\t\t\t\t\t\t<\/article>\n\t\t\t\t\t\t\t\t\t\t\t\t\t\t\t\t<article class=\"uagb-post__inner-wrap\">\t\t\t\t\t\t\t\t<div class='uagb-post__image'>\n\t\t\t\t\t\t\t\t\t<a href=\"https:\/\/aviacionaldia.com\/en\/2026\/08\/aerolineas-argentinas-boosts-international-network-with-two-new-southern-summer-destinations-curacao-and-cartagena.html\" target=\"_self\" rel=\"bookmark noopener noreferrer\" class='uagb-image-ratio-inherit'><img decoding=\"async\" width=\"800\" height=\"400\" src=\"https:\/\/aviacionaldia.com\/wp-content\/uploads\/2026\/01\/Aerolineas-Argentinas-Boeing-737.webp\" class=\"attachment-large size-large\" alt=\"\" srcset=\"https:\/\/aviacionaldia.com\/wp-content\/uploads\/2026\/01\/Aerolineas-Argentinas-Boeing-737.webp 800w, https:\/\/aviacionaldia.com\/wp-content\/uploads\/2026\/01\/Aerolineas-Argentinas-Boeing-737-300x150.webp 300w, https:\/\/aviacionaldia.com\/wp-content\/uploads\/2026\/01\/Aerolineas-Argentinas-Boeing-737-768x384.webp 768w, https:\/\/aviacionaldia.com\/wp-content\/uploads\/2026\/01\/Aerolineas-Argentinas-Boeing-737-380x190.webp 380w\" sizes=\"(max-width: 800px) 100vw, 800px\" \/>\t\t\t\t\t<\/a>\n\t\t\t\t\t\t\t<\/div>\n\t\t\t\t\t\t<h4 class=\"uagb-post__title uagb-post__text\">\n\t\t\t\t<a href=\"https:\/\/aviacionaldia.com\/en\/2026\/08\/aerolineas-argentinas-boosts-international-network-with-two-new-southern-summer-destinations-curacao-and-cartagena.html\" target=\"_self\" rel=\"bookmark noopener noreferrer\">Aerol\u00edneas Argentinas Boosts International Network With Two New Southern Summer Destinations: Cura\u00e7ao and Cartagena<\/a>\n\t\t\t<\/h4>\n\t\t\t\t\t\t<div class='uagb-post__text uagb-post-grid-byline'>\n\t\t\t\t\t\t\t<\/div>\n\t\t\t\t\t\t<div class=\"uagb-post__text uagb-post__cta wp-block-button\">\n\t\t\t\t<a class=\"wp-block-button__link uagb-text-link\" style=\"\" href=\"https:\/\/aviacionaldia.com\/en\/2026\/08\/aerolineas-argentinas-boosts-international-network-with-two-new-southern-summer-destinations-curacao-and-cartagena.html\" target=\"_self\" rel=\"bookmark noopener noreferrer\">Read More<\/a>\n\t\t\t<\/div>\n\t\t\t\n\t\t\t\t\t\t\t\t\t<\/article>\n\t\t\t\t\t\t\t\t\t\t\t<\/div>\n\t\t\t","protected":false},"excerpt":{"rendered":"British Airways, iberia owner IAG is set to get an EU antitrust warning about its bid to secure&hellip;\n","protected":false},"author":4316,"featured_media":146327,"comment_status":"closed","ping_status":"closed","sticky":false,"template":"","format":"standard","meta":{"_uag_custom_page_level_css":"","footnotes":""},"categories":[1],"tags":[210,230,197,410],"class_list":{"0":"post-164427","1":"post","2":"type-post","3":"status-publish","4":"format-standard","5":"has-post-thumbnail","7":"category-airlines","8":"tag-air-europa-2","9":"tag-airline","10":"tag-airlines","11":"tag-iag-2"},"uagb_featured_image_src":{"full":["https:\/\/aviacionaldia.com\/wp-content\/uploads\/2023\/12\/Air-Europa-Boeing-787.jpg",800,400,false],"thumbnail":["https:\/\/aviacionaldia.com\/wp-content\/uploads\/2023\/12\/Air-Europa-Boeing-787-150x150.jpg",150,150,true],"medium":["https:\/\/aviacionaldia.com\/wp-content\/uploads\/2023\/12\/Air-Europa-Boeing-787-300x150.jpg",300,150,true],"medium_large":["https:\/\/aviacionaldia.com\/wp-content\/uploads\/2023\/12\/Air-Europa-Boeing-787-768x384.jpg",768,384,true],"large":["https:\/\/aviacionaldia.com\/wp-content\/uploads\/2023\/12\/Air-Europa-Boeing-787.jpg",800,400,false],"1536x1536":["https:\/\/aviacionaldia.com\/wp-content\/uploads\/2023\/12\/Air-Europa-Boeing-787.jpg",800,400,false],"2048x2048":["https:\/\/aviacionaldia.com\/wp-content\/uploads\/2023\/12\/Air-Europa-Boeing-787.jpg",800,400,false],"pk-small":["https:\/\/aviacionaldia.com\/wp-content\/uploads\/2023\/12\/Air-Europa-Boeing-787.jpg",80,40,false],"pk-thumbnail":["https:\/\/aviacionaldia.com\/wp-content\/uploads\/2023\/12\/Air-Europa-Boeing-787.jpg",300,150,false],"csco-small":["https:\/\/aviacionaldia.com\/wp-content\/uploads\/2023\/12\/Air-Europa-Boeing-787-80x80.jpg",80,80,true],"csco-intermediate":["https:\/\/aviacionaldia.com\/wp-content\/uploads\/2023\/12\/Air-Europa-Boeing-787-200x140.jpg",200,140,true],"csco-thumbnail":["https:\/\/aviacionaldia.com\/wp-content\/uploads\/2023\/12\/Air-Europa-Boeing-787-380x220.jpg",380,220,true],"csco-thumbnail-alternative":["https:\/\/aviacionaldia.com\/wp-content\/uploads\/2023\/12\/Air-Europa-Boeing-787-300x180.jpg",300,180,true],"csco-thumbnail-uncropped":["https:\/\/aviacionaldia.com\/wp-content\/uploads\/2023\/12\/Air-Europa-Boeing-787-380x190.jpg",380,190,true],"csco-medium":["https:\/\/aviacionaldia.com\/wp-content\/uploads\/2023\/12\/Air-Europa-Boeing-787.jpg",800,400,false],"csco-medium-alternative":["https:\/\/aviacionaldia.com\/wp-content\/uploads\/2023\/12\/Air-Europa-Boeing-787-560x336.jpg",560,336,true],"csco-medium-uncropped":["https:\/\/aviacionaldia.com\/wp-content\/uploads\/2023\/12\/Air-Europa-Boeing-787.jpg",800,400,false],"csco-large":["https:\/\/aviacionaldia.com\/wp-content\/uploads\/2023\/12\/Air-Europa-Boeing-787.jpg",800,400,false],"csco-large-uncropped":["https:\/\/aviacionaldia.com\/wp-content\/uploads\/2023\/12\/Air-Europa-Boeing-787.jpg",800,400,false],"csco-extra-large":["https:\/\/aviacionaldia.com\/wp-content\/uploads\/2023\/12\/Air-Europa-Boeing-787.jpg",800,400,false]},"uagb_author_info":{"display_name":"Redacci\u00f3n - Aviaci\u00f3n al D\u00eda","author_link":"https:\/\/aviacionaldia.com\/en\/author\/aad"},"uagb_comment_info":0,"uagb_excerpt":"British Airways, iberia owner IAG is set to get an EU antitrust warning about its bid to secure&hellip;","amp_enabled":true,"_links":{"self":[{"href":"https:\/\/aviacionaldia.com\/en\/wp-json\/wp\/v2\/posts\/164427","targetHints":{"allow":["GET"]}}],"collection":[{"href":"https:\/\/aviacionaldia.com\/en\/wp-json\/wp\/v2\/posts"}],"about":[{"href":"https:\/\/aviacionaldia.com\/en\/wp-json\/wp\/v2\/types\/post"}],"author":[{"embeddable":true,"href":"https:\/\/aviacionaldia.com\/en\/wp-json\/wp\/v2\/users\/4316"}],"replies":[{"embeddable":true,"href":"https:\/\/aviacionaldia.com\/en\/wp-json\/wp\/v2\/comments?post=164427"}],"version-history":[{"count":3,"href":"https:\/\/aviacionaldia.com\/en\/wp-json\/wp\/v2\/posts\/164427\/revisions"}],"predecessor-version":[{"id":164430,"href":"https:\/\/aviacionaldia.com\/en\/wp-json\/wp\/v2\/posts\/164427\/revisions\/164430"}],"wp:featuredmedia":[{"embeddable":true,"href":"https:\/\/aviacionaldia.com\/en\/wp-json\/wp\/v2\/media\/146327"}],"wp:attachment":[{"href":"https:\/\/aviacionaldia.com\/en\/wp-json\/wp\/v2\/media?parent=164427"}],"wp:term":[{"taxonomy":"category","embeddable":true,"href":"https:\/\/aviacionaldia.com\/en\/wp-json\/wp\/v2\/categories?post=164427"},{"taxonomy":"post_tag","embeddable":true,"href":"https:\/\/aviacionaldia.com\/en\/wp-json\/wp\/v2\/tags?post=164427"}],"curies":[{"name":"wp","href":"https:\/\/api.w.org\/{rel}","templated":true}]}}