{"id":164745,"date":"2024-04-22T13:30:12","date_gmt":"2024-04-22T13:30:12","guid":{"rendered":"https:\/?p=164745"},"modified":"2024-04-22T19:44:26","modified_gmt":"2024-04-22T19:44:26","slug":"faa-to-mandate-charter-airlines-and-aircraft-manufacturers-to-use-safety-management-systems","status":"publish","type":"post","link":"https:\/\/aviacionaldia.com\/en\/2024\/04\/faa-to-mandate-charter-airlines-and-aircraft-manufacturers-to-use-safety-management-systems.html","title":{"rendered":"FAA to mandate charter airlines and aircraft manufacturers to use Safety Management Systems"},"content":{"rendered":"\n<p>The <strong>Federal Aviation Administration (FAA) <\/strong>on Monday said it is finalizing new rules requiring charter, commuter, air tour operators, and aircraft manufacturers to implement a key safety tool aimed at reducing accidents.<\/p>\n\n\n\n<p>The FAA is adopting a final rule mandating the use of Safety Management Systems (SMS), which are a set of policies and procedures to proactively identify and address potential operational hazards, after first proposing to do so in January 2023. U.S. airlines have been required to have SMS since 2018 and some aerospace companies already voluntarily have SMS programs like Boeing.<\/p>\n\n\n\n<p>&#8220;Requiring more aviation organizations to implement a proactive approach to managing safety will prevent accidents and save lives,\u201d FAA Administrator Mike Whitaker said.<\/p>\n\n\n\n<p>Congress in 2020 directed the FAA to mandate SMS for aircraft manufacturers as part of a wide-ranging certification reform bill following two fatal Boeing 737 MAX crashes, but the FAA&#8217;s final rule goes beyond the requirements from lawmakers.<\/p>\n\n\n\n<p><strong><em>\u2192 <a href=\"https:\/en\/2024\/03\/boeing-ceo-and-other-top-executives-announce-they-are-stepping-down-from-their-positions.html\">Boeing CEO and other top executives announce they are stepping down from their positions<\/a><\/em><\/strong><\/p>\n\n\n\n<p>The issue of safety management has gotten new attention after a mid-air cabin panel blowout on a new Alaska Airlines Boeing 737 MAX 9 plane. The FAA barred Boeing from expanding 737 MAX production and ordered the planemaker to develop a comprehensive plan to address &#8220;systemic quality-control issues&#8221; within 90 days.<\/p>\n\n\n\n<p>SMS systems require four key components &#8211; safety policy, safety risk management, safety assurance, and safety promotion. The FAA in 2023 required major airports to adopt SMS programs after more than 10 years of study.<\/p>\n\n\n\n<p>The National Transportation Safety Board has urged the FAA to require and verify the SMS systems in all revenue passenger-carrying aviation operations.<\/p>\n\n\n\n<p>The NTSB said previously &#8220;too many operators either do not have one in place or have an ineffective one.\u200b.. It\u2019s time more got on board. The risk to the flying public is too great not to.&#8221;<\/p>\n\n\n\n<p>The NTSB has cited SMS systems in a number of incidents including the 2020 helicopter crash that killed NBA star Kobe Bryant, his daughter and seven others. The board cited the operator&#8217;s &#8220;incomplete implementation of its safety management system&#8221; and the benefits of a mandatory SMS in its report.<\/p>\n\n\n\n<p>With information from <a href=\"https:\/\/www.reuters.com\/business\/aerospace-defense\/us-faa-mandate-use-safety-tool-by-charter-airlines-manufacturers-2024-04-22\/\" target=\"_blank\" rel=\"noreferrer noopener nofollow\">Reuters<\/a><\/p>\n\n\n\n<h2 class=\"wp-block-heading\" id=\"related-topics\">Related Topics<\/h2>\n\n\n\n\t\t\t<div class=\"wp-block-uagb-post-grid uagb-post-grid  uagb-post__image-position-top uagb-post__image-enabled uagb-block-d40f09ce     uagb-post__items uagb-post__columns-2 is-grid uagb-post__columns-tablet-2 uagb-post__columns-mobile-1 uagb-post__equal-height\" data-total=\"37\" style=\"\">\n\n\t\t\t\t\t\t\t\t\t\t\t\t<article class=\"uagb-post__inner-wrap\">\t\t\t\t\t\t\t\t<div class='uagb-post__image'>\n\t\t\t\t\t\t\t\t\t<a href=\"https:\/\/aviacionaldia.com\/en\/2026\/04\/embraer-accelerates-delivery-pace-47-increase-during-first-quarter-of-2026.html\" target=\"_self\" rel=\"bookmark noopener noreferrer\" class='uagb-image-ratio-inherit'><img decoding=\"async\" width=\"800\" height=\"400\" src=\"https:\/\/aviacionaldia.com\/wp-content\/uploads\/2019\/08\/Embraer.jpg\" class=\"attachment-large size-large\" alt=\"\" srcset=\"https:\/\/aviacionaldia.com\/wp-content\/uploads\/2019\/08\/Embraer.jpg 800w, https:\/\/aviacionaldia.com\/wp-content\/uploads\/2019\/08\/Embraer-300x150.jpg 300w, https:\/\/aviacionaldia.com\/wp-content\/uploads\/2019\/08\/Embraer-768x384.jpg 768w, https:\/\/aviacionaldia.com\/wp-content\/uploads\/2019\/08\/Embraer-380x190.jpg 380w\" sizes=\"(max-width: 800px) 100vw, 800px\" \/>\t\t\t\t\t<\/a>\n\t\t\t\t\t\t\t<\/div>\n\t\t\t\t\t\t<h4 class=\"uagb-post__title uagb-post__text\">\n\t\t\t\t<a href=\"https:\/\/aviacionaldia.com\/en\/2026\/04\/embraer-accelerates-delivery-pace-47-increase-during-first-quarter-of-2026.html\" target=\"_self\" rel=\"bookmark noopener noreferrer\">Embraer Accelerates Delivery Pace: 47% Increase During First Quarter of 2026<\/a>\n\t\t\t<\/h4>\n\t\t\t\t\t\t<div class='uagb-post__text uagb-post-grid-byline'>\n\t\t\t\t\t\t\t<\/div>\n\t\t\t\t\t\t<div class=\"uagb-post__text uagb-post__cta wp-block-button\">\n\t\t\t\t<a class=\"wp-block-button__link uagb-text-link\" style=\"\" href=\"https:\/\/aviacionaldia.com\/en\/2026\/04\/embraer-accelerates-delivery-pace-47-increase-during-first-quarter-of-2026.html\" target=\"_self\" rel=\"bookmark noopener noreferrer\">Read More<\/a>\n\t\t\t<\/div>\n\t\t\t\n\t\t\t\t\t\t\t\t\t<\/article>\n\t\t\t\t\t\t\t\t\t\t\t\t\t\t\t\t<article class=\"uagb-post__inner-wrap\">\t\t\t\t\t\t\t\t<div class='uagb-post__image'>\n\t\t\t\t\t\t\t\t\t<a href=\"https:\/\/aviacionaldia.com\/en\/2026\/03\/finnair-renews-regional-fleet-orders-up-to-46-embraer-e195-e2-aircraft.html\" target=\"_self\" rel=\"bookmark noopener noreferrer\" class='uagb-image-ratio-inherit'><img decoding=\"async\" width=\"800\" height=\"400\" src=\"https:\/\/aviacionaldia.com\/wp-content\/uploads\/2026\/03\/Finnair-Embraer-E195-E2.webp\" class=\"attachment-large size-large\" alt=\"\" srcset=\"https:\/\/aviacionaldia.com\/wp-content\/uploads\/2026\/03\/Finnair-Embraer-E195-E2.webp 800w, https:\/\/aviacionaldia.com\/wp-content\/uploads\/2026\/03\/Finnair-Embraer-E195-E2-300x150.webp 300w, https:\/\/aviacionaldia.com\/wp-content\/uploads\/2026\/03\/Finnair-Embraer-E195-E2-768x384.webp 768w, https:\/\/aviacionaldia.com\/wp-content\/uploads\/2026\/03\/Finnair-Embraer-E195-E2-380x190.webp 380w\" sizes=\"(max-width: 800px) 100vw, 800px\" \/>\t\t\t\t\t<\/a>\n\t\t\t\t\t\t\t<\/div>\n\t\t\t\t\t\t<h4 class=\"uagb-post__title uagb-post__text\">\n\t\t\t\t<a href=\"https:\/\/aviacionaldia.com\/en\/2026\/03\/finnair-renews-regional-fleet-orders-up-to-46-embraer-e195-e2-aircraft.html\" target=\"_self\" rel=\"bookmark noopener noreferrer\">Finnair Renews Regional Fleet: Orders Up to 46 Embraer E195-E2 Aircraft<\/a>\n\t\t\t<\/h4>\n\t\t\t\t\t\t<div class='uagb-post__text uagb-post-grid-byline'>\n\t\t\t\t\t\t\t<\/div>\n\t\t\t\t\t\t<div class=\"uagb-post__text uagb-post__cta wp-block-button\">\n\t\t\t\t<a class=\"wp-block-button__link uagb-text-link\" style=\"\" href=\"https:\/\/aviacionaldia.com\/en\/2026\/03\/finnair-renews-regional-fleet-orders-up-to-46-embraer-e195-e2-aircraft.html\" target=\"_self\" rel=\"bookmark noopener noreferrer\">Read More<\/a>\n\t\t\t<\/div>\n\t\t\t\n\t\t\t\t\t\t\t\t\t<\/article>\n\t\t\t\t\t\t\t\t\t\t\t\t\t\t\t\t<article class=\"uagb-post__inner-wrap\">\t\t\t\t\t\t\t\t<div class='uagb-post__image'>\n\t\t\t\t\t\t\t\t\t<a href=\"https:\/\/aviacionaldia.com\/en\/2026\/02\/u-s-tariff-shift-exemption-for-aircraft-and-engines-boosts-embraer-u-s-airlines-and-aerospace-sector.html\" target=\"_self\" rel=\"bookmark noopener noreferrer\" class='uagb-image-ratio-inherit'><img decoding=\"async\" width=\"800\" height=\"400\" src=\"https:\/\/aviacionaldia.com\/wp-content\/uploads\/2022\/12\/Embraer-E195-E2-y-E190-E2.jpg\" class=\"attachment-large size-large\" alt=\"\" srcset=\"https:\/\/aviacionaldia.com\/wp-content\/uploads\/2022\/12\/Embraer-E195-E2-y-E190-E2.jpg 800w, https:\/\/aviacionaldia.com\/wp-content\/uploads\/2022\/12\/Embraer-E195-E2-y-E190-E2-300x150.jpg 300w, https:\/\/aviacionaldia.com\/wp-content\/uploads\/2022\/12\/Embraer-E195-E2-y-E190-E2-768x384.jpg 768w, https:\/\/aviacionaldia.com\/wp-content\/uploads\/2022\/12\/Embraer-E195-E2-y-E190-E2-380x190.jpg 380w\" sizes=\"(max-width: 800px) 100vw, 800px\" \/>\t\t\t\t\t<\/a>\n\t\t\t\t\t\t\t<\/div>\n\t\t\t\t\t\t<h4 class=\"uagb-post__title uagb-post__text\">\n\t\t\t\t<a href=\"https:\/\/aviacionaldia.com\/en\/2026\/02\/u-s-tariff-shift-exemption-for-aircraft-and-engines-boosts-embraer-u-s-airlines-and-aerospace-sector.html\" target=\"_self\" rel=\"bookmark noopener noreferrer\">U.S. Tariff Shift: Exemption for Aircraft and Engines Boosts Embraer, U.S. Airlines, and Aerospace Sector<\/a>\n\t\t\t<\/h4>\n\t\t\t\t\t\t<div class='uagb-post__text uagb-post-grid-byline'>\n\t\t\t\t\t\t\t<\/div>\n\t\t\t\t\t\t<div class=\"uagb-post__text uagb-post__cta wp-block-button\">\n\t\t\t\t<a class=\"wp-block-button__link uagb-text-link\" style=\"\" href=\"https:\/\/aviacionaldia.com\/en\/2026\/02\/u-s-tariff-shift-exemption-for-aircraft-and-engines-boosts-embraer-u-s-airlines-and-aerospace-sector.html\" target=\"_self\" rel=\"bookmark noopener noreferrer\">Read More<\/a>\n\t\t\t<\/div>\n\t\t\t\n\t\t\t\t\t\t\t\t\t<\/article>\n\t\t\t\t\t\t\t\t\t\t\t\t\t\t\t\t<article class=\"uagb-post__inner-wrap\">\t\t\t\t\t\t\t\t<div class='uagb-post__image'>\n\t\t\t\t\t\t\t\t\t<a href=\"https:\/\/aviacionaldia.com\/en\/2026\/02\/embraer-and-adani-defence-aerospace-elevate-alliance-agreement-for-an-e175-final-assembly-line-in-india.html\" target=\"_self\" rel=\"bookmark noopener noreferrer\" class='uagb-image-ratio-inherit'><img decoding=\"async\" width=\"800\" height=\"400\" src=\"https:\/\/aviacionaldia.com\/wp-content\/uploads\/2026\/02\/Embraer-E175.webp\" class=\"attachment-large size-large\" alt=\"\" srcset=\"https:\/\/aviacionaldia.com\/wp-content\/uploads\/2026\/02\/Embraer-E175.webp 800w, https:\/\/aviacionaldia.com\/wp-content\/uploads\/2026\/02\/Embraer-E175-300x150.webp 300w, https:\/\/aviacionaldia.com\/wp-content\/uploads\/2026\/02\/Embraer-E175-768x384.webp 768w, https:\/\/aviacionaldia.com\/wp-content\/uploads\/2026\/02\/Embraer-E175-380x190.webp 380w\" sizes=\"(max-width: 800px) 100vw, 800px\" \/>\t\t\t\t\t<\/a>\n\t\t\t\t\t\t\t<\/div>\n\t\t\t\t\t\t<h4 class=\"uagb-post__title uagb-post__text\">\n\t\t\t\t<a href=\"https:\/\/aviacionaldia.com\/en\/2026\/02\/embraer-and-adani-defence-aerospace-elevate-alliance-agreement-for-an-e175-final-assembly-line-in-india.html\" target=\"_self\" rel=\"bookmark noopener noreferrer\">Embraer and Adani Defence &#038; Aerospace Elevate Alliance: Agreement for an E175 Final Assembly Line in India<\/a>\n\t\t\t<\/h4>\n\t\t\t\t\t\t<div class='uagb-post__text uagb-post-grid-byline'>\n\t\t\t\t\t\t\t<\/div>\n\t\t\t\t\t\t<div class=\"uagb-post__text uagb-post__cta wp-block-button\">\n\t\t\t\t<a class=\"wp-block-button__link uagb-text-link\" style=\"\" href=\"https:\/\/aviacionaldia.com\/en\/2026\/02\/embraer-and-adani-defence-aerospace-elevate-alliance-agreement-for-an-e175-final-assembly-line-in-india.html\" target=\"_self\" rel=\"bookmark noopener noreferrer\">Read More<\/a>\n\t\t\t<\/div>\n\t\t\t\n\t\t\t\t\t\t\t\t\t<\/article>\n\t\t\t\t\t\t\t\t\t\t\t<\/div>\n\t\t\t","protected":false},"excerpt":{"rendered":"The Federal Aviation Administration (FAA) on Monday said it is finalizing new rules requiring charter, commuter, air tour&hellip;\n","protected":false},"author":4316,"featured_media":99298,"comment_status":"closed","ping_status":"closed","sticky":false,"template":"","format":"standard","meta":{"_uag_custom_page_level_css":"","footnotes":""},"categories":[190],"tags":[603,230,451,221],"class_list":{"0":"post-164745","1":"post","2":"type-post","3":"status-publish","4":"format-standard","5":"has-post-thumbnail","7":"category-the-industry","8":"tag-aerolinea-en-2","9":"tag-airline","10":"tag-faa-2","11":"tag-usa"},"uagb_featured_image_src":{"full":["https:\/\/aviacionaldia.com\/wp-content\/uploads\/2020\/04\/avion.jpg",800,400,false],"thumbnail":["https:\/\/aviacionaldia.com\/wp-content\/uploads\/2020\/04\/avion-150x150.jpg",150,150,true],"medium":["https:\/\/aviacionaldia.com\/wp-content\/uploads\/2020\/04\/avion-300x150.jpg",300,150,true],"medium_large":["https:\/\/aviacionaldia.com\/wp-content\/uploads\/2020\/04\/avion-768x384.jpg",768,384,true],"large":["https:\/\/aviacionaldia.com\/wp-content\/uploads\/2020\/04\/avion.jpg",800,400,false],"1536x1536":["https:\/\/aviacionaldia.com\/wp-content\/uploads\/2020\/04\/avion.jpg",800,400,false],"2048x2048":["https:\/\/aviacionaldia.com\/wp-content\/uploads\/2020\/04\/avion.jpg",800,400,false],"pk-small":["https:\/\/aviacionaldia.com\/wp-content\/uploads\/2020\/04\/avion-80x80.jpg",80,80,true],"pk-thumbnail":["https:\/\/aviacionaldia.com\/wp-content\/uploads\/2020\/04\/avion-300x225.jpg",300,225,true],"csco-small":["https:\/\/aviacionaldia.com\/wp-content\/uploads\/2020\/04\/avion-80x80.jpg",80,80,true],"csco-intermediate":["https:\/\/aviacionaldia.com\/wp-content\/uploads\/2020\/04\/avion-200x140.jpg",200,140,true],"csco-thumbnail":["https:\/\/aviacionaldia.com\/wp-content\/uploads\/2020\/04\/avion-380x220.jpg",380,220,true],"csco-thumbnail-alternative":["https:\/\/aviacionaldia.com\/wp-content\/uploads\/2020\/04\/avion-300x180.jpg",300,180,true],"csco-thumbnail-uncropped":["https:\/\/aviacionaldia.com\/wp-content\/uploads\/2020\/04\/avion-380x190.jpg",380,190,true],"csco-medium":["https:\/\/aviacionaldia.com\/wp-content\/uploads\/2020\/04\/avion.jpg",800,400,false],"csco-medium-alternative":["https:\/\/aviacionaldia.com\/wp-content\/uploads\/2020\/04\/avion-560x336.jpg",560,336,true],"csco-medium-uncropped":["https:\/\/aviacionaldia.com\/wp-content\/uploads\/2020\/04\/avion.jpg",800,400,false],"csco-large":["https:\/\/aviacionaldia.com\/wp-content\/uploads\/2020\/04\/avion.jpg",800,400,false],"csco-large-uncropped":["https:\/\/aviacionaldia.com\/wp-content\/uploads\/2020\/04\/avion.jpg",800,400,false],"csco-extra-large":["https:\/\/aviacionaldia.com\/wp-content\/uploads\/2020\/04\/avion.jpg",800,400,false]},"uagb_author_info":{"display_name":"Redacci\u00f3n - Aviaci\u00f3n al D\u00eda","author_link":"https:\/\/aviacionaldia.com\/en\/author\/aad"},"uagb_comment_info":0,"uagb_excerpt":"The Federal Aviation Administration (FAA) on Monday said it is finalizing new rules requiring charter, commuter, air tour&hellip;","amp_enabled":true,"_links":{"self":[{"href":"https:\/\/aviacionaldia.com\/en\/wp-json\/wp\/v2\/posts\/164745","targetHints":{"allow":["GET"]}}],"collection":[{"href":"https:\/\/aviacionaldia.com\/en\/wp-json\/wp\/v2\/posts"}],"about":[{"href":"https:\/\/aviacionaldia.com\/en\/wp-json\/wp\/v2\/types\/post"}],"author":[{"embeddable":true,"href":"https:\/\/aviacionaldia.com\/en\/wp-json\/wp\/v2\/users\/4316"}],"replies":[{"embeddable":true,"href":"https:\/\/aviacionaldia.com\/en\/wp-json\/wp\/v2\/comments?post=164745"}],"version-history":[{"count":2,"href":"https:\/\/aviacionaldia.com\/en\/wp-json\/wp\/v2\/posts\/164745\/revisions"}],"predecessor-version":[{"id":164753,"href":"https:\/\/aviacionaldia.com\/en\/wp-json\/wp\/v2\/posts\/164745\/revisions\/164753"}],"wp:featuredmedia":[{"embeddable":true,"href":"https:\/\/aviacionaldia.com\/en\/wp-json\/wp\/v2\/media\/99298"}],"wp:attachment":[{"href":"https:\/\/aviacionaldia.com\/en\/wp-json\/wp\/v2\/media?parent=164745"}],"wp:term":[{"taxonomy":"category","embeddable":true,"href":"https:\/\/aviacionaldia.com\/en\/wp-json\/wp\/v2\/categories?post=164745"},{"taxonomy":"post_tag","embeddable":true,"href":"https:\/\/aviacionaldia.com\/en\/wp-json\/wp\/v2\/tags?post=164745"}],"curies":[{"name":"wp","href":"https:\/\/api.w.org\/{rel}","templated":true}]}}