{"id":164775,"date":"2024-04-23T13:30:33","date_gmt":"2024-04-23T13:30:33","guid":{"rendered":"https:\/?p=164775"},"modified":"2024-04-23T21:11:49","modified_gmt":"2024-04-23T21:11:49","slug":"iberia-express-offers-discounts-of-up-to-30-on-various-destinations","status":"publish","type":"post","link":"https:\/\/aviacionaldia.com\/en\/2024\/04\/iberia-express-offers-discounts-of-up-to-30-on-various-destinations.html","title":{"rendered":"Iberia Express offers discounts of up to 30% on various destinations"},"content":{"rendered":"\n<p><strong>Iberia Express<\/strong> is offering flights with up to 30% discount to fly between Madrid and several of its seasonal destinations, such as Bari, Reykjavik and Edinburgh. The promotion also includes Gran Canaria, Ibiza, Mallorca, Seville and Tenerife; and other international destinations such as Cairo and Marrakech.<\/p>\n\n\n\n<p>The objective of this promotion, which will be active through Sunday, May 5, is to encourage off-peak summer travel, as it applies to flying through June 15, and from October 1 through December 15, 2024.<\/p>\n\n\n\n<p><strong><em>\u2192 <a href=\"https:\/en\/2024\/03\/iberia-express-resumes-seasonal-flights-to-edinburgh-scotland.html\">Iberia Express resumes seasonal flights to Edinburgh, Scotland<\/a><\/em><\/strong><\/p>\n\n\n\n<p>To take advantage of this promotion, all you have to do is belong to Club Express, the airline&#8217;s membership program, which is completely free of charge. One of the main benefits offered to its members is access to the best prices on all flights operated by Iberia Express, with a guaranteed minimum discount.<\/p>\n\n\n\n<p>This club, which already has 2.2 million active customers, also allows members to access in-flight entertainment, movies, series, podcasts, among others, as well as their private area and exclusive airline promotions.<\/p>\n\n\n\n<h2 class=\"wp-block-heading\" id=\"related-topics\">Related Topics<\/h2>\n\n\n\n\t\t\t<div class=\"wp-block-uagb-post-grid uagb-post-grid  uagb-post__image-position-top uagb-post__image-enabled uagb-block-d40f09ce     uagb-post__items uagb-post__columns-2 is-grid uagb-post__columns-tablet-2 uagb-post__columns-mobile-1 uagb-post__equal-height\" data-total=\"218\" style=\"\">\n\n\t\t\t\t\t\t\t\t\t\t\t\t<article class=\"uagb-post__inner-wrap\">\t\t\t\t\t\t\t\t<div class='uagb-post__image'>\n\t\t\t\t\t\t\t\t\t<a href=\"https:\/\/aviacionaldia.com\/en\/2026\/09\/ana-expands-regional-fleet-with-additional-order-for-eight-embraer-e190-e2s.html\" target=\"_self\" rel=\"bookmark noopener noreferrer\" class='uagb-image-ratio-inherit'><img decoding=\"async\" width=\"800\" height=\"400\" src=\"https:\/\/aviacionaldia.com\/wp-content\/uploads\/2025\/02\/ANA-Embraer-E190-E2.webp\" class=\"attachment-large size-large\" alt=\"\" srcset=\"https:\/\/aviacionaldia.com\/wp-content\/uploads\/2025\/02\/ANA-Embraer-E190-E2.webp 800w, https:\/\/aviacionaldia.com\/wp-content\/uploads\/2025\/02\/ANA-Embraer-E190-E2-300x150.webp 300w, https:\/\/aviacionaldia.com\/wp-content\/uploads\/2025\/02\/ANA-Embraer-E190-E2-768x384.webp 768w, https:\/\/aviacionaldia.com\/wp-content\/uploads\/2025\/02\/ANA-Embraer-E190-E2-380x190.webp 380w\" sizes=\"(max-width: 800px) 100vw, 800px\" \/>\t\t\t\t\t<\/a>\n\t\t\t\t\t\t\t<\/div>\n\t\t\t\t\t\t<h4 class=\"uagb-post__title uagb-post__text\">\n\t\t\t\t<a href=\"https:\/\/aviacionaldia.com\/en\/2026\/09\/ana-expands-regional-fleet-with-additional-order-for-eight-embraer-e190-e2s.html\" target=\"_self\" rel=\"bookmark noopener noreferrer\">ANA Expands Regional Fleet with Additional Order for Eight Embraer E190-E2s<\/a>\n\t\t\t<\/h4>\n\t\t\t\t\t\t<div class='uagb-post__text uagb-post-grid-byline'>\n\t\t\t\t\t\t\t<\/div>\n\t\t\t\t\t\t<div class=\"uagb-post__text uagb-post__cta wp-block-button\">\n\t\t\t\t<a class=\"wp-block-button__link uagb-text-link\" style=\"\" href=\"https:\/\/aviacionaldia.com\/en\/2026\/09\/ana-expands-regional-fleet-with-additional-order-for-eight-embraer-e190-e2s.html\" target=\"_self\" rel=\"bookmark noopener noreferrer\">Read More<\/a>\n\t\t\t<\/div>\n\t\t\t\n\t\t\t\t\t\t\t\t\t<\/article>\n\t\t\t\t\t\t\t\t\t\t\t\t\t\t\t\t<article class=\"uagb-post__inner-wrap\">\t\t\t\t\t\t\t\t<div class='uagb-post__image'>\n\t\t\t\t\t\t\t\t\t<a href=\"https:\/\/aviacionaldia.com\/en\/2026\/09\/fly91-places-landmark-order-for-40-atr-72-600-aircraft.html\" target=\"_self\" rel=\"bookmark noopener noreferrer\" class='uagb-image-ratio-inherit'><img decoding=\"async\" width=\"800\" height=\"400\" src=\"https:\/\/aviacionaldia.com\/wp-content\/uploads\/2026\/09\/FLY91-ATR-72-600.webp\" class=\"attachment-large size-large\" alt=\"\" srcset=\"https:\/\/aviacionaldia.com\/wp-content\/uploads\/2026\/09\/FLY91-ATR-72-600.webp 800w, https:\/\/aviacionaldia.com\/wp-content\/uploads\/2026\/09\/FLY91-ATR-72-600-300x150.webp 300w, https:\/\/aviacionaldia.com\/wp-content\/uploads\/2026\/09\/FLY91-ATR-72-600-768x384.webp 768w, https:\/\/aviacionaldia.com\/wp-content\/uploads\/2026\/09\/FLY91-ATR-72-600-380x190.webp 380w\" sizes=\"(max-width: 800px) 100vw, 800px\" \/>\t\t\t\t\t<\/a>\n\t\t\t\t\t\t\t<\/div>\n\t\t\t\t\t\t<h4 class=\"uagb-post__title uagb-post__text\">\n\t\t\t\t<a href=\"https:\/\/aviacionaldia.com\/en\/2026\/09\/fly91-places-landmark-order-for-40-atr-72-600-aircraft.html\" target=\"_self\" rel=\"bookmark noopener noreferrer\">FLY91 Places Landmark Order for 40 ATR 72-600 Aircraft<\/a>\n\t\t\t<\/h4>\n\t\t\t\t\t\t<div class='uagb-post__text uagb-post-grid-byline'>\n\t\t\t\t\t\t\t<\/div>\n\t\t\t\t\t\t<div class=\"uagb-post__text uagb-post__cta wp-block-button\">\n\t\t\t\t<a class=\"wp-block-button__link uagb-text-link\" style=\"\" href=\"https:\/\/aviacionaldia.com\/en\/2026\/09\/fly91-places-landmark-order-for-40-atr-72-600-aircraft.html\" target=\"_self\" rel=\"bookmark noopener noreferrer\">Read More<\/a>\n\t\t\t<\/div>\n\t\t\t\n\t\t\t\t\t\t\t\t\t<\/article>\n\t\t\t\t\t\t\t\t\t\t\t\t\t\t\t\t<article class=\"uagb-post__inner-wrap\">\t\t\t\t\t\t\t\t<div class='uagb-post__image'>\n\t\t\t\t\t\t\t\t\t<a href=\"https:\/\/aviacionaldia.com\/en\/2026\/08\/chinas-big-three-airlines-post-severe-first-half-losses-driven-by-fuel-costs.html\" target=\"_self\" rel=\"bookmark noopener noreferrer\" class='uagb-image-ratio-inherit'><img decoding=\"async\" width=\"800\" height=\"400\" src=\"https:\/\/aviacionaldia.com\/wp-content\/uploads\/2025\/03\/China-Southern-Airlines-Air-China-y-China-Eastern.webp\" class=\"attachment-large size-large\" alt=\"\" srcset=\"https:\/\/aviacionaldia.com\/wp-content\/uploads\/2025\/03\/China-Southern-Airlines-Air-China-y-China-Eastern.webp 800w, https:\/\/aviacionaldia.com\/wp-content\/uploads\/2025\/03\/China-Southern-Airlines-Air-China-y-China-Eastern-300x150.webp 300w, https:\/\/aviacionaldia.com\/wp-content\/uploads\/2025\/03\/China-Southern-Airlines-Air-China-y-China-Eastern-768x384.webp 768w, https:\/\/aviacionaldia.com\/wp-content\/uploads\/2025\/03\/China-Southern-Airlines-Air-China-y-China-Eastern-380x190.webp 380w\" sizes=\"(max-width: 800px) 100vw, 800px\" \/>\t\t\t\t\t<\/a>\n\t\t\t\t\t\t\t<\/div>\n\t\t\t\t\t\t<h4 class=\"uagb-post__title uagb-post__text\">\n\t\t\t\t<a href=\"https:\/\/aviacionaldia.com\/en\/2026\/08\/chinas-big-three-airlines-post-severe-first-half-losses-driven-by-fuel-costs.html\" target=\"_self\" rel=\"bookmark noopener noreferrer\">China\u2019s &#8220;Big Three&#8221; Airlines Post Severe First-Half Losses Driven by Fuel Costs<\/a>\n\t\t\t<\/h4>\n\t\t\t\t\t\t<div class='uagb-post__text uagb-post-grid-byline'>\n\t\t\t\t\t\t\t<\/div>\n\t\t\t\t\t\t<div class=\"uagb-post__text uagb-post__cta wp-block-button\">\n\t\t\t\t<a class=\"wp-block-button__link uagb-text-link\" style=\"\" href=\"https:\/\/aviacionaldia.com\/en\/2026\/08\/chinas-big-three-airlines-post-severe-first-half-losses-driven-by-fuel-costs.html\" target=\"_self\" rel=\"bookmark noopener noreferrer\">Read More<\/a>\n\t\t\t<\/div>\n\t\t\t\n\t\t\t\t\t\t\t\t\t<\/article>\n\t\t\t\t\t\t\t\t\t\t\t\t\t\t\t\t<article class=\"uagb-post__inner-wrap\">\t\t\t\t\t\t\t\t<div class='uagb-post__image'>\n\t\t\t\t\t\t\t\t\t<a href=\"https:\/\/aviacionaldia.com\/en\/2026\/08\/air-india-seeks-1-5-billion-capital-injection-from-tata-sons-and-singapore-airlines-following-record-losses.html\" target=\"_self\" rel=\"bookmark noopener noreferrer\" class='uagb-image-ratio-inherit'><img decoding=\"async\" width=\"800\" height=\"400\" src=\"https:\/\/aviacionaldia.com\/wp-content\/uploads\/2026\/08\/Air-India-Boeing-787.webp\" class=\"attachment-large size-large\" alt=\"\" srcset=\"https:\/\/aviacionaldia.com\/wp-content\/uploads\/2026\/08\/Air-India-Boeing-787.webp 800w, https:\/\/aviacionaldia.com\/wp-content\/uploads\/2026\/08\/Air-India-Boeing-787-300x150.webp 300w, https:\/\/aviacionaldia.com\/wp-content\/uploads\/2026\/08\/Air-India-Boeing-787-768x384.webp 768w, https:\/\/aviacionaldia.com\/wp-content\/uploads\/2026\/08\/Air-India-Boeing-787-380x190.webp 380w\" sizes=\"(max-width: 800px) 100vw, 800px\" \/>\t\t\t\t\t<\/a>\n\t\t\t\t\t\t\t<\/div>\n\t\t\t\t\t\t<h4 class=\"uagb-post__title uagb-post__text\">\n\t\t\t\t<a href=\"https:\/\/aviacionaldia.com\/en\/2026\/08\/air-india-seeks-1-5-billion-capital-injection-from-tata-sons-and-singapore-airlines-following-record-losses.html\" target=\"_self\" rel=\"bookmark noopener noreferrer\">Air India Seeks $1.5 Billion Capital Injection From Tata Sons and Singapore Airlines Following Record Losses<\/a>\n\t\t\t<\/h4>\n\t\t\t\t\t\t<div class='uagb-post__text uagb-post-grid-byline'>\n\t\t\t\t\t\t\t<\/div>\n\t\t\t\t\t\t<div class=\"uagb-post__text uagb-post__cta wp-block-button\">\n\t\t\t\t<a class=\"wp-block-button__link uagb-text-link\" style=\"\" href=\"https:\/\/aviacionaldia.com\/en\/2026\/08\/air-india-seeks-1-5-billion-capital-injection-from-tata-sons-and-singapore-airlines-following-record-losses.html\" target=\"_self\" rel=\"bookmark noopener noreferrer\">Read More<\/a>\n\t\t\t<\/div>\n\t\t\t\n\t\t\t\t\t\t\t\t\t<\/article>\n\t\t\t\t\t\t\t\t\t\t\t<\/div>\n\t\t\t","protected":false},"excerpt":{"rendered":"Iberia Express is offering flights with up to 30% discount to fly between Madrid and several of its&hellip;\n","protected":false},"author":4316,"featured_media":105448,"comment_status":"closed","ping_status":"closed","sticky":false,"template":"","format":"standard","meta":{"_uag_custom_page_level_css":"","footnotes":""},"categories":[193],"tags":[230,269,327,292],"class_list":{"0":"post-164775","1":"post","2":"type-post","3":"status-publish","4":"format-standard","5":"has-post-thumbnail","7":"category-releases-and-promotions","8":"tag-airline","9":"tag-europe","10":"tag-iberia-express-2","11":"tag-spain"},"uagb_featured_image_src":{"full":["https:\/\/aviacionaldia.com\/wp-content\/uploads\/2021\/01\/Iberia-Express-A320.jpg",800,400,false],"thumbnail":["https:\/\/aviacionaldia.com\/wp-content\/uploads\/2021\/01\/Iberia-Express-A320-150x150.jpg",150,150,true],"medium":["https:\/\/aviacionaldia.com\/wp-content\/uploads\/2021\/01\/Iberia-Express-A320-300x150.jpg",300,150,true],"medium_large":["https:\/\/aviacionaldia.com\/wp-content\/uploads\/2021\/01\/Iberia-Express-A320-768x384.jpg",768,384,true],"large":["https:\/\/aviacionaldia.com\/wp-content\/uploads\/2021\/01\/Iberia-Express-A320.jpg",800,400,false],"1536x1536":["https:\/\/aviacionaldia.com\/wp-content\/uploads\/2021\/01\/Iberia-Express-A320.jpg",800,400,false],"2048x2048":["https:\/\/aviacionaldia.com\/wp-content\/uploads\/2021\/01\/Iberia-Express-A320.jpg",800,400,false],"pk-small":["https:\/\/aviacionaldia.com\/wp-content\/uploads\/2021\/01\/Iberia-Express-A320.jpg",80,40,false],"pk-thumbnail":["https:\/\/aviacionaldia.com\/wp-content\/uploads\/2021\/01\/Iberia-Express-A320.jpg",300,150,false],"csco-small":["https:\/\/aviacionaldia.com\/wp-content\/uploads\/2021\/01\/Iberia-Express-A320-80x80.jpg",80,80,true],"csco-intermediate":["https:\/\/aviacionaldia.com\/wp-content\/uploads\/2021\/01\/Iberia-Express-A320-200x140.jpg",200,140,true],"csco-thumbnail":["https:\/\/aviacionaldia.com\/wp-content\/uploads\/2021\/01\/Iberia-Express-A320-380x220.jpg",380,220,true],"csco-thumbnail-alternative":["https:\/\/aviacionaldia.com\/wp-content\/uploads\/2021\/01\/Iberia-Express-A320-300x180.jpg",300,180,true],"csco-thumbnail-uncropped":["https:\/\/aviacionaldia.com\/wp-content\/uploads\/2021\/01\/Iberia-Express-A320-380x190.jpg",380,190,true],"csco-medium":["https:\/\/aviacionaldia.com\/wp-content\/uploads\/2021\/01\/Iberia-Express-A320.jpg",800,400,false],"csco-medium-alternative":["https:\/\/aviacionaldia.com\/wp-content\/uploads\/2021\/01\/Iberia-Express-A320-560x336.jpg",560,336,true],"csco-medium-uncropped":["https:\/\/aviacionaldia.com\/wp-content\/uploads\/2021\/01\/Iberia-Express-A320.jpg",800,400,false],"csco-large":["https:\/\/aviacionaldia.com\/wp-content\/uploads\/2021\/01\/Iberia-Express-A320.jpg",800,400,false],"csco-large-uncropped":["https:\/\/aviacionaldia.com\/wp-content\/uploads\/2021\/01\/Iberia-Express-A320.jpg",800,400,false],"csco-extra-large":["https:\/\/aviacionaldia.com\/wp-content\/uploads\/2021\/01\/Iberia-Express-A320.jpg",800,400,false]},"uagb_author_info":{"display_name":"Redacci\u00f3n - Aviaci\u00f3n al D\u00eda","author_link":"https:\/\/aviacionaldia.com\/en\/author\/aad"},"uagb_comment_info":0,"uagb_excerpt":"Iberia Express is offering flights with up to 30% discount to fly between Madrid and several of its&hellip;","amp_enabled":true,"_links":{"self":[{"href":"https:\/\/aviacionaldia.com\/en\/wp-json\/wp\/v2\/posts\/164775","targetHints":{"allow":["GET"]}}],"collection":[{"href":"https:\/\/aviacionaldia.com\/en\/wp-json\/wp\/v2\/posts"}],"about":[{"href":"https:\/\/aviacionaldia.com\/en\/wp-json\/wp\/v2\/types\/post"}],"author":[{"embeddable":true,"href":"https:\/\/aviacionaldia.com\/en\/wp-json\/wp\/v2\/users\/4316"}],"replies":[{"embeddable":true,"href":"https:\/\/aviacionaldia.com\/en\/wp-json\/wp\/v2\/comments?post=164775"}],"version-history":[{"count":1,"href":"https:\/\/aviacionaldia.com\/en\/wp-json\/wp\/v2\/posts\/164775\/revisions"}],"predecessor-version":[{"id":164776,"href":"https:\/\/aviacionaldia.com\/en\/wp-json\/wp\/v2\/posts\/164775\/revisions\/164776"}],"wp:featuredmedia":[{"embeddable":true,"href":"https:\/\/aviacionaldia.com\/en\/wp-json\/wp\/v2\/media\/105448"}],"wp:attachment":[{"href":"https:\/\/aviacionaldia.com\/en\/wp-json\/wp\/v2\/media?parent=164775"}],"wp:term":[{"taxonomy":"category","embeddable":true,"href":"https:\/\/aviacionaldia.com\/en\/wp-json\/wp\/v2\/categories?post=164775"},{"taxonomy":"post_tag","embeddable":true,"href":"https:\/\/aviacionaldia.com\/en\/wp-json\/wp\/v2\/tags?post=164775"}],"curies":[{"name":"wp","href":"https:\/\/api.w.org\/{rel}","templated":true}]}}