{"id":164812,"date":"2024-04-24T13:30:23","date_gmt":"2024-04-24T13:30:23","guid":{"rendered":"https:\/?p=164812"},"modified":"2024-04-24T16:52:47","modified_gmt":"2024-04-24T16:52:47","slug":"ryanair-launches-new-future-flyer-academy-program-for-aspiring-pilots-in-spain","status":"publish","type":"post","link":"https:\/\/aviacionaldia.com\/en\/2024\/04\/ryanair-launches-new-future-flyer-academy-program-for-aspiring-pilots-in-spain.html","title":{"rendered":"Ryanair launches new &#8220;Future Flyer Academy&#8221; program for aspiring pilots in Spain"},"content":{"rendered":"\n<p><strong>Ryanair <\/strong>launched its new<strong> Future Flyer Academy<\/strong> pilot training program on Wednesday, in partnership with Spain-based flight school FTEJerez.<\/p>\n\n\n\n<p>The program will train more than 400 aspiring pilots, who will eventually join the Ryanair workforce over the next four years.<\/p>\n\n\n\n<p>Ryanair&#8217;s Future Flyer Academy offers applicants the opportunity to begin their career in commercial aviation through a world-class combination of classroom, simulator and hands-on training with a defined pathway to employment with Ryanair.<\/p>\n\n\n\n<p><strong><em>\u2192 <a href=\"https:\/en\/2024\/04\/ryanair-to-resume-flights-to-israel-in-june.html\">Ryanair to resume flights to Israel in June<\/a><\/em><\/strong><\/p>\n\n\n\n<p>For several years, FTEJerez has been training aspiring pilots to a level where they can complete their type rating course to operate Ryanair Group&#8217;s Boeing 737 or Airbus A320 aircraft.<\/p>\n\n\n\n<p>Through the new Future Flyer Academy program, this initial training is combined with the type rating qualification to accelerate the pilot training process.<\/p>\n\n\n\n<p>&#8220;We are delighted to launch the Future Flyer Academy in partnership with FTEJerez in Spain. By combining Ryanair&#8217;s industry-leading expertise with FTEJerez&#8217;s world-class training programs, our Future Flyer Academy will create unprecedented opportunities for hundreds of aspiring aviators looking to start a well-paid career in aviation as a commercial pilot,&#8221; commented Ryanair&#8217;s Country Manager in Spain, Elena Cabrera.<\/p>\n\n\n\n<p>For more information, visit careers.ryanair.com or ftejerez.com.<\/p>\n\n\n\n<h2 class=\"wp-block-heading\" id=\"related-topics\">Related Topics<\/h2>\n\n\n\n\t\t\t<div class=\"wp-block-uagb-post-grid uagb-post-grid  uagb-post__image-position-top uagb-post__image-enabled uagb-block-d40f09ce     uagb-post__items uagb-post__columns-2 is-grid uagb-post__columns-tablet-2 uagb-post__columns-mobile-1 uagb-post__equal-height\" data-total=\"201\" style=\"\">\n\n\t\t\t\t\t\t\t\t\t\t\t\t<article class=\"uagb-post__inner-wrap\">\t\t\t\t\t\t\t\t<div class='uagb-post__image'>\n\t\t\t\t\t\t\t\t\t<a href=\"https:\/\/aviacionaldia.com\/en\/2026\/04\/ita-airways-expands-asian-presence-with-increased-flights-to-bangkok-and-new-delhi.html\" target=\"_self\" rel=\"bookmark noopener noreferrer\" class='uagb-image-ratio-inherit'><img decoding=\"async\" width=\"800\" height=\"400\" src=\"https:\/\/aviacionaldia.com\/wp-content\/uploads\/2025\/12\/ITA-Airways-Airbus-A350.webp\" class=\"attachment-large size-large\" alt=\"\" srcset=\"https:\/\/aviacionaldia.com\/wp-content\/uploads\/2025\/12\/ITA-Airways-Airbus-A350.webp 800w, https:\/\/aviacionaldia.com\/wp-content\/uploads\/2025\/12\/ITA-Airways-Airbus-A350-300x150.webp 300w, https:\/\/aviacionaldia.com\/wp-content\/uploads\/2025\/12\/ITA-Airways-Airbus-A350-768x384.webp 768w, https:\/\/aviacionaldia.com\/wp-content\/uploads\/2025\/12\/ITA-Airways-Airbus-A350-380x190.webp 380w\" sizes=\"(max-width: 800px) 100vw, 800px\" \/>\t\t\t\t\t<\/a>\n\t\t\t\t\t\t\t<\/div>\n\t\t\t\t\t\t<h4 class=\"uagb-post__title uagb-post__text\">\n\t\t\t\t<a href=\"https:\/\/aviacionaldia.com\/en\/2026\/04\/ita-airways-expands-asian-presence-with-increased-flights-to-bangkok-and-new-delhi.html\" target=\"_self\" rel=\"bookmark noopener noreferrer\">ITA Airways Expands Asian Presence with Increased Flights to Bangkok and New Delhi<\/a>\n\t\t\t<\/h4>\n\t\t\t\t\t\t<div class='uagb-post__text uagb-post-grid-byline'>\n\t\t\t\t\t\t\t<\/div>\n\t\t\t\t\t\t<div class=\"uagb-post__text uagb-post__cta wp-block-button\">\n\t\t\t\t<a class=\"wp-block-button__link uagb-text-link\" style=\"\" href=\"https:\/\/aviacionaldia.com\/en\/2026\/04\/ita-airways-expands-asian-presence-with-increased-flights-to-bangkok-and-new-delhi.html\" target=\"_self\" rel=\"bookmark noopener noreferrer\">Read More<\/a>\n\t\t\t<\/div>\n\t\t\t\n\t\t\t\t\t\t\t\t\t<\/article>\n\t\t\t\t\t\t\t\t\t\t\t\t\t\t\t\t<article class=\"uagb-post__inner-wrap\">\t\t\t\t\t\t\t\t<div class='uagb-post__image'>\n\t\t\t\t\t\t\t\t\t<a href=\"https:\/\/aviacionaldia.com\/en\/2026\/04\/asian-airlines-capitalize-on-surging-demand-to-europe-amid-gulf-hub-crisis.html\" target=\"_self\" rel=\"bookmark noopener noreferrer\" class='uagb-image-ratio-inherit'><img decoding=\"async\" width=\"800\" height=\"400\" src=\"https:\/\/aviacionaldia.com\/wp-content\/uploads\/2020\/05\/avion.jpg\" class=\"attachment-large size-large\" alt=\"\" srcset=\"https:\/\/aviacionaldia.com\/wp-content\/uploads\/2020\/05\/avion.jpg 800w, https:\/\/aviacionaldia.com\/wp-content\/uploads\/2020\/05\/avion-300x150.jpg 300w, https:\/\/aviacionaldia.com\/wp-content\/uploads\/2020\/05\/avion-768x384.jpg 768w, https:\/\/aviacionaldia.com\/wp-content\/uploads\/2020\/05\/avion-380x190.jpg 380w\" sizes=\"(max-width: 800px) 100vw, 800px\" \/>\t\t\t\t\t<\/a>\n\t\t\t\t\t\t\t<\/div>\n\t\t\t\t\t\t<h4 class=\"uagb-post__title uagb-post__text\">\n\t\t\t\t<a href=\"https:\/\/aviacionaldia.com\/en\/2026\/04\/asian-airlines-capitalize-on-surging-demand-to-europe-amid-gulf-hub-crisis.html\" target=\"_self\" rel=\"bookmark noopener noreferrer\">Asian Airlines Capitalize on Surging Demand to Europe Amid Gulf Hub Crisis<\/a>\n\t\t\t<\/h4>\n\t\t\t\t\t\t<div class='uagb-post__text uagb-post-grid-byline'>\n\t\t\t\t\t\t\t<\/div>\n\t\t\t\t\t\t<div class=\"uagb-post__text uagb-post__cta wp-block-button\">\n\t\t\t\t<a class=\"wp-block-button__link uagb-text-link\" style=\"\" href=\"https:\/\/aviacionaldia.com\/en\/2026\/04\/asian-airlines-capitalize-on-surging-demand-to-europe-amid-gulf-hub-crisis.html\" target=\"_self\" rel=\"bookmark noopener noreferrer\">Read More<\/a>\n\t\t\t<\/div>\n\t\t\t\n\t\t\t\t\t\t\t\t\t<\/article>\n\t\t\t\t\t\t\t\t\t\t\t\t\t\t\t\t<article class=\"uagb-post__inner-wrap\">\t\t\t\t\t\t\t\t<div class='uagb-post__image'>\n\t\t\t\t\t\t\t\t\t<a href=\"https:\/\/aviacionaldia.com\/en\/2026\/04\/philippine-airlines-expands-us-network-with-new-direct-manila-chicago-route.html\" target=\"_self\" rel=\"bookmark noopener noreferrer\" class='uagb-image-ratio-inherit'><img decoding=\"async\" width=\"800\" height=\"400\" src=\"https:\/\/aviacionaldia.com\/wp-content\/uploads\/2026\/04\/Philippine-Airlines-Airbus-A350.webp\" class=\"attachment-large size-large\" alt=\"\" srcset=\"https:\/\/aviacionaldia.com\/wp-content\/uploads\/2026\/04\/Philippine-Airlines-Airbus-A350.webp 800w, https:\/\/aviacionaldia.com\/wp-content\/uploads\/2026\/04\/Philippine-Airlines-Airbus-A350-300x150.webp 300w, https:\/\/aviacionaldia.com\/wp-content\/uploads\/2026\/04\/Philippine-Airlines-Airbus-A350-768x384.webp 768w, https:\/\/aviacionaldia.com\/wp-content\/uploads\/2026\/04\/Philippine-Airlines-Airbus-A350-380x190.webp 380w\" sizes=\"(max-width: 800px) 100vw, 800px\" \/>\t\t\t\t\t<\/a>\n\t\t\t\t\t\t\t<\/div>\n\t\t\t\t\t\t<h4 class=\"uagb-post__title uagb-post__text\">\n\t\t\t\t<a href=\"https:\/\/aviacionaldia.com\/en\/2026\/04\/philippine-airlines-expands-us-network-with-new-direct-manila-chicago-route.html\" target=\"_self\" rel=\"bookmark noopener noreferrer\">Philippine Airlines Expands US Network with New Direct Manila-Chicago Route<\/a>\n\t\t\t<\/h4>\n\t\t\t\t\t\t<div class='uagb-post__text uagb-post-grid-byline'>\n\t\t\t\t\t\t\t<\/div>\n\t\t\t\t\t\t<div class=\"uagb-post__text uagb-post__cta wp-block-button\">\n\t\t\t\t<a class=\"wp-block-button__link uagb-text-link\" style=\"\" href=\"https:\/\/aviacionaldia.com\/en\/2026\/04\/philippine-airlines-expands-us-network-with-new-direct-manila-chicago-route.html\" target=\"_self\" rel=\"bookmark noopener noreferrer\">Read More<\/a>\n\t\t\t<\/div>\n\t\t\t\n\t\t\t\t\t\t\t\t\t<\/article>\n\t\t\t\t\t\t\t\t\t\t\t\t\t\t\t\t<article class=\"uagb-post__inner-wrap\">\t\t\t\t\t\t\t\t<div class='uagb-post__image'>\n\t\t\t\t\t\t\t\t\t<a href=\"https:\/\/aviacionaldia.com\/en\/2026\/04\/korean-air-redefines-luxury-at-incheon-airport-modernization-of-vip-lounges-completed.html\" target=\"_self\" rel=\"bookmark noopener noreferrer\" class='uagb-image-ratio-inherit'><img decoding=\"async\" width=\"800\" height=\"400\" src=\"https:\/\/aviacionaldia.com\/wp-content\/uploads\/2026\/04\/Korean-Air-Salon-VIP-aeropuerto-Incheon.webp\" class=\"attachment-large size-large\" alt=\"\" srcset=\"https:\/\/aviacionaldia.com\/wp-content\/uploads\/2026\/04\/Korean-Air-Salon-VIP-aeropuerto-Incheon.webp 800w, https:\/\/aviacionaldia.com\/wp-content\/uploads\/2026\/04\/Korean-Air-Salon-VIP-aeropuerto-Incheon-300x150.webp 300w, https:\/\/aviacionaldia.com\/wp-content\/uploads\/2026\/04\/Korean-Air-Salon-VIP-aeropuerto-Incheon-768x384.webp 768w, https:\/\/aviacionaldia.com\/wp-content\/uploads\/2026\/04\/Korean-Air-Salon-VIP-aeropuerto-Incheon-380x190.webp 380w\" sizes=\"(max-width: 800px) 100vw, 800px\" \/>\t\t\t\t\t<\/a>\n\t\t\t\t\t\t\t<\/div>\n\t\t\t\t\t\t<h4 class=\"uagb-post__title uagb-post__text\">\n\t\t\t\t<a href=\"https:\/\/aviacionaldia.com\/en\/2026\/04\/korean-air-redefines-luxury-at-incheon-airport-modernization-of-vip-lounges-completed.html\" target=\"_self\" rel=\"bookmark noopener noreferrer\">Korean Air Redefines Luxury at Incheon Airport: Modernization of VIP Lounges Completed<\/a>\n\t\t\t<\/h4>\n\t\t\t\t\t\t<div class='uagb-post__text uagb-post-grid-byline'>\n\t\t\t\t\t\t\t<\/div>\n\t\t\t\t\t\t<div class=\"uagb-post__text uagb-post__cta wp-block-button\">\n\t\t\t\t<a class=\"wp-block-button__link uagb-text-link\" style=\"\" href=\"https:\/\/aviacionaldia.com\/en\/2026\/04\/korean-air-redefines-luxury-at-incheon-airport-modernization-of-vip-lounges-completed.html\" target=\"_self\" rel=\"bookmark noopener noreferrer\">Read More<\/a>\n\t\t\t<\/div>\n\t\t\t\n\t\t\t\t\t\t\t\t\t<\/article>\n\t\t\t\t\t\t\t\t\t\t\t<\/div>\n\t\t\t","protected":false},"excerpt":{"rendered":"Ryanair launched its new Future Flyer Academy pilot training program on Wednesday, in partnership with Spain-based flight school&hellip;\n","protected":false},"author":4316,"featured_media":164803,"comment_status":"closed","ping_status":"closed","sticky":false,"template":"","format":"standard","meta":{"_uag_custom_page_level_css":"","footnotes":""},"categories":[1],"tags":[230,269,204,279,292],"class_list":{"0":"post-164812","1":"post","2":"type-post","3":"status-publish","4":"format-standard","5":"has-post-thumbnail","7":"category-airlines","8":"tag-airline","9":"tag-europe","10":"tag-pilots","11":"tag-ryanair-2","12":"tag-spain"},"uagb_featured_image_src":{"full":["https:\/\/aviacionaldia.com\/wp-content\/uploads\/2024\/04\/Ryanair-Future-Flyer-Academy-en-Espana.jpg",800,400,false],"thumbnail":["https:\/\/aviacionaldia.com\/wp-content\/uploads\/2024\/04\/Ryanair-Future-Flyer-Academy-en-Espana-150x150.jpg",150,150,true],"medium":["https:\/\/aviacionaldia.com\/wp-content\/uploads\/2024\/04\/Ryanair-Future-Flyer-Academy-en-Espana-300x150.jpg",300,150,true],"medium_large":["https:\/\/aviacionaldia.com\/wp-content\/uploads\/2024\/04\/Ryanair-Future-Flyer-Academy-en-Espana-768x384.jpg",768,384,true],"large":["https:\/\/aviacionaldia.com\/wp-content\/uploads\/2024\/04\/Ryanair-Future-Flyer-Academy-en-Espana.jpg",800,400,false],"1536x1536":["https:\/\/aviacionaldia.com\/wp-content\/uploads\/2024\/04\/Ryanair-Future-Flyer-Academy-en-Espana.jpg",800,400,false],"2048x2048":["https:\/\/aviacionaldia.com\/wp-content\/uploads\/2024\/04\/Ryanair-Future-Flyer-Academy-en-Espana.jpg",800,400,false],"pk-small":["https:\/\/aviacionaldia.com\/wp-content\/uploads\/2024\/04\/Ryanair-Future-Flyer-Academy-en-Espana.jpg",80,40,false],"pk-thumbnail":["https:\/\/aviacionaldia.com\/wp-content\/uploads\/2024\/04\/Ryanair-Future-Flyer-Academy-en-Espana.jpg",300,150,false],"csco-small":["https:\/\/aviacionaldia.com\/wp-content\/uploads\/2024\/04\/Ryanair-Future-Flyer-Academy-en-Espana-80x80.jpg",80,80,true],"csco-intermediate":["https:\/\/aviacionaldia.com\/wp-content\/uploads\/2024\/04\/Ryanair-Future-Flyer-Academy-en-Espana-200x140.jpg",200,140,true],"csco-thumbnail":["https:\/\/aviacionaldia.com\/wp-content\/uploads\/2024\/04\/Ryanair-Future-Flyer-Academy-en-Espana-380x220.jpg",380,220,true],"csco-thumbnail-alternative":["https:\/\/aviacionaldia.com\/wp-content\/uploads\/2024\/04\/Ryanair-Future-Flyer-Academy-en-Espana-300x180.jpg",300,180,true],"csco-thumbnail-uncropped":["https:\/\/aviacionaldia.com\/wp-content\/uploads\/2024\/04\/Ryanair-Future-Flyer-Academy-en-Espana-380x190.jpg",380,190,true],"csco-medium":["https:\/\/aviacionaldia.com\/wp-content\/uploads\/2024\/04\/Ryanair-Future-Flyer-Academy-en-Espana.jpg",800,400,false],"csco-medium-alternative":["https:\/\/aviacionaldia.com\/wp-content\/uploads\/2024\/04\/Ryanair-Future-Flyer-Academy-en-Espana-560x336.jpg",560,336,true],"csco-medium-uncropped":["https:\/\/aviacionaldia.com\/wp-content\/uploads\/2024\/04\/Ryanair-Future-Flyer-Academy-en-Espana.jpg",800,400,false],"csco-large":["https:\/\/aviacionaldia.com\/wp-content\/uploads\/2024\/04\/Ryanair-Future-Flyer-Academy-en-Espana.jpg",800,400,false],"csco-large-uncropped":["https:\/\/aviacionaldia.com\/wp-content\/uploads\/2024\/04\/Ryanair-Future-Flyer-Academy-en-Espana.jpg",800,400,false],"csco-extra-large":["https:\/\/aviacionaldia.com\/wp-content\/uploads\/2024\/04\/Ryanair-Future-Flyer-Academy-en-Espana.jpg",800,400,false]},"uagb_author_info":{"display_name":"Redacci\u00f3n - Aviaci\u00f3n al D\u00eda","author_link":"https:\/\/aviacionaldia.com\/en\/author\/aad"},"uagb_comment_info":0,"uagb_excerpt":"Ryanair launched its new Future Flyer Academy pilot training program on Wednesday, in partnership with Spain-based flight school&hellip;","amp_enabled":true,"_links":{"self":[{"href":"https:\/\/aviacionaldia.com\/en\/wp-json\/wp\/v2\/posts\/164812","targetHints":{"allow":["GET"]}}],"collection":[{"href":"https:\/\/aviacionaldia.com\/en\/wp-json\/wp\/v2\/posts"}],"about":[{"href":"https:\/\/aviacionaldia.com\/en\/wp-json\/wp\/v2\/types\/post"}],"author":[{"embeddable":true,"href":"https:\/\/aviacionaldia.com\/en\/wp-json\/wp\/v2\/users\/4316"}],"replies":[{"embeddable":true,"href":"https:\/\/aviacionaldia.com\/en\/wp-json\/wp\/v2\/comments?post=164812"}],"version-history":[{"count":1,"href":"https:\/\/aviacionaldia.com\/en\/wp-json\/wp\/v2\/posts\/164812\/revisions"}],"predecessor-version":[{"id":164814,"href":"https:\/\/aviacionaldia.com\/en\/wp-json\/wp\/v2\/posts\/164812\/revisions\/164814"}],"wp:featuredmedia":[{"embeddable":true,"href":"https:\/\/aviacionaldia.com\/en\/wp-json\/wp\/v2\/media\/164803"}],"wp:attachment":[{"href":"https:\/\/aviacionaldia.com\/en\/wp-json\/wp\/v2\/media?parent=164812"}],"wp:term":[{"taxonomy":"category","embeddable":true,"href":"https:\/\/aviacionaldia.com\/en\/wp-json\/wp\/v2\/categories?post=164812"},{"taxonomy":"post_tag","embeddable":true,"href":"https:\/\/aviacionaldia.com\/en\/wp-json\/wp\/v2\/tags?post=164812"}],"curies":[{"name":"wp","href":"https:\/\/api.w.org\/{rel}","templated":true}]}}