{"id":164828,"date":"2024-04-24T15:30:03","date_gmt":"2024-04-24T15:30:03","guid":{"rendered":"https:\/?p=164828"},"modified":"2024-04-24T20:35:19","modified_gmt":"2024-04-24T20:35:19","slug":"boeing-reduces-its-losses-by-16-to-355-million","status":"publish","type":"post","link":"https:\/\/aviacionaldia.com\/en\/2024\/04\/boeing-reduces-its-losses-by-16-to-355-million.html","title":{"rendered":"Boeing reduces its losses by 16% to $355 million"},"content":{"rendered":"\n<p>U.S. aircraft manufacturer <strong>Boeing <\/strong>reported Wednesday a loss of $355 million in the first quarter of 2024, down 16% from the same period last year, despite the crisis it is experiencing following a series of incidents on several of its aircraft.<\/p>\n\n\n\n<p>However, the company&#8217;s revenue was down 8% from January-March 2022 to $16.569 billion, the company said in a statement.<\/p>\n\n\n\n<p>The company has been in the spotlight since a panel covering the space for an emergency door on a Boeing 737 MAX 9 operated by Alaska Airlines detached shortly after takeoff in early January 2024.<\/p>\n\n\n\n<p>Following the incident, the Federal Aviation Administration (FAA) launched a series of investigations and discovered quality problems at both Boeing and Spirit AeroSystems, its supplier.<\/p>\n\n\n\n<p><strong><em>\u2192 <a href=\"https:\/en\/2024\/04\/boeing-makes-its-largest-purchase-of-blended-sustainable-aviation-fuel.html\">Boeing makes its largest purchase of blended Sustainable Aviation Fuel<\/a><\/em><\/strong><\/p>\n\n\n\n<p>This incident has slowed production of the 737 model to a figure below 38 aircraft per month to incorporate quality improvements, the company reports, bringing total deliveries down to 83 (of all models), down from 130 aircraft delivered in the first quarter of 2023.<\/p>\n\n\n\n<p>Revenues from its commercial aircraft unit fell 31% year-on-year to $4,653 million.<\/p>\n\n\n\n<p>&#8220;We will take the time to strengthen our quality and safety management systems,&#8221; Boeing President and CEO Dave Calhoun, who recently announced his departure from the company later this year, said in this regard.<\/p>\n\n\n\n<p>Meanwhile, the company&#8217;s Defense, Space and Security unit increased revenues by 6% in the first quarter to $6.95 billion, with the award of 17 P-8A Poseidon aircraft for the Royal Canadian Air Force and the German Navy being the highlight.<\/p>\n\n\n\n<p>Its Global Services business also increased its turnover by 7% to US$5,045 million, thanks to a higher commercial volume.<\/p>\n\n\n\n<p>The results exceeded investor expectations and in early trading on Wall Street Boeing shares were up 3%, reported EFE.<\/p>\n\n\n\n<h2 class=\"wp-block-heading\" id=\"related-topics\">Related Topics<\/h2>\n\n\n\n\t\t\t<div class=\"wp-block-uagb-post-grid uagb-post-grid  uagb-post__image-position-top uagb-post__image-enabled uagb-block-d40f09ce     uagb-post__items uagb-post__columns-2 is-grid uagb-post__columns-tablet-2 uagb-post__columns-mobile-1 uagb-post__equal-height\" data-total=\"514\" style=\"\">\n\n\t\t\t\t\t\t\t\t\t\t\t\t<article class=\"uagb-post__inner-wrap\">\t\t\t\t\t\t\t\t<div class='uagb-post__image'>\n\t\t\t\t\t\t\t\t\t<a href=\"https:\/\/aviacionaldia.com\/en\/2026\/04\/easyjet-expands-uk-network-with-nine-strategic-new-routes-for-winter.html\" target=\"_self\" rel=\"bookmark noopener noreferrer\" class='uagb-image-ratio-inherit'><img decoding=\"async\" width=\"800\" height=\"400\" src=\"https:\/\/aviacionaldia.com\/wp-content\/uploads\/2022\/09\/Easyjet-Airbus-A320.jpg\" class=\"attachment-large size-large\" alt=\"\" srcset=\"https:\/\/aviacionaldia.com\/wp-content\/uploads\/2022\/09\/Easyjet-Airbus-A320.jpg 800w, https:\/\/aviacionaldia.com\/wp-content\/uploads\/2022\/09\/Easyjet-Airbus-A320-300x150.jpg 300w, https:\/\/aviacionaldia.com\/wp-content\/uploads\/2022\/09\/Easyjet-Airbus-A320-768x384.jpg 768w, https:\/\/aviacionaldia.com\/wp-content\/uploads\/2022\/09\/Easyjet-Airbus-A320-380x190.jpg 380w\" sizes=\"(max-width: 800px) 100vw, 800px\" \/>\t\t\t\t\t<\/a>\n\t\t\t\t\t\t\t<\/div>\n\t\t\t\t\t\t<h4 class=\"uagb-post__title uagb-post__text\">\n\t\t\t\t<a href=\"https:\/\/aviacionaldia.com\/en\/2026\/04\/easyjet-expands-uk-network-with-nine-strategic-new-routes-for-winter.html\" target=\"_self\" rel=\"bookmark noopener noreferrer\">easyJet Expands UK Network with Nine Strategic New Routes for Winter<\/a>\n\t\t\t<\/h4>\n\t\t\t\t\t\t<div class='uagb-post__text uagb-post-grid-byline'>\n\t\t\t\t\t\t\t<\/div>\n\t\t\t\t\t\t<div class=\"uagb-post__text uagb-post__cta wp-block-button\">\n\t\t\t\t<a class=\"wp-block-button__link uagb-text-link\" style=\"\" href=\"https:\/\/aviacionaldia.com\/en\/2026\/04\/easyjet-expands-uk-network-with-nine-strategic-new-routes-for-winter.html\" target=\"_self\" rel=\"bookmark noopener noreferrer\">Read More<\/a>\n\t\t\t<\/div>\n\t\t\t\n\t\t\t\t\t\t\t\t\t<\/article>\n\t\t\t\t\t\t\t\t\t\t\t\t\t\t\t\t<article class=\"uagb-post__inner-wrap\">\t\t\t\t\t\t\t\t<div class='uagb-post__image'>\n\t\t\t\t\t\t\t\t\t<a href=\"https:\/\/aviacionaldia.com\/en\/2026\/04\/lufthansa-redefines-its-visual-identity-boss-designs-new-generation-of-uniforms-for-centenary.html\" target=\"_self\" rel=\"bookmark noopener noreferrer\" class='uagb-image-ratio-inherit'><img decoding=\"async\" width=\"800\" height=\"400\" src=\"https:\/\/aviacionaldia.com\/wp-content\/uploads\/2026\/04\/Lufthansa-nuevos-uniformes.webp\" class=\"attachment-large size-large\" alt=\"\" srcset=\"https:\/\/aviacionaldia.com\/wp-content\/uploads\/2026\/04\/Lufthansa-nuevos-uniformes.webp 800w, https:\/\/aviacionaldia.com\/wp-content\/uploads\/2026\/04\/Lufthansa-nuevos-uniformes-300x150.webp 300w, https:\/\/aviacionaldia.com\/wp-content\/uploads\/2026\/04\/Lufthansa-nuevos-uniformes-768x384.webp 768w, https:\/\/aviacionaldia.com\/wp-content\/uploads\/2026\/04\/Lufthansa-nuevos-uniformes-380x190.webp 380w\" sizes=\"(max-width: 800px) 100vw, 800px\" \/>\t\t\t\t\t<\/a>\n\t\t\t\t\t\t\t<\/div>\n\t\t\t\t\t\t<h4 class=\"uagb-post__title uagb-post__text\">\n\t\t\t\t<a href=\"https:\/\/aviacionaldia.com\/en\/2026\/04\/lufthansa-redefines-its-visual-identity-boss-designs-new-generation-of-uniforms-for-centenary.html\" target=\"_self\" rel=\"bookmark noopener noreferrer\">Lufthansa Redefines Its Visual Identity: BOSS Designs New Generation of Uniforms for Centenary<\/a>\n\t\t\t<\/h4>\n\t\t\t\t\t\t<div class='uagb-post__text uagb-post-grid-byline'>\n\t\t\t\t\t\t\t<\/div>\n\t\t\t\t\t\t<div class=\"uagb-post__text uagb-post__cta wp-block-button\">\n\t\t\t\t<a class=\"wp-block-button__link uagb-text-link\" style=\"\" href=\"https:\/\/aviacionaldia.com\/en\/2026\/04\/lufthansa-redefines-its-visual-identity-boss-designs-new-generation-of-uniforms-for-centenary.html\" target=\"_self\" rel=\"bookmark noopener noreferrer\">Read More<\/a>\n\t\t\t<\/div>\n\t\t\t\n\t\t\t\t\t\t\t\t\t<\/article>\n\t\t\t\t\t\t\t\t\t\t\t\t\t\t\t\t<article class=\"uagb-post__inner-wrap\">\t\t\t\t\t\t\t\t<div class='uagb-post__image'>\n\t\t\t\t\t\t\t\t\t<a href=\"https:\/\/aviacionaldia.com\/en\/2026\/04\/ryanair-to-close-berlin-base-amid-rising-airport-fees-and-declining-competitiveness-in-germany.html\" target=\"_self\" rel=\"bookmark noopener noreferrer\" class='uagb-image-ratio-inherit'><img decoding=\"async\" width=\"800\" height=\"400\" src=\"https:\/\/aviacionaldia.com\/wp-content\/uploads\/2021\/07\/Ryanair-B737-800.jpg\" class=\"attachment-large size-large\" alt=\"\" srcset=\"https:\/\/aviacionaldia.com\/wp-content\/uploads\/2021\/07\/Ryanair-B737-800.jpg 800w, https:\/\/aviacionaldia.com\/wp-content\/uploads\/2021\/07\/Ryanair-B737-800-300x150.jpg 300w, https:\/\/aviacionaldia.com\/wp-content\/uploads\/2021\/07\/Ryanair-B737-800-768x384.jpg 768w, https:\/\/aviacionaldia.com\/wp-content\/uploads\/2021\/07\/Ryanair-B737-800-380x190.jpg 380w\" sizes=\"(max-width: 800px) 100vw, 800px\" \/>\t\t\t\t\t<\/a>\n\t\t\t\t\t\t\t<\/div>\n\t\t\t\t\t\t<h4 class=\"uagb-post__title uagb-post__text\">\n\t\t\t\t<a href=\"https:\/\/aviacionaldia.com\/en\/2026\/04\/ryanair-to-close-berlin-base-amid-rising-airport-fees-and-declining-competitiveness-in-germany.html\" target=\"_self\" rel=\"bookmark noopener noreferrer\">Ryanair to Close Berlin Base Amid Rising Airport Fees and Declining Competitiveness in Germany<\/a>\n\t\t\t<\/h4>\n\t\t\t\t\t\t<div class='uagb-post__text uagb-post-grid-byline'>\n\t\t\t\t\t\t\t<\/div>\n\t\t\t\t\t\t<div class=\"uagb-post__text uagb-post__cta wp-block-button\">\n\t\t\t\t<a class=\"wp-block-button__link uagb-text-link\" style=\"\" href=\"https:\/\/aviacionaldia.com\/en\/2026\/04\/ryanair-to-close-berlin-base-amid-rising-airport-fees-and-declining-competitiveness-in-germany.html\" target=\"_self\" rel=\"bookmark noopener noreferrer\">Read More<\/a>\n\t\t\t<\/div>\n\t\t\t\n\t\t\t\t\t\t\t\t\t<\/article>\n\t\t\t\t\t\t\t\t\t\t\t\t\t\t\t\t<article class=\"uagb-post__inner-wrap\">\t\t\t\t\t\t\t\t<div class='uagb-post__image'>\n\t\t\t\t\t\t\t\t\t<a href=\"https:\/\/aviacionaldia.com\/en\/2026\/04\/final-blow-for-lufthansa-eu-court-of-justice-upholds-illegality-of-e6-billion-state-aid-package.html\" target=\"_self\" rel=\"bookmark noopener noreferrer\" class='uagb-image-ratio-inherit'><img decoding=\"async\" width=\"800\" height=\"400\" src=\"https:\/\/aviacionaldia.com\/wp-content\/uploads\/2020\/05\/Lufthansa-aviones.jpg\" class=\"attachment-large size-large\" alt=\"\" srcset=\"https:\/\/aviacionaldia.com\/wp-content\/uploads\/2020\/05\/Lufthansa-aviones.jpg 800w, https:\/\/aviacionaldia.com\/wp-content\/uploads\/2020\/05\/Lufthansa-aviones-300x150.jpg 300w, https:\/\/aviacionaldia.com\/wp-content\/uploads\/2020\/05\/Lufthansa-aviones-768x384.jpg 768w, https:\/\/aviacionaldia.com\/wp-content\/uploads\/2020\/05\/Lufthansa-aviones-380x190.jpg 380w\" sizes=\"(max-width: 800px) 100vw, 800px\" \/>\t\t\t\t\t<\/a>\n\t\t\t\t\t\t\t<\/div>\n\t\t\t\t\t\t<h4 class=\"uagb-post__title uagb-post__text\">\n\t\t\t\t<a href=\"https:\/\/aviacionaldia.com\/en\/2026\/04\/final-blow-for-lufthansa-eu-court-of-justice-upholds-illegality-of-e6-billion-state-aid-package.html\" target=\"_self\" rel=\"bookmark noopener noreferrer\">Final Blow for Lufthansa: EU Court of Justice Upholds Illegality of \u20ac6 Billion State Aid Package<\/a>\n\t\t\t<\/h4>\n\t\t\t\t\t\t<div class='uagb-post__text uagb-post-grid-byline'>\n\t\t\t\t\t\t\t<\/div>\n\t\t\t\t\t\t<div class=\"uagb-post__text uagb-post__cta wp-block-button\">\n\t\t\t\t<a class=\"wp-block-button__link uagb-text-link\" style=\"\" href=\"https:\/\/aviacionaldia.com\/en\/2026\/04\/final-blow-for-lufthansa-eu-court-of-justice-upholds-illegality-of-e6-billion-state-aid-package.html\" target=\"_self\" rel=\"bookmark noopener noreferrer\">Read More<\/a>\n\t\t\t<\/div>\n\t\t\t\n\t\t\t\t\t\t\t\t\t<\/article>\n\t\t\t\t\t\t\t\t\t\t\t<\/div>\n\t\t\t","protected":false},"excerpt":{"rendered":"U.S. aircraft manufacturer Boeing reported Wednesday a loss of $355 million in the first quarter of 2024, down&hellip;\n","protected":false},"author":4316,"featured_media":102140,"comment_status":"closed","ping_status":"closed","sticky":false,"template":"","format":"standard","meta":{"_uag_custom_page_level_css":"","footnotes":""},"categories":[190],"tags":[220,221],"class_list":{"0":"post-164828","1":"post","2":"type-post","3":"status-publish","4":"format-standard","5":"has-post-thumbnail","7":"category-the-industry","8":"tag-boeing-2","9":"tag-usa"},"uagb_featured_image_src":{"full":["https:\/\/aviacionaldia.com\/wp-content\/uploads\/2018\/10\/Boeing.jpg",800,400,false],"thumbnail":["https:\/\/aviacionaldia.com\/wp-content\/uploads\/2018\/10\/Boeing-150x150.jpg",150,150,true],"medium":["https:\/\/aviacionaldia.com\/wp-content\/uploads\/2018\/10\/Boeing-300x150.jpg",300,150,true],"medium_large":["https:\/\/aviacionaldia.com\/wp-content\/uploads\/2018\/10\/Boeing-768x384.jpg",768,384,true],"large":["https:\/\/aviacionaldia.com\/wp-content\/uploads\/2018\/10\/Boeing.jpg",800,400,false],"1536x1536":["https:\/\/aviacionaldia.com\/wp-content\/uploads\/2018\/10\/Boeing.jpg",800,400,false],"2048x2048":["https:\/\/aviacionaldia.com\/wp-content\/uploads\/2018\/10\/Boeing.jpg",800,400,false],"pk-small":["https:\/\/aviacionaldia.com\/wp-content\/uploads\/2018\/10\/Boeing-80x80.jpg",80,80,true],"pk-thumbnail":["https:\/\/aviacionaldia.com\/wp-content\/uploads\/2018\/10\/Boeing-300x225.jpg",300,225,true],"csco-small":["https:\/\/aviacionaldia.com\/wp-content\/uploads\/2018\/10\/Boeing-80x80.jpg",80,80,true],"csco-intermediate":["https:\/\/aviacionaldia.com\/wp-content\/uploads\/2018\/10\/Boeing-200x140.jpg",200,140,true],"csco-thumbnail":["https:\/\/aviacionaldia.com\/wp-content\/uploads\/2018\/10\/Boeing-380x220.jpg",380,220,true],"csco-thumbnail-alternative":["https:\/\/aviacionaldia.com\/wp-content\/uploads\/2018\/10\/Boeing-300x180.jpg",300,180,true],"csco-thumbnail-uncropped":["https:\/\/aviacionaldia.com\/wp-content\/uploads\/2018\/10\/Boeing-380x190.jpg",380,190,true],"csco-medium":["https:\/\/aviacionaldia.com\/wp-content\/uploads\/2018\/10\/Boeing.jpg",800,400,false],"csco-medium-alternative":["https:\/\/aviacionaldia.com\/wp-content\/uploads\/2018\/10\/Boeing-560x336.jpg",560,336,true],"csco-medium-uncropped":["https:\/\/aviacionaldia.com\/wp-content\/uploads\/2018\/10\/Boeing.jpg",800,400,false],"csco-large":["https:\/\/aviacionaldia.com\/wp-content\/uploads\/2018\/10\/Boeing.jpg",800,400,false],"csco-large-uncropped":["https:\/\/aviacionaldia.com\/wp-content\/uploads\/2018\/10\/Boeing.jpg",800,400,false],"csco-extra-large":["https:\/\/aviacionaldia.com\/wp-content\/uploads\/2018\/10\/Boeing.jpg",800,400,false]},"uagb_author_info":{"display_name":"Redacci\u00f3n - Aviaci\u00f3n al D\u00eda","author_link":"https:\/\/aviacionaldia.com\/en\/author\/aad"},"uagb_comment_info":0,"uagb_excerpt":"U.S. aircraft manufacturer Boeing reported Wednesday a loss of $355 million in the first quarter of 2024, down&hellip;","amp_enabled":true,"_links":{"self":[{"href":"https:\/\/aviacionaldia.com\/en\/wp-json\/wp\/v2\/posts\/164828","targetHints":{"allow":["GET"]}}],"collection":[{"href":"https:\/\/aviacionaldia.com\/en\/wp-json\/wp\/v2\/posts"}],"about":[{"href":"https:\/\/aviacionaldia.com\/en\/wp-json\/wp\/v2\/types\/post"}],"author":[{"embeddable":true,"href":"https:\/\/aviacionaldia.com\/en\/wp-json\/wp\/v2\/users\/4316"}],"replies":[{"embeddable":true,"href":"https:\/\/aviacionaldia.com\/en\/wp-json\/wp\/v2\/comments?post=164828"}],"version-history":[{"count":1,"href":"https:\/\/aviacionaldia.com\/en\/wp-json\/wp\/v2\/posts\/164828\/revisions"}],"predecessor-version":[{"id":164829,"href":"https:\/\/aviacionaldia.com\/en\/wp-json\/wp\/v2\/posts\/164828\/revisions\/164829"}],"wp:featuredmedia":[{"embeddable":true,"href":"https:\/\/aviacionaldia.com\/en\/wp-json\/wp\/v2\/media\/102140"}],"wp:attachment":[{"href":"https:\/\/aviacionaldia.com\/en\/wp-json\/wp\/v2\/media?parent=164828"}],"wp:term":[{"taxonomy":"category","embeddable":true,"href":"https:\/\/aviacionaldia.com\/en\/wp-json\/wp\/v2\/categories?post=164828"},{"taxonomy":"post_tag","embeddable":true,"href":"https:\/\/aviacionaldia.com\/en\/wp-json\/wp\/v2\/tags?post=164828"}],"curies":[{"name":"wp","href":"https:\/\/api.w.org\/{rel}","templated":true}]}}