{"id":164937,"date":"2024-04-30T14:30:12","date_gmt":"2024-04-30T14:30:12","guid":{"rendered":"https:\/?p=164937"},"modified":"2024-04-30T20:18:29","modified_gmt":"2024-04-30T20:18:29","slug":"flybondi-announces-new-route-between-ushuaia-and-el-calafate-for-winter-season","status":"publish","type":"post","link":"https:\/\/aviacionaldia.com\/en\/2024\/04\/flybondi-announces-new-route-between-ushuaia-and-el-calafate-for-winter-season.html","title":{"rendered":"Flybondi announces new route between Ushuaia and El Calafate for winter season"},"content":{"rendered":"\n<p><strong>Flybondi<\/strong> announced this Tuesday that it will start flying between the cities of Ushuaia and El Calafate as from August 2. This new route is the company&#8217;s fifth interprovincial route and will strengthen the connection between these two popular destinations for the winter season.<\/p>\n\n\n\n<p>The route will operate four weekly flights (Monday, Wednesday, Friday and Sunday), with tickets starting at $33,999 (promotional fare one way).<\/p>\n\n\n\n<p><strong><em>\u2192 <a href=\"https:\/en\/2024\/04\/flybondi-increases-flights-to-brazil.html\">Flybondi increases flights to Brazil<\/a><\/em><\/strong><\/p>\n\n\n\n<p>In addition, Flybondi offers connections to and from Buenos Aires in both destinations with a daily flight to Ushuaia and four weekly flights to El Calafate.<\/p>\n\n\n\n<p>&#8220;With this route we seek to enhance connectivity in the south of the country. Ushuaia and El Calafate are two destinations that combine very well, that is why we are launching this new connection for the winter season&#8221;, said Mauricio Sana, CEO of Flybondi.<\/p>\n\n\n\n<h2 class=\"wp-block-heading\" id=\"related-topics\">Related Topics<\/h2>\n\n\n\n\t\t\t<div class=\"wp-block-uagb-post-grid uagb-post-grid  uagb-post__image-position-top uagb-post__image-enabled uagb-block-d40f09ce     uagb-post__items uagb-post__columns-2 is-grid uagb-post__columns-tablet-2 uagb-post__columns-mobile-1 uagb-post__equal-height\" data-total=\"499\" style=\"\">\n\n\t\t\t\t\t\t\t\t\t\t\t\t<article class=\"uagb-post__inner-wrap\">\t\t\t\t\t\t\t\t<div class='uagb-post__image'>\n\t\t\t\t\t\t\t\t\t<a href=\"https:\/\/aviacionaldia.com\/en\/2026\/09\/boeing-pays-3-1-million-faa-fine-over-multiple-safety-violations.html\" target=\"_self\" rel=\"bookmark noopener noreferrer\" class='uagb-image-ratio-inherit'><img decoding=\"async\" width=\"800\" height=\"400\" src=\"https:\/\/aviacionaldia.com\/wp-content\/uploads\/2024\/01\/Alaska-Airlines-Incidente.jpg\" class=\"attachment-large size-large\" alt=\"\" srcset=\"https:\/\/aviacionaldia.com\/wp-content\/uploads\/2024\/01\/Alaska-Airlines-Incidente.jpg 800w, https:\/\/aviacionaldia.com\/wp-content\/uploads\/2024\/01\/Alaska-Airlines-Incidente-300x150.jpg 300w, https:\/\/aviacionaldia.com\/wp-content\/uploads\/2024\/01\/Alaska-Airlines-Incidente-768x384.jpg 768w, https:\/\/aviacionaldia.com\/wp-content\/uploads\/2024\/01\/Alaska-Airlines-Incidente-380x190.jpg 380w\" sizes=\"(max-width: 800px) 100vw, 800px\" \/>\t\t\t\t\t<\/a>\n\t\t\t\t\t\t\t<\/div>\n\t\t\t\t\t\t<h4 class=\"uagb-post__title uagb-post__text\">\n\t\t\t\t<a href=\"https:\/\/aviacionaldia.com\/en\/2026\/09\/boeing-pays-3-1-million-faa-fine-over-multiple-safety-violations.html\" target=\"_self\" rel=\"bookmark noopener noreferrer\">Boeing Pays $3.1 Million FAA Fine over Multiple Safety Violations<\/a>\n\t\t\t<\/h4>\n\t\t\t\t\t\t<div class='uagb-post__text uagb-post-grid-byline'>\n\t\t\t\t\t\t\t<\/div>\n\t\t\t\t\t\t<div class=\"uagb-post__text uagb-post__cta wp-block-button\">\n\t\t\t\t<a class=\"wp-block-button__link uagb-text-link\" style=\"\" href=\"https:\/\/aviacionaldia.com\/en\/2026\/09\/boeing-pays-3-1-million-faa-fine-over-multiple-safety-violations.html\" target=\"_self\" rel=\"bookmark noopener noreferrer\">Read More<\/a>\n\t\t\t<\/div>\n\t\t\t\n\t\t\t\t\t\t\t\t\t<\/article>\n\t\t\t\t\t\t\t\t\t\t\t\t\t\t\t\t<article class=\"uagb-post__inner-wrap\">\t\t\t\t\t\t\t\t<div class='uagb-post__image'>\n\t\t\t\t\t\t\t\t\t<a href=\"https:\/\/aviacionaldia.com\/en\/2026\/09\/american-airlines-unveils-first-reconfigured-boeing-777-300er-featuring-new-flagship-suite.html\" target=\"_self\" rel=\"bookmark noopener noreferrer\" class='uagb-image-ratio-inherit'><img decoding=\"async\" width=\"800\" height=\"400\" src=\"https:\/\/aviacionaldia.com\/wp-content\/uploads\/2026\/09\/American-Airlines-Flagship-Suite.webp\" class=\"attachment-large size-large\" alt=\"\" srcset=\"https:\/\/aviacionaldia.com\/wp-content\/uploads\/2026\/09\/American-Airlines-Flagship-Suite.webp 800w, https:\/\/aviacionaldia.com\/wp-content\/uploads\/2026\/09\/American-Airlines-Flagship-Suite-300x150.webp 300w, https:\/\/aviacionaldia.com\/wp-content\/uploads\/2026\/09\/American-Airlines-Flagship-Suite-768x384.webp 768w, https:\/\/aviacionaldia.com\/wp-content\/uploads\/2026\/09\/American-Airlines-Flagship-Suite-380x190.webp 380w\" sizes=\"(max-width: 800px) 100vw, 800px\" \/>\t\t\t\t\t<\/a>\n\t\t\t\t\t\t\t<\/div>\n\t\t\t\t\t\t<h4 class=\"uagb-post__title uagb-post__text\">\n\t\t\t\t<a href=\"https:\/\/aviacionaldia.com\/en\/2026\/09\/american-airlines-unveils-first-reconfigured-boeing-777-300er-featuring-new-flagship-suite.html\" target=\"_self\" rel=\"bookmark noopener noreferrer\">American Airlines Unveils First Reconfigured Boeing 777-300ER Featuring New Flagship Suite<\/a>\n\t\t\t<\/h4>\n\t\t\t\t\t\t<div class='uagb-post__text uagb-post-grid-byline'>\n\t\t\t\t\t\t\t<\/div>\n\t\t\t\t\t\t<div class=\"uagb-post__text uagb-post__cta wp-block-button\">\n\t\t\t\t<a class=\"wp-block-button__link uagb-text-link\" style=\"\" href=\"https:\/\/aviacionaldia.com\/en\/2026\/09\/american-airlines-unveils-first-reconfigured-boeing-777-300er-featuring-new-flagship-suite.html\" target=\"_self\" rel=\"bookmark noopener noreferrer\">Read More<\/a>\n\t\t\t<\/div>\n\t\t\t\n\t\t\t\t\t\t\t\t\t<\/article>\n\t\t\t\t\t\t\t\t\t\t\t\t\t\t\t\t<article class=\"uagb-post__inner-wrap\">\t\t\t\t\t\t\t\t<div class='uagb-post__image'>\n\t\t\t\t\t\t\t\t\t<a href=\"https:\/\/aviacionaldia.com\/en\/2026\/09\/southwest-reveals-plans-for-its-first-lounge-network-in-partnership-with-chase.html\" target=\"_self\" rel=\"bookmark noopener noreferrer\" class='uagb-image-ratio-inherit'><img decoding=\"async\" width=\"800\" height=\"400\" src=\"https:\/\/aviacionaldia.com\/wp-content\/uploads\/2026\/09\/Southwest-Salas-VIP.webp\" class=\"attachment-large size-large\" alt=\"\" srcset=\"https:\/\/aviacionaldia.com\/wp-content\/uploads\/2026\/09\/Southwest-Salas-VIP.webp 800w, https:\/\/aviacionaldia.com\/wp-content\/uploads\/2026\/09\/Southwest-Salas-VIP-300x150.webp 300w, https:\/\/aviacionaldia.com\/wp-content\/uploads\/2026\/09\/Southwest-Salas-VIP-768x384.webp 768w, https:\/\/aviacionaldia.com\/wp-content\/uploads\/2026\/09\/Southwest-Salas-VIP-380x190.webp 380w\" sizes=\"(max-width: 800px) 100vw, 800px\" \/>\t\t\t\t\t<\/a>\n\t\t\t\t\t\t\t<\/div>\n\t\t\t\t\t\t<h4 class=\"uagb-post__title uagb-post__text\">\n\t\t\t\t<a href=\"https:\/\/aviacionaldia.com\/en\/2026\/09\/southwest-reveals-plans-for-its-first-lounge-network-in-partnership-with-chase.html\" target=\"_self\" rel=\"bookmark noopener noreferrer\">Southwest Reveals Plans for Its First Lounge Network in Partnership with Chase<\/a>\n\t\t\t<\/h4>\n\t\t\t\t\t\t<div class='uagb-post__text uagb-post-grid-byline'>\n\t\t\t\t\t\t\t<\/div>\n\t\t\t\t\t\t<div class=\"uagb-post__text uagb-post__cta wp-block-button\">\n\t\t\t\t<a class=\"wp-block-button__link uagb-text-link\" style=\"\" href=\"https:\/\/aviacionaldia.com\/en\/2026\/09\/southwest-reveals-plans-for-its-first-lounge-network-in-partnership-with-chase.html\" target=\"_self\" rel=\"bookmark noopener noreferrer\">Read More<\/a>\n\t\t\t<\/div>\n\t\t\t\n\t\t\t\t\t\t\t\t\t<\/article>\n\t\t\t\t\t\t\t\t\t\t\t\t\t\t\t\t<article class=\"uagb-post__inner-wrap\">\t\t\t\t\t\t\t\t<div class='uagb-post__image'>\n\t\t\t\t\t\t\t\t\t<a href=\"https:\/\/aviacionaldia.com\/en\/2026\/09\/united-begins-gate-delivery-testing-for-food-and-essential-items-at-newark-airport.html\" target=\"_self\" rel=\"bookmark noopener noreferrer\" class='uagb-image-ratio-inherit'><img decoding=\"async\" width=\"800\" height=\"400\" src=\"https:\/\/aviacionaldia.com\/wp-content\/uploads\/2026\/09\/United-Airlines-Entregas-en-Puerta-de-Embarque.webp\" class=\"attachment-large size-large\" alt=\"\" srcset=\"https:\/\/aviacionaldia.com\/wp-content\/uploads\/2026\/09\/United-Airlines-Entregas-en-Puerta-de-Embarque.webp 800w, https:\/\/aviacionaldia.com\/wp-content\/uploads\/2026\/09\/United-Airlines-Entregas-en-Puerta-de-Embarque-300x150.webp 300w, https:\/\/aviacionaldia.com\/wp-content\/uploads\/2026\/09\/United-Airlines-Entregas-en-Puerta-de-Embarque-768x384.webp 768w, https:\/\/aviacionaldia.com\/wp-content\/uploads\/2026\/09\/United-Airlines-Entregas-en-Puerta-de-Embarque-380x190.webp 380w\" sizes=\"(max-width: 800px) 100vw, 800px\" \/>\t\t\t\t\t<\/a>\n\t\t\t\t\t\t\t<\/div>\n\t\t\t\t\t\t<h4 class=\"uagb-post__title uagb-post__text\">\n\t\t\t\t<a href=\"https:\/\/aviacionaldia.com\/en\/2026\/09\/united-begins-gate-delivery-testing-for-food-and-essential-items-at-newark-airport.html\" target=\"_self\" rel=\"bookmark noopener noreferrer\">United Begins Gate Delivery Testing for Food and Essential Items at Newark Airport<\/a>\n\t\t\t<\/h4>\n\t\t\t\t\t\t<div class='uagb-post__text uagb-post-grid-byline'>\n\t\t\t\t\t\t\t<\/div>\n\t\t\t\t\t\t<div class=\"uagb-post__text uagb-post__cta wp-block-button\">\n\t\t\t\t<a class=\"wp-block-button__link uagb-text-link\" style=\"\" href=\"https:\/\/aviacionaldia.com\/en\/2026\/09\/united-begins-gate-delivery-testing-for-food-and-essential-items-at-newark-airport.html\" target=\"_self\" rel=\"bookmark noopener noreferrer\">Read More<\/a>\n\t\t\t<\/div>\n\t\t\t\n\t\t\t\t\t\t\t\t\t<\/article>\n\t\t\t\t\t\t\t\t\t\t\t<\/div>\n\t\t\t","protected":false},"excerpt":{"rendered":"Flybondi announced this Tuesday that it will start flying between the cities of Ushuaia and El Calafate as&hellip;\n","protected":false},"author":4316,"featured_media":140214,"comment_status":"closed","ping_status":"closed","sticky":false,"template":"","format":"standard","meta":{"_uag_custom_page_level_css":"","footnotes":""},"categories":[1],"tags":[230,295,198,802],"class_list":{"0":"post-164937","1":"post","2":"type-post","3":"status-publish","4":"format-standard","5":"has-post-thumbnail","7":"category-airlines","8":"tag-airline","9":"tag-argentina-2","10":"tag-flights","11":"tag-flybondi-2"},"uagb_featured_image_src":{"full":["https:\/\/aviacionaldia.com\/wp-content\/uploads\/2023\/06\/FlyBondi-Boeing-737.jpg",800,400,false],"thumbnail":["https:\/\/aviacionaldia.com\/wp-content\/uploads\/2023\/06\/FlyBondi-Boeing-737-150x150.jpg",150,150,true],"medium":["https:\/\/aviacionaldia.com\/wp-content\/uploads\/2023\/06\/FlyBondi-Boeing-737-300x150.jpg",300,150,true],"medium_large":["https:\/\/aviacionaldia.com\/wp-content\/uploads\/2023\/06\/FlyBondi-Boeing-737-768x384.jpg",768,384,true],"large":["https:\/\/aviacionaldia.com\/wp-content\/uploads\/2023\/06\/FlyBondi-Boeing-737.jpg",800,400,false],"1536x1536":["https:\/\/aviacionaldia.com\/wp-content\/uploads\/2023\/06\/FlyBondi-Boeing-737.jpg",800,400,false],"2048x2048":["https:\/\/aviacionaldia.com\/wp-content\/uploads\/2023\/06\/FlyBondi-Boeing-737.jpg",800,400,false],"pk-small":["https:\/\/aviacionaldia.com\/wp-content\/uploads\/2023\/06\/FlyBondi-Boeing-737.jpg",80,40,false],"pk-thumbnail":["https:\/\/aviacionaldia.com\/wp-content\/uploads\/2023\/06\/FlyBondi-Boeing-737.jpg",300,150,false],"csco-small":["https:\/\/aviacionaldia.com\/wp-content\/uploads\/2023\/06\/FlyBondi-Boeing-737-80x80.jpg",80,80,true],"csco-intermediate":["https:\/\/aviacionaldia.com\/wp-content\/uploads\/2023\/06\/FlyBondi-Boeing-737-200x140.jpg",200,140,true],"csco-thumbnail":["https:\/\/aviacionaldia.com\/wp-content\/uploads\/2023\/06\/FlyBondi-Boeing-737-380x220.jpg",380,220,true],"csco-thumbnail-alternative":["https:\/\/aviacionaldia.com\/wp-content\/uploads\/2023\/06\/FlyBondi-Boeing-737-300x180.jpg",300,180,true],"csco-thumbnail-uncropped":["https:\/\/aviacionaldia.com\/wp-content\/uploads\/2023\/06\/FlyBondi-Boeing-737-380x190.jpg",380,190,true],"csco-medium":["https:\/\/aviacionaldia.com\/wp-content\/uploads\/2023\/06\/FlyBondi-Boeing-737.jpg",800,400,false],"csco-medium-alternative":["https:\/\/aviacionaldia.com\/wp-content\/uploads\/2023\/06\/FlyBondi-Boeing-737-560x336.jpg",560,336,true],"csco-medium-uncropped":["https:\/\/aviacionaldia.com\/wp-content\/uploads\/2023\/06\/FlyBondi-Boeing-737.jpg",800,400,false],"csco-large":["https:\/\/aviacionaldia.com\/wp-content\/uploads\/2023\/06\/FlyBondi-Boeing-737.jpg",800,400,false],"csco-large-uncropped":["https:\/\/aviacionaldia.com\/wp-content\/uploads\/2023\/06\/FlyBondi-Boeing-737.jpg",800,400,false],"csco-extra-large":["https:\/\/aviacionaldia.com\/wp-content\/uploads\/2023\/06\/FlyBondi-Boeing-737.jpg",800,400,false]},"uagb_author_info":{"display_name":"Redacci\u00f3n - Aviaci\u00f3n al D\u00eda","author_link":"https:\/\/aviacionaldia.com\/en\/author\/aad"},"uagb_comment_info":0,"uagb_excerpt":"Flybondi announced this Tuesday that it will start flying between the cities of Ushuaia and El Calafate as&hellip;","amp_enabled":true,"_links":{"self":[{"href":"https:\/\/aviacionaldia.com\/en\/wp-json\/wp\/v2\/posts\/164937","targetHints":{"allow":["GET"]}}],"collection":[{"href":"https:\/\/aviacionaldia.com\/en\/wp-json\/wp\/v2\/posts"}],"about":[{"href":"https:\/\/aviacionaldia.com\/en\/wp-json\/wp\/v2\/types\/post"}],"author":[{"embeddable":true,"href":"https:\/\/aviacionaldia.com\/en\/wp-json\/wp\/v2\/users\/4316"}],"replies":[{"embeddable":true,"href":"https:\/\/aviacionaldia.com\/en\/wp-json\/wp\/v2\/comments?post=164937"}],"version-history":[{"count":2,"href":"https:\/\/aviacionaldia.com\/en\/wp-json\/wp\/v2\/posts\/164937\/revisions"}],"predecessor-version":[{"id":164953,"href":"https:\/\/aviacionaldia.com\/en\/wp-json\/wp\/v2\/posts\/164937\/revisions\/164953"}],"wp:featuredmedia":[{"embeddable":true,"href":"https:\/\/aviacionaldia.com\/en\/wp-json\/wp\/v2\/media\/140214"}],"wp:attachment":[{"href":"https:\/\/aviacionaldia.com\/en\/wp-json\/wp\/v2\/media?parent=164937"}],"wp:term":[{"taxonomy":"category","embeddable":true,"href":"https:\/\/aviacionaldia.com\/en\/wp-json\/wp\/v2\/categories?post=164937"},{"taxonomy":"post_tag","embeddable":true,"href":"https:\/\/aviacionaldia.com\/en\/wp-json\/wp\/v2\/tags?post=164937"}],"curies":[{"name":"wp","href":"https:\/\/api.w.org\/{rel}","templated":true}]}}