{"id":165249,"date":"2024-05-15T12:00:40","date_gmt":"2024-05-15T12:00:40","guid":{"rendered":"https:\/?p=165249"},"modified":"2024-05-15T15:16:13","modified_gmt":"2024-05-15T15:16:13","slug":"u-s-department-of-justice-accuses-boeing-of-violating-airline-crash-agreement","status":"publish","type":"post","link":"https:\/\/aviacionaldia.com\/en\/2024\/05\/u-s-department-of-justice-accuses-boeing-of-violating-airline-crash-agreement.html","title":{"rendered":"U.S. Department of Justice accuses Boeing of violating airline crash agreement"},"content":{"rendered":"\n<p>The U.S. Department of Justice said Tuesday that Boeing violated a 2021 court settlement that prevented the company from being indicted following two plane crashes involving its 737 MAX aircraft.<\/p>\n\n\n\n<p>In a brief submitted to a federal court in Texas, the Justice Department said that the manufacturer could now face federal prosecution, although it has not yet made a decision on the matter, EFE reported.<\/p>\n\n\n\n<p>Boeing, according to the Department of Justice, has not made changes or implemented measures in its operations to avoid violating federal antifraud laws, which was a condition of the 2021 agreement.<\/p>\n\n\n\n<p><strong><em>\u2192 <a href=\"https:\/en\/2024\/05\/boeing-delivered-only-24-commercial-airplanes-in-april.html\">Boeing delivered only 24 commercial airplanes in April<\/a><\/em><\/strong><\/p>\n\n\n\n<p>&#8220;The Government is determining how it will proceed in this matter,&#8221; the court brief states, quoted by U.S. media.<\/p>\n\n\n\n<p>The 2021 legal settlement, which involved the company paying out $2.5 billion, came in the wake of the 2018 and 2019 accidents involving its 737 MAX aircraft, in which 346 people died in both.<\/p>\n\n\n\n<p>The events were a serious reputational crisis for the U.S. manufacturer, which only resurfaced after a door on a 737 MAX operated by Alaska Airlines broke off in mid-flight on January 5.<\/p>\n\n\n\n<h2 class=\"wp-block-heading\" id=\"related-topics\">Related Topics<\/h2>\n\n\n\n\t\t\t<div class=\"wp-block-uagb-post-grid uagb-post-grid  uagb-post__image-position-top uagb-post__image-enabled uagb-block-d40f09ce     uagb-post__items uagb-post__columns-2 is-grid uagb-post__columns-tablet-2 uagb-post__columns-mobile-1 uagb-post__equal-height\" data-total=\"37\" style=\"\">\n\n\t\t\t\t\t\t\t\t\t\t\t\t<article class=\"uagb-post__inner-wrap\">\t\t\t\t\t\t\t\t<div class='uagb-post__image'>\n\t\t\t\t\t\t\t\t\t<a href=\"https:\/\/aviacionaldia.com\/en\/2026\/04\/embraer-accelerates-delivery-pace-47-increase-during-first-quarter-of-2026.html\" target=\"_self\" rel=\"bookmark noopener noreferrer\" class='uagb-image-ratio-inherit'><img decoding=\"async\" width=\"800\" height=\"400\" src=\"https:\/\/aviacionaldia.com\/wp-content\/uploads\/2019\/08\/Embraer.jpg\" class=\"attachment-large size-large\" alt=\"\" srcset=\"https:\/\/aviacionaldia.com\/wp-content\/uploads\/2019\/08\/Embraer.jpg 800w, https:\/\/aviacionaldia.com\/wp-content\/uploads\/2019\/08\/Embraer-300x150.jpg 300w, https:\/\/aviacionaldia.com\/wp-content\/uploads\/2019\/08\/Embraer-768x384.jpg 768w, https:\/\/aviacionaldia.com\/wp-content\/uploads\/2019\/08\/Embraer-380x190.jpg 380w\" sizes=\"(max-width: 800px) 100vw, 800px\" \/>\t\t\t\t\t<\/a>\n\t\t\t\t\t\t\t<\/div>\n\t\t\t\t\t\t<h4 class=\"uagb-post__title uagb-post__text\">\n\t\t\t\t<a href=\"https:\/\/aviacionaldia.com\/en\/2026\/04\/embraer-accelerates-delivery-pace-47-increase-during-first-quarter-of-2026.html\" target=\"_self\" rel=\"bookmark noopener noreferrer\">Embraer Accelerates Delivery Pace: 47% Increase During First Quarter of 2026<\/a>\n\t\t\t<\/h4>\n\t\t\t\t\t\t<div class='uagb-post__text uagb-post-grid-byline'>\n\t\t\t\t\t\t\t<\/div>\n\t\t\t\t\t\t<div class=\"uagb-post__text uagb-post__cta wp-block-button\">\n\t\t\t\t<a class=\"wp-block-button__link uagb-text-link\" style=\"\" href=\"https:\/\/aviacionaldia.com\/en\/2026\/04\/embraer-accelerates-delivery-pace-47-increase-during-first-quarter-of-2026.html\" target=\"_self\" rel=\"bookmark noopener noreferrer\">Read More<\/a>\n\t\t\t<\/div>\n\t\t\t\n\t\t\t\t\t\t\t\t\t<\/article>\n\t\t\t\t\t\t\t\t\t\t\t\t\t\t\t\t<article class=\"uagb-post__inner-wrap\">\t\t\t\t\t\t\t\t<div class='uagb-post__image'>\n\t\t\t\t\t\t\t\t\t<a href=\"https:\/\/aviacionaldia.com\/en\/2026\/03\/finnair-renews-regional-fleet-orders-up-to-46-embraer-e195-e2-aircraft.html\" target=\"_self\" rel=\"bookmark noopener noreferrer\" class='uagb-image-ratio-inherit'><img decoding=\"async\" width=\"800\" height=\"400\" src=\"https:\/\/aviacionaldia.com\/wp-content\/uploads\/2026\/03\/Finnair-Embraer-E195-E2.webp\" class=\"attachment-large size-large\" alt=\"\" srcset=\"https:\/\/aviacionaldia.com\/wp-content\/uploads\/2026\/03\/Finnair-Embraer-E195-E2.webp 800w, https:\/\/aviacionaldia.com\/wp-content\/uploads\/2026\/03\/Finnair-Embraer-E195-E2-300x150.webp 300w, https:\/\/aviacionaldia.com\/wp-content\/uploads\/2026\/03\/Finnair-Embraer-E195-E2-768x384.webp 768w, https:\/\/aviacionaldia.com\/wp-content\/uploads\/2026\/03\/Finnair-Embraer-E195-E2-380x190.webp 380w\" sizes=\"(max-width: 800px) 100vw, 800px\" \/>\t\t\t\t\t<\/a>\n\t\t\t\t\t\t\t<\/div>\n\t\t\t\t\t\t<h4 class=\"uagb-post__title uagb-post__text\">\n\t\t\t\t<a href=\"https:\/\/aviacionaldia.com\/en\/2026\/03\/finnair-renews-regional-fleet-orders-up-to-46-embraer-e195-e2-aircraft.html\" target=\"_self\" rel=\"bookmark noopener noreferrer\">Finnair Renews Regional Fleet: Orders Up to 46 Embraer E195-E2 Aircraft<\/a>\n\t\t\t<\/h4>\n\t\t\t\t\t\t<div class='uagb-post__text uagb-post-grid-byline'>\n\t\t\t\t\t\t\t<\/div>\n\t\t\t\t\t\t<div class=\"uagb-post__text uagb-post__cta wp-block-button\">\n\t\t\t\t<a class=\"wp-block-button__link uagb-text-link\" style=\"\" href=\"https:\/\/aviacionaldia.com\/en\/2026\/03\/finnair-renews-regional-fleet-orders-up-to-46-embraer-e195-e2-aircraft.html\" target=\"_self\" rel=\"bookmark noopener noreferrer\">Read More<\/a>\n\t\t\t<\/div>\n\t\t\t\n\t\t\t\t\t\t\t\t\t<\/article>\n\t\t\t\t\t\t\t\t\t\t\t\t\t\t\t\t<article class=\"uagb-post__inner-wrap\">\t\t\t\t\t\t\t\t<div class='uagb-post__image'>\n\t\t\t\t\t\t\t\t\t<a href=\"https:\/\/aviacionaldia.com\/en\/2026\/02\/u-s-tariff-shift-exemption-for-aircraft-and-engines-boosts-embraer-u-s-airlines-and-aerospace-sector.html\" target=\"_self\" rel=\"bookmark noopener noreferrer\" class='uagb-image-ratio-inherit'><img decoding=\"async\" width=\"800\" height=\"400\" src=\"https:\/\/aviacionaldia.com\/wp-content\/uploads\/2022\/12\/Embraer-E195-E2-y-E190-E2.jpg\" class=\"attachment-large size-large\" alt=\"\" srcset=\"https:\/\/aviacionaldia.com\/wp-content\/uploads\/2022\/12\/Embraer-E195-E2-y-E190-E2.jpg 800w, https:\/\/aviacionaldia.com\/wp-content\/uploads\/2022\/12\/Embraer-E195-E2-y-E190-E2-300x150.jpg 300w, https:\/\/aviacionaldia.com\/wp-content\/uploads\/2022\/12\/Embraer-E195-E2-y-E190-E2-768x384.jpg 768w, https:\/\/aviacionaldia.com\/wp-content\/uploads\/2022\/12\/Embraer-E195-E2-y-E190-E2-380x190.jpg 380w\" sizes=\"(max-width: 800px) 100vw, 800px\" \/>\t\t\t\t\t<\/a>\n\t\t\t\t\t\t\t<\/div>\n\t\t\t\t\t\t<h4 class=\"uagb-post__title uagb-post__text\">\n\t\t\t\t<a href=\"https:\/\/aviacionaldia.com\/en\/2026\/02\/u-s-tariff-shift-exemption-for-aircraft-and-engines-boosts-embraer-u-s-airlines-and-aerospace-sector.html\" target=\"_self\" rel=\"bookmark noopener noreferrer\">U.S. Tariff Shift: Exemption for Aircraft and Engines Boosts Embraer, U.S. Airlines, and Aerospace Sector<\/a>\n\t\t\t<\/h4>\n\t\t\t\t\t\t<div class='uagb-post__text uagb-post-grid-byline'>\n\t\t\t\t\t\t\t<\/div>\n\t\t\t\t\t\t<div class=\"uagb-post__text uagb-post__cta wp-block-button\">\n\t\t\t\t<a class=\"wp-block-button__link uagb-text-link\" style=\"\" href=\"https:\/\/aviacionaldia.com\/en\/2026\/02\/u-s-tariff-shift-exemption-for-aircraft-and-engines-boosts-embraer-u-s-airlines-and-aerospace-sector.html\" target=\"_self\" rel=\"bookmark noopener noreferrer\">Read More<\/a>\n\t\t\t<\/div>\n\t\t\t\n\t\t\t\t\t\t\t\t\t<\/article>\n\t\t\t\t\t\t\t\t\t\t\t\t\t\t\t\t<article class=\"uagb-post__inner-wrap\">\t\t\t\t\t\t\t\t<div class='uagb-post__image'>\n\t\t\t\t\t\t\t\t\t<a href=\"https:\/\/aviacionaldia.com\/en\/2026\/02\/embraer-and-adani-defence-aerospace-elevate-alliance-agreement-for-an-e175-final-assembly-line-in-india.html\" target=\"_self\" rel=\"bookmark noopener noreferrer\" class='uagb-image-ratio-inherit'><img decoding=\"async\" width=\"800\" height=\"400\" src=\"https:\/\/aviacionaldia.com\/wp-content\/uploads\/2026\/02\/Embraer-E175.webp\" class=\"attachment-large size-large\" alt=\"\" srcset=\"https:\/\/aviacionaldia.com\/wp-content\/uploads\/2026\/02\/Embraer-E175.webp 800w, https:\/\/aviacionaldia.com\/wp-content\/uploads\/2026\/02\/Embraer-E175-300x150.webp 300w, https:\/\/aviacionaldia.com\/wp-content\/uploads\/2026\/02\/Embraer-E175-768x384.webp 768w, https:\/\/aviacionaldia.com\/wp-content\/uploads\/2026\/02\/Embraer-E175-380x190.webp 380w\" sizes=\"(max-width: 800px) 100vw, 800px\" \/>\t\t\t\t\t<\/a>\n\t\t\t\t\t\t\t<\/div>\n\t\t\t\t\t\t<h4 class=\"uagb-post__title uagb-post__text\">\n\t\t\t\t<a href=\"https:\/\/aviacionaldia.com\/en\/2026\/02\/embraer-and-adani-defence-aerospace-elevate-alliance-agreement-for-an-e175-final-assembly-line-in-india.html\" target=\"_self\" rel=\"bookmark noopener noreferrer\">Embraer and Adani Defence &#038; Aerospace Elevate Alliance: Agreement for an E175 Final Assembly Line in India<\/a>\n\t\t\t<\/h4>\n\t\t\t\t\t\t<div class='uagb-post__text uagb-post-grid-byline'>\n\t\t\t\t\t\t\t<\/div>\n\t\t\t\t\t\t<div class=\"uagb-post__text uagb-post__cta wp-block-button\">\n\t\t\t\t<a class=\"wp-block-button__link uagb-text-link\" style=\"\" href=\"https:\/\/aviacionaldia.com\/en\/2026\/02\/embraer-and-adani-defence-aerospace-elevate-alliance-agreement-for-an-e175-final-assembly-line-in-india.html\" target=\"_self\" rel=\"bookmark noopener noreferrer\">Read More<\/a>\n\t\t\t<\/div>\n\t\t\t\n\t\t\t\t\t\t\t\t\t<\/article>\n\t\t\t\t\t\t\t\t\t\t\t<\/div>\n\t\t\t","protected":false},"excerpt":{"rendered":"The U.S. Department of Justice said Tuesday that Boeing violated a 2021 court settlement that prevented the company&hellip;\n","protected":false},"author":4316,"featured_media":102140,"comment_status":"closed","ping_status":"closed","sticky":false,"template":"","format":"standard","meta":{"_uag_custom_page_level_css":"","footnotes":""},"categories":[190],"tags":[220,221],"class_list":{"0":"post-165249","1":"post","2":"type-post","3":"status-publish","4":"format-standard","5":"has-post-thumbnail","7":"category-the-industry","8":"tag-boeing-2","9":"tag-usa"},"uagb_featured_image_src":{"full":["https:\/\/aviacionaldia.com\/wp-content\/uploads\/2018\/10\/Boeing.jpg",800,400,false],"thumbnail":["https:\/\/aviacionaldia.com\/wp-content\/uploads\/2018\/10\/Boeing-150x150.jpg",150,150,true],"medium":["https:\/\/aviacionaldia.com\/wp-content\/uploads\/2018\/10\/Boeing-300x150.jpg",300,150,true],"medium_large":["https:\/\/aviacionaldia.com\/wp-content\/uploads\/2018\/10\/Boeing-768x384.jpg",768,384,true],"large":["https:\/\/aviacionaldia.com\/wp-content\/uploads\/2018\/10\/Boeing.jpg",800,400,false],"1536x1536":["https:\/\/aviacionaldia.com\/wp-content\/uploads\/2018\/10\/Boeing.jpg",800,400,false],"2048x2048":["https:\/\/aviacionaldia.com\/wp-content\/uploads\/2018\/10\/Boeing.jpg",800,400,false],"pk-small":["https:\/\/aviacionaldia.com\/wp-content\/uploads\/2018\/10\/Boeing-80x80.jpg",80,80,true],"pk-thumbnail":["https:\/\/aviacionaldia.com\/wp-content\/uploads\/2018\/10\/Boeing-300x225.jpg",300,225,true],"csco-small":["https:\/\/aviacionaldia.com\/wp-content\/uploads\/2018\/10\/Boeing-80x80.jpg",80,80,true],"csco-intermediate":["https:\/\/aviacionaldia.com\/wp-content\/uploads\/2018\/10\/Boeing-200x140.jpg",200,140,true],"csco-thumbnail":["https:\/\/aviacionaldia.com\/wp-content\/uploads\/2018\/10\/Boeing-380x220.jpg",380,220,true],"csco-thumbnail-alternative":["https:\/\/aviacionaldia.com\/wp-content\/uploads\/2018\/10\/Boeing-300x180.jpg",300,180,true],"csco-thumbnail-uncropped":["https:\/\/aviacionaldia.com\/wp-content\/uploads\/2018\/10\/Boeing-380x190.jpg",380,190,true],"csco-medium":["https:\/\/aviacionaldia.com\/wp-content\/uploads\/2018\/10\/Boeing.jpg",800,400,false],"csco-medium-alternative":["https:\/\/aviacionaldia.com\/wp-content\/uploads\/2018\/10\/Boeing-560x336.jpg",560,336,true],"csco-medium-uncropped":["https:\/\/aviacionaldia.com\/wp-content\/uploads\/2018\/10\/Boeing.jpg",800,400,false],"csco-large":["https:\/\/aviacionaldia.com\/wp-content\/uploads\/2018\/10\/Boeing.jpg",800,400,false],"csco-large-uncropped":["https:\/\/aviacionaldia.com\/wp-content\/uploads\/2018\/10\/Boeing.jpg",800,400,false],"csco-extra-large":["https:\/\/aviacionaldia.com\/wp-content\/uploads\/2018\/10\/Boeing.jpg",800,400,false]},"uagb_author_info":{"display_name":"Redacci\u00f3n - Aviaci\u00f3n al D\u00eda","author_link":"https:\/\/aviacionaldia.com\/en\/author\/aad"},"uagb_comment_info":0,"uagb_excerpt":"The U.S. Department of Justice said Tuesday that Boeing violated a 2021 court settlement that prevented the company&hellip;","amp_enabled":true,"_links":{"self":[{"href":"https:\/\/aviacionaldia.com\/en\/wp-json\/wp\/v2\/posts\/165249","targetHints":{"allow":["GET"]}}],"collection":[{"href":"https:\/\/aviacionaldia.com\/en\/wp-json\/wp\/v2\/posts"}],"about":[{"href":"https:\/\/aviacionaldia.com\/en\/wp-json\/wp\/v2\/types\/post"}],"author":[{"embeddable":true,"href":"https:\/\/aviacionaldia.com\/en\/wp-json\/wp\/v2\/users\/4316"}],"replies":[{"embeddable":true,"href":"https:\/\/aviacionaldia.com\/en\/wp-json\/wp\/v2\/comments?post=165249"}],"version-history":[{"count":1,"href":"https:\/\/aviacionaldia.com\/en\/wp-json\/wp\/v2\/posts\/165249\/revisions"}],"predecessor-version":[{"id":165251,"href":"https:\/\/aviacionaldia.com\/en\/wp-json\/wp\/v2\/posts\/165249\/revisions\/165251"}],"wp:featuredmedia":[{"embeddable":true,"href":"https:\/\/aviacionaldia.com\/en\/wp-json\/wp\/v2\/media\/102140"}],"wp:attachment":[{"href":"https:\/\/aviacionaldia.com\/en\/wp-json\/wp\/v2\/media?parent=165249"}],"wp:term":[{"taxonomy":"category","embeddable":true,"href":"https:\/\/aviacionaldia.com\/en\/wp-json\/wp\/v2\/categories?post=165249"},{"taxonomy":"post_tag","embeddable":true,"href":"https:\/\/aviacionaldia.com\/en\/wp-json\/wp\/v2\/tags?post=165249"}],"curies":[{"name":"wp","href":"https:\/\/api.w.org\/{rel}","templated":true}]}}