{"id":165709,"date":"2024-06-03T13:00:11","date_gmt":"2024-06-03T13:00:11","guid":{"rendered":"https:\/?p=165709"},"modified":"2024-06-03T13:44:28","modified_gmt":"2024-06-03T13:44:28","slug":"peru-lima-airport-resumes-operations-after-runway-lighting-system-failure","status":"publish","type":"post","link":"https:\/\/aviacionaldia.com\/en\/2024\/06\/peru-lima-airport-resumes-operations-after-runway-lighting-system-failure.html","title":{"rendered":"Peru: Lima Airport resumes operations after runway lighting system failure"},"content":{"rendered":"\n<p><strong>Jorge Ch\u00e1vez International Airport<\/strong> in Lima (Peru) resumed operations early Monday morning after a short circuit in the subway wiring affected the runway lighting system.<\/p>\n\n\n\n<p>\u201cThanks to the commitment and effort of our human team, we have been able to solve the problem in the electrical system of the runway lights at Jorge Ch\u00e1vez International Airport. This prompt resolution will allow flights to resume normally,\u201d the Peruvian Corporation of Airports and Commercial Aviation (Corpac) said in a statement.<\/p>\n\n\n\n<p><strong><em>\u2192 <a href=\"https:\/en\/2024\/05\/u-s-screens-record-2-95-million-airline-passengers-in-a-day.html\">U.S. screens record 2.95 million airline passengers in a day<\/a><\/em><\/strong><\/p>\n\n\n\n<p>The first flight to land was the Air Europa flight from Madrid, which arrived in the Peruvian capital at 04:47.<\/p>\n\n\n\n<p>At 05:37 a.m. two SKY Airlines flights took off to Iquitos and Cusco.<\/p>\n\n\n\n<p>When asked why the second runway of the airport terminal was not activated, Corpac&#8217;s president, Jos\u00e9 Luis Barrios, said that it was not possible because the control tower \u201chas not yet been completely handed over\u201d by Lima Airport Partners (LAP).<\/p>\n\n\n\n<p>The failure affected more than 120 domestic and international flights, which had to be diverted or cancelled.<\/p>\n\n\n\n<h2 class=\"wp-block-heading\" id=\"related-topics\">Related Topics<\/h2>\n\n\n\n\t\t\t<div class=\"wp-block-uagb-post-grid uagb-post-grid  uagb-post__image-position-top uagb-post__image-enabled uagb-block-d40f09ce     uagb-post__items uagb-post__columns-2 is-grid uagb-post__columns-tablet-2 uagb-post__columns-mobile-1 uagb-post__equal-height\" data-total=\"555\" style=\"\">\n\n\t\t\t\t\t\t\t\t\t\t\t\t<article class=\"uagb-post__inner-wrap\">\t\t\t\t\t\t\t\t<div class='uagb-post__image'>\n\t\t\t\t\t\t\t\t\t<a href=\"https:\/\/aviacionaldia.com\/en\/2026\/09\/ryanair-trims-passenger-targets-and-warns-of-fuel-cost-impact-in-europe.html\" target=\"_self\" rel=\"bookmark noopener noreferrer\" class='uagb-image-ratio-inherit'><img decoding=\"async\" width=\"800\" height=\"400\" src=\"https:\/\/aviacionaldia.com\/wp-content\/uploads\/2021\/07\/Ryanair-B737-800.jpg\" class=\"attachment-large size-large\" alt=\"\" srcset=\"https:\/\/aviacionaldia.com\/wp-content\/uploads\/2021\/07\/Ryanair-B737-800.jpg 800w, https:\/\/aviacionaldia.com\/wp-content\/uploads\/2021\/07\/Ryanair-B737-800-300x150.jpg 300w, https:\/\/aviacionaldia.com\/wp-content\/uploads\/2021\/07\/Ryanair-B737-800-768x384.jpg 768w, https:\/\/aviacionaldia.com\/wp-content\/uploads\/2021\/07\/Ryanair-B737-800-380x190.jpg 380w\" sizes=\"(max-width: 800px) 100vw, 800px\" \/>\t\t\t\t\t<\/a>\n\t\t\t\t\t\t\t<\/div>\n\t\t\t\t\t\t<h4 class=\"uagb-post__title uagb-post__text\">\n\t\t\t\t<a href=\"https:\/\/aviacionaldia.com\/en\/2026\/09\/ryanair-trims-passenger-targets-and-warns-of-fuel-cost-impact-in-europe.html\" target=\"_self\" rel=\"bookmark noopener noreferrer\">Ryanair Trims Passenger Targets and Warns of Fuel Cost Impact in Europe<\/a>\n\t\t\t<\/h4>\n\t\t\t\t\t\t<div class='uagb-post__text uagb-post-grid-byline'>\n\t\t\t\t\t\t\t<\/div>\n\t\t\t\t\t\t<div class=\"uagb-post__text uagb-post__cta wp-block-button\">\n\t\t\t\t<a class=\"wp-block-button__link uagb-text-link\" style=\"\" href=\"https:\/\/aviacionaldia.com\/en\/2026\/09\/ryanair-trims-passenger-targets-and-warns-of-fuel-cost-impact-in-europe.html\" target=\"_self\" rel=\"bookmark noopener noreferrer\">Read More<\/a>\n\t\t\t<\/div>\n\t\t\t\n\t\t\t\t\t\t\t\t\t<\/article>\n\t\t\t\t\t\t\t\t\t\t\t\t\t\t\t\t<article class=\"uagb-post__inner-wrap\">\t\t\t\t\t\t\t\t<div class='uagb-post__image'>\n\t\t\t\t\t\t\t\t\t<a href=\"https:\/\/aviacionaldia.com\/en\/2026\/09\/espacio-iberia-airlines-immersive-experience-returns-to-madrid-featuring-flight-simulators-gastronomy-and-ai-technology.html\" target=\"_self\" rel=\"bookmark noopener noreferrer\" class='uagb-image-ratio-inherit'><img decoding=\"async\" width=\"800\" height=\"400\" src=\"https:\/\/aviacionaldia.com\/wp-content\/uploads\/2026\/09\/Espacio-Iberia-Madrid-2026.webp\" class=\"attachment-large size-large\" alt=\"\" srcset=\"https:\/\/aviacionaldia.com\/wp-content\/uploads\/2026\/09\/Espacio-Iberia-Madrid-2026.webp 800w, https:\/\/aviacionaldia.com\/wp-content\/uploads\/2026\/09\/Espacio-Iberia-Madrid-2026-300x150.webp 300w, https:\/\/aviacionaldia.com\/wp-content\/uploads\/2026\/09\/Espacio-Iberia-Madrid-2026-768x384.webp 768w, https:\/\/aviacionaldia.com\/wp-content\/uploads\/2026\/09\/Espacio-Iberia-Madrid-2026-380x190.webp 380w\" sizes=\"(max-width: 800px) 100vw, 800px\" \/>\t\t\t\t\t<\/a>\n\t\t\t\t\t\t\t<\/div>\n\t\t\t\t\t\t<h4 class=\"uagb-post__title uagb-post__text\">\n\t\t\t\t<a href=\"https:\/\/aviacionaldia.com\/en\/2026\/09\/espacio-iberia-airlines-immersive-experience-returns-to-madrid-featuring-flight-simulators-gastronomy-and-ai-technology.html\" target=\"_self\" rel=\"bookmark noopener noreferrer\">Espacio Iberia: Airline&#8217;s Immersive Experience Returns to Madrid Featuring Flight Simulators, Gastronomy, and AI Technology<\/a>\n\t\t\t<\/h4>\n\t\t\t\t\t\t<div class='uagb-post__text uagb-post-grid-byline'>\n\t\t\t\t\t\t\t<\/div>\n\t\t\t\t\t\t<div class=\"uagb-post__text uagb-post__cta wp-block-button\">\n\t\t\t\t<a class=\"wp-block-button__link uagb-text-link\" style=\"\" href=\"https:\/\/aviacionaldia.com\/en\/2026\/09\/espacio-iberia-airlines-immersive-experience-returns-to-madrid-featuring-flight-simulators-gastronomy-and-ai-technology.html\" target=\"_self\" rel=\"bookmark noopener noreferrer\">Read More<\/a>\n\t\t\t<\/div>\n\t\t\t\n\t\t\t\t\t\t\t\t\t<\/article>\n\t\t\t\t\t\t\t\t\t\t\t\t\t\t\t\t<article class=\"uagb-post__inner-wrap\">\t\t\t\t\t\t\t\t<div class='uagb-post__image'>\n\t\t\t\t\t\t\t\t\t<a href=\"https:\/\/aviacionaldia.com\/en\/2026\/09\/air-france-unveils-its-new-vip-lounge-at-frankfurt-airport.html\" target=\"_self\" rel=\"bookmark noopener noreferrer\" class='uagb-image-ratio-inherit'><img decoding=\"async\" width=\"800\" height=\"400\" src=\"https:\/\/aviacionaldia.com\/wp-content\/uploads\/2026\/09\/Air-France-nueva-sala-VIP-en-el-aeropuerto-de-Frankfurt.webp\" class=\"attachment-large size-large\" alt=\"\" srcset=\"https:\/\/aviacionaldia.com\/wp-content\/uploads\/2026\/09\/Air-France-nueva-sala-VIP-en-el-aeropuerto-de-Frankfurt.webp 800w, https:\/\/aviacionaldia.com\/wp-content\/uploads\/2026\/09\/Air-France-nueva-sala-VIP-en-el-aeropuerto-de-Frankfurt-300x150.webp 300w, https:\/\/aviacionaldia.com\/wp-content\/uploads\/2026\/09\/Air-France-nueva-sala-VIP-en-el-aeropuerto-de-Frankfurt-768x384.webp 768w, https:\/\/aviacionaldia.com\/wp-content\/uploads\/2026\/09\/Air-France-nueva-sala-VIP-en-el-aeropuerto-de-Frankfurt-380x190.webp 380w\" sizes=\"(max-width: 800px) 100vw, 800px\" \/>\t\t\t\t\t<\/a>\n\t\t\t\t\t\t\t<\/div>\n\t\t\t\t\t\t<h4 class=\"uagb-post__title uagb-post__text\">\n\t\t\t\t<a href=\"https:\/\/aviacionaldia.com\/en\/2026\/09\/air-france-unveils-its-new-vip-lounge-at-frankfurt-airport.html\" target=\"_self\" rel=\"bookmark noopener noreferrer\">Air France Unveils Its New VIP Lounge at Frankfurt Airport<\/a>\n\t\t\t<\/h4>\n\t\t\t\t\t\t<div class='uagb-post__text uagb-post-grid-byline'>\n\t\t\t\t\t\t\t<\/div>\n\t\t\t\t\t\t<div class=\"uagb-post__text uagb-post__cta wp-block-button\">\n\t\t\t\t<a class=\"wp-block-button__link uagb-text-link\" style=\"\" href=\"https:\/\/aviacionaldia.com\/en\/2026\/09\/air-france-unveils-its-new-vip-lounge-at-frankfurt-airport.html\" target=\"_self\" rel=\"bookmark noopener noreferrer\">Read More<\/a>\n\t\t\t<\/div>\n\t\t\t\n\t\t\t\t\t\t\t\t\t<\/article>\n\t\t\t\t\t\t\t\t\t\t\t\t\t\t\t\t<article class=\"uagb-post__inner-wrap\">\t\t\t\t\t\t\t\t<div class='uagb-post__image'>\n\t\t\t\t\t\t\t\t\t<a href=\"https:\/\/aviacionaldia.com\/en\/2026\/09\/sas-completes-fleet-wide-starlink-installation-on-airbus-a320neo-in-record-time.html\" target=\"_self\" rel=\"bookmark noopener noreferrer\" class='uagb-image-ratio-inherit'><img decoding=\"async\" width=\"800\" height=\"400\" src=\"https:\/\/aviacionaldia.com\/wp-content\/uploads\/2025\/05\/SAS-Airbus-a320.webp\" class=\"attachment-large size-large\" alt=\"\" srcset=\"https:\/\/aviacionaldia.com\/wp-content\/uploads\/2025\/05\/SAS-Airbus-a320.webp 800w, https:\/\/aviacionaldia.com\/wp-content\/uploads\/2025\/05\/SAS-Airbus-a320-300x150.webp 300w, https:\/\/aviacionaldia.com\/wp-content\/uploads\/2025\/05\/SAS-Airbus-a320-768x384.webp 768w, https:\/\/aviacionaldia.com\/wp-content\/uploads\/2025\/05\/SAS-Airbus-a320-380x190.webp 380w\" sizes=\"(max-width: 800px) 100vw, 800px\" \/>\t\t\t\t\t<\/a>\n\t\t\t\t\t\t\t<\/div>\n\t\t\t\t\t\t<h4 class=\"uagb-post__title uagb-post__text\">\n\t\t\t\t<a href=\"https:\/\/aviacionaldia.com\/en\/2026\/09\/sas-completes-fleet-wide-starlink-installation-on-airbus-a320neo-in-record-time.html\" target=\"_self\" rel=\"bookmark noopener noreferrer\">SAS Completes Fleet-Wide Starlink Installation on Airbus A320neo in Record Time<\/a>\n\t\t\t<\/h4>\n\t\t\t\t\t\t<div class='uagb-post__text uagb-post-grid-byline'>\n\t\t\t\t\t\t\t<\/div>\n\t\t\t\t\t\t<div class=\"uagb-post__text uagb-post__cta wp-block-button\">\n\t\t\t\t<a class=\"wp-block-button__link uagb-text-link\" style=\"\" href=\"https:\/\/aviacionaldia.com\/en\/2026\/09\/sas-completes-fleet-wide-starlink-installation-on-airbus-a320neo-in-record-time.html\" target=\"_self\" rel=\"bookmark noopener noreferrer\">Read More<\/a>\n\t\t\t<\/div>\n\t\t\t\n\t\t\t\t\t\t\t\t\t<\/article>\n\t\t\t\t\t\t\t\t\t\t\t<\/div>\n\t\t\t","protected":false},"excerpt":{"rendered":"Jorge Ch\u00e1vez International Airport in Lima (Peru) resumed operations early Monday morning after a short circuit in the&hellip;\n","protected":false},"author":4316,"featured_media":165699,"comment_status":"closed","ping_status":"closed","sticky":false,"template":"","format":"standard","meta":{"_uag_custom_page_level_css":"","footnotes":""},"categories":[189],"tags":[195,211,376],"class_list":{"0":"post-165709","1":"post","2":"type-post","3":"status-publish","4":"format-standard","5":"has-post-thumbnail","7":"category-airports","8":"tag-airport","9":"tag-latin-america","10":"tag-peru-2"},"uagb_featured_image_src":{"full":["https:\/\/aviacionaldia.com\/wp-content\/uploads\/2024\/06\/Aeropuerto-de-Lima.jpg",800,400,false],"thumbnail":["https:\/\/aviacionaldia.com\/wp-content\/uploads\/2024\/06\/Aeropuerto-de-Lima-150x150.jpg",150,150,true],"medium":["https:\/\/aviacionaldia.com\/wp-content\/uploads\/2024\/06\/Aeropuerto-de-Lima-300x150.jpg",300,150,true],"medium_large":["https:\/\/aviacionaldia.com\/wp-content\/uploads\/2024\/06\/Aeropuerto-de-Lima-768x384.jpg",768,384,true],"large":["https:\/\/aviacionaldia.com\/wp-content\/uploads\/2024\/06\/Aeropuerto-de-Lima.jpg",800,400,false],"1536x1536":["https:\/\/aviacionaldia.com\/wp-content\/uploads\/2024\/06\/Aeropuerto-de-Lima.jpg",800,400,false],"2048x2048":["https:\/\/aviacionaldia.com\/wp-content\/uploads\/2024\/06\/Aeropuerto-de-Lima.jpg",800,400,false],"pk-small":["https:\/\/aviacionaldia.com\/wp-content\/uploads\/2024\/06\/Aeropuerto-de-Lima.jpg",80,40,false],"pk-thumbnail":["https:\/\/aviacionaldia.com\/wp-content\/uploads\/2024\/06\/Aeropuerto-de-Lima.jpg",300,150,false],"csco-small":["https:\/\/aviacionaldia.com\/wp-content\/uploads\/2024\/06\/Aeropuerto-de-Lima-80x80.jpg",80,80,true],"csco-intermediate":["https:\/\/aviacionaldia.com\/wp-content\/uploads\/2024\/06\/Aeropuerto-de-Lima-200x140.jpg",200,140,true],"csco-thumbnail":["https:\/\/aviacionaldia.com\/wp-content\/uploads\/2024\/06\/Aeropuerto-de-Lima-380x220.jpg",380,220,true],"csco-thumbnail-alternative":["https:\/\/aviacionaldia.com\/wp-content\/uploads\/2024\/06\/Aeropuerto-de-Lima-300x180.jpg",300,180,true],"csco-thumbnail-uncropped":["https:\/\/aviacionaldia.com\/wp-content\/uploads\/2024\/06\/Aeropuerto-de-Lima-380x190.jpg",380,190,true],"csco-medium":["https:\/\/aviacionaldia.com\/wp-content\/uploads\/2024\/06\/Aeropuerto-de-Lima.jpg",800,400,false],"csco-medium-alternative":["https:\/\/aviacionaldia.com\/wp-content\/uploads\/2024\/06\/Aeropuerto-de-Lima-560x336.jpg",560,336,true],"csco-medium-uncropped":["https:\/\/aviacionaldia.com\/wp-content\/uploads\/2024\/06\/Aeropuerto-de-Lima.jpg",800,400,false],"csco-large":["https:\/\/aviacionaldia.com\/wp-content\/uploads\/2024\/06\/Aeropuerto-de-Lima.jpg",800,400,false],"csco-large-uncropped":["https:\/\/aviacionaldia.com\/wp-content\/uploads\/2024\/06\/Aeropuerto-de-Lima.jpg",800,400,false],"csco-extra-large":["https:\/\/aviacionaldia.com\/wp-content\/uploads\/2024\/06\/Aeropuerto-de-Lima.jpg",800,400,false]},"uagb_author_info":{"display_name":"Redacci\u00f3n - Aviaci\u00f3n al D\u00eda","author_link":"https:\/\/aviacionaldia.com\/en\/author\/aad"},"uagb_comment_info":0,"uagb_excerpt":"Jorge Ch\u00e1vez International Airport in Lima (Peru) resumed operations early Monday morning after a short circuit in the&hellip;","amp_enabled":true,"_links":{"self":[{"href":"https:\/\/aviacionaldia.com\/en\/wp-json\/wp\/v2\/posts\/165709","targetHints":{"allow":["GET"]}}],"collection":[{"href":"https:\/\/aviacionaldia.com\/en\/wp-json\/wp\/v2\/posts"}],"about":[{"href":"https:\/\/aviacionaldia.com\/en\/wp-json\/wp\/v2\/types\/post"}],"author":[{"embeddable":true,"href":"https:\/\/aviacionaldia.com\/en\/wp-json\/wp\/v2\/users\/4316"}],"replies":[{"embeddable":true,"href":"https:\/\/aviacionaldia.com\/en\/wp-json\/wp\/v2\/comments?post=165709"}],"version-history":[{"count":2,"href":"https:\/\/aviacionaldia.com\/en\/wp-json\/wp\/v2\/posts\/165709\/revisions"}],"predecessor-version":[{"id":165714,"href":"https:\/\/aviacionaldia.com\/en\/wp-json\/wp\/v2\/posts\/165709\/revisions\/165714"}],"wp:featuredmedia":[{"embeddable":true,"href":"https:\/\/aviacionaldia.com\/en\/wp-json\/wp\/v2\/media\/165699"}],"wp:attachment":[{"href":"https:\/\/aviacionaldia.com\/en\/wp-json\/wp\/v2\/media?parent=165709"}],"wp:term":[{"taxonomy":"category","embeddable":true,"href":"https:\/\/aviacionaldia.com\/en\/wp-json\/wp\/v2\/categories?post=165709"},{"taxonomy":"post_tag","embeddable":true,"href":"https:\/\/aviacionaldia.com\/en\/wp-json\/wp\/v2\/tags?post=165709"}],"curies":[{"name":"wp","href":"https:\/\/api.w.org\/{rel}","templated":true}]}}