{"id":166125,"date":"2024-06-14T12:30:04","date_gmt":"2024-06-14T12:30:04","guid":{"rendered":"https:\/?p=166125"},"modified":"2024-06-14T13:56:20","modified_gmt":"2024-06-14T13:56:20","slug":"faa-investigating-counterfeit-titanium-used-in-some-boeing-and-airbus-jets","status":"publish","type":"post","link":"https:\/\/aviacionaldia.com\/en\/2024\/06\/faa-investigating-counterfeit-titanium-used-in-some-boeing-and-airbus-jets.html","title":{"rendered":"FAA investigating counterfeit titanium used in some Boeing and Airbus jets"},"content":{"rendered":"\n<p>The U.S. Federal Aviation Administration (FAA) is investigating falsified documents that were used to verify the authenticity of titanium used in some recently manufactured <strong>Boeing and Airbus<\/strong> jets, the New York Times reported on Friday.<\/p>\n\n\n\n<p>The documents are also being investigated by Spirit AeroSystems which supplies fuselages for Boeing and wings for Airbus, according to the report.<\/p>\n\n\n\n<p>Titanium, an important component in the aerospace supply chain, is used to make landing gears, blades and turbine discs for aircraft.<\/p>\n\n\n\n<p>The FAA is investigating the scope of the problem and trying to determine the short-and long-term safety implications to planes that were equipped with those parts, NYT reported, citing a statement from the regulator.<\/p>\n\n\n\n<p><strong><em>\u2192 <a href=\"https:\/en\/2024\/05\/faa-will-not-allow-boeing-to-boost-737-max-production.html\">FAA will not allow Boeing to boost 737 MAX production<\/a><\/em><\/strong><\/p>\n\n\n\n<p>The investigation comes after a parts supplier found small holes in the material \u2013 used in manufacturing of jets \u2013 from corrosion, the report added.<\/p>\n\n\n\n<p>Aircraft manufacturers are facing strong demand for new planes due to a surge in post-pandemic travel. However, supply chain issues and component shortages are limiting their ability to meet this demand.<\/p>\n\n\n\n<p>Last year, jet engine manufacturer CFM International disclosed that thousands of its engine components might have been sold with falsified documentation by a British distributor.<\/p>\n\n\n\n<p>The discovery had prompted airlines to change parts on a handful of planes.<\/p>\n\n\n\n<h2 class=\"wp-block-heading\" id=\"related-topics\">Related Topics<\/h2>\n\n\n\n\t\t\t<div class=\"wp-block-uagb-post-grid uagb-post-grid  uagb-post__image-position-top uagb-post__image-enabled uagb-block-d40f09ce     uagb-post__items uagb-post__columns-2 is-grid uagb-post__columns-tablet-2 uagb-post__columns-mobile-1 uagb-post__equal-height\" data-total=\"37\" style=\"\">\n\n\t\t\t\t\t\t\t\t\t\t\t\t<article class=\"uagb-post__inner-wrap\">\t\t\t\t\t\t\t\t<div class='uagb-post__image'>\n\t\t\t\t\t\t\t\t\t<a href=\"https:\/\/aviacionaldia.com\/en\/2026\/04\/embraer-accelerates-delivery-pace-47-increase-during-first-quarter-of-2026.html\" target=\"_self\" rel=\"bookmark noopener noreferrer\" class='uagb-image-ratio-inherit'><img decoding=\"async\" width=\"800\" height=\"400\" src=\"https:\/\/aviacionaldia.com\/wp-content\/uploads\/2019\/08\/Embraer.jpg\" class=\"attachment-large size-large\" alt=\"\" srcset=\"https:\/\/aviacionaldia.com\/wp-content\/uploads\/2019\/08\/Embraer.jpg 800w, https:\/\/aviacionaldia.com\/wp-content\/uploads\/2019\/08\/Embraer-300x150.jpg 300w, https:\/\/aviacionaldia.com\/wp-content\/uploads\/2019\/08\/Embraer-768x384.jpg 768w, https:\/\/aviacionaldia.com\/wp-content\/uploads\/2019\/08\/Embraer-380x190.jpg 380w\" sizes=\"(max-width: 800px) 100vw, 800px\" \/>\t\t\t\t\t<\/a>\n\t\t\t\t\t\t\t<\/div>\n\t\t\t\t\t\t<h4 class=\"uagb-post__title uagb-post__text\">\n\t\t\t\t<a href=\"https:\/\/aviacionaldia.com\/en\/2026\/04\/embraer-accelerates-delivery-pace-47-increase-during-first-quarter-of-2026.html\" target=\"_self\" rel=\"bookmark noopener noreferrer\">Embraer Accelerates Delivery Pace: 47% Increase During First Quarter of 2026<\/a>\n\t\t\t<\/h4>\n\t\t\t\t\t\t<div class='uagb-post__text uagb-post-grid-byline'>\n\t\t\t\t\t\t\t<\/div>\n\t\t\t\t\t\t<div class=\"uagb-post__text uagb-post__cta wp-block-button\">\n\t\t\t\t<a class=\"wp-block-button__link uagb-text-link\" style=\"\" href=\"https:\/\/aviacionaldia.com\/en\/2026\/04\/embraer-accelerates-delivery-pace-47-increase-during-first-quarter-of-2026.html\" target=\"_self\" rel=\"bookmark noopener noreferrer\">Read More<\/a>\n\t\t\t<\/div>\n\t\t\t\n\t\t\t\t\t\t\t\t\t<\/article>\n\t\t\t\t\t\t\t\t\t\t\t\t\t\t\t\t<article class=\"uagb-post__inner-wrap\">\t\t\t\t\t\t\t\t<div class='uagb-post__image'>\n\t\t\t\t\t\t\t\t\t<a href=\"https:\/\/aviacionaldia.com\/en\/2026\/03\/finnair-renews-regional-fleet-orders-up-to-46-embraer-e195-e2-aircraft.html\" target=\"_self\" rel=\"bookmark noopener noreferrer\" class='uagb-image-ratio-inherit'><img decoding=\"async\" width=\"800\" height=\"400\" src=\"https:\/\/aviacionaldia.com\/wp-content\/uploads\/2026\/03\/Finnair-Embraer-E195-E2.webp\" class=\"attachment-large size-large\" alt=\"\" srcset=\"https:\/\/aviacionaldia.com\/wp-content\/uploads\/2026\/03\/Finnair-Embraer-E195-E2.webp 800w, https:\/\/aviacionaldia.com\/wp-content\/uploads\/2026\/03\/Finnair-Embraer-E195-E2-300x150.webp 300w, https:\/\/aviacionaldia.com\/wp-content\/uploads\/2026\/03\/Finnair-Embraer-E195-E2-768x384.webp 768w, https:\/\/aviacionaldia.com\/wp-content\/uploads\/2026\/03\/Finnair-Embraer-E195-E2-380x190.webp 380w\" sizes=\"(max-width: 800px) 100vw, 800px\" \/>\t\t\t\t\t<\/a>\n\t\t\t\t\t\t\t<\/div>\n\t\t\t\t\t\t<h4 class=\"uagb-post__title uagb-post__text\">\n\t\t\t\t<a href=\"https:\/\/aviacionaldia.com\/en\/2026\/03\/finnair-renews-regional-fleet-orders-up-to-46-embraer-e195-e2-aircraft.html\" target=\"_self\" rel=\"bookmark noopener noreferrer\">Finnair Renews Regional Fleet: Orders Up to 46 Embraer E195-E2 Aircraft<\/a>\n\t\t\t<\/h4>\n\t\t\t\t\t\t<div class='uagb-post__text uagb-post-grid-byline'>\n\t\t\t\t\t\t\t<\/div>\n\t\t\t\t\t\t<div class=\"uagb-post__text uagb-post__cta wp-block-button\">\n\t\t\t\t<a class=\"wp-block-button__link uagb-text-link\" style=\"\" href=\"https:\/\/aviacionaldia.com\/en\/2026\/03\/finnair-renews-regional-fleet-orders-up-to-46-embraer-e195-e2-aircraft.html\" target=\"_self\" rel=\"bookmark noopener noreferrer\">Read More<\/a>\n\t\t\t<\/div>\n\t\t\t\n\t\t\t\t\t\t\t\t\t<\/article>\n\t\t\t\t\t\t\t\t\t\t\t\t\t\t\t\t<article class=\"uagb-post__inner-wrap\">\t\t\t\t\t\t\t\t<div class='uagb-post__image'>\n\t\t\t\t\t\t\t\t\t<a href=\"https:\/\/aviacionaldia.com\/en\/2026\/02\/u-s-tariff-shift-exemption-for-aircraft-and-engines-boosts-embraer-u-s-airlines-and-aerospace-sector.html\" target=\"_self\" rel=\"bookmark noopener noreferrer\" class='uagb-image-ratio-inherit'><img decoding=\"async\" width=\"800\" height=\"400\" src=\"https:\/\/aviacionaldia.com\/wp-content\/uploads\/2022\/12\/Embraer-E195-E2-y-E190-E2.jpg\" class=\"attachment-large size-large\" alt=\"\" srcset=\"https:\/\/aviacionaldia.com\/wp-content\/uploads\/2022\/12\/Embraer-E195-E2-y-E190-E2.jpg 800w, https:\/\/aviacionaldia.com\/wp-content\/uploads\/2022\/12\/Embraer-E195-E2-y-E190-E2-300x150.jpg 300w, https:\/\/aviacionaldia.com\/wp-content\/uploads\/2022\/12\/Embraer-E195-E2-y-E190-E2-768x384.jpg 768w, https:\/\/aviacionaldia.com\/wp-content\/uploads\/2022\/12\/Embraer-E195-E2-y-E190-E2-380x190.jpg 380w\" sizes=\"(max-width: 800px) 100vw, 800px\" \/>\t\t\t\t\t<\/a>\n\t\t\t\t\t\t\t<\/div>\n\t\t\t\t\t\t<h4 class=\"uagb-post__title uagb-post__text\">\n\t\t\t\t<a href=\"https:\/\/aviacionaldia.com\/en\/2026\/02\/u-s-tariff-shift-exemption-for-aircraft-and-engines-boosts-embraer-u-s-airlines-and-aerospace-sector.html\" target=\"_self\" rel=\"bookmark noopener noreferrer\">U.S. Tariff Shift: Exemption for Aircraft and Engines Boosts Embraer, U.S. Airlines, and Aerospace Sector<\/a>\n\t\t\t<\/h4>\n\t\t\t\t\t\t<div class='uagb-post__text uagb-post-grid-byline'>\n\t\t\t\t\t\t\t<\/div>\n\t\t\t\t\t\t<div class=\"uagb-post__text uagb-post__cta wp-block-button\">\n\t\t\t\t<a class=\"wp-block-button__link uagb-text-link\" style=\"\" href=\"https:\/\/aviacionaldia.com\/en\/2026\/02\/u-s-tariff-shift-exemption-for-aircraft-and-engines-boosts-embraer-u-s-airlines-and-aerospace-sector.html\" target=\"_self\" rel=\"bookmark noopener noreferrer\">Read More<\/a>\n\t\t\t<\/div>\n\t\t\t\n\t\t\t\t\t\t\t\t\t<\/article>\n\t\t\t\t\t\t\t\t\t\t\t\t\t\t\t\t<article class=\"uagb-post__inner-wrap\">\t\t\t\t\t\t\t\t<div class='uagb-post__image'>\n\t\t\t\t\t\t\t\t\t<a href=\"https:\/\/aviacionaldia.com\/en\/2026\/02\/embraer-and-adani-defence-aerospace-elevate-alliance-agreement-for-an-e175-final-assembly-line-in-india.html\" target=\"_self\" rel=\"bookmark noopener noreferrer\" class='uagb-image-ratio-inherit'><img decoding=\"async\" width=\"800\" height=\"400\" src=\"https:\/\/aviacionaldia.com\/wp-content\/uploads\/2026\/02\/Embraer-E175.webp\" class=\"attachment-large size-large\" alt=\"\" srcset=\"https:\/\/aviacionaldia.com\/wp-content\/uploads\/2026\/02\/Embraer-E175.webp 800w, https:\/\/aviacionaldia.com\/wp-content\/uploads\/2026\/02\/Embraer-E175-300x150.webp 300w, https:\/\/aviacionaldia.com\/wp-content\/uploads\/2026\/02\/Embraer-E175-768x384.webp 768w, https:\/\/aviacionaldia.com\/wp-content\/uploads\/2026\/02\/Embraer-E175-380x190.webp 380w\" sizes=\"(max-width: 800px) 100vw, 800px\" \/>\t\t\t\t\t<\/a>\n\t\t\t\t\t\t\t<\/div>\n\t\t\t\t\t\t<h4 class=\"uagb-post__title uagb-post__text\">\n\t\t\t\t<a href=\"https:\/\/aviacionaldia.com\/en\/2026\/02\/embraer-and-adani-defence-aerospace-elevate-alliance-agreement-for-an-e175-final-assembly-line-in-india.html\" target=\"_self\" rel=\"bookmark noopener noreferrer\">Embraer and Adani Defence &#038; Aerospace Elevate Alliance: Agreement for an E175 Final Assembly Line in India<\/a>\n\t\t\t<\/h4>\n\t\t\t\t\t\t<div class='uagb-post__text uagb-post-grid-byline'>\n\t\t\t\t\t\t\t<\/div>\n\t\t\t\t\t\t<div class=\"uagb-post__text uagb-post__cta wp-block-button\">\n\t\t\t\t<a class=\"wp-block-button__link uagb-text-link\" style=\"\" href=\"https:\/\/aviacionaldia.com\/en\/2026\/02\/embraer-and-adani-defence-aerospace-elevate-alliance-agreement-for-an-e175-final-assembly-line-in-india.html\" target=\"_self\" rel=\"bookmark noopener noreferrer\">Read More<\/a>\n\t\t\t<\/div>\n\t\t\t\n\t\t\t\t\t\t\t\t\t<\/article>\n\t\t\t\t\t\t\t\t\t\t\t<\/div>\n\t\t\t","protected":false},"excerpt":{"rendered":"The U.S. Federal Aviation Administration (FAA) is investigating falsified documents that were used to verify the authenticity of&hellip;\n","protected":false},"author":4316,"featured_media":101316,"comment_status":"closed","ping_status":"closed","sticky":false,"template":"","format":"standard","meta":{"_uag_custom_page_level_css":"","footnotes":""},"categories":[190],"tags":[217,222,220],"class_list":{"0":"post-166125","1":"post","2":"type-post","3":"status-publish","4":"format-standard","5":"has-post-thumbnail","7":"category-the-industry","8":"tag-airbus-2","9":"tag-aircraft","10":"tag-boeing-2"},"uagb_featured_image_src":{"full":["https:\/\/aviacionaldia.com\/wp-content\/uploads\/2019\/01\/Airbus-factory.jpg",800,400,false],"thumbnail":["https:\/\/aviacionaldia.com\/wp-content\/uploads\/2019\/01\/Airbus-factory-150x150.jpg",150,150,true],"medium":["https:\/\/aviacionaldia.com\/wp-content\/uploads\/2019\/01\/Airbus-factory-300x150.jpg",300,150,true],"medium_large":["https:\/\/aviacionaldia.com\/wp-content\/uploads\/2019\/01\/Airbus-factory-768x384.jpg",768,384,true],"large":["https:\/\/aviacionaldia.com\/wp-content\/uploads\/2019\/01\/Airbus-factory.jpg",800,400,false],"1536x1536":["https:\/\/aviacionaldia.com\/wp-content\/uploads\/2019\/01\/Airbus-factory.jpg",800,400,false],"2048x2048":["https:\/\/aviacionaldia.com\/wp-content\/uploads\/2019\/01\/Airbus-factory.jpg",800,400,false],"pk-small":["https:\/\/aviacionaldia.com\/wp-content\/uploads\/2019\/01\/Airbus-factory-80x80.jpg",80,80,true],"pk-thumbnail":["https:\/\/aviacionaldia.com\/wp-content\/uploads\/2019\/01\/Airbus-factory-300x225.jpg",300,225,true],"csco-small":["https:\/\/aviacionaldia.com\/wp-content\/uploads\/2019\/01\/Airbus-factory-80x80.jpg",80,80,true],"csco-intermediate":["https:\/\/aviacionaldia.com\/wp-content\/uploads\/2019\/01\/Airbus-factory-200x140.jpg",200,140,true],"csco-thumbnail":["https:\/\/aviacionaldia.com\/wp-content\/uploads\/2019\/01\/Airbus-factory-380x220.jpg",380,220,true],"csco-thumbnail-alternative":["https:\/\/aviacionaldia.com\/wp-content\/uploads\/2019\/01\/Airbus-factory-300x180.jpg",300,180,true],"csco-thumbnail-uncropped":["https:\/\/aviacionaldia.com\/wp-content\/uploads\/2019\/01\/Airbus-factory-380x190.jpg",380,190,true],"csco-medium":["https:\/\/aviacionaldia.com\/wp-content\/uploads\/2019\/01\/Airbus-factory.jpg",800,400,false],"csco-medium-alternative":["https:\/\/aviacionaldia.com\/wp-content\/uploads\/2019\/01\/Airbus-factory-560x336.jpg",560,336,true],"csco-medium-uncropped":["https:\/\/aviacionaldia.com\/wp-content\/uploads\/2019\/01\/Airbus-factory.jpg",800,400,false],"csco-large":["https:\/\/aviacionaldia.com\/wp-content\/uploads\/2019\/01\/Airbus-factory.jpg",800,400,false],"csco-large-uncropped":["https:\/\/aviacionaldia.com\/wp-content\/uploads\/2019\/01\/Airbus-factory.jpg",800,400,false],"csco-extra-large":["https:\/\/aviacionaldia.com\/wp-content\/uploads\/2019\/01\/Airbus-factory.jpg",800,400,false]},"uagb_author_info":{"display_name":"Redacci\u00f3n - Aviaci\u00f3n al D\u00eda","author_link":"https:\/\/aviacionaldia.com\/en\/author\/aad"},"uagb_comment_info":0,"uagb_excerpt":"The U.S. Federal Aviation Administration (FAA) is investigating falsified documents that were used to verify the authenticity of&hellip;","amp_enabled":true,"_links":{"self":[{"href":"https:\/\/aviacionaldia.com\/en\/wp-json\/wp\/v2\/posts\/166125","targetHints":{"allow":["GET"]}}],"collection":[{"href":"https:\/\/aviacionaldia.com\/en\/wp-json\/wp\/v2\/posts"}],"about":[{"href":"https:\/\/aviacionaldia.com\/en\/wp-json\/wp\/v2\/types\/post"}],"author":[{"embeddable":true,"href":"https:\/\/aviacionaldia.com\/en\/wp-json\/wp\/v2\/users\/4316"}],"replies":[{"embeddable":true,"href":"https:\/\/aviacionaldia.com\/en\/wp-json\/wp\/v2\/comments?post=166125"}],"version-history":[{"count":1,"href":"https:\/\/aviacionaldia.com\/en\/wp-json\/wp\/v2\/posts\/166125\/revisions"}],"predecessor-version":[{"id":166126,"href":"https:\/\/aviacionaldia.com\/en\/wp-json\/wp\/v2\/posts\/166125\/revisions\/166126"}],"wp:featuredmedia":[{"embeddable":true,"href":"https:\/\/aviacionaldia.com\/en\/wp-json\/wp\/v2\/media\/101316"}],"wp:attachment":[{"href":"https:\/\/aviacionaldia.com\/en\/wp-json\/wp\/v2\/media?parent=166125"}],"wp:term":[{"taxonomy":"category","embeddable":true,"href":"https:\/\/aviacionaldia.com\/en\/wp-json\/wp\/v2\/categories?post=166125"},{"taxonomy":"post_tag","embeddable":true,"href":"https:\/\/aviacionaldia.com\/en\/wp-json\/wp\/v2\/tags?post=166125"}],"curies":[{"name":"wp","href":"https:\/\/api.w.org\/{rel}","templated":true}]}}