{"id":166489,"date":"2024-06-26T15:30:13","date_gmt":"2024-06-26T15:30:13","guid":{"rendered":"https:\/?p=166489"},"modified":"2024-06-26T23:27:39","modified_gmt":"2024-06-26T23:27:39","slug":"boeing-resuming-widebody-airplane-deliveries-to-china","status":"publish","type":"post","link":"https:\/\/aviacionaldia.com\/en\/2024\/06\/boeing-resuming-widebody-airplane-deliveries-to-china.html","title":{"rendered":"Boeing resuming widebody airplane deliveries to China"},"content":{"rendered":"\n<p><strong>Boeing<\/strong> is resuming widebody jet deliveries to China which were halted in recent weeks due to a Chinese regulatory review, according to a source familiar with the matter.<\/p>\n\n\n\n<p>Orders of widebody 777 and 787 planes are expected to be delivered in the coming days, the source said. Deliveries of Boeing&#8217;s 737 MAX are set to resume as early as next month, the source said.<\/p>\n\n\n\n<p>The development is a boost to Boeing, which had flagged the delay to investors after Reuters first reported in May that the company&#8217;s plane deliveries to China had been temporarily halted. The halt was due to a review by the Civil Aviation Administration of China (CAAC) of batteries contained in the 25-hour cockpit voice recorder.<\/p>\n\n\n\n<p><strong><em>\u2192 <a href=\"https:\/en\/2024\/06\/boeing-temporarily-shifts-some-engineers-to-help-focus-on-commercial-planes.html\">Boeing temporarily shifts some engineers to help focus on commercial planes<\/a><\/em><\/strong><\/p>\n\n\n\n<p>The delays, combined with factory disruptions, led Boeing CFO Brian West in May to expect second-quarter cash burn in line with, or &#8220;possibly a little worse&#8221; than, the $3.9 billion in the first quarter.<\/p>\n\n\n\n<p>In a year-end 2023 filing, Boeing said it had about 140 737 MAX 8 aircraft in inventory, including 85 aircraft for customers in China. Boeing delivered 22 aircraft to China between the start of 2024 and the end of April.<\/p>\n\n\n\n<p>The Chinese review had impacted Boeing&#8217;s commercial jet deliveries, which are not expected to increase in the second quarter compared with the first three months of the year.<\/p>\n\n\n\n<p>With information from <a href=\"https:\/\/www.reuters.com\/business\/aerospace-defense\/boeing-resuming-widebody-airplane-deliveries-china-source-says-2024-06-26\/\" target=\"_blank\" rel=\"noreferrer noopener nofollow\">Reuters<\/a><\/p>\n\n\n\n<h2 class=\"wp-block-heading\" id=\"related-topics\">Related Topics<\/h2>\n\n\n\n\t\t\t<div class=\"wp-block-uagb-post-grid uagb-post-grid  uagb-post__image-position-top uagb-post__image-enabled uagb-block-815d8787     uagb-post__items uagb-post__columns-2 is-grid uagb-post__columns-tablet-2 uagb-post__columns-mobile-1 uagb-post__equal-height\" data-total=\"200\" style=\"\">\n\n\t\t\t\t\t\t\t\t\t\t\t\t<article class=\"uagb-post__inner-wrap\">\t\t\t\t\t\t\t\t<div class='uagb-post__image'>\n\t\t\t\t\t\t\t\t\t<a href=\"https:\/\/aviacionaldia.com\/en\/2026\/04\/air-canada-receives-its-first-airbus-a321xlr-start-of-a-strategic-transformation-in-long-haul-routes.html\" target=\"_self\" rel=\"bookmark noopener noreferrer\" class='uagb-image-ratio-inherit'><img decoding=\"async\" width=\"800\" height=\"400\" src=\"https:\/\/aviacionaldia.com\/wp-content\/uploads\/2026\/04\/Air-Canada-Airbus-A321XLR.webp\" class=\"attachment-large size-large\" alt=\"\" srcset=\"https:\/\/aviacionaldia.com\/wp-content\/uploads\/2026\/04\/Air-Canada-Airbus-A321XLR.webp 800w, https:\/\/aviacionaldia.com\/wp-content\/uploads\/2026\/04\/Air-Canada-Airbus-A321XLR-300x150.webp 300w, https:\/\/aviacionaldia.com\/wp-content\/uploads\/2026\/04\/Air-Canada-Airbus-A321XLR-768x384.webp 768w, https:\/\/aviacionaldia.com\/wp-content\/uploads\/2026\/04\/Air-Canada-Airbus-A321XLR-380x190.webp 380w\" sizes=\"(max-width: 800px) 100vw, 800px\" \/>\t\t\t\t\t<\/a>\n\t\t\t\t\t\t\t<\/div>\n\t\t\t\t\t\t<h4 class=\"uagb-post__title uagb-post__text\">\n\t\t\t\t<a href=\"https:\/\/aviacionaldia.com\/en\/2026\/04\/air-canada-receives-its-first-airbus-a321xlr-start-of-a-strategic-transformation-in-long-haul-routes.html\" target=\"_self\" rel=\"bookmark noopener noreferrer\">Air Canada Receives Its First Airbus A321XLR: Start of a Strategic Transformation in Long-Haul Routes<\/a>\n\t\t\t<\/h4>\n\t\t\t\t\t\t<div class='uagb-post__text uagb-post-grid-byline'>\n\t\t\t\t\t\t\t<\/div>\n\t\t\t\t\t\t<div class=\"uagb-post__text uagb-post__cta wp-block-button\">\n\t\t\t\t<a class=\"wp-block-button__link uagb-text-link\" style=\"\" href=\"https:\/\/aviacionaldia.com\/en\/2026\/04\/air-canada-receives-its-first-airbus-a321xlr-start-of-a-strategic-transformation-in-long-haul-routes.html\" target=\"_self\" rel=\"bookmark noopener noreferrer\">Read More<\/a>\n\t\t\t<\/div>\n\t\t\t\n\t\t\t\t\t\t\t\t\t<\/article>\n\t\t\t\t\t\t\t\t\t\t\t\t\t\t\t\t<article class=\"uagb-post__inner-wrap\">\t\t\t\t\t\t\t\t<div class='uagb-post__image'>\n\t\t\t\t\t\t\t\t\t<a href=\"https:\/\/aviacionaldia.com\/en\/2026\/04\/airbus-reaches-key-milestone-for-a350f-program-production-of-industrys-largest-main-deck-cargo-door-finalized-in-spain.html\" target=\"_self\" rel=\"bookmark noopener noreferrer\" class='uagb-image-ratio-inherit'><img decoding=\"async\" width=\"800\" height=\"400\" src=\"https:\/\/aviacionaldia.com\/wp-content\/uploads\/2026\/04\/Airbus-Puerta-del-A350F.webp\" class=\"attachment-large size-large\" alt=\"\" srcset=\"https:\/\/aviacionaldia.com\/wp-content\/uploads\/2026\/04\/Airbus-Puerta-del-A350F.webp 800w, https:\/\/aviacionaldia.com\/wp-content\/uploads\/2026\/04\/Airbus-Puerta-del-A350F-300x150.webp 300w, https:\/\/aviacionaldia.com\/wp-content\/uploads\/2026\/04\/Airbus-Puerta-del-A350F-768x384.webp 768w, https:\/\/aviacionaldia.com\/wp-content\/uploads\/2026\/04\/Airbus-Puerta-del-A350F-380x190.webp 380w\" sizes=\"(max-width: 800px) 100vw, 800px\" \/>\t\t\t\t\t<\/a>\n\t\t\t\t\t\t\t<\/div>\n\t\t\t\t\t\t<h4 class=\"uagb-post__title uagb-post__text\">\n\t\t\t\t<a href=\"https:\/\/aviacionaldia.com\/en\/2026\/04\/airbus-reaches-key-milestone-for-a350f-program-production-of-industrys-largest-main-deck-cargo-door-finalized-in-spain.html\" target=\"_self\" rel=\"bookmark noopener noreferrer\">Airbus Reaches Key Milestone for A350F Program: Production of Industry\u2019s Largest Main Deck Cargo Door Finalized in Spain<\/a>\n\t\t\t<\/h4>\n\t\t\t\t\t\t<div class='uagb-post__text uagb-post-grid-byline'>\n\t\t\t\t\t\t\t<\/div>\n\t\t\t\t\t\t<div class=\"uagb-post__text uagb-post__cta wp-block-button\">\n\t\t\t\t<a class=\"wp-block-button__link uagb-text-link\" style=\"\" href=\"https:\/\/aviacionaldia.com\/en\/2026\/04\/airbus-reaches-key-milestone-for-a350f-program-production-of-industrys-largest-main-deck-cargo-door-finalized-in-spain.html\" target=\"_self\" rel=\"bookmark noopener noreferrer\">Read More<\/a>\n\t\t\t<\/div>\n\t\t\t\n\t\t\t\t\t\t\t\t\t<\/article>\n\t\t\t\t\t\t\t\t\t\t\t\t\t\t\t\t<article class=\"uagb-post__inner-wrap\">\t\t\t\t\t\t\t\t<div class='uagb-post__image'>\n\t\t\t\t\t\t\t\t\t<a href=\"https:\/\/aviacionaldia.com\/en\/2026\/04\/airbus-modernizes-jetblues-airbus-a320s-with-next-generation-flight-deck-displays.html\" target=\"_self\" rel=\"bookmark noopener noreferrer\" class='uagb-image-ratio-inherit'><img decoding=\"async\" width=\"800\" height=\"400\" src=\"https:\/\/aviacionaldia.com\/wp-content\/uploads\/2026\/04\/Cockpit-Airbus-A320.webp\" class=\"attachment-large size-large\" alt=\"\" srcset=\"https:\/\/aviacionaldia.com\/wp-content\/uploads\/2026\/04\/Cockpit-Airbus-A320.webp 800w, https:\/\/aviacionaldia.com\/wp-content\/uploads\/2026\/04\/Cockpit-Airbus-A320-300x150.webp 300w, https:\/\/aviacionaldia.com\/wp-content\/uploads\/2026\/04\/Cockpit-Airbus-A320-768x384.webp 768w, https:\/\/aviacionaldia.com\/wp-content\/uploads\/2026\/04\/Cockpit-Airbus-A320-380x190.webp 380w\" sizes=\"(max-width: 800px) 100vw, 800px\" \/>\t\t\t\t\t<\/a>\n\t\t\t\t\t\t\t<\/div>\n\t\t\t\t\t\t<h4 class=\"uagb-post__title uagb-post__text\">\n\t\t\t\t<a href=\"https:\/\/aviacionaldia.com\/en\/2026\/04\/airbus-modernizes-jetblues-airbus-a320s-with-next-generation-flight-deck-displays.html\" target=\"_self\" rel=\"bookmark noopener noreferrer\">Airbus Modernizes JetBlue&#8217;s Airbus A320s with Next-Generation Flight Deck Displays<\/a>\n\t\t\t<\/h4>\n\t\t\t\t\t\t<div class='uagb-post__text uagb-post-grid-byline'>\n\t\t\t\t\t\t\t<\/div>\n\t\t\t\t\t\t<div class=\"uagb-post__text uagb-post__cta wp-block-button\">\n\t\t\t\t<a class=\"wp-block-button__link uagb-text-link\" style=\"\" href=\"https:\/\/aviacionaldia.com\/en\/2026\/04\/airbus-modernizes-jetblues-airbus-a320s-with-next-generation-flight-deck-displays.html\" target=\"_self\" rel=\"bookmark noopener noreferrer\">Read More<\/a>\n\t\t\t<\/div>\n\t\t\t\n\t\t\t\t\t\t\t\t\t<\/article>\n\t\t\t\t\t\t\t\t\t\t\t\t\t\t\t\t<article class=\"uagb-post__inner-wrap\">\t\t\t\t\t\t\t\t<div class='uagb-post__image'>\n\t\t\t\t\t\t\t\t\t<a href=\"https:\/\/aviacionaldia.com\/en\/2026\/04\/pratt-whitney-gtf-advantage-earns-easa-certification-for-airbus-a320neo-family.html\" target=\"_self\" rel=\"bookmark noopener noreferrer\" class='uagb-image-ratio-inherit'><img decoding=\"async\" width=\"800\" height=\"400\" src=\"https:\/\/aviacionaldia.com\/wp-content\/uploads\/2022\/10\/Pratt-Whitney-GTF-Advantage.jpg\" class=\"attachment-large size-large\" alt=\"\" srcset=\"https:\/\/aviacionaldia.com\/wp-content\/uploads\/2022\/10\/Pratt-Whitney-GTF-Advantage.jpg 800w, https:\/\/aviacionaldia.com\/wp-content\/uploads\/2022\/10\/Pratt-Whitney-GTF-Advantage-300x150.jpg 300w, https:\/\/aviacionaldia.com\/wp-content\/uploads\/2022\/10\/Pratt-Whitney-GTF-Advantage-768x384.jpg 768w, https:\/\/aviacionaldia.com\/wp-content\/uploads\/2022\/10\/Pratt-Whitney-GTF-Advantage-380x190.jpg 380w\" sizes=\"(max-width: 800px) 100vw, 800px\" \/>\t\t\t\t\t<\/a>\n\t\t\t\t\t\t\t<\/div>\n\t\t\t\t\t\t<h4 class=\"uagb-post__title uagb-post__text\">\n\t\t\t\t<a href=\"https:\/\/aviacionaldia.com\/en\/2026\/04\/pratt-whitney-gtf-advantage-earns-easa-certification-for-airbus-a320neo-family.html\" target=\"_self\" rel=\"bookmark noopener noreferrer\">Pratt &#038; Whitney GTF Advantage Earns EASA Certification for Airbus A320neo Family<\/a>\n\t\t\t<\/h4>\n\t\t\t\t\t\t<div class='uagb-post__text uagb-post-grid-byline'>\n\t\t\t\t\t\t\t<\/div>\n\t\t\t\t\t\t<div class=\"uagb-post__text uagb-post__cta wp-block-button\">\n\t\t\t\t<a class=\"wp-block-button__link uagb-text-link\" style=\"\" href=\"https:\/\/aviacionaldia.com\/en\/2026\/04\/pratt-whitney-gtf-advantage-earns-easa-certification-for-airbus-a320neo-family.html\" target=\"_self\" rel=\"bookmark noopener noreferrer\">Read More<\/a>\n\t\t\t<\/div>\n\t\t\t\n\t\t\t\t\t\t\t\t\t<\/article>\n\t\t\t\t\t\t\t\t\t\t\t<\/div>\n\t\t\t","protected":false},"excerpt":{"rendered":"Boeing is resuming widebody jet deliveries to China which were halted in recent weeks due to a Chinese&hellip;\n","protected":false},"author":4316,"featured_media":99251,"comment_status":"closed","ping_status":"closed","sticky":false,"template":"","format":"standard","meta":{"_uag_custom_page_level_css":"","footnotes":""},"categories":[190],"tags":[222,465,220,448],"class_list":{"0":"post-166489","1":"post","2":"type-post","3":"status-publish","4":"format-standard","5":"has-post-thumbnail","7":"category-the-industry","8":"tag-aircraft","9":"tag-asia-2","10":"tag-boeing-2","11":"tag-china-2"},"uagb_featured_image_src":{"full":["https:\/\/aviacionaldia.com\/wp-content\/uploads\/2018\/11\/Boeing-787.jpg",800,400,false],"thumbnail":["https:\/\/aviacionaldia.com\/wp-content\/uploads\/2018\/11\/Boeing-787-150x150.jpg",150,150,true],"medium":["https:\/\/aviacionaldia.com\/wp-content\/uploads\/2018\/11\/Boeing-787-300x150.jpg",300,150,true],"medium_large":["https:\/\/aviacionaldia.com\/wp-content\/uploads\/2018\/11\/Boeing-787-768x384.jpg",768,384,true],"large":["https:\/\/aviacionaldia.com\/wp-content\/uploads\/2018\/11\/Boeing-787.jpg",800,400,false],"1536x1536":["https:\/\/aviacionaldia.com\/wp-content\/uploads\/2018\/11\/Boeing-787.jpg",800,400,false],"2048x2048":["https:\/\/aviacionaldia.com\/wp-content\/uploads\/2018\/11\/Boeing-787.jpg",800,400,false],"pk-small":["https:\/\/aviacionaldia.com\/wp-content\/uploads\/2018\/11\/Boeing-787-80x80.jpg",80,80,true],"pk-thumbnail":["https:\/\/aviacionaldia.com\/wp-content\/uploads\/2018\/11\/Boeing-787-300x225.jpg",300,225,true],"csco-small":["https:\/\/aviacionaldia.com\/wp-content\/uploads\/2018\/11\/Boeing-787-80x80.jpg",80,80,true],"csco-intermediate":["https:\/\/aviacionaldia.com\/wp-content\/uploads\/2018\/11\/Boeing-787-200x140.jpg",200,140,true],"csco-thumbnail":["https:\/\/aviacionaldia.com\/wp-content\/uploads\/2018\/11\/Boeing-787-380x220.jpg",380,220,true],"csco-thumbnail-alternative":["https:\/\/aviacionaldia.com\/wp-content\/uploads\/2018\/11\/Boeing-787-300x180.jpg",300,180,true],"csco-thumbnail-uncropped":["https:\/\/aviacionaldia.com\/wp-content\/uploads\/2018\/11\/Boeing-787-380x190.jpg",380,190,true],"csco-medium":["https:\/\/aviacionaldia.com\/wp-content\/uploads\/2018\/11\/Boeing-787.jpg",800,400,false],"csco-medium-alternative":["https:\/\/aviacionaldia.com\/wp-content\/uploads\/2018\/11\/Boeing-787-560x336.jpg",560,336,true],"csco-medium-uncropped":["https:\/\/aviacionaldia.com\/wp-content\/uploads\/2018\/11\/Boeing-787.jpg",800,400,false],"csco-large":["https:\/\/aviacionaldia.com\/wp-content\/uploads\/2018\/11\/Boeing-787.jpg",800,400,false],"csco-large-uncropped":["https:\/\/aviacionaldia.com\/wp-content\/uploads\/2018\/11\/Boeing-787.jpg",800,400,false],"csco-extra-large":["https:\/\/aviacionaldia.com\/wp-content\/uploads\/2018\/11\/Boeing-787.jpg",800,400,false]},"uagb_author_info":{"display_name":"Redacci\u00f3n - Aviaci\u00f3n al D\u00eda","author_link":"https:\/\/aviacionaldia.com\/en\/author\/aad"},"uagb_comment_info":0,"uagb_excerpt":"Boeing is resuming widebody jet deliveries to China which were halted in recent weeks due to a Chinese&hellip;","amp_enabled":true,"_links":{"self":[{"href":"https:\/\/aviacionaldia.com\/en\/wp-json\/wp\/v2\/posts\/166489","targetHints":{"allow":["GET"]}}],"collection":[{"href":"https:\/\/aviacionaldia.com\/en\/wp-json\/wp\/v2\/posts"}],"about":[{"href":"https:\/\/aviacionaldia.com\/en\/wp-json\/wp\/v2\/types\/post"}],"author":[{"embeddable":true,"href":"https:\/\/aviacionaldia.com\/en\/wp-json\/wp\/v2\/users\/4316"}],"replies":[{"embeddable":true,"href":"https:\/\/aviacionaldia.com\/en\/wp-json\/wp\/v2\/comments?post=166489"}],"version-history":[{"count":2,"href":"https:\/\/aviacionaldia.com\/en\/wp-json\/wp\/v2\/posts\/166489\/revisions"}],"predecessor-version":[{"id":166500,"href":"https:\/\/aviacionaldia.com\/en\/wp-json\/wp\/v2\/posts\/166489\/revisions\/166500"}],"wp:featuredmedia":[{"embeddable":true,"href":"https:\/\/aviacionaldia.com\/en\/wp-json\/wp\/v2\/media\/99251"}],"wp:attachment":[{"href":"https:\/\/aviacionaldia.com\/en\/wp-json\/wp\/v2\/media?parent=166489"}],"wp:term":[{"taxonomy":"category","embeddable":true,"href":"https:\/\/aviacionaldia.com\/en\/wp-json\/wp\/v2\/categories?post=166489"},{"taxonomy":"post_tag","embeddable":true,"href":"https:\/\/aviacionaldia.com\/en\/wp-json\/wp\/v2\/tags?post=166489"}],"curies":[{"name":"wp","href":"https:\/\/api.w.org\/{rel}","templated":true}]}}